{"id":42064,"date":"2024-09-27T09:17:58","date_gmt":"2024-09-27T09:17:58","guid":{"rendered":"https:\/\/impulseducacio.org\/?p=42064"},"modified":"2024-09-27T10:08:15","modified_gmt":"2024-09-27T10:08:15","slug":"profes-que-marcan-libro-clave-para-la-gestion-de-la-marca-personal-docente","status":"publish","type":"post","link":"https:\/\/impulseducacio.org\/es\/profes-que-marcan-libro-clave-para-la-gestion-de-la-marca-personal-docente\/","title":{"rendered":"\u201cProfes que marcan\u201d: Libro clave para la gesti\u00f3n de la marca personal docente"},"content":{"rendered":"<p><div class=\"fusion-fullwidth fullwidth-box fusion-builder-row-1 has-pattern-background has-mask-background fusion-parallax-none nonhundred-percent-fullwidth non-hundred-percent-height-scrolling\" style=\"--awb-border-sizes-top:0px;--awb-border-sizes-bottom:0px;--awb-border-sizes-left:0px;--awb-border-sizes-right:0px;--awb-border-radius-top-left:0px;--awb-border-radius-top-right:0px;--awb-border-radius-bottom-right:0px;--awb-border-radius-bottom-left:0px;--awb-padding-top:0px;--awb-padding-bottom:0px;--awb-margin-top:0px;--awb-margin-bottom:-260px;--awb-background-color:rgba(246,247,247,0);--awb-background-image:url(&quot;https:\/\/impulseducacio.org\/wp-content\/uploads\/2024\/09\/00_Portada-resena-Profes-que-marcan_duotono-scaled.jpg&quot;);--awb-background-size:cover;--awb-flex-wrap:wrap;\" ><div class=\"fusion-builder-row fusion-row\"><div class=\"fusion-layout-column fusion_builder_column fusion-builder-column-0 fusion_builder_column_1_1 1_1 fusion-one-full fusion-column-first fusion-column-last fusion-animated\" style=\"--awb-overflow:hidden;--awb-bg-color:rgba(0,0,0,0);--awb-bg-color-hover:rgba(0,0,0,0);--awb-bg-size:cover;--awb-border-radius:4px 4px 4px 4px;--awb-margin-top:0px;--awb-margin-bottom:10px;\" data-animationType=\"fadeInDown\" data-animationDuration=\"0.8\" data-animationOffset=\"top-into-view\"><div class=\"fusion-column-wrapper fusion-column-has-shadow fusion-flex-column-wrapper-legacy\"><div class=\"fusion-sep-clear\"><\/div><div class=\"fusion-separator fusion-full-width-sep\" style=\"margin-left: auto;margin-right: auto;margin-top:720px;width:100%;\"><\/div><div class=\"fusion-sep-clear\"><\/div><div class=\"fusion-title title fusion-title-1 fusion-sep-none fusion-title-text fusion-title-size-one\" style=\"--awb-text-color:#ffffff;--awb-font-size:60px;\"><h1 class=\"fusion-title-heading title-heading-left fusion-responsive-typography-calculated\" style=\"font-family:&quot;Open Sans&quot;;font-style:normal;font-weight:300;margin:0;font-size:1em;--fontSize:60;line-height:1.18;\"><div data-animationtype=\"fadeInDown\" data-animationduration=\"0.8\" data-animationoffset=\"top-into-view\">\n<p>&#8220;Profes que marcan&#8221;: Libro clave para la gesti\u00f3n de la marca personal docente<\/p>\n<\/div><\/h1><\/div><div class=\"fusion-clearfix\"><\/div><\/div><\/div><div class=\"fusion-layout-column fusion_builder_column fusion-builder-column-1 fusion_builder_column_1_1 1_1 fusion-one-full fusion-column-first fusion-column-last fusion-animated\" style=\"--awb-padding-right:868px;--awb-padding-bottom:34px;--awb-bg-blend:overlay;--awb-bg-size:cover;--awb-border-color:#ffffff;--awb-border-top:1px;--awb-border-style:solid;--awb-margin-top:11px;--awb-margin-bottom:0px;\" data-animationType=\"fadeInDown\" data-animationDuration=\"0.6\" data-animationOffset=\"top-into-view\"><div class=\"fusion-column-wrapper fusion-column-has-shadow fusion-flex-column-wrapper-legacy\"><div class=\"fusion-sharing-box fusion-sharing-box-1 boxed-icons has-taglines layout-floated layout-medium-floated layout-small-floated\" style=\"background-color:rgba(246,244,245,0);padding:0;--awb-alignment:flex-start;--awb-layout:row;--awb-alignment-small:space-between;\" data-title=\"\u201cProfes que marcan\u201d: Libro clave para la gesti\u00f3n de la marca personal docente\" data-description=\"&quot;Profes que marcan&quot;: Libro clave para la gesti\u00f3n de la marca personal docente\r\n     Your Content Goes Here  \r\nRossy ofrece una gu\u00eda pr\u00e1ctica para que los educadores fortalezcan su reputaci\u00f3n profesional  \r\n\r\npor Impuls Educaci\u00f3\" data-link=\"https:\/\/impulseducacio.org\/es\/profes-que-marcan-libro-clave-para-la-gestion-de-la-marca-personal-docente\/\"><h4 class=\"tagline\" style=\"color:#ffffff;\">Compartir<\/h4><div class=\"fusion-social-networks sharingbox-shortcode-icon-wrapper sharingbox-shortcode-icon-wrapper-1 boxed-icons\"><span><a href=\"https:\/\/www.facebook.com\/sharer.php?u=https%3A%2F%2Fimpulseducacio.org%2Fes%2Fprofes-que-marcan-libro-clave-para-la-gestion-de-la-marca-personal-docente%2F&amp;t=%E2%80%9CProfes%20que%20marcan%E2%80%9D%3A%20Libro%20clave%20para%20la%20gesti%C3%B3n%20de%20la%20marca%20personal%20docente\" target=\"_blank\" rel=\"noreferrer\" title=\"Facebook\" aria-label=\"Facebook\" data-placement=\"bottom\" data-toggle=\"tooltip\" data-title=\"Facebook\"><i class=\"fusion-social-network-icon fusion-tooltip fusion-facebook awb-icon-facebook\" style=\"color:#ffffff;background-color:#3b5998;border-color:#3b5998;border-radius:24px;\" aria-hidden=\"true\"><\/i><\/a><\/span><span><a href=\"https:\/\/x.com\/intent\/post?text=%E2%80%9CProfes%20que%20marcan%E2%80%9D%3A%20Libro%20clave%20para%20la%20gesti%C3%B3n%20de%20la%20marca%20personal%20docente&amp;url=https%3A%2F%2Fimpulseducacio.org%2Fes%2Fprofes-que-marcan-libro-clave-para-la-gestion-de-la-marca-personal-docente%2F\" target=\"_blank\" rel=\"noopener noreferrer\" title=\"X\" aria-label=\"X\" data-placement=\"bottom\" data-toggle=\"tooltip\" data-title=\"X\"><i class=\"fusion-social-network-icon fusion-tooltip fusion-twitter awb-icon-twitter\" style=\"color:#ffffff;background-color:#000000;border-color:#000000;border-radius:24px;\" aria-hidden=\"true\"><\/i><\/a><\/span><span><a href=\"https:\/\/www.linkedin.com\/shareArticle?mini=true&amp;url=https%3A%2F%2Fimpulseducacio.org%2Fes%2Fprofes-que-marcan-libro-clave-para-la-gestion-de-la-marca-personal-docente%2F&amp;title=%E2%80%9CProfes%20que%20marcan%E2%80%9D%3A%20Libro%20clave%20para%20la%20gesti%C3%B3n%20de%20la%20marca%20personal%20docente&amp;summary=%26quot%3BProfes%20que%20marcan%26quot%3B%3A%20Libro%20clave%20para%20la%20gesti%C3%B3n%20de%20la%20marca%20personal%20docente%0D%0A%20%20%20%20%20%20%20%20%20Your%20Content%20Goes%20Here%20%20%20%0D%0ARossy%20ofrece%20una%20gu%C3%ADa%20pr%C3%A1ctica%20para%20que%20los%20educadores%20fortalezcan%20su%20reputaci%C3%B3n%20profesional%20%20%20%20%0D%0A%0D%0Apor%20Impuls%20Educaci%C3%B3\" target=\"_blank\" rel=\"noopener noreferrer\" title=\"LinkedIn\" aria-label=\"LinkedIn\" data-placement=\"bottom\" data-toggle=\"tooltip\" data-title=\"LinkedIn\"><i class=\"fusion-social-network-icon fusion-tooltip fusion-linkedin awb-icon-linkedin\" style=\"color:#ffffff;background-color:#0077b5;border-color:#0077b5;border-radius:24px;\" aria-hidden=\"true\"><\/i><\/a><\/span><span><a href=\"mailto:?subject=%E2%80%9CProfes%20que%20marcan%E2%80%9D%3A%20Libro%20clave%20para%20la%20gesti%C3%B3n%20de%20la%20marca%20personal%20docente&amp;body=https%3A%2F%2Fimpulseducacio.org%2Fes%2Fprofes-que-marcan-libro-clave-para-la-gestion-de-la-marca-personal-docente%2F\" target=\"_self\" title=\"Email\" aria-label=\"Email\" data-placement=\"bottom\" data-toggle=\"tooltip\" data-title=\"Email\"><i class=\"fusion-social-network-icon fusion-tooltip fusion-mail awb-icon-mail\" style=\"color:#ffffff;background-color:#000000;border-color:#000000;border-radius:24px;\" aria-hidden=\"true\"><\/i><\/a><\/span><\/div><\/div><div class=\"fusion-clearfix\"><\/div><\/div><\/div><div class=\"fusion-layout-column fusion_builder_column fusion-builder-column-2 fusion_builder_column_1_1 1_1 fusion-one-full fusion-column-first fusion-column-last fusion-animated\" style=\"--awb-bg-blend:overlay;--awb-bg-size:cover;--awb-border-color:#ffffff;--awb-border-top:0;--awb-border-style:solid;--awb-margin-top:2px;--awb-margin-bottom:0px;\" data-animationType=\"fadeInDown\" data-animationDuration=\"0.6\" data-animationOffset=\"top-into-view\"><div class=\"fusion-column-wrapper fusion-column-has-shadow fusion-flex-column-wrapper-legacy\"><div class=\"fusion-sep-clear\"><\/div><div class=\"fusion-separator fusion-full-width-sep\" style=\"margin-left: auto;margin-right: auto;margin-bottom:150px;width:100%;\"><\/div><div class=\"fusion-sep-clear\"><\/div><div class=\"fusion-section-separator section-separator big-half-circle fusion-section-separator-1\" style=\"--awb-spacer-height:99px;--awb-svg-margin-left:0;--awb-svg-margin-right:0;--awb-divider-height:99px;--awb-spacer-padding-top:inherit;--awb-sep-padding:0;--awb-svg-padding:0;\"><div class=\"fusion-section-separator-svg\"><svg class=\"fusion-big-half-circle-candy\" xmlns=\"http:\/\/www.w3.org\/2000\/svg\" version=\"1.1\" width=\"100%\" height=\"100\" viewBox=\"0 0 100 100\" preserveAspectRatio=\"none\" fill=\"rgba(255,255,255,1)\"><path d=\"M0 100 C40 0 60 0 100 100 Z\"><\/path><\/svg><\/div><div class=\"fusion-section-separator-spacer\"><div class=\"fusion-section-separator-spacer-height\"><\/div><\/div><\/div><div class=\"fusion-clearfix\"><\/div><\/div><\/div><\/div><\/div><div class=\"fusion-fullwidth fullwidth-box fusion-builder-row-2 nonhundred-percent-fullwidth non-hundred-percent-height-scrolling\" style=\"--awb-border-radius-top-left:0px;--awb-border-radius-top-right:0px;--awb-border-radius-bottom-right:0px;--awb-border-radius-bottom-left:0px;--awb-padding-top:0px;--awb-padding-bottom:0px;--awb-margin-bottom:0px;--awb-flex-wrap:wrap;\" ><div class=\"fusion-builder-row fusion-row\"><div class=\"fusion-layout-column fusion_builder_column fusion-builder-column-3 fusion_builder_column_1_1 1_1 fusion-one-full fusion-column-first fusion-column-last\" style=\"--awb-padding-top:3%;--awb-padding-right:10%;--awb-padding-bottom:0%;--awb-padding-left:11%;--awb-overflow:hidden;--awb-bg-color:#ffffff;--awb-bg-color-hover:#ffffff;--awb-bg-size:cover;--awb-border-radius:8px 8px 8px 8px;--awb-margin-top:0px;--awb-margin-bottom:0px;\"><div class=\"fusion-column-wrapper fusion-column-has-shadow fusion-flex-column-wrapper-legacy\"><div class=\"fusion-builder-row fusion-builder-row-inner fusion-row\"><div class=\"fusion-layout-column fusion_builder_column_inner fusion-builder-nested-column-0 fusion_builder_column_inner_1_5 1_5 fusion-one-fifth fusion-column-first\" style=\"--awb-bg-size:cover;--awb-margin-top:0px;width:20%;width:calc(20% - ( ( 1% ) * 0.2 ) );margin-right: 1%;\"><div class=\"fusion-column-wrapper fusion-column-has-shadow fusion-flex-column-wrapper-legacy\"><div class=\"fusion-text fusion-text-1\"><p>27 September 2024<\/p>\n<\/div><div class=\"fusion-clearfix\"><\/div><\/div><\/div><\/div><div class=\"fusion-text fusion-text-2\"><h2>Rossy ofrece una gu\u00eda pr\u00e1ctica para que los educadores fortalezcan su reputaci\u00f3n profesional<\/h2>\n<\/div><div class=\"fusion-clearfix\"><\/div><\/div><\/div><\/div><\/div><div class=\"fusion-fullwidth fullwidth-box fusion-builder-row-3 fusion-flex-container nonhundred-percent-fullwidth non-hundred-percent-height-scrolling\" style=\"--awb-border-radius-top-left:0px;--awb-border-radius-top-right:0px;--awb-border-radius-bottom-right:0px;--awb-border-radius-bottom-left:0px;--awb-padding-top:0%;--awb-padding-right:0px;--awb-padding-bottom:0%;--awb-padding-left:0px;--awb-margin-top:0px;--awb-margin-bottom:0px;--awb-background-color:#ffffff;--awb-flex-wrap:wrap;\" ><div class=\"fusion-builder-row fusion-row fusion-flex-align-items-flex-start fusion-flex-content-wrap\" style=\"max-width:1331.2px;margin-left: calc(-4% \/ 2 );margin-right: calc(-4% \/ 2 );\"><div class=\"fusion-layout-column fusion_builder_column fusion-builder-column-4 fusion_builder_column_1_1 1_1 fusion-flex-column\" style=\"--awb-padding-right:11%;--awb-padding-left:11%;--awb-bg-color:#ffffff;--awb-bg-color-hover:#ffffff;--awb-bg-size:cover;--awb-width-large:100%;--awb-margin-top-large:0px;--awb-spacing-right-large:6.144%;--awb-margin-bottom-large:0px;--awb-spacing-left-large:6.144%;--awb-width-medium:100%;--awb-order-medium:0;--awb-spacing-right-medium:1.92%;--awb-spacing-left-medium:1.92%;--awb-width-small:100%;--awb-order-small:0;--awb-spacing-right-small:1.92%;--awb-spacing-left-small:1.92%;\" data-scroll-devices=\"small-visibility,medium-visibility,large-visibility\"><div class=\"fusion-column-wrapper fusion-column-has-shadow fusion-flex-justify-content-flex-start fusion-content-layout-column\"><div class=\"fusion-builder-row fusion-builder-row-inner fusion-row fusion-flex-align-items-flex-start fusion-flex-content-wrap\" style=\"width:104% !important;max-width:104% !important;margin-left: calc(-4% \/ 2 );margin-right: calc(-4% \/ 2 );\"><div class=\"fusion-layout-column fusion_builder_column_inner fusion-builder-nested-column-1 fusion_builder_column_inner_1_1 1_1 fusion-flex-column\" style=\"--awb-bg-size:cover;--awb-width-large:100%;--awb-margin-top-large:20px;--awb-spacing-right-large:1.92%;--awb-margin-bottom-large:0px;--awb-spacing-left-large:1.92%;--awb-width-medium:100%;--awb-order-medium:0;--awb-spacing-right-medium:1.92%;--awb-spacing-left-medium:1.92%;--awb-width-small:100%;--awb-order-small:0;--awb-spacing-right-small:1.92%;--awb-spacing-left-small:1.92%;\"><div class=\"fusion-column-wrapper fusion-column-has-shadow fusion-flex-justify-content-flex-start fusion-content-layout-column\"><div class=\"fusion-text fusion-text-3\"><div class=\"fusion-text fusion-text-3\">\n<p>por Impuls Educaci\u00f3<\/p>\n<\/div>\n<\/div><\/div><\/div><\/div><div class=\"fusion-builder-row fusion-builder-row-inner fusion-row fusion-flex-align-items-flex-start fusion-flex-content-wrap\" style=\"width:104% !important;max-width:104% !important;margin-left: calc(-4% \/ 2 );margin-right: calc(-4% \/ 2 );\"><div class=\"fusion-layout-column fusion_builder_column_inner fusion-builder-nested-column-2 fusion_builder_column_inner_1_2 1_2 fusion-flex-column\" style=\"--awb-bg-size:cover;--awb-width-large:50%;--awb-margin-top-large:20px;--awb-spacing-right-large:3.84%;--awb-margin-bottom-large:40px;--awb-spacing-left-large:3.84%;--awb-width-medium:100%;--awb-order-medium:0;--awb-spacing-right-medium:1.92%;--awb-spacing-left-medium:1.92%;--awb-width-small:100%;--awb-order-small:0;--awb-spacing-right-small:1.92%;--awb-spacing-left-small:1.92%;\"><div class=\"fusion-column-wrapper fusion-column-has-shadow fusion-flex-justify-content-flex-start fusion-content-layout-column\"><div class=\"fusion-image-element \" style=\"text-align:center;--awb-max-width:300px;--awb-caption-title-font-family:var(--h2_typography-font-family);--awb-caption-title-font-weight:var(--h2_typography-font-weight);--awb-caption-title-font-style:var(--h2_typography-font-style);--awb-caption-title-size:var(--h2_typography-font-size);--awb-caption-title-transform:var(--h2_typography-text-transform);--awb-caption-title-line-height:var(--h2_typography-line-height);--awb-caption-title-letter-spacing:var(--h2_typography-letter-spacing);\"><span class=\" fusion-imageframe imageframe-none imageframe-1 hover-type-none\"><img decoding=\"async\" width=\"1050\" height=\"1500\" title=\"Portada Profes que marcan\" src=\"https:\/\/impulseducacio.org\/wp-content\/uploads\/2024\/09\/Portada-Profes-que-marcan.jpeg\" alt class=\"img-responsive wp-image-42081\" srcset=\"https:\/\/impulseducacio.org\/wp-content\/uploads\/2024\/09\/Portada-Profes-que-marcan-200x286.jpeg 200w, https:\/\/impulseducacio.org\/wp-content\/uploads\/2024\/09\/Portada-Profes-que-marcan-400x571.jpeg 400w, https:\/\/impulseducacio.org\/wp-content\/uploads\/2024\/09\/Portada-Profes-que-marcan-600x857.jpeg 600w, https:\/\/impulseducacio.org\/wp-content\/uploads\/2024\/09\/Portada-Profes-que-marcan-800x1143.jpeg 800w, https:\/\/impulseducacio.org\/wp-content\/uploads\/2024\/09\/Portada-Profes-que-marcan.jpeg 1050w\" sizes=\"(max-width: 1024px) 100vw, (max-width: 620px) 100vw, 800px\" \/><\/span><\/div><\/div><\/div><div class=\"fusion-layout-column fusion_builder_column_inner fusion-builder-nested-column-3 fusion_builder_column_inner_1_2 1_2 fusion-flex-column\" style=\"--awb-bg-size:cover;--awb-width-large:50%;--awb-margin-top-large:20px;--awb-spacing-right-large:3.84%;--awb-margin-bottom-large:20px;--awb-spacing-left-large:3.84%;--awb-width-medium:100%;--awb-order-medium:0;--awb-spacing-right-medium:1.92%;--awb-spacing-left-medium:1.92%;--awb-width-small:100%;--awb-order-small:0;--awb-spacing-right-small:1.92%;--awb-spacing-left-small:1.92%;\"><div class=\"fusion-column-wrapper fusion-column-has-shadow fusion-flex-justify-content-flex-start fusion-content-layout-column\"><div class=\"fusion-text fusion-text-4\"><p>&#8220;<strong><span style=\"color: #33cccc;\"><a style=\"color: #33cccc;\" href=\"https:\/\/www.amazon.es\/Profes-que-marcan-reputaci%C3%B3n-Empresarial\/dp\/8410221233\">Profes que marcan: C\u00f3mo construir una reputaci\u00f3n de docente que deja marca<\/a><\/span><\/strong>&#8221; es un libro dirigido a docentes y l\u00edderes educativos que te ayudar\u00e1 a conocerte mejor; a identificar tus habilidades, fortalezas y debilidades en el contexto en que te encuentres; a definir un prop\u00f3sito valioso acorde con los retos y las personas a las que puedes ayudar; y a mejorar la comunicaci\u00f3n de tu identidad y prop\u00f3sito. A trav\u00e9s de ejemplos reales del mundo escolar y una variedad de ejercicios pr\u00e1cticos, podr\u00e1s definir una hoja de ruta clara para mejorar tu reputaci\u00f3n personal. Adem\u00e1s, aprender\u00e1s a gestionar tu marca personal de manera efectiva, lo que te permitir\u00e1 destacar y marcar la diferencia en tu \u00e1mbito profesional.<\/p>\n<\/div><\/div><\/div><\/div><div class=\"fusion-builder-row fusion-builder-row-inner fusion-row fusion-flex-align-items-flex-start fusion-flex-content-wrap\" style=\"width:104% !important;max-width:104% !important;margin-left: calc(-4% \/ 2 );margin-right: calc(-4% \/ 2 );\"><div class=\"fusion-layout-column fusion_builder_column_inner fusion-builder-nested-column-4 fusion_builder_column_inner_1_1 1_1 fusion-flex-column\" style=\"--awb-bg-size:cover;--awb-width-large:100%;--awb-margin-top-large:0px;--awb-spacing-right-large:1.92%;--awb-margin-bottom-large:0px;--awb-spacing-left-large:1.92%;--awb-width-medium:100%;--awb-order-medium:0;--awb-spacing-right-medium:1.92%;--awb-spacing-left-medium:1.92%;--awb-width-small:100%;--awb-order-small:0;--awb-spacing-right-small:1.92%;--awb-spacing-left-small:1.92%;\"><div class=\"fusion-column-wrapper fusion-column-has-shadow fusion-flex-justify-content-flex-start fusion-content-layout-column\"><div class=\"fusion-text fusion-text-5\"><p>&#8220;Profes que marcan: C\u00f3mo construir una reputaci\u00f3n de docente que deja marca&#8221; es una obra de Miquel Rossy, experto en marketing y comunicaci\u00f3n con una extensa trayectoria en el mundo educativo. Rossy es conocido por su trabajo en la gesti\u00f3n de marca personal, habiendo asesorado a docentes y centros educativos sobre c\u00f3mo optimizar su imagen y reputaci\u00f3n para lograr un impacto duradero. Su enfoque combina una s\u00f3lida experiencia en branding con un profundo entendimiento de los desaf\u00edos educativos contempor\u00e1neos.<\/p>\n<p>Este libro se enfoca en un tema cada vez m\u00e1s relevante: la construcci\u00f3n y gesti\u00f3n de la marca personal de los docentes. Rossy argumenta que, al igual que los profesionales de otros sectores, los educadores deben cultivar conscientemente su reputaci\u00f3n, ya que esta repercute directamente en su capacidad para influir positivamente en alumnos, familias y compa\u00f1eros. A trav\u00e9s de reflexiones te\u00f3ricas y ejercicios pr\u00e1cticos, el autor ofrece una hoja de ruta clara para que los profesores se conozcan mejor, enfoquen sus metas y proyecten una identidad coherente con sus valores.<\/p>\n<\/div><\/div><\/div><\/div><div class=\"fusion-builder-row fusion-builder-row-inner fusion-row fusion-flex-align-items-flex-start fusion-flex-content-wrap\" style=\"width:104% !important;max-width:104% !important;margin-left: calc(-4% \/ 2 );margin-right: calc(-4% \/ 2 );\"><div class=\"fusion-layout-column fusion_builder_column_inner fusion-builder-nested-column-5 fusion_builder_column_inner_1_2 1_2 fusion-flex-column\" style=\"--awb-bg-size:cover;--awb-width-large:50%;--awb-margin-top-large:50px;--awb-spacing-right-large:3.84%;--awb-margin-bottom-large:0px;--awb-spacing-left-large:3.648%;--awb-width-medium:100%;--awb-order-medium:0;--awb-spacing-right-medium:1.92%;--awb-spacing-left-medium:1.92%;--awb-width-small:100%;--awb-order-small:0;--awb-spacing-right-small:1.92%;--awb-spacing-left-small:1.92%;\"><div class=\"fusion-column-wrapper fusion-column-has-shadow fusion-flex-justify-content-flex-start fusion-content-layout-column\"><div class=\"fusion-text fusion-text-6\"><h6 style=\"text-align: right;\">La reputaci\u00f3n de los educadores repercute en su capacidad para influir positivamente en alumnos, familias y compa\u00f1eros<\/h6>\n<\/div><\/div><\/div><div class=\"fusion-layout-column fusion_builder_column_inner fusion-builder-nested-column-6 fusion_builder_column_inner_1_2 1_2 fusion-flex-column\" style=\"--awb-bg-size:cover;--awb-width-large:50%;--awb-margin-top-large:20px;--awb-spacing-right-large:3.84%;--awb-margin-bottom-large:40px;--awb-spacing-left-large:3.84%;--awb-width-medium:100%;--awb-order-medium:0;--awb-spacing-right-medium:1.92%;--awb-spacing-left-medium:1.92%;--awb-width-small:100%;--awb-order-small:0;--awb-spacing-right-small:1.92%;--awb-spacing-left-small:1.92%;\"><div class=\"fusion-column-wrapper fusion-column-has-shadow fusion-flex-justify-content-flex-start fusion-content-layout-column\"><div class=\"fusion-image-element \" style=\"text-align:left;--awb-max-width:400px;--awb-caption-title-font-family:var(--h2_typography-font-family);--awb-caption-title-font-weight:var(--h2_typography-font-weight);--awb-caption-title-font-style:var(--h2_typography-font-style);--awb-caption-title-size:var(--h2_typography-font-size);--awb-caption-title-transform:var(--h2_typography-text-transform);--awb-caption-title-line-height:var(--h2_typography-line-height);--awb-caption-title-letter-spacing:var(--h2_typography-letter-spacing);\"><span class=\" fusion-imageframe imageframe-none imageframe-2 hover-type-none\"><img decoding=\"async\" width=\"1800\" height=\"901\" title=\"01_Rese\u00f1a-Profes-que-marcan\" src=\"https:\/\/impulseducacio.org\/wp-content\/uploads\/2024\/09\/01_Resena-Profes-que-marcan.jpg\" alt class=\"img-responsive wp-image-42071\" srcset=\"https:\/\/impulseducacio.org\/wp-content\/uploads\/2024\/09\/01_Resena-Profes-que-marcan-200x100.jpg 200w, https:\/\/impulseducacio.org\/wp-content\/uploads\/2024\/09\/01_Resena-Profes-que-marcan-400x200.jpg 400w, https:\/\/impulseducacio.org\/wp-content\/uploads\/2024\/09\/01_Resena-Profes-que-marcan-600x300.jpg 600w, https:\/\/impulseducacio.org\/wp-content\/uploads\/2024\/09\/01_Resena-Profes-que-marcan-800x400.jpg 800w, https:\/\/impulseducacio.org\/wp-content\/uploads\/2024\/09\/01_Resena-Profes-que-marcan-1200x601.jpg 1200w, https:\/\/impulseducacio.org\/wp-content\/uploads\/2024\/09\/01_Resena-Profes-que-marcan.jpg 1800w\" sizes=\"(max-width: 1024px) 100vw, (max-width: 620px) 100vw, 800px\" \/><\/span><\/div><\/div><\/div><\/div><div class=\"fusion-text fusion-text-7\"><p>&#8220;Profes que marcan&#8221; se presenta como una gu\u00eda pr\u00e1ctica y accesible, dirigida tanto a educadores noveles como a aquellos con m\u00e1s experiencia que buscan reflexionar sobre su trayectoria profesional. El libro est\u00e1 estructurado en seis cap\u00edtulos principales que abordan desde la definici\u00f3n de la marca personal hasta la planificaci\u00f3n de una estrategia comunicativa adecuada para proyectar esa marca. Miquel Rossy no se limita a teorizar sobre el tema, sino que ofrece un enfoque pragm\u00e1tico, proponiendo ejercicios de autoevaluaci\u00f3n y reflexi\u00f3n que permiten al lector aplicar de forma directa los conceptos que expone.<\/p>\n<p>Los cap\u00edtulos est\u00e1n divididos en secciones claras que gu\u00edan al lector paso a paso en el proceso de construir su marca personal. Rossy incluye numerosas referencias a autores clave en el \u00e1mbito del branding personal, como <span style=\"color: #33cccc;\"><a style=\"color: #33cccc;\" href=\"https:\/\/tompeters.com\/about\/toms-bio\/\">Tom Peters<\/a><\/span>, y conecta sus ideas con ejemplos adaptados al contexto educativo. Adem\u00e1s, utiliza un lenguaje cercano y directo, lo que facilita la comprensi\u00f3n de un tema que, en ocasiones, puede parecer abstracto o ajeno al mundo de la ense\u00f1anza.<\/p>\n<p>El libro combina el desarrollo profesional con el crecimiento personal, subrayando que el \u00e9xito en la docencia no solo depende de competencias t\u00e9cnicas, sino tambi\u00e9n de la capacidad para gestionar la propia reputaci\u00f3n y las relaciones interpersonales. De esta manera, &#8220;Profes que marcan&#8221; se inserta en la literatura de autoayuda profesional, pero destaca por su enfoque espec\u00edfico hacia el \u00e1mbito educativo.<\/p>\n<p>&#8220;Profes que marcan&#8221; aborda la marca personal docente desde una perspectiva pr\u00e1ctica y reflexiva. A lo largo de sus cinco cap\u00edtulos, Miquel Rossy gu\u00eda al lector en un proceso de autodescubrimiento y construcci\u00f3n de una identidad profesional s\u00f3lida. El libro comienza explicando la importancia de tener una marca personal en el \u00e1mbito educativo, subrayando c\u00f3mo esta repercute en la imagen del docente y en su capacidad de influir en su entorno. Rossy destaca que la marca personal es la percepci\u00f3n que los dem\u00e1s tienen del docente, y gestionarla conscientemente puede mejorar significativamente las relaciones con alumnos, familias y compa\u00f1eros.<\/p>\n<\/div><div class=\"fusion-builder-row fusion-builder-row-inner fusion-row fusion-flex-align-items-flex-start fusion-flex-content-wrap\" style=\"width:104% !important;max-width:104% !important;margin-left: calc(-4% \/ 2 );margin-right: calc(-4% \/ 2 );\"><div class=\"fusion-layout-column fusion_builder_column_inner fusion-builder-nested-column-7 fusion_builder_column_inner_1_2 1_2 fusion-flex-column\" style=\"--awb-bg-size:cover;--awb-width-large:50%;--awb-margin-top-large:20px;--awb-spacing-right-large:3.84%;--awb-margin-bottom-large:40px;--awb-spacing-left-large:3.84%;--awb-width-medium:100%;--awb-order-medium:0;--awb-spacing-right-medium:1.92%;--awb-spacing-left-medium:1.92%;--awb-width-small:100%;--awb-order-small:0;--awb-spacing-right-small:1.92%;--awb-spacing-left-small:1.92%;\"><div class=\"fusion-column-wrapper fusion-column-has-shadow fusion-flex-justify-content-flex-start fusion-content-layout-column\"><div class=\"fusion-image-element \" style=\"text-align:right;--awb-max-width:400px;--awb-caption-title-font-family:var(--h2_typography-font-family);--awb-caption-title-font-weight:var(--h2_typography-font-weight);--awb-caption-title-font-style:var(--h2_typography-font-style);--awb-caption-title-size:var(--h2_typography-font-size);--awb-caption-title-transform:var(--h2_typography-text-transform);--awb-caption-title-line-height:var(--h2_typography-line-height);--awb-caption-title-letter-spacing:var(--h2_typography-letter-spacing);\"><span class=\" fusion-imageframe imageframe-none imageframe-3 hover-type-none\"><img decoding=\"async\" width=\"2560\" height=\"1283\" title=\"02_Rese\u00f1a-Profes-que-marcan\" src=\"https:\/\/impulseducacio.org\/wp-content\/uploads\/2024\/09\/02_Resena-Profes-que-marcan-scaled.jpg\" alt class=\"img-responsive wp-image-42074\" srcset=\"https:\/\/impulseducacio.org\/wp-content\/uploads\/2024\/09\/02_Resena-Profes-que-marcan-200x100.jpg 200w, https:\/\/impulseducacio.org\/wp-content\/uploads\/2024\/09\/02_Resena-Profes-que-marcan-400x200.jpg 400w, https:\/\/impulseducacio.org\/wp-content\/uploads\/2024\/09\/02_Resena-Profes-que-marcan-600x301.jpg 600w, https:\/\/impulseducacio.org\/wp-content\/uploads\/2024\/09\/02_Resena-Profes-que-marcan-800x401.jpg 800w, https:\/\/impulseducacio.org\/wp-content\/uploads\/2024\/09\/02_Resena-Profes-que-marcan-1200x601.jpg 1200w, https:\/\/impulseducacio.org\/wp-content\/uploads\/2024\/09\/02_Resena-Profes-que-marcan-scaled.jpg 2560w\" sizes=\"(max-width: 1024px) 100vw, (max-width: 620px) 100vw, 800px\" \/><\/span><\/div><\/div><\/div><div class=\"fusion-layout-column fusion_builder_column_inner fusion-builder-nested-column-8 fusion_builder_column_inner_1_2 1_2 fusion-flex-column\" style=\"--awb-bg-size:cover;--awb-width-large:50%;--awb-margin-top-large:50px;--awb-spacing-right-large:3.84%;--awb-margin-bottom-large:20px;--awb-spacing-left-large:3.84%;--awb-width-medium:100%;--awb-order-medium:0;--awb-spacing-right-medium:1.92%;--awb-spacing-left-medium:1.92%;--awb-width-small:100%;--awb-order-small:0;--awb-spacing-right-small:1.92%;--awb-spacing-left-small:1.92%;\"><div class=\"fusion-column-wrapper fusion-column-has-shadow fusion-flex-justify-content-flex-start fusion-content-layout-column\"><div class=\"fusion-text fusion-text-8\"><h6>La marca es la percepci\u00f3n que los dem\u00e1s tienen del docente, y gestionarla puede mejorar la relaci\u00f3n con alumnos y familia<\/h6>\n<\/div><\/div><\/div><\/div><div class=\"fusion-builder-row fusion-builder-row-inner fusion-row fusion-flex-align-items-flex-start fusion-flex-content-wrap\" style=\"width:104% !important;max-width:104% !important;margin-left: calc(-4% \/ 2 );margin-right: calc(-4% \/ 2 );\"><div class=\"fusion-layout-column fusion_builder_column_inner fusion-builder-nested-column-9 fusion_builder_column_inner_1_1 1_1 fusion-flex-column\" style=\"--awb-bg-size:cover;--awb-width-large:100%;--awb-margin-top-large:0px;--awb-spacing-right-large:1.92%;--awb-margin-bottom-large:0px;--awb-spacing-left-large:1.92%;--awb-width-medium:100%;--awb-order-medium:0;--awb-spacing-right-medium:1.92%;--awb-spacing-left-medium:1.92%;--awb-width-small:100%;--awb-order-small:0;--awb-spacing-right-small:1.92%;--awb-spacing-left-small:1.92%;\"><div class=\"fusion-column-wrapper fusion-column-has-shadow fusion-flex-justify-content-flex-start fusion-content-layout-column\"><div class=\"fusion-text fusion-text-9\"><p>El primer cap\u00edtulo introduce el concepto de marca personal con ejemplos cotidianos, como la historia de Blanca, una docente que experimenta c\u00f3mo cambia su reputaci\u00f3n al trasladarse a una nueva escuela. A partir de ah\u00ed, el autor explora la importancia del autoconocimiento y c\u00f3mo la percepci\u00f3n que tienen los dem\u00e1s del docente afecta su desempe\u00f1o.<\/p>\n<p>En los cap\u00edtulos siguientes, el autor se centra en herramientas como la &#8220;ventana de Johari&#8221;, que ayuda a los docentes a entender c\u00f3mo son percibidos y a identificar \u00e1reas de mejora. Rossy insiste en la importancia de buscar retroalimentaci\u00f3n de otros para mejorar la propia imagen profesional. La obra tambi\u00e9n profundiza en estrategias para gestionar la comunicaci\u00f3n y proyectar una imagen coherente tanto en el entorno \u201coffline\u201d como en l\u00ednea.<\/p>\n<\/div><\/div><\/div><\/div><div class=\"fusion-image-element \" style=\"text-align:center;--awb-max-width:500px;--awb-caption-title-font-family:var(--h2_typography-font-family);--awb-caption-title-font-weight:var(--h2_typography-font-weight);--awb-caption-title-font-style:var(--h2_typography-font-style);--awb-caption-title-size:var(--h2_typography-font-size);--awb-caption-title-transform:var(--h2_typography-text-transform);--awb-caption-title-line-height:var(--h2_typography-line-height);--awb-caption-title-letter-spacing:var(--h2_typography-letter-spacing);\"><span class=\" fusion-imageframe imageframe-none imageframe-4 hover-type-none\"><img decoding=\"async\" width=\"2560\" height=\"2355\" title=\"Marca Personal_CAS\" src=\"https:\/\/impulseducacio.org\/wp-content\/uploads\/2024\/09\/Marca-Personal_CAS-scaled.jpg\" alt class=\"img-responsive wp-image-42102\" srcset=\"https:\/\/impulseducacio.org\/wp-content\/uploads\/2024\/09\/Marca-Personal_CAS-200x184.jpg 200w, https:\/\/impulseducacio.org\/wp-content\/uploads\/2024\/09\/Marca-Personal_CAS-400x368.jpg 400w, https:\/\/impulseducacio.org\/wp-content\/uploads\/2024\/09\/Marca-Personal_CAS-600x552.jpg 600w, https:\/\/impulseducacio.org\/wp-content\/uploads\/2024\/09\/Marca-Personal_CAS-800x736.jpg 800w, https:\/\/impulseducacio.org\/wp-content\/uploads\/2024\/09\/Marca-Personal_CAS-1200x1104.jpg 1200w, https:\/\/impulseducacio.org\/wp-content\/uploads\/2024\/09\/Marca-Personal_CAS-scaled.jpg 2560w\" sizes=\"(max-width: 1024px) 100vw, (max-width: 620px) 100vw, 2560px\" \/><\/span><\/div><div class=\"fusion-text fusion-text-10\" style=\"--awb-font-size:12px;\"><p style=\"text-align: center;\">Infograf\u00eda Impuls Educaci\u00f3: &#8220;Construyendo una marca personal fuerte como docente&#8221;.<\/p>\n<\/div><div class=\"fusion-builder-row fusion-builder-row-inner fusion-row fusion-flex-align-items-flex-start fusion-flex-content-wrap\" style=\"width:104% !important;max-width:104% !important;margin-left: calc(-4% \/ 2 );margin-right: calc(-4% \/ 2 );\"><div class=\"fusion-layout-column fusion_builder_column_inner fusion-builder-nested-column-10 fusion_builder_column_inner_1_1 1_1 fusion-flex-column\" style=\"--awb-bg-size:cover;--awb-width-large:100%;--awb-margin-top-large:0px;--awb-spacing-right-large:1.92%;--awb-margin-bottom-large:0px;--awb-spacing-left-large:1.92%;--awb-width-medium:100%;--awb-order-medium:0;--awb-spacing-right-medium:1.92%;--awb-spacing-left-medium:1.92%;--awb-width-small:100%;--awb-order-small:0;--awb-spacing-right-small:1.92%;--awb-spacing-left-small:1.92%;\"><div class=\"fusion-column-wrapper fusion-column-has-shadow fusion-flex-justify-content-flex-start fusion-content-layout-column\"><div class=\"fusion-text fusion-text-11\"><p>Una de las ideas centrales del libro es la coherencia entre la identidad personal y profesional. El docente debe ser capaz de reflejar sus valores a trav\u00e9s de sus acciones y relaciones diarias. Aun as\u00ed, Rossy subraya que no se trata de alcanzar una perfecci\u00f3n inalcanzable, sino de ser aut\u00e9ntico y consciente de las \u00e1reas que se pueden mejorar.<\/p>\n<\/div><\/div><\/div><\/div><div class=\"fusion-builder-row fusion-builder-row-inner fusion-row fusion-flex-align-items-flex-start fusion-flex-content-wrap\" style=\"width:104% !important;max-width:104% !important;margin-left: calc(-4% \/ 2 );margin-right: calc(-4% \/ 2 );\"><div class=\"fusion-layout-column fusion_builder_column_inner fusion-builder-nested-column-11 fusion_builder_column_inner_1_2 1_2 fusion-flex-column\" style=\"--awb-bg-size:cover;--awb-width-large:50%;--awb-margin-top-large:50px;--awb-spacing-right-large:3.84%;--awb-margin-bottom-large:0px;--awb-spacing-left-large:3.84%;--awb-width-medium:100%;--awb-order-medium:0;--awb-spacing-right-medium:1.92%;--awb-spacing-left-medium:1.92%;--awb-width-small:100%;--awb-order-small:0;--awb-spacing-right-small:1.92%;--awb-spacing-left-small:1.92%;\"><div class=\"fusion-column-wrapper fusion-column-has-shadow fusion-flex-justify-content-flex-start fusion-content-layout-column\"><div class=\"fusion-text fusion-text-12\"><h6 style=\"text-align: right;\">El docente debe ser capaz de reflejar sus valores a trav\u00e9s de sus acciones y relaciones diarias<\/h6>\n<\/div><\/div><\/div><div class=\"fusion-layout-column fusion_builder_column_inner fusion-builder-nested-column-12 fusion_builder_column_inner_1_2 1_2 fusion-flex-column\" style=\"--awb-bg-size:cover;--awb-width-large:50%;--awb-margin-top-large:20px;--awb-spacing-right-large:3.84%;--awb-margin-bottom-large:50px;--awb-spacing-left-large:3.84%;--awb-width-medium:100%;--awb-order-medium:0;--awb-spacing-right-medium:1.92%;--awb-spacing-left-medium:1.92%;--awb-width-small:100%;--awb-order-small:0;--awb-spacing-right-small:1.92%;--awb-spacing-left-small:1.92%;\"><div class=\"fusion-column-wrapper fusion-column-has-shadow fusion-flex-justify-content-flex-start fusion-content-layout-column\"><div class=\"fusion-image-element \" style=\"text-align:left;--awb-max-width:400px;--awb-caption-title-font-family:var(--h2_typography-font-family);--awb-caption-title-font-weight:var(--h2_typography-font-weight);--awb-caption-title-font-style:var(--h2_typography-font-style);--awb-caption-title-size:var(--h2_typography-font-size);--awb-caption-title-transform:var(--h2_typography-text-transform);--awb-caption-title-line-height:var(--h2_typography-line-height);--awb-caption-title-letter-spacing:var(--h2_typography-letter-spacing);\"><span class=\" fusion-imageframe imageframe-none imageframe-5 hover-type-none\"><img decoding=\"async\" width=\"1482\" height=\"802\" title=\"Gr\u00e1fico. Construyendo una marca personal fuerte como docente_CAS\" src=\"https:\/\/impulseducacio.org\/wp-content\/uploads\/2024\/09\/Grafico.-Construyendo-una-marca-personal-fuerte-como-docente_CAS.png\" alt class=\"img-responsive wp-image-42099\" srcset=\"https:\/\/impulseducacio.org\/wp-content\/uploads\/2024\/09\/Grafico.-Construyendo-una-marca-personal-fuerte-como-docente_CAS-200x108.png 200w, https:\/\/impulseducacio.org\/wp-content\/uploads\/2024\/09\/Grafico.-Construyendo-una-marca-personal-fuerte-como-docente_CAS-400x216.png 400w, https:\/\/impulseducacio.org\/wp-content\/uploads\/2024\/09\/Grafico.-Construyendo-una-marca-personal-fuerte-como-docente_CAS-600x325.png 600w, https:\/\/impulseducacio.org\/wp-content\/uploads\/2024\/09\/Grafico.-Construyendo-una-marca-personal-fuerte-como-docente_CAS-800x433.png 800w, https:\/\/impulseducacio.org\/wp-content\/uploads\/2024\/09\/Grafico.-Construyendo-una-marca-personal-fuerte-como-docente_CAS-1200x649.png 1200w, https:\/\/impulseducacio.org\/wp-content\/uploads\/2024\/09\/Grafico.-Construyendo-una-marca-personal-fuerte-como-docente_CAS.png 1482w\" sizes=\"(max-width: 1024px) 100vw, (max-width: 620px) 100vw, 800px\" \/><\/span><\/div><\/div><\/div><\/div><div class=\"fusion-builder-row fusion-builder-row-inner fusion-row fusion-flex-align-items-flex-start fusion-flex-content-wrap\" style=\"width:104% !important;max-width:104% !important;margin-left: calc(-4% \/ 2 );margin-right: calc(-4% \/ 2 );\"><div class=\"fusion-layout-column fusion_builder_column_inner fusion-builder-nested-column-13 fusion_builder_column_inner_1_1 1_1 fusion-flex-column\" style=\"--awb-bg-size:cover;--awb-width-large:100%;--awb-margin-top-large:0px;--awb-spacing-right-large:1.92%;--awb-margin-bottom-large:0px;--awb-spacing-left-large:1.92%;--awb-width-medium:100%;--awb-order-medium:0;--awb-spacing-right-medium:1.92%;--awb-spacing-left-medium:1.92%;--awb-width-small:100%;--awb-order-small:0;--awb-spacing-right-small:1.92%;--awb-spacing-left-small:1.92%;\"><div class=\"fusion-column-wrapper fusion-column-has-shadow fusion-flex-justify-content-flex-start fusion-content-layout-column\"><div class=\"fusion-text fusion-text-13\"><p>&#8220;Profes que marcan&#8221; ofrece una valiosa gu\u00eda pr\u00e1ctica para los docentes interesados en gestionar mejor su reputaci\u00f3n y dejar una huella positiva en su entorno. El enfoque accesible de Miquel Rossy y la inclusi\u00f3n de ejercicios pr\u00e1cticos invitan a los lectores a no solo comprender los conceptos, sino a aplicarlos de manera inmediata en su vida profesional.<\/p>\n<p>El libro destaca por su claridad, con una estructura bien organizada y ejemplos que conectan directamente con la experiencia cotidiana de los docentes. Las referencias a expertos en branding refuerzan la base te\u00f3rica de la obra, d\u00e1ndole un marco s\u00f3lido.<\/p>\n<p>Uno de los mayores aciertos de la obra es su insistencia en la autenticidad. Rossy no promueve la creaci\u00f3n de una imagen artificial, sino el reflejo sincero de la identidad y los valores del docente. Esta perspectiva a\u00f1ade una dimensi\u00f3n \u00e9tica que lo diferencia de otros enfoques de branding personal que pueden ser m\u00e1s superficiales.<\/p>\n<\/div><\/div><\/div><\/div><div class=\"fusion-builder-row fusion-builder-row-inner fusion-row fusion-flex-align-items-flex-start fusion-flex-content-wrap\" style=\"width:104% !important;max-width:104% !important;margin-left: calc(-4% \/ 2 );margin-right: calc(-4% \/ 2 );\"><div class=\"fusion-layout-column fusion_builder_column_inner fusion-builder-nested-column-14 fusion_builder_column_inner_1_2 1_2 fusion-flex-column\" style=\"--awb-bg-size:cover;--awb-width-large:50%;--awb-margin-top-large:20px;--awb-spacing-right-large:3.84%;--awb-margin-bottom-large:50px;--awb-spacing-left-large:3.84%;--awb-width-medium:100%;--awb-order-medium:0;--awb-spacing-right-medium:1.92%;--awb-spacing-left-medium:1.92%;--awb-width-small:100%;--awb-order-small:0;--awb-spacing-right-small:1.92%;--awb-spacing-left-small:1.92%;\"><div class=\"fusion-column-wrapper fusion-column-has-shadow fusion-flex-justify-content-flex-start fusion-content-layout-column\"><div class=\"fusion-image-element \" style=\"text-align:right;--awb-max-width:400px;--awb-caption-title-font-family:var(--h2_typography-font-family);--awb-caption-title-font-weight:var(--h2_typography-font-weight);--awb-caption-title-font-style:var(--h2_typography-font-style);--awb-caption-title-size:var(--h2_typography-font-size);--awb-caption-title-transform:var(--h2_typography-text-transform);--awb-caption-title-line-height:var(--h2_typography-line-height);--awb-caption-title-letter-spacing:var(--h2_typography-letter-spacing);\"><span class=\" fusion-imageframe imageframe-none imageframe-6 hover-type-none\"><img decoding=\"async\" width=\"2560\" height=\"1279\" title=\"03_Rese\u00f1a-Profes-que-marcan\" src=\"https:\/\/impulseducacio.org\/wp-content\/uploads\/2024\/09\/03_Resena-Profes-que-marcan-scaled.jpg\" alt class=\"img-responsive wp-image-42077\" srcset=\"https:\/\/impulseducacio.org\/wp-content\/uploads\/2024\/09\/03_Resena-Profes-que-marcan-200x100.jpg 200w, https:\/\/impulseducacio.org\/wp-content\/uploads\/2024\/09\/03_Resena-Profes-que-marcan-400x200.jpg 400w, https:\/\/impulseducacio.org\/wp-content\/uploads\/2024\/09\/03_Resena-Profes-que-marcan-600x300.jpg 600w, https:\/\/impulseducacio.org\/wp-content\/uploads\/2024\/09\/03_Resena-Profes-que-marcan-800x400.jpg 800w, https:\/\/impulseducacio.org\/wp-content\/uploads\/2024\/09\/03_Resena-Profes-que-marcan-1200x599.jpg 1200w, https:\/\/impulseducacio.org\/wp-content\/uploads\/2024\/09\/03_Resena-Profes-que-marcan-scaled.jpg 2560w\" sizes=\"(max-width: 1024px) 100vw, (max-width: 620px) 100vw, 800px\" \/><\/span><\/div><\/div><\/div><div class=\"fusion-layout-column fusion_builder_column_inner fusion-builder-nested-column-15 fusion_builder_column_inner_1_2 1_2 fusion-flex-column\" style=\"--awb-bg-size:cover;--awb-width-large:50%;--awb-margin-top-large:50px;--awb-spacing-right-large:3.84%;--awb-margin-bottom-large:20px;--awb-spacing-left-large:3.84%;--awb-width-medium:100%;--awb-order-medium:0;--awb-spacing-right-medium:1.92%;--awb-spacing-left-medium:1.92%;--awb-width-small:100%;--awb-order-small:0;--awb-spacing-right-small:1.92%;--awb-spacing-left-small:1.92%;\"><div class=\"fusion-column-wrapper fusion-column-has-shadow fusion-flex-justify-content-flex-start fusion-content-layout-column\"><div class=\"fusion-text fusion-text-14\"><h6>Rossy no promueve la creaci\u00f3n de una imagen artificial, sino el reflejo sincero de la identidad y los valores del docente<\/h6>\n<\/div><\/div><\/div><\/div><div class=\"fusion-builder-row fusion-builder-row-inner fusion-row fusion-flex-align-items-flex-start fusion-flex-content-wrap\" style=\"width:104% !important;max-width:104% !important;margin-left: calc(-4% \/ 2 );margin-right: calc(-4% \/ 2 );\"><div class=\"fusion-layout-column fusion_builder_column_inner fusion-builder-nested-column-16 fusion_builder_column_inner_1_1 1_1 fusion-flex-column\" style=\"--awb-bg-size:cover;--awb-width-large:100%;--awb-margin-top-large:0px;--awb-spacing-right-large:1.92%;--awb-margin-bottom-large:0px;--awb-spacing-left-large:1.92%;--awb-width-medium:100%;--awb-order-medium:0;--awb-spacing-right-medium:1.92%;--awb-spacing-left-medium:1.92%;--awb-width-small:100%;--awb-order-small:0;--awb-spacing-right-small:1.92%;--awb-spacing-left-small:1.92%;\"><div class=\"fusion-column-wrapper fusion-column-has-shadow fusion-flex-justify-content-flex-start fusion-content-layout-column\"><div class=\"fusion-text fusion-text-15\"><p>En definitiva, &#8220;Profes que marcan&#8221; es una lectura recomendable para cualquier educador que busque mejorar su presencia profesional, proyectar una imagen m\u00e1s coherente y, sobre todo, influir positivamente en sus estudiantes. Es una obra que motiva a la reflexi\u00f3n y al cambio, aportando herramientas concretas para que los docentes puedan seguir creciendo en su carrera profesional.<\/p>\n<\/div><\/div><\/div><\/div><div class=\"fusion-separator fusion-full-width-sep\" style=\"align-self: center;margin-left: auto;margin-right: auto;margin-top:20px;width:100%;\"><\/div><div class=\"fusion-text fusion-text-16\"><h5>Valora el post \n\n<div class=\"kk-star-ratings kksr-template\"\n    data-payload='{&quot;id&quot;:&quot;42064&quot;,&quot;slug&quot;:&quot;default&quot;,&quot;ignore&quot;:&quot;&quot;,&quot;reference&quot;:&quot;template&quot;,&quot;align&quot;:&quot;&quot;,&quot;class&quot;:&quot;&quot;,&quot;count&quot;:&quot;5&quot;,&quot;legendonly&quot;:&quot;&quot;,&quot;readonly&quot;:&quot;&quot;,&quot;score&quot;:&quot;5&quot;,&quot;starsonly&quot;:&quot;&quot;,&quot;valign&quot;:&quot;&quot;,&quot;best&quot;:&quot;5&quot;,&quot;gap&quot;:&quot;5&quot;,&quot;greet&quot;:&quot;Valora este post&quot;,&quot;legend&quot;:&quot;5\\\/5 - (5 votes)&quot;,&quot;size&quot;:&quot;24&quot;,&quot;title&quot;:&quot;\u201cProfes que marcan\u201d: Libro clave para la gesti\u00f3n de la marca personal docente&quot;,&quot;width&quot;:&quot;142.5&quot;,&quot;_legend&quot;:&quot;{score}\\\/{best} - ({count} {votes})&quot;,&quot;font_factor&quot;:&quot;1.25&quot;}'>\n            \n<div class=\"kksr-stars\">\n    \n<div class=\"kksr-stars-inactive\">\n            <div class=\"kksr-star\" data-star=\"1\" style=\"padding-right: 5px\">\n            \n\n<div class=\"kksr-icon\" style=\"width: 24px; height: 24px;\"><\/div>\n        <\/div>\n            <div class=\"kksr-star\" data-star=\"2\" style=\"padding-right: 5px\">\n            \n\n<div class=\"kksr-icon\" style=\"width: 24px; height: 24px;\"><\/div>\n        <\/div>\n            <div class=\"kksr-star\" data-star=\"3\" style=\"padding-right: 5px\">\n            \n\n<div class=\"kksr-icon\" style=\"width: 24px; height: 24px;\"><\/div>\n        <\/div>\n            <div class=\"kksr-star\" data-star=\"4\" style=\"padding-right: 5px\">\n            \n\n<div class=\"kksr-icon\" style=\"width: 24px; height: 24px;\"><\/div>\n        <\/div>\n            <div class=\"kksr-star\" data-star=\"5\" style=\"padding-right: 5px\">\n            \n\n<div class=\"kksr-icon\" style=\"width: 24px; height: 24px;\"><\/div>\n        <\/div>\n    <\/div>\n    \n<div class=\"kksr-stars-active\" style=\"width: 142.5px;\">\n            <div class=\"kksr-star\" style=\"padding-right: 5px\">\n            \n\n<div class=\"kksr-icon\" style=\"width: 24px; height: 24px;\"><\/div>\n        <\/div>\n            <div class=\"kksr-star\" style=\"padding-right: 5px\">\n            \n\n<div class=\"kksr-icon\" style=\"width: 24px; height: 24px;\"><\/div>\n        <\/div>\n            <div class=\"kksr-star\" style=\"padding-right: 5px\">\n            \n\n<div class=\"kksr-icon\" style=\"width: 24px; height: 24px;\"><\/div>\n        <\/div>\n            <div class=\"kksr-star\" style=\"padding-right: 5px\">\n            \n\n<div class=\"kksr-icon\" style=\"width: 24px; height: 24px;\"><\/div>\n        <\/div>\n            <div class=\"kksr-star\" style=\"padding-right: 5px\">\n            \n\n<div class=\"kksr-icon\" style=\"width: 24px; height: 24px;\"><\/div>\n        <\/div>\n    <\/div>\n<\/div>\n                \n\n<div class=\"kksr-legend\" style=\"font-size: 19.2px;\">\n            5\/5 - (5 votes)    <\/div>\n    <\/div>\n<\/h5>\n<\/div><\/div><\/div><\/div><\/div><div class=\"fusion-fullwidth fullwidth-box fusion-builder-row-4 fusion-flex-container nonhundred-percent-fullwidth non-hundred-percent-height-scrolling\" style=\"--awb-border-radius-top-left:0px;--awb-border-radius-top-right:0px;--awb-border-radius-bottom-right:0px;--awb-border-radius-bottom-left:0px;--awb-padding-top:0%;--awb-padding-bottom:0%;--awb-padding-left:170px;--awb-margin-top:0px;--awb-margin-bottom:0px;--awb-background-color:#ffffff;--awb-flex-wrap:wrap;\" ><div class=\"fusion-builder-row fusion-row fusion-flex-align-items-flex-start fusion-flex-content-wrap\" style=\"max-width:1331.2px;margin-left: calc(-4% \/ 2 );margin-right: calc(-4% \/ 2 );\"><\/div><\/div><div class=\"fusion-fullwidth fullwidth-box fusion-builder-row-5 nonhundred-percent-fullwidth non-hundred-percent-height-scrolling\" style=\"--awb-border-radius-top-left:0px;--awb-border-radius-top-right:0px;--awb-border-radius-bottom-right:0px;--awb-border-radius-bottom-left:0px;--awb-padding-top:0px;--awb-padding-bottom:0%;--awb-margin-top:0px;--awb-flex-wrap:wrap;\" ><div class=\"fusion-builder-row fusion-row\"><div class=\"fusion-layout-column fusion_builder_column fusion-builder-column-5 fusion_builder_column_1_1 1_1 fusion-one-full fusion-column-first fusion-column-last fusion-animated\" style=\"--awb-padding-right:869px;--awb-bg-blend:overlay;--awb-bg-size:cover;--awb-margin-top:0px;--awb-margin-bottom:45px;\" data-animationType=\"fadeInDown\" data-animationDuration=\"0.6\" data-animationOffset=\"top-into-view\"><div class=\"fusion-column-wrapper fusion-column-has-shadow fusion-flex-column-wrapper-legacy\"><div class=\"fusion-sharing-box fusion-sharing-box-2 boxed-icons has-taglines layout-floated layout-medium-floated layout-small-floated\" style=\"background-color:rgba(246,244,245,0);padding:0;--awb-alignment:flex-start;--awb-layout:row;--awb-alignment-small:space-between;\" data-title=\"\u201cProfes que marcan\u201d: Libro clave para la gesti\u00f3n de la marca personal docente\" data-description=\"&quot;Profes que marcan&quot;: Libro clave para la gesti\u00f3n de la marca personal docente\r\n     Your Content Goes Here  \r\nRossy ofrece una gu\u00eda pr\u00e1ctica para que los educadores fortalezcan su reputaci\u00f3n profesional  \r\n\r\npor Impuls Educaci\u00f3\" data-link=\"https:\/\/impulseducacio.org\/es\/profes-que-marcan-libro-clave-para-la-gestion-de-la-marca-personal-docente\/\"><h4 class=\"tagline\" style=\"color:#48626f;\">Compartir<\/h4><div class=\"fusion-social-networks sharingbox-shortcode-icon-wrapper sharingbox-shortcode-icon-wrapper-2 boxed-icons\"><span><a href=\"https:\/\/www.facebook.com\/sharer.php?u=https%3A%2F%2Fimpulseducacio.org%2Fes%2Fprofes-que-marcan-libro-clave-para-la-gestion-de-la-marca-personal-docente%2F&amp;t=%E2%80%9CProfes%20que%20marcan%E2%80%9D%3A%20Libro%20clave%20para%20la%20gesti%C3%B3n%20de%20la%20marca%20personal%20docente\" target=\"_blank\" rel=\"noreferrer\" title=\"Facebook\" aria-label=\"Facebook\" data-placement=\"Right\" data-toggle=\"tooltip\" data-title=\"Facebook\"><i class=\"fusion-social-network-icon fusion-tooltip fusion-facebook awb-icon-facebook\" style=\"color:#ffffff;background-color:#3b5998;border-color:#3b5998;border-radius:24px;\" aria-hidden=\"true\"><\/i><\/a><\/span><span><a href=\"https:\/\/x.com\/intent\/post?text=%E2%80%9CProfes%20que%20marcan%E2%80%9D%3A%20Libro%20clave%20para%20la%20gesti%C3%B3n%20de%20la%20marca%20personal%20docente&amp;url=https%3A%2F%2Fimpulseducacio.org%2Fes%2Fprofes-que-marcan-libro-clave-para-la-gestion-de-la-marca-personal-docente%2F\" target=\"_blank\" rel=\"noopener noreferrer\" title=\"X\" aria-label=\"X\" data-placement=\"Right\" data-toggle=\"tooltip\" data-title=\"X\"><i class=\"fusion-social-network-icon fusion-tooltip fusion-twitter awb-icon-twitter\" style=\"color:#ffffff;background-color:#000000;border-color:#000000;border-radius:24px;\" aria-hidden=\"true\"><\/i><\/a><\/span><span><a href=\"https:\/\/www.linkedin.com\/shareArticle?mini=true&amp;url=https%3A%2F%2Fimpulseducacio.org%2Fes%2Fprofes-que-marcan-libro-clave-para-la-gestion-de-la-marca-personal-docente%2F&amp;title=%E2%80%9CProfes%20que%20marcan%E2%80%9D%3A%20Libro%20clave%20para%20la%20gesti%C3%B3n%20de%20la%20marca%20personal%20docente&amp;summary=%26quot%3BProfes%20que%20marcan%26quot%3B%3A%20Libro%20clave%20para%20la%20gesti%C3%B3n%20de%20la%20marca%20personal%20docente%0D%0A%20%20%20%20%20%20%20%20%20Your%20Content%20Goes%20Here%20%20%20%0D%0ARossy%20ofrece%20una%20gu%C3%ADa%20pr%C3%A1ctica%20para%20que%20los%20educadores%20fortalezcan%20su%20reputaci%C3%B3n%20profesional%20%20%20%20%0D%0A%0D%0Apor%20Impuls%20Educaci%C3%B3\" target=\"_blank\" rel=\"noopener noreferrer\" title=\"LinkedIn\" aria-label=\"LinkedIn\" data-placement=\"Right\" data-toggle=\"tooltip\" data-title=\"LinkedIn\"><i class=\"fusion-social-network-icon fusion-tooltip fusion-linkedin awb-icon-linkedin\" style=\"color:#ffffff;background-color:#0077b5;border-color:#0077b5;border-radius:24px;\" aria-hidden=\"true\"><\/i><\/a><\/span><span><a href=\"mailto:?subject=%E2%80%9CProfes%20que%20marcan%E2%80%9D%3A%20Libro%20clave%20para%20la%20gesti%C3%B3n%20de%20la%20marca%20personal%20docente&amp;body=https%3A%2F%2Fimpulseducacio.org%2Fes%2Fprofes-que-marcan-libro-clave-para-la-gestion-de-la-marca-personal-docente%2F\" target=\"_self\" title=\"Email\" aria-label=\"Email\" data-placement=\"Right\" data-toggle=\"tooltip\" data-title=\"Email\"><i class=\"fusion-social-network-icon fusion-tooltip fusion-mail awb-icon-mail\" style=\"color:#ffffff;background-color:#000000;border-color:#000000;border-radius:24px;\" aria-hidden=\"true\"><\/i><\/a><\/span><\/div><\/div><div class=\"fusion-clearfix\"><\/div><\/div><\/div><\/div><\/div><div class=\"fusion-fullwidth fullwidth-box fusion-builder-row-6 nonhundred-percent-fullwidth non-hundred-percent-height-scrolling\" style=\"--awb-border-radius-top-left:0px;--awb-border-radius-top-right:0px;--awb-border-radius-bottom-right:0px;--awb-border-radius-bottom-left:0px;--awb-padding-top:0px;--awb-padding-bottom:0px;--awb-margin-top:0px;--awb-margin-bottom:0px;--awb-flex-wrap:wrap;\" ><div class=\"fusion-builder-row fusion-row\"><div class=\"fusion-layout-column fusion_builder_column fusion-builder-column-6 fusion_builder_column_3_4 3_4 fusion-three-fourth fusion-column-first\" style=\"--awb-bg-size:cover;width:75%;width:calc(75% - ( ( 4% ) * 0.75 ) );margin-right: 4%;\"><div class=\"fusion-column-wrapper fusion-column-has-shadow fusion-flex-column-wrapper-legacy\"><div class=\"fusion-text fusion-text-17\"><p style=\"font-size: 35px; line-height: 37.4px; font-family: 'Open Sans'; font-weight: 300;\" data-fusion-font=\"true\" data-fusion-google-font=\"Open Sans\" data-fusion-google-variant=\"300\" data-fusion-google-subset=\"latin\">Te puede interesar<\/p>\n<\/div><div class=\"fusion-clearfix\"><\/div><\/div><\/div><div class=\"fusion-layout-column fusion_builder_column fusion-builder-column-7 fusion_builder_column_1_4 1_4 fusion-one-fourth fusion-column-last\" style=\"--awb-bg-size:cover;width:25%;width:calc(25% - ( ( 4% ) * 0.25 ) );\" data-scroll-devices=\"small-visibility,medium-visibility,large-visibility\"><div class=\"fusion-column-wrapper fusion-column-has-shadow fusion-flex-column-wrapper-legacy\"><div class=\"fusion-alignright\"><a class=\"fusion-button button-flat button-large button-custom fusion-button-default button-1 fusion-button-default-span fusion-button-default-type\" style=\"--button_accent_color:#ffffff;--button_accent_hover_color:#ffffff;--button_border_hover_color:#ffffff;--button_gradient_top_color:#ffad00;--button_gradient_bottom_color:#ffad00;--button_gradient_top_color_hover:#48626f;--button_gradient_bottom_color_hover:#48626f;\" target=\"lightbox\" rel=\"iLightbox\" href=\"https:\/\/institucio.ipzmarketing.com\/f\/FGIXFJ9o1O8\"><i class=\"fa-envelope fas awb-button__icon awb-button__icon--default button-icon-left\" aria-hidden=\"true\"><\/i><span class=\"fusion-button-text awb-button__text awb-button__text--default\">Subscr\u00edbete<\/span><\/a><\/div><div class=\"fusion-clearfix\"><\/div><\/div><\/div><div class=\"fusion-layout-column fusion_builder_column fusion-builder-column-8 fusion_builder_column_1_1 1_1 fusion-one-full fusion-column-first fusion-column-last\" style=\"--awb-padding-top:21px;--awb-bg-blend:overlay;--awb-bg-size:cover;--awb-margin-top:0px;--awb-margin-bottom:0px;\"><div class=\"fusion-column-wrapper fusion-column-has-shadow fusion-flex-column-wrapper-legacy\"><div class=\"fusion-blog-shortcode fusion-blog-shortcode-1 fusion-blog-archive fusion-blog-layout-grid-wrapper fusion-blog-pagination\"><style type=\"text\/css\">.fusion-blog-shortcode-1 .fusion-blog-layout-grid .fusion-post-grid{padding:21px;}.fusion-blog-shortcode-1 .fusion-posts-container{margin-left: -21px !important; margin-right:-21px !important;}<\/style><div class=\"fusion-posts-container fusion-posts-container-pagination fusion-no-meta-info fusion-blog-rollover fusion-blog-layout-grid fusion-blog-layout-grid-3 isotope fusion-blog-equal-heights\" data-pages=\"11\" data-grid-col-space=\"42\" style=\"margin: -21px -21px 0;min-height:500px;\"><article id=\"blog-1-post-47077\" class=\"fusion-post-grid post-47077 post type-post status-publish format-standard has-post-thumbnail hentry category-personalizacion tag-entrevista-experto\">\n<div class=\"fusion-post-wrapper\" style=\"background-color:rgba(246,247,247,1);border:none;\">\n\n\t\t\t<div class=\"fusion-flexslider flexslider fusion-flexslider-loading fusion-post-slideshow\" style=\"border-color:rgba(255,255,255,0);\">\n\t\t<ul class=\"slides\">\n\t\t\t\n\t\t\t\t\t\t\t\t\t\t\t\t\t\t<li><div  class=\"fusion-image-wrapper\" aria-haspopup=\"true\">\n\t\t\t\t<img decoding=\"async\" width=\"2560\" height=\"1280\" src=\"https:\/\/impulseducacio.org\/wp-content\/uploads\/2025\/05\/1.-Portada-entrevista-Become_WEB-scaled.jpg\" class=\"attachment-full size-full wp-post-image\" alt=\"\" srcset=\"https:\/\/impulseducacio.org\/wp-content\/uploads\/2025\/05\/1.-Portada-entrevista-Become_WEB-200x100.jpg 200w, https:\/\/impulseducacio.org\/wp-content\/uploads\/2025\/05\/1.-Portada-entrevista-Become_WEB-400x200.jpg 400w, https:\/\/impulseducacio.org\/wp-content\/uploads\/2025\/05\/1.-Portada-entrevista-Become_WEB-600x300.jpg 600w, https:\/\/impulseducacio.org\/wp-content\/uploads\/2025\/05\/1.-Portada-entrevista-Become_WEB-800x400.jpg 800w, https:\/\/impulseducacio.org\/wp-content\/uploads\/2025\/05\/1.-Portada-entrevista-Become_WEB-1200x600.jpg 1200w, https:\/\/impulseducacio.org\/wp-content\/uploads\/2025\/05\/1.-Portada-entrevista-Become_WEB-scaled.jpg 2560w\" sizes=\"(min-width: 2200px) 100vw, (min-width: 784px) 399px, (min-width: 712px) 598px, (min-width: 640px) 712px, \" \/><div class=\"fusion-rollover\">\n\t<div class=\"fusion-rollover-content\">\n\n\t\t\t\t\t\t\t\t\t\t\t\t\t\t<a class=\"fusion-rollover-link\" href=\"https:\/\/impulseducacio.org\/es\/educacion-del-caracter-liderar-comunidades-que-ponen-a-la-persona-en-el-centro\/\">Educaci\u00f3n del car\u00e1cter: liderar comunidades que ponen a la persona en el centro<\/a>\n\t\t\t\n\t\t\t\t\t\t\t\t\t\t\t\t\t\t\n\t\t\t\t\t\t\t\t\n\t\t\t\t\t\t\t\t\t\t\t\t\t<div class=\"fusion-rollover-sep\"><\/div>\n\t\t\t\t\n\t\t\t\t\t\t\t\t\t\t\t\t\t\t\t\t\t\t<a class=\"fusion-rollover-gallery\" href=\"https:\/\/impulseducacio.org\/wp-content\/uploads\/2025\/05\/1.-Portada-entrevista-Become_WEB-scaled.jpg\" data-options=\"\" data-id=\"47077\" data-rel=\"iLightbox[gallery]\" data-title=\"1.-Portada-entrevista-Become_WEB\" data-caption=\"\">\n\t\t\t\t\t\tGallery\t\t\t\t\t<\/a>\n\t\t\t\t\t\t\t\t\t\t\t\t\t\t\n\t\t\n\t\t\t\t\t\t\t\t\n\t\t\t\t\t\t\t\t\n\t\t\n\t\t\t\t\t\t<a class=\"fusion-link-wrapper\" href=\"https:\/\/impulseducacio.org\/es\/educacion-del-caracter-liderar-comunidades-que-ponen-a-la-persona-en-el-centro\/\" aria-label=\"Educaci\u00f3n del car\u00e1cter: liderar comunidades que ponen a la persona en el centro\"><\/a>\n\t<\/div>\n<\/div>\n<\/div>\n<\/li>\n\t\t\t\n\t\t\t\n\t\t\t\t\t\t\t\t\t\t\t\t\t\t\t\t\t\t\t\t\t\t\t\t\t\t\t\t\t\t\t\t\t\t\t\t\t\t\t\t\t\t\t\t\t\t\t\t\t\t\t\t\t\t\t\t\t\t\t\t\t\t\t\t\t\t\t\t<\/ul>\n\t<\/div>\n\t<div class=\"fusion-post-content-wrapper\" style=\"padding:30px 8% 25px 8%;\"><div class=\"fusion-post-content post-content\"><h2 class=\"blog-shortcode-post-title entry-title\"><a href=\"https:\/\/impulseducacio.org\/es\/educacion-del-caracter-liderar-comunidades-que-ponen-a-la-persona-en-el-centro\/\">Educaci\u00f3n del car\u00e1cter: liderar comunidades que ponen a la persona en el centro<\/a><\/h2><\/div><\/div><div class=\"fusion-clearfix\"><\/div><\/div>\n<\/article>\n<article id=\"blog-1-post-45404\" class=\"fusion-post-grid post-45404 post type-post status-publish format-gallery has-post-thumbnail hentry category-personalizacion tag-entrevista-experto post_format-post-format-gallery\">\n<div class=\"fusion-post-wrapper\" style=\"background-color:rgba(246,247,247,1);border:none;\">\n\n\t\t\t<div class=\"fusion-flexslider flexslider fusion-flexslider-loading fusion-post-slideshow\" style=\"border-color:rgba(255,255,255,0);\">\n\t\t<ul class=\"slides\">\n\t\t\t\n\t\t\t\t\t\t\t\t\t\t\t\t\t\t<li><div  class=\"fusion-image-wrapper\" aria-haspopup=\"true\">\n\t\t\t\t<img decoding=\"async\" width=\"2560\" height=\"1280\" src=\"https:\/\/impulseducacio.org\/wp-content\/uploads\/2025\/01\/00_Portada-entrevista-F-Torralba_WEB-1-scaled.jpg\" class=\"attachment-full size-full wp-post-image\" alt=\"\" srcset=\"https:\/\/impulseducacio.org\/wp-content\/uploads\/2025\/01\/00_Portada-entrevista-F-Torralba_WEB-1-200x100.jpg 200w, https:\/\/impulseducacio.org\/wp-content\/uploads\/2025\/01\/00_Portada-entrevista-F-Torralba_WEB-1-400x200.jpg 400w, https:\/\/impulseducacio.org\/wp-content\/uploads\/2025\/01\/00_Portada-entrevista-F-Torralba_WEB-1-600x300.jpg 600w, https:\/\/impulseducacio.org\/wp-content\/uploads\/2025\/01\/00_Portada-entrevista-F-Torralba_WEB-1-800x400.jpg 800w, https:\/\/impulseducacio.org\/wp-content\/uploads\/2025\/01\/00_Portada-entrevista-F-Torralba_WEB-1-1200x600.jpg 1200w, https:\/\/impulseducacio.org\/wp-content\/uploads\/2025\/01\/00_Portada-entrevista-F-Torralba_WEB-1-scaled.jpg 2560w\" sizes=\"(min-width: 2200px) 100vw, (min-width: 784px) 399px, (min-width: 712px) 598px, (min-width: 640px) 712px, \" \/><div class=\"fusion-rollover\">\n\t<div class=\"fusion-rollover-content\">\n\n\t\t\t\t\t\t\t\t\t\t\t\t\t\t<a class=\"fusion-rollover-link\" href=\"https:\/\/impulseducacio.org\/es\/educar-es-desarrollar-todo-el-potencial-humano\/\">Educar es desarrollar todo el potencial humano<\/a>\n\t\t\t\n\t\t\t\t\t\t\t\t\t\t\t\t\t\t\n\t\t\t\t\t\t\t\t\n\t\t\t\t\t\t\t\t\t\t\t\t\t<div class=\"fusion-rollover-sep\"><\/div>\n\t\t\t\t\n\t\t\t\t\t\t\t\t\t\t\t\t\t\t\t\t\t\t<a class=\"fusion-rollover-gallery\" href=\"https:\/\/impulseducacio.org\/wp-content\/uploads\/2025\/01\/00_Portada-entrevista-F-Torralba_WEB-1-scaled.jpg\" data-options=\"\" data-id=\"45404\" data-rel=\"iLightbox[gallery]\" data-title=\"00_Portada-entrevista-F-Torralba_WEB\" data-caption=\"\">\n\t\t\t\t\t\tGallery\t\t\t\t\t<\/a>\n\t\t\t\t\t\t\t\t\t\t\t\t\t\t\n\t\t\n\t\t\t\t\t\t\t\t\n\t\t\t\t\t\t\t\t\n\t\t\n\t\t\t\t\t\t<a class=\"fusion-link-wrapper\" href=\"https:\/\/impulseducacio.org\/es\/educar-es-desarrollar-todo-el-potencial-humano\/\" aria-label=\"Educar es desarrollar todo el potencial humano\"><\/a>\n\t<\/div>\n<\/div>\n<\/div>\n<\/li>\n\t\t\t\n\t\t\t\n\t\t\t\t\t\t\t\t\t\t\t\t\t\t\t\t\t\t\t\t\t\t\t\t\t\t\t\t\t\t\t\t\t\t\t\t\t\t\t\t\t\t\t\t\t\t\t\t\t\t\t\t\t\t\t\t\t\t\t\t\t\t\t\t\t\t\t\t<\/ul>\n\t<\/div>\n\t<div class=\"fusion-post-content-wrapper\" style=\"padding:30px 8% 25px 8%;\"><div class=\"fusion-post-content post-content\"><h2 class=\"blog-shortcode-post-title entry-title\"><a href=\"https:\/\/impulseducacio.org\/es\/educar-es-desarrollar-todo-el-potencial-humano\/\">Educar es desarrollar todo el potencial humano<\/a><\/h2><\/div><\/div><div class=\"fusion-clearfix\"><\/div><\/div>\n<\/article>\n<article id=\"blog-1-post-46744\" class=\"fusion-post-grid post-46744 post type-post status-publish format-standard has-post-thumbnail hentry category-personalizacion tag-entrevista-experto\">\n<div class=\"fusion-post-wrapper\" style=\"background-color:rgba(246,247,247,1);border:none;\">\n\n\t\t\t<div class=\"fusion-flexslider flexslider fusion-flexslider-loading fusion-post-slideshow\" style=\"border-color:rgba(255,255,255,0);\">\n\t\t<ul class=\"slides\">\n\t\t\t\n\t\t\t\t\t\t\t\t\t\t\t\t\t\t<li><div  class=\"fusion-image-wrapper\" aria-haspopup=\"true\">\n\t\t\t\t<img decoding=\"async\" width=\"2560\" height=\"1280\" src=\"https:\/\/impulseducacio.org\/wp-content\/uploads\/2025\/04\/1.-Portada-entrevista-Marvin-Berkowitz_WEB-scaled.jpg\" class=\"attachment-full size-full wp-post-image\" alt=\"\" srcset=\"https:\/\/impulseducacio.org\/wp-content\/uploads\/2025\/04\/1.-Portada-entrevista-Marvin-Berkowitz_WEB-200x100.jpg 200w, https:\/\/impulseducacio.org\/wp-content\/uploads\/2025\/04\/1.-Portada-entrevista-Marvin-Berkowitz_WEB-400x200.jpg 400w, https:\/\/impulseducacio.org\/wp-content\/uploads\/2025\/04\/1.-Portada-entrevista-Marvin-Berkowitz_WEB-600x300.jpg 600w, https:\/\/impulseducacio.org\/wp-content\/uploads\/2025\/04\/1.-Portada-entrevista-Marvin-Berkowitz_WEB-800x400.jpg 800w, https:\/\/impulseducacio.org\/wp-content\/uploads\/2025\/04\/1.-Portada-entrevista-Marvin-Berkowitz_WEB-1200x600.jpg 1200w, https:\/\/impulseducacio.org\/wp-content\/uploads\/2025\/04\/1.-Portada-entrevista-Marvin-Berkowitz_WEB-scaled.jpg 2560w\" sizes=\"(min-width: 2200px) 100vw, (min-width: 784px) 399px, (min-width: 712px) 598px, (min-width: 640px) 712px, \" \/><div class=\"fusion-rollover\">\n\t<div class=\"fusion-rollover-content\">\n\n\t\t\t\t\t\t\t\t\t\t\t\t\t\t<a class=\"fusion-rollover-link\" href=\"https:\/\/impulseducacio.org\/es\/primed-un-modelo-para-transformar-la-educacion-del-caracter\/\">PRIMED: un modelo para transformar la educaci\u00f3n del car\u00e1cter<\/a>\n\t\t\t\n\t\t\t\t\t\t\t\t\t\t\t\t\t\t\n\t\t\t\t\t\t\t\t\n\t\t\t\t\t\t\t\t\t\t\t\t\t<div class=\"fusion-rollover-sep\"><\/div>\n\t\t\t\t\n\t\t\t\t\t\t\t\t\t\t\t\t\t\t\t\t\t\t<a class=\"fusion-rollover-gallery\" href=\"https:\/\/impulseducacio.org\/wp-content\/uploads\/2025\/04\/1.-Portada-entrevista-Marvin-Berkowitz_WEB-scaled.jpg\" data-options=\"\" data-id=\"46744\" data-rel=\"iLightbox[gallery]\" data-title=\"1.-Portada-entrevista-Marvin-Berkowitz_WEB\" data-caption=\"\">\n\t\t\t\t\t\tGallery\t\t\t\t\t<\/a>\n\t\t\t\t\t\t\t\t\t\t\t\t\t\t\n\t\t\n\t\t\t\t\t\t\t\t\n\t\t\t\t\t\t\t\t\n\t\t\n\t\t\t\t\t\t<a class=\"fusion-link-wrapper\" href=\"https:\/\/impulseducacio.org\/es\/primed-un-modelo-para-transformar-la-educacion-del-caracter\/\" aria-label=\"PRIMED: un modelo para transformar la educaci\u00f3n del car\u00e1cter\"><\/a>\n\t<\/div>\n<\/div>\n<\/div>\n<\/li>\n\t\t\t\n\t\t\t\n\t\t\t\t\t\t\t\t\t\t\t\t\t\t\t\t\t\t\t\t\t\t\t\t\t\t\t\t\t\t\t\t\t\t\t\t\t\t\t\t\t\t\t\t\t\t\t\t\t\t\t\t\t\t\t\t\t\t\t\t\t\t\t\t\t\t\t\t<\/ul>\n\t<\/div>\n\t<div class=\"fusion-post-content-wrapper\" style=\"padding:30px 8% 25px 8%;\"><div class=\"fusion-post-content post-content\"><h2 class=\"blog-shortcode-post-title entry-title\"><a href=\"https:\/\/impulseducacio.org\/es\/primed-un-modelo-para-transformar-la-educacion-del-caracter\/\">PRIMED: un modelo para transformar la educaci\u00f3n del car\u00e1cter<\/a><\/h2><\/div><\/div><div class=\"fusion-clearfix\"><\/div><\/div>\n<\/article>\n<article id=\"blog-1-post-46688\" class=\"fusion-post-grid post-46688 post type-post status-publish format-standard has-post-thumbnail hentry category-personalizacion category-sin-categorizar tag-entrevista-experto\">\n<div class=\"fusion-post-wrapper\" style=\"background-color:rgba(246,247,247,1);border:none;\">\n\n\t\t\t<div class=\"fusion-flexslider flexslider fusion-flexslider-loading fusion-post-slideshow\" style=\"border-color:rgba(255,255,255,0);\">\n\t\t<ul class=\"slides\">\n\t\t\t\n\t\t\t\t\t\t\t\t\t\t\t\t\t\t<li><div  class=\"fusion-image-wrapper\" aria-haspopup=\"true\">\n\t\t\t\t<img decoding=\"async\" width=\"2560\" height=\"1281\" src=\"https:\/\/impulseducacio.org\/wp-content\/uploads\/2025\/04\/0.-Portada-entrevista-Pepe-Menendez_WEB-scaled.jpg\" class=\"attachment-full size-full wp-post-image\" alt=\"\" srcset=\"https:\/\/impulseducacio.org\/wp-content\/uploads\/2025\/04\/0.-Portada-entrevista-Pepe-Menendez_WEB-200x100.jpg 200w, https:\/\/impulseducacio.org\/wp-content\/uploads\/2025\/04\/0.-Portada-entrevista-Pepe-Menendez_WEB-400x200.jpg 400w, https:\/\/impulseducacio.org\/wp-content\/uploads\/2025\/04\/0.-Portada-entrevista-Pepe-Menendez_WEB-600x300.jpg 600w, https:\/\/impulseducacio.org\/wp-content\/uploads\/2025\/04\/0.-Portada-entrevista-Pepe-Menendez_WEB-800x400.jpg 800w, https:\/\/impulseducacio.org\/wp-content\/uploads\/2025\/04\/0.-Portada-entrevista-Pepe-Menendez_WEB-1200x600.jpg 1200w, https:\/\/impulseducacio.org\/wp-content\/uploads\/2025\/04\/0.-Portada-entrevista-Pepe-Menendez_WEB-scaled.jpg 2560w\" sizes=\"(min-width: 2200px) 100vw, (min-width: 784px) 399px, (min-width: 712px) 598px, (min-width: 640px) 712px, \" \/><div class=\"fusion-rollover\">\n\t<div class=\"fusion-rollover-content\">\n\n\t\t\t\t\t\t\t\t\t\t\t\t\t\t<a class=\"fusion-rollover-link\" href=\"https:\/\/impulseducacio.org\/es\/la-escuela-ante-los-desafios-del-siglo-xxi\/\">La escuela ante los desaf\u00edos del siglo XXI<\/a>\n\t\t\t\n\t\t\t\t\t\t\t\t\t\t\t\t\t\t\n\t\t\t\t\t\t\t\t\n\t\t\t\t\t\t\t\t\t\t\t\t\t<div class=\"fusion-rollover-sep\"><\/div>\n\t\t\t\t\n\t\t\t\t\t\t\t\t\t\t\t\t\t\t\t\t\t\t<a class=\"fusion-rollover-gallery\" href=\"https:\/\/impulseducacio.org\/wp-content\/uploads\/2025\/04\/0.-Portada-entrevista-Pepe-Menendez_WEB-scaled.jpg\" data-options=\"\" data-id=\"46688\" data-rel=\"iLightbox[gallery]\" data-title=\"0.-Portada-entrevista-Pepe-Men\u00e9ndez_WEB\" data-caption=\"\">\n\t\t\t\t\t\tGallery\t\t\t\t\t<\/a>\n\t\t\t\t\t\t\t\t\t\t\t\t\t\t\n\t\t\n\t\t\t\t\t\t\t\t\n\t\t\t\t\t\t\t\t\n\t\t\n\t\t\t\t\t\t<a class=\"fusion-link-wrapper\" href=\"https:\/\/impulseducacio.org\/es\/la-escuela-ante-los-desafios-del-siglo-xxi\/\" aria-label=\"La escuela ante los desaf\u00edos del siglo XXI\"><\/a>\n\t<\/div>\n<\/div>\n<\/div>\n<\/li>\n\t\t\t\n\t\t\t\n\t\t\t\t\t\t\t\t\t\t\t\t\t\t\t\t\t\t\t\t\t\t\t\t\t\t\t\t\t\t\t\t\t\t\t\t\t\t\t\t\t\t\t\t\t\t\t\t\t\t\t\t\t\t\t\t\t\t\t\t\t\t\t\t\t\t\t\t<\/ul>\n\t<\/div>\n\t<div class=\"fusion-post-content-wrapper\" style=\"padding:30px 8% 25px 8%;\"><div class=\"fusion-post-content post-content\"><h2 class=\"blog-shortcode-post-title entry-title\"><a href=\"https:\/\/impulseducacio.org\/es\/la-escuela-ante-los-desafios-del-siglo-xxi\/\">La escuela ante los desaf\u00edos del siglo XXI<\/a><\/h2><\/div><\/div><div class=\"fusion-clearfix\"><\/div><\/div>\n<\/article>\n<article id=\"blog-1-post-46639\" class=\"fusion-post-grid post-46639 post type-post status-publish format-gallery has-post-thumbnail hentry category-personalizacion tag-resena post_format-post-format-gallery\">\n<div class=\"fusion-post-wrapper\" style=\"background-color:rgba(246,247,247,1);border:none;\">\n\n\t\t\t<div class=\"fusion-flexslider flexslider fusion-flexslider-loading fusion-post-slideshow\" style=\"border-color:rgba(255,255,255,0);\">\n\t\t<ul class=\"slides\">\n\t\t\t\n\t\t\t\t\t\t\t\t\t\t\t\t\t\t<li><div  class=\"fusion-image-wrapper\" aria-haspopup=\"true\">\n\t\t\t\t<img decoding=\"async\" width=\"2030\" height=\"1016\" src=\"https:\/\/impulseducacio.org\/wp-content\/uploads\/2025\/03\/1.-Portada_Educar-para-la-vida_WEB.jpg\" class=\"attachment-full size-full wp-post-image\" alt=\"\" srcset=\"https:\/\/impulseducacio.org\/wp-content\/uploads\/2025\/03\/1.-Portada_Educar-para-la-vida_WEB-200x100.jpg 200w, https:\/\/impulseducacio.org\/wp-content\/uploads\/2025\/03\/1.-Portada_Educar-para-la-vida_WEB-400x200.jpg 400w, https:\/\/impulseducacio.org\/wp-content\/uploads\/2025\/03\/1.-Portada_Educar-para-la-vida_WEB-600x300.jpg 600w, https:\/\/impulseducacio.org\/wp-content\/uploads\/2025\/03\/1.-Portada_Educar-para-la-vida_WEB-800x400.jpg 800w, https:\/\/impulseducacio.org\/wp-content\/uploads\/2025\/03\/1.-Portada_Educar-para-la-vida_WEB-1200x601.jpg 1200w, https:\/\/impulseducacio.org\/wp-content\/uploads\/2025\/03\/1.-Portada_Educar-para-la-vida_WEB.jpg 2030w\" sizes=\"(min-width: 2200px) 100vw, (min-width: 784px) 399px, (min-width: 712px) 598px, (min-width: 640px) 712px, \" \/><div class=\"fusion-rollover\">\n\t<div class=\"fusion-rollover-content\">\n\n\t\t\t\t\t\t\t\t\t\t\t\t\t\t<a class=\"fusion-rollover-link\" href=\"https:\/\/impulseducacio.org\/es\/educar-para-la-vida\/\">Educar para la vida: Innovaci\u00f3n educativa y liderazgo humanizador<\/a>\n\t\t\t\n\t\t\t\t\t\t\t\t\t\t\t\t\t\t\n\t\t\t\t\t\t\t\t\n\t\t\t\t\t\t\t\t\t\t\t\t\t<div class=\"fusion-rollover-sep\"><\/div>\n\t\t\t\t\n\t\t\t\t\t\t\t\t\t\t\t\t\t\t\t\t\t\t<a class=\"fusion-rollover-gallery\" href=\"https:\/\/impulseducacio.org\/wp-content\/uploads\/2025\/03\/1.-Portada_Educar-para-la-vida_WEB.jpg\" data-options=\"\" data-id=\"46639\" data-rel=\"iLightbox[gallery]\" data-title=\"1.-Portada_Educar-para-la-vida_WEB\" data-caption=\"\">\n\t\t\t\t\t\tGallery\t\t\t\t\t<\/a>\n\t\t\t\t\t\t\t\t\t\t\t\t\t\t\n\t\t\n\t\t\t\t\t\t\t\t\n\t\t\t\t\t\t\t\t\n\t\t\n\t\t\t\t\t\t<a class=\"fusion-link-wrapper\" href=\"https:\/\/impulseducacio.org\/es\/educar-para-la-vida\/\" aria-label=\"Educar para la vida: Innovaci\u00f3n educativa y liderazgo humanizador\"><\/a>\n\t<\/div>\n<\/div>\n<\/div>\n<\/li>\n\t\t\t\n\t\t\t\n\t\t\t\t\t\t\t\t\t\t\t\t\t\t\t\t\t\t\t\t\t\t\t\t\t\t\t\t\t\t\t\t\t\t\t\t\t\t\t\t\t\t\t\t\t\t\t\t\t\t\t\t\t\t\t\t\t\t\t\t\t\t\t\t\t\t\t\t<\/ul>\n\t<\/div>\n\t<div class=\"fusion-post-content-wrapper\" style=\"padding:30px 8% 25px 8%;\"><div class=\"fusion-post-content post-content\"><h2 class=\"blog-shortcode-post-title entry-title\"><a href=\"https:\/\/impulseducacio.org\/es\/educar-para-la-vida\/\">Educar para la vida: Innovaci\u00f3n educativa y liderazgo humanizador<\/a><\/h2><\/div><\/div><div class=\"fusion-clearfix\"><\/div><\/div>\n<\/article>\n<article id=\"blog-1-post-5930\" class=\"fusion-post-grid post-5930 post type-post status-publish format-standard has-post-thumbnail hentry category-personalizacion tag-articulo-es\">\n<div class=\"fusion-post-wrapper\" style=\"background-color:rgba(246,247,247,1);border:none;\">\n\n\t\t\t<div class=\"fusion-flexslider flexslider fusion-flexslider-loading fusion-post-slideshow\" style=\"border-color:rgba(255,255,255,0);\">\n\t\t<ul class=\"slides\">\n\t\t\t\n\t\t\t\t\t\t\t\t\t\t\t\t\t\t<li><div  class=\"fusion-image-wrapper\" aria-haspopup=\"true\">\n\t\t\t\t<img decoding=\"async\" width=\"2560\" height=\"1281\" src=\"https:\/\/impulseducacio.org\/wp-content\/uploads\/2020\/06\/Portada-post-Dream-schools-scaled.jpg\" class=\"attachment-full size-full wp-post-image\" alt=\"\" srcset=\"https:\/\/impulseducacio.org\/wp-content\/uploads\/2020\/06\/Portada-post-Dream-schools-200x100.jpg 200w, https:\/\/impulseducacio.org\/wp-content\/uploads\/2020\/06\/Portada-post-Dream-schools-400x200.jpg 400w, https:\/\/impulseducacio.org\/wp-content\/uploads\/2020\/06\/Portada-post-Dream-schools-600x300.jpg 600w, https:\/\/impulseducacio.org\/wp-content\/uploads\/2020\/06\/Portada-post-Dream-schools-800x400.jpg 800w, https:\/\/impulseducacio.org\/wp-content\/uploads\/2020\/06\/Portada-post-Dream-schools-1200x600.jpg 1200w, https:\/\/impulseducacio.org\/wp-content\/uploads\/2020\/06\/Portada-post-Dream-schools-scaled.jpg 2560w\" sizes=\"(min-width: 2200px) 100vw, (min-width: 784px) 399px, (min-width: 712px) 598px, (min-width: 640px) 712px, \" \/><div class=\"fusion-rollover\">\n\t<div class=\"fusion-rollover-content\">\n\n\t\t\t\t\t\t\t\t\t\t\t\t\t\t<a class=\"fusion-rollover-link\" href=\"https:\/\/impulseducacio.org\/es\/dream-schools-un-modelo-pedagogico-personalizado-y-sostenible\/\">Dream schools, un modelo pedag\u00f3gico personalizado y sostenible<\/a>\n\t\t\t\n\t\t\t\t\t\t\t\t\t\t\t\t\t\t\n\t\t\t\t\t\t\t\t\n\t\t\t\t\t\t\t\t\t\t\t\t\t<div class=\"fusion-rollover-sep\"><\/div>\n\t\t\t\t\n\t\t\t\t\t\t\t\t\t\t\t\t\t\t\t\t\t\t<a class=\"fusion-rollover-gallery\" href=\"https:\/\/impulseducacio.org\/wp-content\/uploads\/2020\/06\/Portada-post-Dream-schools-scaled.jpg\" data-options=\"\" data-id=\"5930\" data-rel=\"iLightbox[gallery]\" data-title=\"Portada-post-Dream-schools\" data-caption=\"\">\n\t\t\t\t\t\tGallery\t\t\t\t\t<\/a>\n\t\t\t\t\t\t\t\t\t\t\t\t\t\t\n\t\t\n\t\t\t\t\t\t\t\t\n\t\t\t\t\t\t\t\t\n\t\t\n\t\t\t\t\t\t<a class=\"fusion-link-wrapper\" href=\"https:\/\/impulseducacio.org\/es\/dream-schools-un-modelo-pedagogico-personalizado-y-sostenible\/\" aria-label=\"Dream schools, un modelo pedag\u00f3gico personalizado y sostenible\"><\/a>\n\t<\/div>\n<\/div>\n<\/div>\n<\/li>\n\t\t\t\n\t\t\t\n\t\t\t\t\t\t\t\t\t\t\t\t\t\t\t\t\t\t\t\t\t\t\t\t\t\t\t\t\t\t\t\t\t\t\t\t\t\t\t\t\t\t\t\t\t\t\t\t\t\t\t\t\t\t\t\t\t\t\t\t\t\t\t\t\t\t\t\t<\/ul>\n\t<\/div>\n\t<div class=\"fusion-post-content-wrapper\" style=\"padding:30px 8% 25px 8%;\"><div class=\"fusion-post-content post-content\"><h2 class=\"blog-shortcode-post-title entry-title\"><a href=\"https:\/\/impulseducacio.org\/es\/dream-schools-un-modelo-pedagogico-personalizado-y-sostenible\/\">Dream schools, un modelo pedag\u00f3gico personalizado y sostenible<\/a><\/h2><\/div><\/div><div class=\"fusion-clearfix\"><\/div><\/div>\n<\/article>\n<div class=\"fusion-clearfix\"><\/div><\/div><div class=\"pagination clearfix\"><span class=\"current\">1<\/span><a href=\"https:\/\/impulseducacio.org\/es\/wp-json\/wp\/v2\/posts\/42064\/page\/2\/\" class=\"inactive\">2<\/a><a class=\"pagination-next\" rel=\"next\" href=\"https:\/\/impulseducacio.org\/es\/wp-json\/wp\/v2\/posts\/42064\/page\/2\/\"><span class=\"page-text\">Next<\/span><span class=\"page-next\"><\/span><\/a><\/div><div class=\"fusion-clearfix\"><\/div><\/div><div class=\"fusion-clearfix\"><\/div><\/div><\/div><\/div><\/div><div class=\"fusion-fullwidth fullwidth-box fusion-builder-row-7 fusion-flex-container has-pattern-background has-mask-background nonhundred-percent-fullwidth non-hundred-percent-height-scrolling\" style=\"--awb-border-radius-top-left:0px;--awb-border-radius-top-right:0px;--awb-border-radius-bottom-right:0px;--awb-border-radius-bottom-left:0px;--awb-padding-top:0%;--awb-padding-right:0px;--awb-padding-bottom:0%;--awb-padding-left:0px;--awb-flex-wrap:wrap;\" ><div class=\"fusion-builder-row fusion-row fusion-flex-align-items-flex-start fusion-flex-content-wrap\" style=\"max-width:1331.2px;margin-left: calc(-4% \/ 2 );margin-right: calc(-4% \/ 2 );\"><div class=\"fusion-layout-column fusion_builder_column fusion-builder-column-9 fusion_builder_column_1_1 1_1 fusion-flex-column\" style=\"--awb-bg-size:cover;--awb-width-large:100%;--awb-margin-top-large:0px;--awb-spacing-right-large:0%;--awb-margin-bottom-large:0px;--awb-spacing-left-large:0%;--awb-width-medium:100%;--awb-order-medium:0;--awb-spacing-right-medium:1.92%;--awb-spacing-left-medium:1.92%;--awb-width-small:100%;--awb-order-small:0;--awb-spacing-right-small:1.92%;--awb-spacing-left-small:1.92%;\"><div class=\"fusion-column-wrapper fusion-column-has-shadow fusion-flex-justify-content-flex-start fusion-content-layout-column\"><div class=\"fusion-section-separator section-separator waves fusion-section-separator-2\" style=\"--awb-spacer-padding-top:15.8203125%;--awb-svg-margin-left:0%;--awb-svg-margin-right:0%;--awb-svg-margin-left-medium:1.92%;--awb-svg-margin-right-medium:1.92%;--awb-svg-margin-left-small:1.92%;--awb-svg-margin-right-small:1.92%;--awb-sep-font-size:0;--awb-sep-line-height:0;\"><div class=\"fusion-section-separator-svg\"><svg class=\"fusion-waves-candy\" xmlns=\"http:\/\/www.w3.org\/2000\/svg\" version=\"1.1\" width=\"100%\" viewBox=\"0 54 1024 162\" preserveAspectRatio=\"none\" fill=\"rgba(228,232,233,1)\"><path class=\"st3\" d=\"M0 216.312h1024v-3.044c-50.8-17.1-108.7-30.7-172.7-37.9-178.6-19.8-220 36.8-404.9 21.3-206.6-17.2-228-126.5-434.5-141.6-3.9-.3-7.9-.5-11.9-.7v161.944z\"\/><\/svg><\/div><div class=\"fusion-section-separator-spacer\"><div class=\"fusion-section-separator-spacer-height\"><\/div><\/div><\/div><\/div><\/div><\/div><\/div><\/p>\n","protected":false},"excerpt":{"rendered":"","protected":false},"author":2,"featured_media":42068,"comment_status":"open","ping_status":"open","sticky":false,"template":"","format":"gallery","meta":{"_acf_changed":false,"footnotes":""},"categories":[43],"tags":[295,443,248],"class_list":["post-42064","post","type-post","status-publish","format-gallery","has-post-thumbnail","hentry","category-personalizacion","tag-articulo-es","tag-marca-personal-es","tag-resena","post_format-post-format-gallery"],"acf":[],"yoast_head":"<!-- This site is optimized with the Yoast SEO plugin v27.5 - https:\/\/yoast.com\/product\/yoast-seo-wordpress\/ -->\n<title>\u201cProfes que marcan\u201d: Libro clave para la gesti\u00f3n de la marca personal docente | Actualitat Educativa<\/title>\n<meta name=\"robots\" content=\"index, follow, max-snippet:-1, max-image-preview:large, max-video-preview:-1\" \/>\n<link rel=\"canonical\" href=\"https:\/\/impulseducacio.org\/es\/profes-que-marcan-libro-clave-para-la-gestion-de-la-marca-personal-docente\/\" \/>\n<meta property=\"og:locale\" content=\"es_ES\" \/>\n<meta property=\"og:type\" content=\"article\" \/>\n<meta property=\"og:title\" content=\"\u201cProfes que marcan\u201d: Libro clave para la gesti\u00f3n de la marca personal docente | Actualitat Educativa\" \/>\n<meta property=\"og:url\" content=\"https:\/\/impulseducacio.org\/es\/profes-que-marcan-libro-clave-para-la-gestion-de-la-marca-personal-docente\/\" \/>\n<meta property=\"og:site_name\" content=\"IMPULS EDUCACI\u00d3\" \/>\n<meta property=\"article:publisher\" content=\"https:\/\/www.facebook.com\/impulseducacio2020\" \/>\n<meta property=\"article:published_time\" content=\"2024-09-27T09:17:58+00:00\" \/>\n<meta property=\"article:modified_time\" content=\"2024-09-27T10:08:15+00:00\" \/>\n<meta property=\"og:image\" content=\"https:\/\/impulseducacio.org\/wp-content\/uploads\/2024\/09\/00_Portada-resena-Profes-que-marcan_duotono-scaled.jpg\" \/>\n\t<meta property=\"og:image:width\" content=\"2560\" \/>\n\t<meta property=\"og:image:height\" content=\"1281\" \/>\n\t<meta property=\"og:image:type\" content=\"image\/jpeg\" \/>\n<meta name=\"author\" content=\"Impuls Educaci\u00f3\" \/>\n<meta name=\"twitter:card\" content=\"summary_large_image\" \/>\n<meta name=\"twitter:creator\" content=\"@ImpulsEducacio\" \/>\n<meta name=\"twitter:site\" content=\"@ImpulsEducacio\" \/>\n<meta name=\"twitter:label1\" content=\"Written by\" \/>\n\t<meta name=\"twitter:data1\" content=\"Impuls Educaci\u00f3\" \/>\n\t<meta name=\"twitter:label2\" content=\"Est. reading time\" \/>\n\t<meta name=\"twitter:data2\" content=\"12 minutes\" \/>\n<script type=\"application\/ld+json\" class=\"yoast-schema-graph\">{\"@context\":\"https:\\\/\\\/schema.org\",\"@graph\":[{\"@type\":\"Article\",\"@id\":\"https:\\\/\\\/impulseducacio.org\\\/es\\\/profes-que-marcan-libro-clave-para-la-gestion-de-la-marca-personal-docente\\\/#article\",\"isPartOf\":{\"@id\":\"https:\\\/\\\/impulseducacio.org\\\/es\\\/profes-que-marcan-libro-clave-para-la-gestion-de-la-marca-personal-docente\\\/\"},\"author\":{\"name\":\"Impuls Educaci\u00f3\",\"@id\":\"https:\\\/\\\/impulseducacio.org\\\/es\\\/#\\\/schema\\\/person\\\/92cf201227b1404c22691d5d1238d09a\"},\"headline\":\"\u201cProfes que marcan\u201d: Libro clave para la gesti\u00f3n de la marca personal docente\",\"datePublished\":\"2024-09-27T09:17:58+00:00\",\"dateModified\":\"2024-09-27T10:08:15+00:00\",\"mainEntityOfPage\":{\"@id\":\"https:\\\/\\\/impulseducacio.org\\\/es\\\/profes-que-marcan-libro-clave-para-la-gestion-de-la-marca-personal-docente\\\/\"},\"wordCount\":9410,\"commentCount\":0,\"image\":{\"@id\":\"https:\\\/\\\/impulseducacio.org\\\/es\\\/profes-que-marcan-libro-clave-para-la-gestion-de-la-marca-personal-docente\\\/#primaryimage\"},\"thumbnailUrl\":\"https:\\\/\\\/impulseducacio.org\\\/wp-content\\\/uploads\\\/2024\\\/09\\\/00_Portada-resena-Profes-que-marcan_duotono-scaled.jpg\",\"keywords\":[\"Art\u00edculo\",\"Marca personal\",\"Rese\u00f1a\"],\"articleSection\":[\"Personalizaci\u00f3n\"],\"inLanguage\":\"es\",\"potentialAction\":[{\"@type\":\"CommentAction\",\"name\":\"Comment\",\"target\":[\"https:\\\/\\\/impulseducacio.org\\\/es\\\/profes-que-marcan-libro-clave-para-la-gestion-de-la-marca-personal-docente\\\/#respond\"]}]},{\"@type\":\"WebPage\",\"@id\":\"https:\\\/\\\/impulseducacio.org\\\/es\\\/profes-que-marcan-libro-clave-para-la-gestion-de-la-marca-personal-docente\\\/\",\"url\":\"https:\\\/\\\/impulseducacio.org\\\/es\\\/profes-que-marcan-libro-clave-para-la-gestion-de-la-marca-personal-docente\\\/\",\"name\":\"\u201cProfes que marcan\u201d: Libro clave para la gesti\u00f3n de la marca personal docente | Actualitat Educativa\",\"isPartOf\":{\"@id\":\"https:\\\/\\\/impulseducacio.org\\\/es\\\/#website\"},\"primaryImageOfPage\":{\"@id\":\"https:\\\/\\\/impulseducacio.org\\\/es\\\/profes-que-marcan-libro-clave-para-la-gestion-de-la-marca-personal-docente\\\/#primaryimage\"},\"image\":{\"@id\":\"https:\\\/\\\/impulseducacio.org\\\/es\\\/profes-que-marcan-libro-clave-para-la-gestion-de-la-marca-personal-docente\\\/#primaryimage\"},\"thumbnailUrl\":\"https:\\\/\\\/impulseducacio.org\\\/wp-content\\\/uploads\\\/2024\\\/09\\\/00_Portada-resena-Profes-que-marcan_duotono-scaled.jpg\",\"datePublished\":\"2024-09-27T09:17:58+00:00\",\"dateModified\":\"2024-09-27T10:08:15+00:00\",\"author\":{\"@id\":\"https:\\\/\\\/impulseducacio.org\\\/es\\\/#\\\/schema\\\/person\\\/92cf201227b1404c22691d5d1238d09a\"},\"breadcrumb\":{\"@id\":\"https:\\\/\\\/impulseducacio.org\\\/es\\\/profes-que-marcan-libro-clave-para-la-gestion-de-la-marca-personal-docente\\\/#breadcrumb\"},\"inLanguage\":\"es\",\"potentialAction\":[{\"@type\":\"ReadAction\",\"target\":[\"https:\\\/\\\/impulseducacio.org\\\/es\\\/profes-que-marcan-libro-clave-para-la-gestion-de-la-marca-personal-docente\\\/\"]}]},{\"@type\":\"ImageObject\",\"inLanguage\":\"es\",\"@id\":\"https:\\\/\\\/impulseducacio.org\\\/es\\\/profes-que-marcan-libro-clave-para-la-gestion-de-la-marca-personal-docente\\\/#primaryimage\",\"url\":\"https:\\\/\\\/impulseducacio.org\\\/wp-content\\\/uploads\\\/2024\\\/09\\\/00_Portada-resena-Profes-que-marcan_duotono-scaled.jpg\",\"contentUrl\":\"https:\\\/\\\/impulseducacio.org\\\/wp-content\\\/uploads\\\/2024\\\/09\\\/00_Portada-resena-Profes-que-marcan_duotono-scaled.jpg\",\"width\":2560,\"height\":1281},{\"@type\":\"BreadcrumbList\",\"@id\":\"https:\\\/\\\/impulseducacio.org\\\/es\\\/profes-que-marcan-libro-clave-para-la-gestion-de-la-marca-personal-docente\\\/#breadcrumb\",\"itemListElement\":[{\"@type\":\"ListItem\",\"position\":1,\"name\":\"Inicio\",\"item\":\"https:\\\/\\\/impulseducacio.org\\\/es\\\/\"},{\"@type\":\"ListItem\",\"position\":2,\"name\":\"\u201cProfes que marcan\u201d: Libro clave para la gesti\u00f3n de la marca personal docente\"}]},{\"@type\":\"WebSite\",\"@id\":\"https:\\\/\\\/impulseducacio.org\\\/es\\\/#website\",\"url\":\"https:\\\/\\\/impulseducacio.org\\\/es\\\/\",\"name\":\"IMPULS EDUCACI\u00d3\",\"description\":\"Espai d\u2019estudi i di\u00e0leg en temes educatius\",\"potentialAction\":[{\"@type\":\"SearchAction\",\"target\":{\"@type\":\"EntryPoint\",\"urlTemplate\":\"https:\\\/\\\/impulseducacio.org\\\/es\\\/?s={search_term_string}\"},\"query-input\":{\"@type\":\"PropertyValueSpecification\",\"valueRequired\":true,\"valueName\":\"search_term_string\"}}],\"inLanguage\":\"es\"},{\"@type\":\"Person\",\"@id\":\"https:\\\/\\\/impulseducacio.org\\\/es\\\/#\\\/schema\\\/person\\\/92cf201227b1404c22691d5d1238d09a\",\"name\":\"Impuls Educaci\u00f3\"}]}<\/script>\n<!-- \/ Yoast SEO plugin. -->","yoast_head_json":{"title":"\u201cProfes que marcan\u201d: Libro clave para la gesti\u00f3n de la marca personal docente | Actualitat Educativa","robots":{"index":"index","follow":"follow","max-snippet":"max-snippet:-1","max-image-preview":"max-image-preview:large","max-video-preview":"max-video-preview:-1"},"canonical":"https:\/\/impulseducacio.org\/es\/profes-que-marcan-libro-clave-para-la-gestion-de-la-marca-personal-docente\/","og_locale":"es_ES","og_type":"article","og_title":"\u201cProfes que marcan\u201d: Libro clave para la gesti\u00f3n de la marca personal docente | Actualitat Educativa","og_url":"https:\/\/impulseducacio.org\/es\/profes-que-marcan-libro-clave-para-la-gestion-de-la-marca-personal-docente\/","og_site_name":"IMPULS EDUCACI\u00d3","article_publisher":"https:\/\/www.facebook.com\/impulseducacio2020","article_published_time":"2024-09-27T09:17:58+00:00","article_modified_time":"2024-09-27T10:08:15+00:00","og_image":[{"width":2560,"height":1281,"url":"https:\/\/impulseducacio.org\/wp-content\/uploads\/2024\/09\/00_Portada-resena-Profes-que-marcan_duotono-scaled.jpg","type":"image\/jpeg"}],"author":"Impuls Educaci\u00f3","twitter_card":"summary_large_image","twitter_creator":"@ImpulsEducacio","twitter_site":"@ImpulsEducacio","twitter_misc":{"Written by":"Impuls Educaci\u00f3","Est. reading time":"12 minutes"},"schema":{"@context":"https:\/\/schema.org","@graph":[{"@type":"Article","@id":"https:\/\/impulseducacio.org\/es\/profes-que-marcan-libro-clave-para-la-gestion-de-la-marca-personal-docente\/#article","isPartOf":{"@id":"https:\/\/impulseducacio.org\/es\/profes-que-marcan-libro-clave-para-la-gestion-de-la-marca-personal-docente\/"},"author":{"name":"Impuls Educaci\u00f3","@id":"https:\/\/impulseducacio.org\/es\/#\/schema\/person\/92cf201227b1404c22691d5d1238d09a"},"headline":"\u201cProfes que marcan\u201d: Libro clave para la gesti\u00f3n de la marca personal docente","datePublished":"2024-09-27T09:17:58+00:00","dateModified":"2024-09-27T10:08:15+00:00","mainEntityOfPage":{"@id":"https:\/\/impulseducacio.org\/es\/profes-que-marcan-libro-clave-para-la-gestion-de-la-marca-personal-docente\/"},"wordCount":9410,"commentCount":0,"image":{"@id":"https:\/\/impulseducacio.org\/es\/profes-que-marcan-libro-clave-para-la-gestion-de-la-marca-personal-docente\/#primaryimage"},"thumbnailUrl":"https:\/\/impulseducacio.org\/wp-content\/uploads\/2024\/09\/00_Portada-resena-Profes-que-marcan_duotono-scaled.jpg","keywords":["Art\u00edculo","Marca personal","Rese\u00f1a"],"articleSection":["Personalizaci\u00f3n"],"inLanguage":"es","potentialAction":[{"@type":"CommentAction","name":"Comment","target":["https:\/\/impulseducacio.org\/es\/profes-que-marcan-libro-clave-para-la-gestion-de-la-marca-personal-docente\/#respond"]}]},{"@type":"WebPage","@id":"https:\/\/impulseducacio.org\/es\/profes-que-marcan-libro-clave-para-la-gestion-de-la-marca-personal-docente\/","url":"https:\/\/impulseducacio.org\/es\/profes-que-marcan-libro-clave-para-la-gestion-de-la-marca-personal-docente\/","name":"\u201cProfes que marcan\u201d: Libro clave para la gesti\u00f3n de la marca personal docente | Actualitat Educativa","isPartOf":{"@id":"https:\/\/impulseducacio.org\/es\/#website"},"primaryImageOfPage":{"@id":"https:\/\/impulseducacio.org\/es\/profes-que-marcan-libro-clave-para-la-gestion-de-la-marca-personal-docente\/#primaryimage"},"image":{"@id":"https:\/\/impulseducacio.org\/es\/profes-que-marcan-libro-clave-para-la-gestion-de-la-marca-personal-docente\/#primaryimage"},"thumbnailUrl":"https:\/\/impulseducacio.org\/wp-content\/uploads\/2024\/09\/00_Portada-resena-Profes-que-marcan_duotono-scaled.jpg","datePublished":"2024-09-27T09:17:58+00:00","dateModified":"2024-09-27T10:08:15+00:00","author":{"@id":"https:\/\/impulseducacio.org\/es\/#\/schema\/person\/92cf201227b1404c22691d5d1238d09a"},"breadcrumb":{"@id":"https:\/\/impulseducacio.org\/es\/profes-que-marcan-libro-clave-para-la-gestion-de-la-marca-personal-docente\/#breadcrumb"},"inLanguage":"es","potentialAction":[{"@type":"ReadAction","target":["https:\/\/impulseducacio.org\/es\/profes-que-marcan-libro-clave-para-la-gestion-de-la-marca-personal-docente\/"]}]},{"@type":"ImageObject","inLanguage":"es","@id":"https:\/\/impulseducacio.org\/es\/profes-que-marcan-libro-clave-para-la-gestion-de-la-marca-personal-docente\/#primaryimage","url":"https:\/\/impulseducacio.org\/wp-content\/uploads\/2024\/09\/00_Portada-resena-Profes-que-marcan_duotono-scaled.jpg","contentUrl":"https:\/\/impulseducacio.org\/wp-content\/uploads\/2024\/09\/00_Portada-resena-Profes-que-marcan_duotono-scaled.jpg","width":2560,"height":1281},{"@type":"BreadcrumbList","@id":"https:\/\/impulseducacio.org\/es\/profes-que-marcan-libro-clave-para-la-gestion-de-la-marca-personal-docente\/#breadcrumb","itemListElement":[{"@type":"ListItem","position":1,"name":"Inicio","item":"https:\/\/impulseducacio.org\/es\/"},{"@type":"ListItem","position":2,"name":"\u201cProfes que marcan\u201d: Libro clave para la gesti\u00f3n de la marca personal docente"}]},{"@type":"WebSite","@id":"https:\/\/impulseducacio.org\/es\/#website","url":"https:\/\/impulseducacio.org\/es\/","name":"IMPULS EDUCACI\u00d3","description":"Espai d\u2019estudi i di\u00e0leg en temes educatius","potentialAction":[{"@type":"SearchAction","target":{"@type":"EntryPoint","urlTemplate":"https:\/\/impulseducacio.org\/es\/?s={search_term_string}"},"query-input":{"@type":"PropertyValueSpecification","valueRequired":true,"valueName":"search_term_string"}}],"inLanguage":"es"},{"@type":"Person","@id":"https:\/\/impulseducacio.org\/es\/#\/schema\/person\/92cf201227b1404c22691d5d1238d09a","name":"Impuls Educaci\u00f3"}]}},"_links":{"self":[{"href":"https:\/\/impulseducacio.org\/es\/wp-json\/wp\/v2\/posts\/42064","targetHints":{"allow":["GET"]}}],"collection":[{"href":"https:\/\/impulseducacio.org\/es\/wp-json\/wp\/v2\/posts"}],"about":[{"href":"https:\/\/impulseducacio.org\/es\/wp-json\/wp\/v2\/types\/post"}],"author":[{"embeddable":true,"href":"https:\/\/impulseducacio.org\/es\/wp-json\/wp\/v2\/users\/2"}],"replies":[{"embeddable":true,"href":"https:\/\/impulseducacio.org\/es\/wp-json\/wp\/v2\/comments?post=42064"}],"version-history":[{"count":13,"href":"https:\/\/impulseducacio.org\/es\/wp-json\/wp\/v2\/posts\/42064\/revisions"}],"predecessor-version":[{"id":42129,"href":"https:\/\/impulseducacio.org\/es\/wp-json\/wp\/v2\/posts\/42064\/revisions\/42129"}],"wp:featuredmedia":[{"embeddable":true,"href":"https:\/\/impulseducacio.org\/es\/wp-json\/wp\/v2\/media\/42068"}],"wp:attachment":[{"href":"https:\/\/impulseducacio.org\/es\/wp-json\/wp\/v2\/media?parent=42064"}],"wp:term":[{"taxonomy":"category","embeddable":true,"href":"https:\/\/impulseducacio.org\/es\/wp-json\/wp\/v2\/categories?post=42064"},{"taxonomy":"post_tag","embeddable":true,"href":"https:\/\/impulseducacio.org\/es\/wp-json\/wp\/v2\/tags?post=42064"}],"curies":[{"name":"wp","href":"https:\/\/api.w.org\/{rel}","templated":true}]}}