{"id":33295,"date":"2023-11-20T21:11:22","date_gmt":"2023-11-20T21:11:22","guid":{"rendered":"https:\/\/impulseducacio.org\/?p=33295"},"modified":"2024-04-15T09:27:04","modified_gmt":"2024-04-15T09:27:04","slug":"la-expresion-oral-en-secundaria-una-herramienta-esencial-para-la-comunicacion","status":"publish","type":"post","link":"https:\/\/impulseducacio.org\/es\/la-expresion-oral-en-secundaria-una-herramienta-esencial-para-la-comunicacion\/","title":{"rendered":"La expresi\u00f3n oral en Secundaria: una herramienta esencial para la comunicaci\u00f3n"},"content":{"rendered":"<p><div class=\"fusion-fullwidth fullwidth-box fusion-builder-row-1 has-pattern-background has-mask-background fusion-parallax-none nonhundred-percent-fullwidth non-hundred-percent-height-scrolling\" style=\"--awb-border-sizes-top:0px;--awb-border-sizes-bottom:0px;--awb-border-sizes-left:0px;--awb-border-sizes-right:0px;--awb-border-radius-top-left:0px;--awb-border-radius-top-right:0px;--awb-border-radius-bottom-right:0px;--awb-border-radius-bottom-left:0px;--awb-padding-top:0px;--awb-padding-bottom:0px;--awb-margin-top:0px;--awb-margin-bottom:-260px;--awb-background-color:rgba(246,247,247,0);--awb-background-image:url(&quot;https:\/\/impulseducacio.org\/wp-content\/uploads\/2023\/11\/expresion-oral-en-secundaria.jpg&quot;);--awb-background-size:cover;--awb-flex-wrap:wrap;\" ><div class=\"fusion-builder-row fusion-row\"><div class=\"fusion-layout-column fusion_builder_column fusion-builder-column-0 fusion_builder_column_1_1 1_1 fusion-one-full fusion-column-first fusion-column-last fusion-animated\" style=\"--awb-overflow:hidden;--awb-bg-color:rgba(0,0,0,0);--awb-bg-color-hover:rgba(0,0,0,0);--awb-bg-size:cover;--awb-border-radius:4px 4px 4px 4px;--awb-margin-top:0px;--awb-margin-bottom:10px;\" data-animationType=\"fadeInDown\" data-animationDuration=\"0.8\" data-animationOffset=\"top-into-view\"><div class=\"fusion-column-wrapper fusion-column-has-shadow fusion-flex-column-wrapper-legacy\"><div class=\"fusion-sep-clear\"><\/div><div class=\"fusion-separator fusion-full-width-sep\" style=\"margin-left: auto;margin-right: auto;margin-top:720px;width:100%;\"><\/div><div class=\"fusion-sep-clear\"><\/div><div class=\"fusion-title title fusion-title-1 fusion-sep-none fusion-title-text fusion-title-size-one\" style=\"--awb-text-color:#ffffff;--awb-font-size:60px;\"><h1 class=\"fusion-title-heading title-heading-left fusion-responsive-typography-calculated\" style=\"font-family:&quot;Open Sans&quot;;font-style:normal;font-weight:300;margin:0;font-size:1em;--fontSize:60;line-height:1.18;\"><div data-animationtype=\"fadeInDown\" data-animationduration=\"0.8\" data-animationoffset=\"top-into-view\">\n<p>La expresi\u00f3n oral en Secundaria: una herramienta esencial para la comunicaci\u00f3n<\/p>\n<\/div><\/h1><\/div><div class=\"fusion-clearfix\"><\/div><\/div><\/div><div class=\"fusion-layout-column fusion_builder_column fusion-builder-column-1 fusion_builder_column_1_1 1_1 fusion-one-full fusion-column-first fusion-column-last fusion-animated\" style=\"--awb-bg-blend:overlay;--awb-bg-size:cover;--awb-border-color:#ffffff;--awb-border-top:1px;--awb-border-style:solid;--awb-margin-top:0px;--awb-margin-bottom:30px;\" data-animationType=\"fadeInDown\" data-animationDuration=\"0.6\" data-animationOffset=\"top-into-view\" data-scroll-devices=\"small-visibility,medium-visibility,large-visibility\"><div class=\"fusion-column-wrapper fusion-column-has-shadow fusion-flex-column-wrapper-legacy\"><div class=\"fusion-sharing-box fusion-sharing-box-1 boxed-icons has-taglines layout-floated layout-medium-floated layout-small-stacked\" style=\"background-color:rgba(246,244,245,0);padding:0;--awb-separator-border-sizes:0px;--awb-alignment:flex-start;--awb-layout:row;--awb-alignment-small:space-between;--awb-stacked-align-small:center;\" data-title=\"La expresi\u00f3n oral en Secundaria: una herramienta esencial para la comunicaci\u00f3n\" data-description=\"La expresi\u00f3n oral en Secundaria: una herramienta esencial para la comunicaci\u00f3n\r\n     Your Content Goes Here  \r\nC\u00f3mo preparar un discurso eficaz   \r\npor Jordi Viladrosa i Clua\r\nEn la actualidad, la expresi\u00f3n oral es una herramienta esencial para la comunicaci\u00f3n\" data-link=\"https:\/\/impulseducacio.org\/es\/la-expresion-oral-en-secundaria-una-herramienta-esencial-para-la-comunicacion\/\"><h4 class=\"tagline\" style=\"color:#ffffff;\">Compartir<\/h4><div class=\"fusion-social-networks sharingbox-shortcode-icon-wrapper sharingbox-shortcode-icon-wrapper-1 boxed-icons\"><span><a href=\"https:\/\/www.facebook.com\/sharer.php?u=https%3A%2F%2Fimpulseducacio.org%2Fes%2Fla-expresion-oral-en-secundaria-una-herramienta-esencial-para-la-comunicacion%2F&amp;t=La%20expresi%C3%B3n%20oral%20en%20Secundaria%3A%20una%20herramienta%20esencial%20para%20la%20comunicaci%C3%B3n\" target=\"_blank\" rel=\"noreferrer\" title=\"Facebook\" aria-label=\"Facebook\" data-placement=\"bottom\" data-toggle=\"tooltip\" data-title=\"Facebook\"><i class=\"fusion-social-network-icon fusion-tooltip fusion-facebook awb-icon-facebook\" style=\"color:#ffffff;background-color:#3b5998;border-color:#3b5998;border-radius:24px;\" aria-hidden=\"true\"><\/i><\/a><\/span><span><a href=\"https:\/\/x.com\/intent\/post?text=La%20expresi%C3%B3n%20oral%20en%20Secundaria%3A%20una%20herramienta%20esencial%20para%20la%20comunicaci%C3%B3n&amp;url=https%3A%2F%2Fimpulseducacio.org%2Fes%2Fla-expresion-oral-en-secundaria-una-herramienta-esencial-para-la-comunicacion%2F\" target=\"_blank\" rel=\"noopener noreferrer\" title=\"X\" aria-label=\"X\" data-placement=\"bottom\" data-toggle=\"tooltip\" data-title=\"X\"><i class=\"fusion-social-network-icon fusion-tooltip fusion-twitter awb-icon-twitter\" style=\"color:#ffffff;background-color:#000000;border-color:#000000;border-radius:24px;\" aria-hidden=\"true\"><\/i><\/a><\/span><span><a href=\"https:\/\/www.linkedin.com\/shareArticle?mini=true&amp;url=https%3A%2F%2Fimpulseducacio.org%2Fes%2Fla-expresion-oral-en-secundaria-una-herramienta-esencial-para-la-comunicacion%2F&amp;title=La%20expresi%C3%B3n%20oral%20en%20Secundaria%3A%20una%20herramienta%20esencial%20para%20la%20comunicaci%C3%B3n&amp;summary=La%20expresi%C3%B3n%20oral%20en%20Secundaria%3A%20una%20herramienta%20esencial%20para%20la%20comunicaci%C3%B3n%0D%0A%20%20%20%20%20%20%20%20%20Your%20Content%20Goes%20Here%20%20%20%0D%0AC%C3%B3mo%20preparar%20un%20discurso%20eficaz%20%20%20%20%20%0D%0Apor%20Jordi%20Viladrosa%20i%20Clua%0D%0AEn%20la%20actualidad%2C%20la%20expresi%C3%B3n%20oral%20es%20una%20herramienta%20esencial%20para%20la%20comunicaci%C3%B3n\" target=\"_blank\" rel=\"noopener noreferrer\" title=\"LinkedIn\" aria-label=\"LinkedIn\" data-placement=\"bottom\" data-toggle=\"tooltip\" data-title=\"LinkedIn\"><i class=\"fusion-social-network-icon fusion-tooltip fusion-linkedin awb-icon-linkedin\" style=\"color:#ffffff;background-color:#0077b5;border-color:#0077b5;border-radius:24px;\" aria-hidden=\"true\"><\/i><\/a><\/span><span><a href=\"mailto:?subject=La%20expresi%C3%B3n%20oral%20en%20Secundaria%3A%20una%20herramienta%20esencial%20para%20la%20comunicaci%C3%B3n&amp;body=https%3A%2F%2Fimpulseducacio.org%2Fes%2Fla-expresion-oral-en-secundaria-una-herramienta-esencial-para-la-comunicacion%2F\" target=\"_self\" title=\"Email\" aria-label=\"Email\" data-placement=\"bottom\" data-toggle=\"tooltip\" data-title=\"Email\"><i class=\"fusion-social-network-icon fusion-tooltip fusion-mail awb-icon-mail\" style=\"color:#ffffff;background-color:#000000;border-color:#000000;border-radius:24px;\" aria-hidden=\"true\"><\/i><\/a><\/span><\/div><\/div><div class=\"fusion-clearfix\"><\/div><\/div><\/div><div class=\"fusion-layout-column fusion_builder_column fusion-builder-column-2 fusion_builder_column_1_1 1_1 fusion-one-full fusion-column-first fusion-column-last fusion-animated\" style=\"--awb-bg-blend:overlay;--awb-bg-size:cover;--awb-border-color:#ffffff;--awb-border-top:0;--awb-border-style:solid;--awb-margin-top:2px;--awb-margin-bottom:0px;\" data-animationType=\"fadeInDown\" data-animationDuration=\"0.6\" data-animationOffset=\"top-into-view\"><div class=\"fusion-column-wrapper fusion-column-has-shadow fusion-flex-column-wrapper-legacy\"><div class=\"fusion-sep-clear\"><\/div><div class=\"fusion-separator fusion-full-width-sep\" style=\"margin-left: auto;margin-right: auto;margin-bottom:150px;width:100%;\"><\/div><div class=\"fusion-sep-clear\"><\/div><div class=\"fusion-section-separator section-separator big-half-circle fusion-section-separator-1\" style=\"--awb-spacer-height:99px;--awb-svg-margin-left:0;--awb-svg-margin-right:0;--awb-divider-height:99px;--awb-spacer-padding-top:inherit;--awb-sep-padding:0;--awb-svg-padding:0;\"><div class=\"fusion-section-separator-svg\"><svg class=\"fusion-big-half-circle-candy\" xmlns=\"http:\/\/www.w3.org\/2000\/svg\" version=\"1.1\" width=\"100%\" height=\"100\" viewBox=\"0 0 100 100\" preserveAspectRatio=\"none\" fill=\"rgba(255,255,255,1)\"><path d=\"M0 100 C40 0 60 0 100 100 Z\"><\/path><\/svg><\/div><div class=\"fusion-section-separator-spacer\"><div class=\"fusion-section-separator-spacer-height\"><\/div><\/div><\/div><div class=\"fusion-clearfix\"><\/div><\/div><\/div><\/div><\/div><div class=\"fusion-fullwidth fullwidth-box fusion-builder-row-2 has-pattern-background has-mask-background nonhundred-percent-fullwidth non-hundred-percent-height-scrolling\" style=\"--awb-border-radius-top-left:0px;--awb-border-radius-top-right:0px;--awb-border-radius-bottom-right:0px;--awb-border-radius-bottom-left:0px;--awb-padding-top:0px;--awb-padding-bottom:0px;--awb-flex-wrap:wrap;\" ><div class=\"fusion-builder-row fusion-row\"><div class=\"fusion-layout-column fusion_builder_column fusion-builder-column-3 fusion_builder_column_1_1 1_1 fusion-one-full fusion-column-first fusion-column-last\" style=\"--awb-padding-top:3%;--awb-padding-right:8%;--awb-padding-bottom:0%;--awb-padding-left:11%;--awb-overflow:hidden;--awb-bg-color:#ffffff;--awb-bg-color-hover:#ffffff;--awb-bg-size:cover;--awb-border-radius:8px 8px 8px 8px;--awb-margin-top:0px;--awb-margin-bottom:0px;\"><div class=\"fusion-column-wrapper fusion-column-has-shadow fusion-flex-column-wrapper-legacy\"><div class=\"fusion-builder-row fusion-builder-row-inner fusion-row\"><div class=\"fusion-layout-column fusion_builder_column_inner fusion-builder-nested-column-0 fusion_builder_column_inner_1_5 1_5 fusion-one-fifth fusion-column-first\" style=\"--awb-bg-size:cover;--awb-margin-top:0px;width:20%;width:calc(20% - ( ( 1% ) * 0.2 ) );margin-right: 1%;\"><div class=\"fusion-column-wrapper fusion-column-has-shadow fusion-flex-column-wrapper-legacy\"><div class=\"fusion-text fusion-text-1\"><p>20 November 2023<\/p>\n<\/div><div class=\"fusion-clearfix\"><\/div><\/div><\/div><\/div><div class=\"fusion-text fusion-text-2\"><h2>C\u00f3mo preparar un discurso eficaz<\/h2>\n<\/div><div class=\"fusion-sep-clear\"><\/div><div class=\"fusion-separator fusion-full-width-sep\" style=\"margin-left: auto;margin-right: auto;margin-bottom:50px;width:100%;\"><\/div><div class=\"fusion-sep-clear\"><\/div><div class=\"fusion-clearfix\"><\/div><\/div><\/div><\/div><\/div><div class=\"fusion-fullwidth fullwidth-box fusion-builder-row-3 fusion-flex-container nonhundred-percent-fullwidth non-hundred-percent-height-scrolling\" style=\"--awb-border-radius-top-left:0px;--awb-border-radius-top-right:0px;--awb-border-radius-bottom-right:0px;--awb-border-radius-bottom-left:0px;--awb-padding-top:0%;--awb-padding-right:0px;--awb-padding-bottom:0%;--awb-padding-left:0px;--awb-margin-top:0px;--awb-margin-bottom:23px;--awb-background-color:#ffffff;--awb-flex-wrap:wrap;\" ><div class=\"fusion-builder-row fusion-row fusion-flex-align-items-flex-start fusion-flex-content-wrap\" style=\"max-width:1331.2px;margin-left: calc(-4% \/ 2 );margin-right: calc(-4% \/ 2 );\"><div class=\"fusion-layout-column fusion_builder_column fusion-builder-column-4 fusion_builder_column_1_1 1_1 fusion-flex-column fusion-flex-align-self-center\" style=\"--awb-padding-right:11%;--awb-padding-left:11%;--awb-bg-color:#ffffff;--awb-bg-color-hover:#ffffff;--awb-bg-size:cover;--awb-width-large:100%;--awb-margin-top-large:0px;--awb-spacing-right-large:5.76%;--awb-margin-bottom-large:0px;--awb-spacing-left-large:5.472%;--awb-width-medium:100%;--awb-order-medium:0;--awb-spacing-right-medium:1.92%;--awb-spacing-left-medium:1.92%;--awb-width-small:100%;--awb-order-small:0;--awb-spacing-right-small:1.92%;--awb-spacing-left-small:1.92%;\" data-scroll-devices=\"small-visibility,medium-visibility,large-visibility\"><div class=\"fusion-column-wrapper fusion-column-has-shadow fusion-flex-justify-content-flex-start fusion-content-layout-column\"><div class=\"fusion-builder-row fusion-builder-row-inner fusion-row fusion-flex-align-items-flex-start fusion-flex-content-wrap\" style=\"width:104% !important;max-width:104% !important;margin-left: calc(-4% \/ 2 );margin-right: calc(-4% \/ 2 );\"><div class=\"fusion-layout-column fusion_builder_column_inner fusion-builder-nested-column-1 fusion_builder_column_inner_1_1 1_1 fusion-flex-column\" style=\"--awb-padding-right:51px;--awb-bg-size:cover;--awb-width-large:100%;--awb-margin-top-large:0px;--awb-spacing-right-large:1.92%;--awb-margin-bottom-large:0px;--awb-spacing-left-large:1.92%;--awb-width-medium:100%;--awb-order-medium:0;--awb-spacing-right-medium:1.92%;--awb-spacing-left-medium:1.92%;--awb-width-small:100%;--awb-order-small:0;--awb-spacing-right-small:1.92%;--awb-spacing-left-small:1.92%;\"><div class=\"fusion-column-wrapper fusion-column-has-shadow fusion-flex-justify-content-flex-start fusion-content-layout-column\"><div class=\"fusion-text fusion-text-3\"><p>por Jordi Viladrosa i Clua<\/p>\n<p>En la actualidad, la expresi\u00f3n oral es una herramienta esencial para la comunicaci\u00f3n en cualquier \u00e1mbito de la vida. En educaci\u00f3n, es especialmente importante que los alumnos de la ESO y el bachillerato desarrollen esta competencia, ya que les permitir\u00e1 expresarse con claridad, eficacia y seguridad en diferentes situaciones comunicativas con mayor o menor grado de formalidad.<\/p>\n<\/div><\/div><\/div><\/div><div class=\"fusion-builder-row fusion-builder-row-inner fusion-row fusion-flex-align-items-flex-start fusion-flex-content-wrap\" style=\"width:104% !important;max-width:104% !important;margin-left: calc(-4% \/ 2 );margin-right: calc(-4% \/ 2 );\"><div class=\"fusion-layout-column fusion_builder_column_inner fusion-builder-nested-column-2 fusion_builder_column_inner_1_2 1_2 fusion-flex-column fusion-flex-align-self-center\" style=\"--awb-padding-bottom:20px;--awb-bg-size:cover;--awb-width-large:50%;--awb-margin-top-large:20px;--awb-spacing-right-large:3.84%;--awb-margin-bottom-large:20px;--awb-spacing-left-large:3.84%;--awb-width-medium:100%;--awb-order-medium:0;--awb-spacing-right-medium:1.92%;--awb-spacing-left-medium:1.92%;--awb-width-small:100%;--awb-order-small:0;--awb-spacing-right-small:1.92%;--awb-spacing-left-small:1.92%;\" data-scroll-devices=\"small-visibility,medium-visibility,large-visibility\"><div class=\"fusion-column-wrapper fusion-column-has-shadow fusion-flex-justify-content-center fusion-content-layout-column\"><div class=\"fusion-image-element \" style=\"text-align:left;--awb-max-width:400px;--awb-caption-title-font-family:var(--h2_typography-font-family);--awb-caption-title-font-weight:var(--h2_typography-font-weight);--awb-caption-title-font-style:var(--h2_typography-font-style);--awb-caption-title-size:var(--h2_typography-font-size);--awb-caption-title-transform:var(--h2_typography-text-transform);--awb-caption-title-line-height:var(--h2_typography-line-height);--awb-caption-title-letter-spacing:var(--h2_typography-letter-spacing);\"><span class=\" fusion-imageframe imageframe-none imageframe-1 hover-type-none\"><img decoding=\"async\" width=\"2441\" height=\"1554\" title=\"national-cancer-institute-N_aihp118p8-unsplash\" src=\"https:\/\/impulseducacio.org\/wp-content\/uploads\/2023\/11\/national-cancer-institute-N_aihp118p8-unsplash-scaled-e1700040090184.jpg\" alt class=\"img-responsive wp-image-33340\" srcset=\"https:\/\/impulseducacio.org\/wp-content\/uploads\/2023\/11\/national-cancer-institute-N_aihp118p8-unsplash-scaled-e1700040090184-200x127.jpg 200w, https:\/\/impulseducacio.org\/wp-content\/uploads\/2023\/11\/national-cancer-institute-N_aihp118p8-unsplash-scaled-e1700040090184-400x255.jpg 400w, https:\/\/impulseducacio.org\/wp-content\/uploads\/2023\/11\/national-cancer-institute-N_aihp118p8-unsplash-scaled-e1700040090184-600x382.jpg 600w, https:\/\/impulseducacio.org\/wp-content\/uploads\/2023\/11\/national-cancer-institute-N_aihp118p8-unsplash-scaled-e1700040090184-800x509.jpg 800w, https:\/\/impulseducacio.org\/wp-content\/uploads\/2023\/11\/national-cancer-institute-N_aihp118p8-unsplash-scaled-e1700040090184-1200x764.jpg 1200w, https:\/\/impulseducacio.org\/wp-content\/uploads\/2023\/11\/national-cancer-institute-N_aihp118p8-unsplash-scaled-e1700040090184.jpg 2441w\" sizes=\"(max-width: 1024px) 100vw, (max-width: 620px) 100vw, 800px\" \/><\/span><\/div><\/div><\/div><div class=\"fusion-layout-column fusion_builder_column_inner fusion-builder-nested-column-3 fusion_builder_column_inner_1_2 1_2 fusion-flex-column fusion-flex-align-self-center\" style=\"--awb-bg-size:cover;--awb-width-large:50%;--awb-margin-top-large:0px;--awb-spacing-right-large:3.84%;--awb-margin-bottom-large:0px;--awb-spacing-left-large:3.84%;--awb-width-medium:100%;--awb-order-medium:0;--awb-spacing-right-medium:1.92%;--awb-spacing-left-medium:1.92%;--awb-width-small:100%;--awb-order-small:0;--awb-spacing-right-small:1.92%;--awb-spacing-left-small:1.92%;\" data-scroll-devices=\"small-visibility,medium-visibility,large-visibility\"><div class=\"fusion-column-wrapper fusion-column-has-shadow fusion-flex-justify-content-center fusion-content-layout-column\"><div class=\"fusion-text fusion-text-4\"><h5>Gracias a la expresi\u00f3n oral se aprende a participar en el aula, exponer trabajos, defender ideas y puntos de vista y resolver problemas de forma colaborativa<\/h5>\n<\/div><\/div><\/div><\/div><div class=\"fusion-builder-row fusion-builder-row-inner fusion-row fusion-flex-align-items-flex-start fusion-flex-content-wrap\" style=\"width:104% !important;max-width:104% !important;margin-left: calc(-4% \/ 2 );margin-right: calc(-4% \/ 2 );\"><div class=\"fusion-layout-column fusion_builder_column_inner fusion-builder-nested-column-4 fusion_builder_column_inner_1_1 1_1 fusion-flex-column\" style=\"--awb-padding-right:21px;--awb-bg-size:cover;--awb-width-large:100%;--awb-margin-top-large:0px;--awb-spacing-right-large:1.92%;--awb-margin-bottom-large:20px;--awb-spacing-left-large:1.728%;--awb-width-medium:100%;--awb-order-medium:0;--awb-spacing-right-medium:1.92%;--awb-spacing-left-medium:1.92%;--awb-width-small:100%;--awb-order-small:0;--awb-spacing-right-small:1.92%;--awb-spacing-left-small:1.92%;\"><div class=\"fusion-column-wrapper fusion-column-has-shadow fusion-flex-justify-content-flex-start fusion-content-layout-column\"><div class=\"fusion-text fusion-text-5\"><p>En este art\u00edculo se proponen una serie de consejos para preparar un discurso oral eficaz. Tendremos en cuenta los siguientes aspectos: estructura, argumentaci\u00f3n, creatividad, lenguaje, lenguaje no verbal, espacio y tiempo e imagen personal, que coinciden con los criterios de realizaci\u00f3n de la <strong>r\u00fabrica<\/strong> utilizada para valorar los discursos de los estudiantes que participan a\u00f1o tras a\u00f1o en el Torneo de Discurso <a href=\"https:\/\/impulseducacio.org\/es\/participa-en-el-torneo-de-discurso-tedis-2023\/\">TEDIS<\/a>, organizado por el Centre d\u2019Estudis <a href=\"https:\/\/impulseducacio.org\/es\/\">Impuls Educaci\u00f3<\/a>.<\/p>\n<h3>Elementos de un discurso<\/h3>\n<p>De manera breve, se exponen a continuaci\u00f3n las caracter\u00edsticas de cada uno de los elementos de un discurso oral.<\/p>\n<p><strong>Estructura<\/strong><\/p>\n<p>El primer paso para preparar un discurso oral es definir su estructura. Debe ser clara y concisa, y ha de permitir al orador organizar sus ideas de forma l\u00f3gica. Una estructura t\u00edpica para un discurso oral consta de los siguientes elementos:<\/p>\n<p><strong>Introducci\u00f3n<\/strong>: el orador debe presentar el tema y captar la atenci\u00f3n del p\u00fablico.<\/p>\n<p><strong>Cuerpo<\/strong>: quien expone debe desarrollar el tema, presentando los argumentos y las pruebas que lo sustentan.<\/p>\n<p><strong>Conclusi\u00f3n<\/strong>: es donde deben resumirse las ideas principales y dejar una impresi\u00f3n positiva en el p\u00fablico.<\/p>\n<p><strong> Argumentaci\u00f3n<\/strong><\/p>\n<p>Existen diferentes tipos de argumentos, como los argumentos de hecho, los argumentos de autoridad, los argumentos de analog\u00eda o los argumentos de causalidad. El orador debe elegir el que sea m\u00e1s adecuado para su discurso.<\/p>\n<\/div><\/div><\/div><\/div><div class=\"fusion-builder-row fusion-builder-row-inner fusion-row fusion-flex-align-items-flex-start fusion-flex-content-wrap\" style=\"width:104% !important;max-width:104% !important;margin-left: calc(-4% \/ 2 );margin-right: calc(-4% \/ 2 );\"><div class=\"fusion-layout-column fusion_builder_column_inner fusion-builder-nested-column-5 fusion_builder_column_inner_1_2 1_2 fusion-flex-column fusion-flex-align-self-center\" style=\"--awb-padding-top:-10PX;--awb-padding-bottom:20PX;--awb-bg-size:cover;--awb-width-large:50%;--awb-margin-top-large:-10PX;--awb-spacing-right-large:3.84%;--awb-margin-bottom-large:20PX;--awb-spacing-left-large:3.84%;--awb-width-medium:100%;--awb-order-medium:0;--awb-spacing-right-medium:1.92%;--awb-spacing-left-medium:1.92%;--awb-width-small:100%;--awb-order-small:0;--awb-spacing-right-small:1.92%;--awb-spacing-left-small:1.92%;\" data-scroll-devices=\"small-visibility,medium-visibility,large-visibility\"><div class=\"fusion-column-wrapper fusion-column-has-shadow fusion-flex-justify-content-center fusion-content-layout-column\"><div class=\"fusion-text fusion-text-6\"><h6 style=\"text-align: right;\">Los argumentos son el n\u00facleo de cualquier discurso oral. Deben ser s\u00f3lidos y convincentes, y deben apoyarse en pruebas<\/h6>\n<\/div><\/div><\/div><div class=\"fusion-layout-column fusion_builder_column_inner fusion-builder-nested-column-6 fusion_builder_column_inner_1_2 1_2 fusion-flex-column fusion-flex-align-self-center\" style=\"--awb-padding-top:10px;--awb-padding-bottom:10px;--awb-bg-size:cover;--awb-width-large:50%;--awb-margin-top-large:10px;--awb-spacing-right-large:3.84%;--awb-margin-bottom-large:10px;--awb-spacing-left-large:3.84%;--awb-width-medium:100%;--awb-order-medium:0;--awb-spacing-right-medium:1.92%;--awb-spacing-left-medium:1.92%;--awb-width-small:100%;--awb-order-small:0;--awb-spacing-right-small:1.92%;--awb-spacing-left-small:1.92%;\" data-scroll-devices=\"small-visibility,medium-visibility,large-visibility\"><div class=\"fusion-column-wrapper fusion-column-has-shadow fusion-flex-justify-content-center fusion-content-layout-column\"><div class=\"fusion-image-element \" style=\"text-align:right;--awb-max-width:400px;--awb-caption-title-font-family:var(--h2_typography-font-family);--awb-caption-title-font-weight:var(--h2_typography-font-weight);--awb-caption-title-font-style:var(--h2_typography-font-style);--awb-caption-title-size:var(--h2_typography-font-size);--awb-caption-title-transform:var(--h2_typography-text-transform);--awb-caption-title-line-height:var(--h2_typography-line-height);--awb-caption-title-letter-spacing:var(--h2_typography-letter-spacing);\"><span class=\" fusion-imageframe imageframe-none imageframe-2 hover-type-none\"><img decoding=\"async\" width=\"2560\" height=\"1707\" alt=\"Tedis 2024\n\" title=\"IMG_2295\" src=\"https:\/\/impulseducacio.org\/wp-content\/uploads\/2023\/11\/IMG_2295-scaled.jpg\" class=\"img-responsive wp-image-33811\" srcset=\"https:\/\/impulseducacio.org\/wp-content\/uploads\/2023\/11\/IMG_2295-200x133.jpg 200w, https:\/\/impulseducacio.org\/wp-content\/uploads\/2023\/11\/IMG_2295-400x267.jpg 400w, https:\/\/impulseducacio.org\/wp-content\/uploads\/2023\/11\/IMG_2295-600x400.jpg 600w, https:\/\/impulseducacio.org\/wp-content\/uploads\/2023\/11\/IMG_2295-800x533.jpg 800w, https:\/\/impulseducacio.org\/wp-content\/uploads\/2023\/11\/IMG_2295-1200x800.jpg 1200w, https:\/\/impulseducacio.org\/wp-content\/uploads\/2023\/11\/IMG_2295-scaled.jpg 2560w\" sizes=\"(max-width: 1024px) 100vw, (max-width: 620px) 100vw, 800px\" \/><\/span><\/div><\/div><\/div><\/div><div class=\"fusion-builder-row fusion-builder-row-inner fusion-row fusion-flex-align-items-flex-start fusion-flex-content-wrap\" style=\"width:104% !important;max-width:104% !important;margin-left: calc(-4% \/ 2 );margin-right: calc(-4% \/ 2 );\"><div class=\"fusion-layout-column fusion_builder_column_inner fusion-builder-nested-column-7 fusion_builder_column_inner_1_1 1_1 fusion-flex-column\" style=\"--awb-bg-size:cover;--awb-width-large:100%;--awb-margin-top-large:0px;--awb-spacing-right-large:1.92%;--awb-margin-bottom-large:0px;--awb-spacing-left-large:1.92%;--awb-width-medium:100%;--awb-order-medium:0;--awb-spacing-right-medium:1.92%;--awb-spacing-left-medium:1.92%;--awb-width-small:100%;--awb-order-small:0;--awb-spacing-right-small:1.92%;--awb-spacing-left-small:1.92%;\"><div class=\"fusion-column-wrapper fusion-column-has-shadow fusion-flex-justify-content-flex-start fusion-content-layout-column\"><div class=\"fusion-text fusion-text-7\"><p><strong> Creatividad<\/strong><\/p>\n<p>Este es un elemento importante, ya que de ello depende que el discurso sea m\u00e1s atractivo y memorable para el p\u00fablico. Entre los recursos que podemos utilizar para a\u00f1adir creatividad, tenemos el uso de im\u00e1genes, met\u00e1foras o an\u00e9cdotas. Tambi\u00e9n se puede utilizar el humor o el suspense para mantener la atenci\u00f3n del p\u00fablico.<\/p>\n<p><strong> Lenguaje<\/strong><\/p>\n<p>Se aconseja utilizar un lenguaje claro, conciso y adecuado al p\u00fablico al que se dirige la exposici\u00f3n. A veces ser\u00e1 mejor evitar el empleo de un lenguaje demasiado t\u00e9cnico o especializado, aunque otras veces esto ser\u00e1 un elemento necesario. En ambos casos debe procurarse una pronunciaci\u00f3n clara y comprensible.<\/p>\n<p><strong> Lenguaje no verbal<\/strong><\/p>\n<p>El lenguaje no verbal es tan valioso como el lenguaje verbal. El expositor debe mantener una postura erguida y una mirada segura, y debe utilizar gestos y expresiones faciales que apoyen sus palabras con naturalidad, sin perder el contacto visual con el p\u00fablico.<\/p>\n<\/div><\/div><\/div><\/div><div class=\"fusion-builder-row fusion-builder-row-inner fusion-row fusion-flex-align-items-flex-start fusion-flex-content-wrap\" style=\"width:104% !important;max-width:104% !important;margin-left: calc(-4% \/ 2 );margin-right: calc(-4% \/ 2 );\"><div class=\"fusion-layout-column fusion_builder_column_inner fusion-builder-nested-column-8 fusion_builder_column_inner_1_2 1_2 fusion-flex-column fusion-flex-align-self-center\" style=\"--awb-padding-bottom:15px;--awb-bg-size:cover;--awb-width-large:50%;--awb-margin-top-large:20px;--awb-spacing-right-large:3.84%;--awb-margin-bottom-large:15px;--awb-spacing-left-large:3.84%;--awb-width-medium:100%;--awb-order-medium:0;--awb-spacing-right-medium:1.92%;--awb-spacing-left-medium:1.92%;--awb-width-small:100%;--awb-order-small:0;--awb-spacing-right-small:1.92%;--awb-spacing-left-small:1.92%;\" data-scroll-devices=\"small-visibility,medium-visibility,large-visibility\"><div class=\"fusion-column-wrapper fusion-column-has-shadow fusion-flex-justify-content-center fusion-content-layout-column\"><div class=\"fusion-image-element \" style=\"text-align:left;--awb-max-width:400px;--awb-caption-title-font-family:var(--h2_typography-font-family);--awb-caption-title-font-weight:var(--h2_typography-font-weight);--awb-caption-title-font-style:var(--h2_typography-font-style);--awb-caption-title-size:var(--h2_typography-font-size);--awb-caption-title-transform:var(--h2_typography-text-transform);--awb-caption-title-line-height:var(--h2_typography-line-height);--awb-caption-title-letter-spacing:var(--h2_typography-letter-spacing);\"><span class=\" fusion-imageframe imageframe-none imageframe-3 hover-type-none\"><img decoding=\"async\" width=\"2560\" height=\"1707\" alt=\"Tedis 2024\" title=\"IMG_2291\" src=\"https:\/\/impulseducacio.org\/wp-content\/uploads\/2023\/11\/IMG_2291-scaled.jpg\" class=\"img-responsive wp-image-33815\" srcset=\"https:\/\/impulseducacio.org\/wp-content\/uploads\/2023\/11\/IMG_2291-200x133.jpg 200w, https:\/\/impulseducacio.org\/wp-content\/uploads\/2023\/11\/IMG_2291-400x267.jpg 400w, https:\/\/impulseducacio.org\/wp-content\/uploads\/2023\/11\/IMG_2291-600x400.jpg 600w, https:\/\/impulseducacio.org\/wp-content\/uploads\/2023\/11\/IMG_2291-800x533.jpg 800w, https:\/\/impulseducacio.org\/wp-content\/uploads\/2023\/11\/IMG_2291-1200x800.jpg 1200w, https:\/\/impulseducacio.org\/wp-content\/uploads\/2023\/11\/IMG_2291-scaled.jpg 2560w\" sizes=\"(max-width: 1024px) 100vw, (max-width: 620px) 100vw, 800px\" \/><\/span><\/div><\/div><\/div><div class=\"fusion-layout-column fusion_builder_column_inner fusion-builder-nested-column-9 fusion_builder_column_inner_1_2 1_2 fusion-flex-column fusion-flex-align-self-center\" style=\"--awb-bg-size:cover;--awb-width-large:50%;--awb-margin-top-large:20px;--awb-spacing-right-large:3.84%;--awb-margin-bottom-large:20px;--awb-spacing-left-large:3.84%;--awb-width-medium:100%;--awb-order-medium:0;--awb-spacing-right-medium:1.92%;--awb-spacing-left-medium:1.92%;--awb-width-small:100%;--awb-order-small:0;--awb-spacing-right-small:1.92%;--awb-spacing-left-small:1.92%;\" data-scroll-devices=\"small-visibility,medium-visibility,large-visibility\"><div class=\"fusion-column-wrapper fusion-column-has-shadow fusion-flex-justify-content-center fusion-content-layout-column\"><div class=\"fusion-text fusion-text-8\"><h6 style=\"text-align: left;\">El orador debe familiarizarse con el espacio en el que va a pronunciar su discurso<\/h6>\n<\/div><\/div><\/div><\/div><div class=\"fusion-builder-row fusion-builder-row-inner fusion-row fusion-flex-align-items-flex-start fusion-flex-content-wrap\" style=\"width:104% !important;max-width:104% !important;margin-left: calc(-4% \/ 2 );margin-right: calc(-4% \/ 2 );\"><div class=\"fusion-layout-column fusion_builder_column_inner fusion-builder-nested-column-10 fusion_builder_column_inner_1_1 1_1 fusion-flex-column\" style=\"--awb-bg-size:cover;--awb-width-large:100%;--awb-margin-top-large:0px;--awb-spacing-right-large:1.92%;--awb-margin-bottom-large:0px;--awb-spacing-left-large:1.92%;--awb-width-medium:100%;--awb-order-medium:0;--awb-spacing-right-medium:1.92%;--awb-spacing-left-medium:1.92%;--awb-width-small:100%;--awb-order-small:0;--awb-spacing-right-small:1.92%;--awb-spacing-left-small:1.92%;\"><div class=\"fusion-column-wrapper fusion-column-has-shadow fusion-flex-justify-content-flex-start fusion-content-layout-column\"><div class=\"fusion-text fusion-text-9\"><p><strong> Espacio y tiempo<\/strong><\/p>\n<p>El orador debe ajustar su tono de voz y sus movimientos al tama\u00f1o de la sala. Es importante tambi\u00e9n respetar el tiempo asignado.<\/p>\n<p><strong> Imagen personal<\/strong><\/p>\n<p>La imagen personal tiene un componente subjetivo que hay que controlar porque puede influir en el \u00e9xito de una exposici\u00f3n oral. El orador debe vestirse de forma adecuada para la ocasi\u00f3n, y debe ser consciente de que se trata de una herramienta de comunicaci\u00f3n relevante.<\/p>\n<h3>Consejos para profesores<\/h3>\n<p>Para ello ser\u00e1 primordial, por ejemplo:<\/p>\n<p><strong>Ofrecer oportunidades de pr\u00e1ctica<\/strong>: Los alumnos deben tener la oportunidad de practicar sus exposiciones orales en diferentes contextos de manera planificada y sistem\u00e1tica. Esto les ayudar\u00e1 a desarrollar su confianza y a mejorar su capacidad de improvisaci\u00f3n. Esto implica que deben estudiar el tema que van a exponer, practicar su discurso y ensayar su presentaci\u00f3n.<\/p>\n<\/div><\/div><\/div><\/div><div class=\"fusion-builder-row fusion-builder-row-inner fusion-row fusion-flex-align-items-flex-start fusion-flex-content-wrap\" style=\"width:104% !important;max-width:104% !important;margin-left: calc(-4% \/ 2 );margin-right: calc(-4% \/ 2 );\"><div class=\"fusion-layout-column fusion_builder_column_inner fusion-builder-nested-column-11 fusion_builder_column_inner_1_2 1_2 fusion-flex-column fusion-flex-align-self-center\" style=\"--awb-bg-size:cover;--awb-width-large:50%;--awb-margin-top-large:20px;--awb-spacing-right-large:3.84%;--awb-margin-bottom-large:20px;--awb-spacing-left-large:3.84%;--awb-width-medium:100%;--awb-order-medium:0;--awb-spacing-right-medium:1.92%;--awb-spacing-left-medium:1.92%;--awb-width-small:100%;--awb-order-small:0;--awb-spacing-right-small:1.92%;--awb-spacing-left-small:1.92%;\" data-scroll-devices=\"small-visibility,medium-visibility,large-visibility\"><div class=\"fusion-column-wrapper fusion-column-has-shadow fusion-flex-justify-content-center fusion-content-layout-column\"><div class=\"fusion-text fusion-text-10\"><h6 style=\"text-align: right;\">Preparar a los alumnos para pronunciar un discurso oral o llevar a cabo una exposici\u00f3n requiere m\u00e9todo, paciencia y pr\u00e1ctica<\/h6>\n<\/div><\/div><\/div><div class=\"fusion-layout-column fusion_builder_column_inner fusion-builder-nested-column-12 fusion_builder_column_inner_1_2 1_2 fusion-flex-column fusion-flex-align-self-center\" style=\"--awb-padding-bottom:15px;--awb-bg-size:cover;--awb-width-large:50%;--awb-margin-top-large:0px;--awb-spacing-right-large:3.84%;--awb-margin-bottom-large:15px;--awb-spacing-left-large:3.84%;--awb-width-medium:100%;--awb-order-medium:0;--awb-spacing-right-medium:1.92%;--awb-spacing-left-medium:1.92%;--awb-width-small:100%;--awb-order-small:0;--awb-spacing-right-small:1.92%;--awb-spacing-left-small:1.92%;\" data-scroll-devices=\"small-visibility,medium-visibility,large-visibility\"><div class=\"fusion-column-wrapper fusion-column-has-shadow fusion-flex-justify-content-center fusion-content-layout-column\"><div class=\"fusion-image-element \" style=\"text-align:right;--awb-max-width:400px;--awb-caption-title-font-family:var(--h2_typography-font-family);--awb-caption-title-font-weight:var(--h2_typography-font-weight);--awb-caption-title-font-style:var(--h2_typography-font-style);--awb-caption-title-size:var(--h2_typography-font-size);--awb-caption-title-transform:var(--h2_typography-text-transform);--awb-caption-title-line-height:var(--h2_typography-line-height);--awb-caption-title-letter-spacing:var(--h2_typography-letter-spacing);\"><span class=\" fusion-imageframe imageframe-none imageframe-4 hover-type-none\"><img decoding=\"async\" width=\"2441\" height=\"1554\" title=\"michal-parzuchowski-kKf1ZkS_wcs-unsplash\" src=\"https:\/\/impulseducacio.org\/wp-content\/uploads\/2023\/11\/michal-parzuchowski-kKf1ZkS_wcs-unsplash-scaled-e1700040219794.jpg\" alt class=\"img-responsive wp-image-33343\" srcset=\"https:\/\/impulseducacio.org\/wp-content\/uploads\/2023\/11\/michal-parzuchowski-kKf1ZkS_wcs-unsplash-scaled-e1700040219794-200x127.jpg 200w, https:\/\/impulseducacio.org\/wp-content\/uploads\/2023\/11\/michal-parzuchowski-kKf1ZkS_wcs-unsplash-scaled-e1700040219794-400x255.jpg 400w, https:\/\/impulseducacio.org\/wp-content\/uploads\/2023\/11\/michal-parzuchowski-kKf1ZkS_wcs-unsplash-scaled-e1700040219794-600x382.jpg 600w, https:\/\/impulseducacio.org\/wp-content\/uploads\/2023\/11\/michal-parzuchowski-kKf1ZkS_wcs-unsplash-scaled-e1700040219794-800x509.jpg 800w, https:\/\/impulseducacio.org\/wp-content\/uploads\/2023\/11\/michal-parzuchowski-kKf1ZkS_wcs-unsplash-scaled-e1700040219794-1200x764.jpg 1200w, https:\/\/impulseducacio.org\/wp-content\/uploads\/2023\/11\/michal-parzuchowski-kKf1ZkS_wcs-unsplash-scaled-e1700040219794.jpg 2441w\" sizes=\"(max-width: 1024px) 100vw, (max-width: 620px) 100vw, 800px\" \/><\/span><\/div><\/div><\/div><\/div><div class=\"fusion-builder-row fusion-builder-row-inner fusion-row fusion-flex-align-items-flex-start fusion-flex-content-wrap\" style=\"width:104% !important;max-width:104% !important;margin-left: calc(-4% \/ 2 );margin-right: calc(-4% \/ 2 );\"><div class=\"fusion-layout-column fusion_builder_column_inner fusion-builder-nested-column-13 fusion_builder_column_inner_1_1 1_1 fusion-flex-column\" style=\"--awb-bg-size:cover;--awb-width-large:100%;--awb-margin-top-large:18px;--awb-spacing-right-large:1.92%;--awb-margin-bottom-large:0px;--awb-spacing-left-large:1.92%;--awb-width-medium:100%;--awb-order-medium:0;--awb-spacing-right-medium:1.92%;--awb-spacing-left-medium:1.92%;--awb-width-small:100%;--awb-order-small:0;--awb-spacing-right-small:1.92%;--awb-spacing-left-small:1.92%;\"><div class=\"fusion-column-wrapper fusion-column-has-shadow fusion-flex-justify-content-flex-start fusion-content-layout-column\"><div class=\"fusion-text fusion-text-11\"><p><strong>Ofrecer feedback<\/strong>: Los profesores deben ofrecer a sus alumnos un feedback constructivo y orientado al aprendizaje. Puede hacerse individualmente o con consejos dirigidos a todo el grupo.<\/p>\n<p><strong>Crear un clima de confianza<\/strong>: Los alumnos deben sentirse c\u00f3modos a la hora de hablar en p\u00fablico. Para ello, los profesores pueden fomentar la participaci\u00f3n de los alumnos en un ambiente de respeto.<\/p>\n<h3>Ejemplo pr\u00e1ctico<\/h3>\n<p>Imaginemos que un grupo de alumnos de 4\u00ba de la ESO tiene que defender un posicionamiento personal sobre el impacto del cambio clim\u00e1tico en el planeta. Los alumnos deben preparar un discurso oral de 5 minutos, pongamos por caso, en la que deben exponer las principales ideas y argumentos sobre esta cuesti\u00f3n.<\/p>\n<\/div><\/div><\/div><\/div><div class=\"fusion-builder-row fusion-builder-row-inner fusion-row fusion-flex-align-items-flex-start fusion-flex-content-wrap\" style=\"width:104% !important;max-width:104% !important;margin-left: calc(-4% \/ 2 );margin-right: calc(-4% \/ 2 );\"><div class=\"fusion-layout-column fusion_builder_column_inner fusion-builder-nested-column-14 fusion_builder_column_inner_1_2 1_2 fusion-flex-column fusion-flex-align-self-center\" style=\"--awb-padding-top:15px;--awb-padding-bottom:15px;--awb-bg-size:cover;--awb-width-large:50%;--awb-margin-top-large:15px;--awb-spacing-right-large:3.84%;--awb-margin-bottom-large:15px;--awb-spacing-left-large:3.84%;--awb-width-medium:100%;--awb-order-medium:0;--awb-spacing-right-medium:1.92%;--awb-spacing-left-medium:1.92%;--awb-width-small:100%;--awb-order-small:0;--awb-spacing-right-small:1.92%;--awb-spacing-left-small:1.92%;\" data-scroll-devices=\"small-visibility,medium-visibility,large-visibility\"><div class=\"fusion-column-wrapper fusion-column-has-shadow fusion-flex-justify-content-center fusion-content-layout-column\"><div class=\"fusion-image-element \" style=\"text-align:left;--awb-max-width:400px;--awb-caption-title-font-family:var(--h2_typography-font-family);--awb-caption-title-font-weight:var(--h2_typography-font-weight);--awb-caption-title-font-style:var(--h2_typography-font-style);--awb-caption-title-size:var(--h2_typography-font-size);--awb-caption-title-transform:var(--h2_typography-text-transform);--awb-caption-title-line-height:var(--h2_typography-line-height);--awb-caption-title-letter-spacing:var(--h2_typography-letter-spacing);\"><span class=\" fusion-imageframe imageframe-none imageframe-5 hover-type-none\"><img decoding=\"async\" width=\"2441\" height=\"1554\" title=\"priscilla-du-preez-XkKCui44iM0-unsplash\" src=\"https:\/\/impulseducacio.org\/wp-content\/uploads\/2023\/11\/priscilla-du-preez-XkKCui44iM0-unsplash-scaled-e1700040261922.jpg\" alt class=\"img-responsive wp-image-33334\" srcset=\"https:\/\/impulseducacio.org\/wp-content\/uploads\/2023\/11\/priscilla-du-preez-XkKCui44iM0-unsplash-scaled-e1700040261922-200x127.jpg 200w, https:\/\/impulseducacio.org\/wp-content\/uploads\/2023\/11\/priscilla-du-preez-XkKCui44iM0-unsplash-scaled-e1700040261922-400x255.jpg 400w, https:\/\/impulseducacio.org\/wp-content\/uploads\/2023\/11\/priscilla-du-preez-XkKCui44iM0-unsplash-scaled-e1700040261922-600x382.jpg 600w, https:\/\/impulseducacio.org\/wp-content\/uploads\/2023\/11\/priscilla-du-preez-XkKCui44iM0-unsplash-scaled-e1700040261922-800x509.jpg 800w, https:\/\/impulseducacio.org\/wp-content\/uploads\/2023\/11\/priscilla-du-preez-XkKCui44iM0-unsplash-scaled-e1700040261922-1200x764.jpg 1200w, https:\/\/impulseducacio.org\/wp-content\/uploads\/2023\/11\/priscilla-du-preez-XkKCui44iM0-unsplash-scaled-e1700040261922.jpg 2441w\" sizes=\"(max-width: 1024px) 100vw, (max-width: 620px) 100vw, 800px\" \/><\/span><\/div><\/div><\/div><div class=\"fusion-layout-column fusion_builder_column_inner fusion-builder-nested-column-15 fusion_builder_column_inner_1_2 1_2 fusion-flex-column fusion-flex-align-self-center\" style=\"--awb-bg-size:cover;--awb-width-large:50%;--awb-margin-top-large:20px;--awb-spacing-right-large:3.84%;--awb-margin-bottom-large:20px;--awb-spacing-left-large:3.84%;--awb-width-medium:100%;--awb-order-medium:0;--awb-spacing-right-medium:1.92%;--awb-spacing-left-medium:1.92%;--awb-width-small:100%;--awb-order-small:0;--awb-spacing-right-small:1.92%;--awb-spacing-left-small:1.92%;\" data-scroll-devices=\"small-visibility,medium-visibility,large-visibility\"><div class=\"fusion-column-wrapper fusion-column-has-shadow fusion-flex-justify-content-center fusion-content-layout-column\"><div class=\"fusion-text fusion-text-12\"><h6>Investigar el tema para recopilar informaci\u00f3n sobre los principales datos y argumentos ser\u00eda el primer paso<\/h6>\n<\/div><\/div><\/div><\/div><div class=\"fusion-builder-row fusion-builder-row-inner fusion-row fusion-flex-align-items-flex-start fusion-flex-content-wrap\" style=\"width:104% !important;max-width:104% !important;margin-left: calc(-4% \/ 2 );margin-right: calc(-4% \/ 2 );\"><div class=\"fusion-layout-column fusion_builder_column_inner fusion-builder-nested-column-16 fusion_builder_column_inner_1_1 1_1 fusion-flex-column\" style=\"--awb-bg-size:cover;--awb-width-large:100%;--awb-margin-top-large:18px;--awb-spacing-right-large:1.92%;--awb-margin-bottom-large:0px;--awb-spacing-left-large:1.92%;--awb-width-medium:100%;--awb-order-medium:0;--awb-spacing-right-medium:1.92%;--awb-spacing-left-medium:1.92%;--awb-width-small:100%;--awb-order-small:0;--awb-spacing-right-small:1.92%;--awb-spacing-left-small:1.92%;\"><div class=\"fusion-column-wrapper fusion-column-has-shadow fusion-flex-justify-content-flex-start fusion-content-layout-column\"><div class=\"fusion-text fusion-text-13\"><p>Adem\u00e1s, sugerimos seguir los siguientes pasos:<\/p>\n<p><strong>Organizar la informaci\u00f3n<\/strong> que han recopilado, de manera que el discurso sea claro y conciso de acuerdo con las normas o bases.<\/p>\n<p><strong>Escribir un guion<\/strong> que les ayude a organizar sus ideas y a controlar el tiempo.<\/p>\n<p><strong>Practicar el discurso<\/strong> en voz alta, frente a un espejo o ante un amigo o familiar, e incluso grabarlo para mirarlo m\u00e1s tarde para identificar posibles errores y mejorar la claridad y la precisi\u00f3n del lenguaje.<\/p>\n<p>En cuanto a la estructura de su exposici\u00f3n, los alumnos pueden basarse en las tres partes cl\u00e1sicas:<\/p>\n<p><strong>Introducci\u00f3n<\/strong>: deben presentar el tema de la exposici\u00f3n y plantear la tesis que van a defender.<\/p>\n<p><strong>Desarrollo<\/strong>: deben exponer los principales datos y argumentos que apoyan su planteamiento.<\/p>\n<p><strong>Conclusi\u00f3n<\/strong>: presentar un resumen de las ideas principales de su exposici\u00f3n y reafirmar su razonamiento o tesis.<\/p>\n<\/div><\/div><\/div><\/div><div class=\"fusion-separator fusion-full-width-sep\" style=\"align-self: center;margin-left: auto;margin-right: auto;margin-top:20px;width:100%;\"><\/div><div class=\"fusion-text fusion-text-14\"><h5>Valora este post \n\n<div class=\"kk-star-ratings kksr-template\"\n    data-payload='{&quot;id&quot;:&quot;33295&quot;,&quot;slug&quot;:&quot;default&quot;,&quot;ignore&quot;:&quot;&quot;,&quot;reference&quot;:&quot;template&quot;,&quot;align&quot;:&quot;&quot;,&quot;class&quot;:&quot;&quot;,&quot;count&quot;:&quot;0&quot;,&quot;legendonly&quot;:&quot;&quot;,&quot;readonly&quot;:&quot;&quot;,&quot;score&quot;:&quot;0&quot;,&quot;starsonly&quot;:&quot;&quot;,&quot;valign&quot;:&quot;&quot;,&quot;best&quot;:&quot;5&quot;,&quot;gap&quot;:&quot;5&quot;,&quot;greet&quot;:&quot;Valora este post&quot;,&quot;legend&quot;:&quot;0\\\/5 - (0 votes)&quot;,&quot;size&quot;:&quot;24&quot;,&quot;title&quot;:&quot;La expresi\u00f3n oral en Secundaria: una herramienta esencial para la comunicaci\u00f3n&quot;,&quot;width&quot;:&quot;0&quot;,&quot;_legend&quot;:&quot;{score}\\\/{best} - ({count} {votes})&quot;,&quot;font_factor&quot;:&quot;1.25&quot;}'>\n            \n<div class=\"kksr-stars\">\n    \n<div class=\"kksr-stars-inactive\">\n            <div class=\"kksr-star\" data-star=\"1\" style=\"padding-right: 5px\">\n            \n\n<div class=\"kksr-icon\" style=\"width: 24px; height: 24px;\"><\/div>\n        <\/div>\n            <div class=\"kksr-star\" data-star=\"2\" style=\"padding-right: 5px\">\n            \n\n<div class=\"kksr-icon\" style=\"width: 24px; height: 24px;\"><\/div>\n        <\/div>\n            <div class=\"kksr-star\" data-star=\"3\" style=\"padding-right: 5px\">\n            \n\n<div class=\"kksr-icon\" style=\"width: 24px; height: 24px;\"><\/div>\n        <\/div>\n            <div class=\"kksr-star\" data-star=\"4\" style=\"padding-right: 5px\">\n            \n\n<div class=\"kksr-icon\" style=\"width: 24px; height: 24px;\"><\/div>\n        <\/div>\n            <div class=\"kksr-star\" data-star=\"5\" style=\"padding-right: 5px\">\n            \n\n<div class=\"kksr-icon\" style=\"width: 24px; height: 24px;\"><\/div>\n        <\/div>\n    <\/div>\n    \n<div class=\"kksr-stars-active\" style=\"width: 0px;\">\n            <div class=\"kksr-star\" style=\"padding-right: 5px\">\n            \n\n<div class=\"kksr-icon\" style=\"width: 24px; height: 24px;\"><\/div>\n        <\/div>\n            <div class=\"kksr-star\" style=\"padding-right: 5px\">\n            \n\n<div class=\"kksr-icon\" style=\"width: 24px; height: 24px;\"><\/div>\n        <\/div>\n            <div class=\"kksr-star\" style=\"padding-right: 5px\">\n            \n\n<div class=\"kksr-icon\" style=\"width: 24px; height: 24px;\"><\/div>\n        <\/div>\n            <div class=\"kksr-star\" style=\"padding-right: 5px\">\n            \n\n<div class=\"kksr-icon\" style=\"width: 24px; height: 24px;\"><\/div>\n        <\/div>\n            <div class=\"kksr-star\" style=\"padding-right: 5px\">\n            \n\n<div class=\"kksr-icon\" style=\"width: 24px; height: 24px;\"><\/div>\n        <\/div>\n    <\/div>\n<\/div>\n                \n\n<div class=\"kksr-legend\" style=\"font-size: 19.2px;\">\n            <span class=\"kksr-muted\">Valora este post<\/span>\n    <\/div>\n    <\/div>\n&nbsp;<\/h5>\n<\/div><\/div><\/div><\/div><\/div><div class=\"fusion-fullwidth fullwidth-box fusion-builder-row-4 nonhundred-percent-fullwidth non-hundred-percent-height-scrolling\" style=\"--awb-border-radius-top-left:0px;--awb-border-radius-top-right:0px;--awb-border-radius-bottom-right:0px;--awb-border-radius-bottom-left:0px;--awb-padding-top:0px;--awb-padding-bottom:0%;--awb-margin-top:0px;--awb-flex-wrap:wrap;\" ><div class=\"fusion-builder-row fusion-row\"><div class=\"fusion-layout-column fusion_builder_column fusion-builder-column-5 fusion_builder_column_1_1 1_1 fusion-one-full fusion-column-first fusion-column-last fusion-animated\" style=\"--awb-bg-blend:overlay;--awb-bg-size:cover;--awb-margin-top:0px;--awb-margin-bottom:30px;\" data-animationType=\"fadeInDown\" data-animationDuration=\"0.6\" data-animationOffset=\"top-into-view\" data-scroll-devices=\"small-visibility,medium-visibility,large-visibility\"><div class=\"fusion-column-wrapper fusion-column-has-shadow fusion-flex-column-wrapper-legacy\"><div class=\"fusion-sharing-box fusion-sharing-box-2 boxed-icons has-taglines layout-floated layout-medium-floated layout-small-stacked\" style=\"background-color:rgba(246,244,245,0);padding:0;--awb-separator-border-sizes:0px;--awb-alignment:flex-start;--awb-layout:row;--awb-alignment-small:space-between;--awb-stacked-align-small:center;\" data-title=\"La expresi\u00f3n oral en Secundaria: una herramienta esencial para la comunicaci\u00f3n\" data-description=\"La expresi\u00f3n oral en Secundaria: una herramienta esencial para la comunicaci\u00f3n\r\n     Your Content Goes Here  \r\nC\u00f3mo preparar un discurso eficaz   \r\npor Jordi Viladrosa i Clua\r\nEn la actualidad, la expresi\u00f3n oral es una herramienta esencial para la comunicaci\u00f3n\" data-link=\"https:\/\/impulseducacio.org\/es\/la-expresion-oral-en-secundaria-una-herramienta-esencial-para-la-comunicacion\/\"><h4 class=\"tagline\" style=\"color:#48626f;\">Compartir<\/h4><div class=\"fusion-social-networks sharingbox-shortcode-icon-wrapper sharingbox-shortcode-icon-wrapper-2 boxed-icons\"><span><a href=\"https:\/\/www.facebook.com\/sharer.php?u=https%3A%2F%2Fimpulseducacio.org%2Fes%2Fla-expresion-oral-en-secundaria-una-herramienta-esencial-para-la-comunicacion%2F&amp;t=La%20expresi%C3%B3n%20oral%20en%20Secundaria%3A%20una%20herramienta%20esencial%20para%20la%20comunicaci%C3%B3n\" target=\"_blank\" rel=\"noreferrer\" title=\"Facebook\" aria-label=\"Facebook\" data-placement=\"bottom\" data-toggle=\"tooltip\" data-title=\"Facebook\"><i class=\"fusion-social-network-icon fusion-tooltip fusion-facebook awb-icon-facebook\" style=\"color:#ffffff;background-color:#3b5998;border-color:#3b5998;border-radius:24px;\" aria-hidden=\"true\"><\/i><\/a><\/span><span><a href=\"https:\/\/x.com\/intent\/post?text=La%20expresi%C3%B3n%20oral%20en%20Secundaria%3A%20una%20herramienta%20esencial%20para%20la%20comunicaci%C3%B3n&amp;url=https%3A%2F%2Fimpulseducacio.org%2Fes%2Fla-expresion-oral-en-secundaria-una-herramienta-esencial-para-la-comunicacion%2F\" target=\"_blank\" rel=\"noopener noreferrer\" title=\"X\" aria-label=\"X\" data-placement=\"bottom\" data-toggle=\"tooltip\" data-title=\"X\"><i class=\"fusion-social-network-icon fusion-tooltip fusion-twitter awb-icon-twitter\" style=\"color:#ffffff;background-color:#000000;border-color:#000000;border-radius:24px;\" aria-hidden=\"true\"><\/i><\/a><\/span><span><a href=\"https:\/\/www.linkedin.com\/shareArticle?mini=true&amp;url=https%3A%2F%2Fimpulseducacio.org%2Fes%2Fla-expresion-oral-en-secundaria-una-herramienta-esencial-para-la-comunicacion%2F&amp;title=La%20expresi%C3%B3n%20oral%20en%20Secundaria%3A%20una%20herramienta%20esencial%20para%20la%20comunicaci%C3%B3n&amp;summary=La%20expresi%C3%B3n%20oral%20en%20Secundaria%3A%20una%20herramienta%20esencial%20para%20la%20comunicaci%C3%B3n%0D%0A%20%20%20%20%20%20%20%20%20Your%20Content%20Goes%20Here%20%20%20%0D%0AC%C3%B3mo%20preparar%20un%20discurso%20eficaz%20%20%20%20%20%0D%0Apor%20Jordi%20Viladrosa%20i%20Clua%0D%0AEn%20la%20actualidad%2C%20la%20expresi%C3%B3n%20oral%20es%20una%20herramienta%20esencial%20para%20la%20comunicaci%C3%B3n\" target=\"_blank\" rel=\"noopener noreferrer\" title=\"LinkedIn\" aria-label=\"LinkedIn\" data-placement=\"bottom\" data-toggle=\"tooltip\" data-title=\"LinkedIn\"><i class=\"fusion-social-network-icon fusion-tooltip fusion-linkedin awb-icon-linkedin\" style=\"color:#ffffff;background-color:#0077b5;border-color:#0077b5;border-radius:24px;\" aria-hidden=\"true\"><\/i><\/a><\/span><span><a href=\"mailto:?subject=La%20expresi%C3%B3n%20oral%20en%20Secundaria%3A%20una%20herramienta%20esencial%20para%20la%20comunicaci%C3%B3n&amp;body=https%3A%2F%2Fimpulseducacio.org%2Fes%2Fla-expresion-oral-en-secundaria-una-herramienta-esencial-para-la-comunicacion%2F\" target=\"_self\" title=\"Email\" aria-label=\"Email\" data-placement=\"bottom\" data-toggle=\"tooltip\" data-title=\"Email\"><i class=\"fusion-social-network-icon fusion-tooltip fusion-mail awb-icon-mail\" style=\"color:#ffffff;background-color:#000000;border-color:#000000;border-radius:24px;\" aria-hidden=\"true\"><\/i><\/a><\/span><\/div><\/div><div class=\"fusion-clearfix\"><\/div><\/div><\/div><\/div><\/div><div class=\"fusion-fullwidth fullwidth-box fusion-builder-row-5 nonhundred-percent-fullwidth non-hundred-percent-height-scrolling\" style=\"--awb-border-radius-top-left:0px;--awb-border-radius-top-right:0px;--awb-border-radius-bottom-right:0px;--awb-border-radius-bottom-left:0px;--awb-padding-top:0px;--awb-padding-bottom:0px;--awb-margin-top:0px;--awb-margin-bottom:0px;--awb-flex-wrap:wrap;\" ><div class=\"fusion-builder-row fusion-row\"><div class=\"fusion-layout-column fusion_builder_column fusion-builder-column-6 fusion_builder_column_3_4 3_4 fusion-three-fourth fusion-column-first\" style=\"--awb-bg-size:cover;width:75%;width:calc(75% - ( ( 4% ) * 0.75 ) );margin-right: 4%;\"><div class=\"fusion-column-wrapper fusion-column-has-shadow fusion-flex-column-wrapper-legacy\"><div class=\"fusion-text fusion-text-15\"><p style=\"font-size: 35px; line-height: 37.4px; font-family: 'Open Sans'; font-weight: 300;\" data-fusion-font=\"true\" data-fusion-google-font=\"Open Sans\" data-fusion-google-variant=\"300\" data-fusion-google-subset=\"latin\">Te puede interesar<\/p>\n<\/div><div class=\"fusion-clearfix\"><\/div><\/div><\/div><div class=\"fusion-layout-column fusion_builder_column fusion-builder-column-7 fusion_builder_column_1_4 1_4 fusion-one-fourth fusion-column-last\" style=\"--awb-bg-size:cover;width:25%;width:calc(25% - ( ( 4% ) * 0.25 ) );\" data-scroll-devices=\"small-visibility,medium-visibility,large-visibility\"><div class=\"fusion-column-wrapper fusion-column-has-shadow fusion-flex-column-wrapper-legacy\"><div class=\"fusion-alignright\"><a class=\"fusion-button button-flat button-large button-custom fusion-button-default button-1 fusion-button-default-span fusion-button-default-type\" style=\"--button_accent_color:#ffffff;--button_accent_hover_color:#ffffff;--button_border_hover_color:#ffffff;--button_gradient_top_color:#ffad00;--button_gradient_bottom_color:#ffad00;--button_gradient_top_color_hover:#48626f;--button_gradient_bottom_color_hover:#48626f;\" target=\"lightbox\" rel=\"iLightbox\" href=\"https:\/\/institucio.ipzmarketing.com\/f\/UqpRXGXYQDs\"><i class=\"fa-envelope fas awb-button__icon awb-button__icon--default button-icon-left\" aria-hidden=\"true\"><\/i><span class=\"fusion-button-text awb-button__text awb-button__text--default\">Suscr\u00edbete<\/span><\/a><\/div><div class=\"fusion-clearfix\"><\/div><\/div><\/div><div class=\"fusion-layout-column fusion_builder_column fusion-builder-column-8 fusion_builder_column_1_1 1_1 fusion-one-full fusion-column-first fusion-column-last\" style=\"--awb-padding-top:21px;--awb-bg-blend:overlay;--awb-bg-size:cover;--awb-margin-top:0px;--awb-margin-bottom:0px;\"><div class=\"fusion-column-wrapper fusion-column-has-shadow fusion-flex-column-wrapper-legacy\"><div class=\"fusion-blog-shortcode fusion-blog-shortcode-1 fusion-blog-archive fusion-blog-layout-grid-wrapper fusion-blog-pagination\"><style type=\"text\/css\">.fusion-blog-shortcode-1 .fusion-blog-layout-grid .fusion-post-grid{padding:21px;}.fusion-blog-shortcode-1 .fusion-posts-container{margin-left: -21px !important; margin-right:-21px !important;}<\/style><div class=\"fusion-posts-container fusion-posts-container-pagination fusion-no-meta-info fusion-blog-rollover fusion-blog-layout-grid fusion-blog-layout-grid-3 isotope fusion-blog-equal-heights\" data-pages=\"9\" data-grid-col-space=\"42\" style=\"margin: -21px -21px 0;min-height:500px;\"><article id=\"blog-1-post-48675\" class=\"fusion-post-grid post-48675 post type-post status-publish format-standard has-post-thumbnail hentry category-competencia-oral category-pensamiento category-tedis category-tedis-2 tag-tedis-es\">\n<div class=\"fusion-post-wrapper\" style=\"background-color:rgba(246,247,247,1);border:none;\">\n\n\t\t\t<div class=\"fusion-flexslider flexslider fusion-flexslider-loading fusion-post-slideshow\" style=\"border-color:rgba(255,255,255,0);\">\n\t\t<ul class=\"slides\">\n\t\t\t\n\t\t\t\t\t\t\t\t\t\t\t\t\t\t<li><div  class=\"fusion-image-wrapper\" aria-haspopup=\"true\">\n\t\t\t\t<img decoding=\"async\" width=\"2228\" height=\"1114\" src=\"https:\/\/impulseducacio.org\/wp-content\/uploads\/2025\/12\/portada-TEDIS-2026-adolescente-chica-dando-discurso-1-scaled-e1777295008198.jpg\" class=\"attachment-full size-full wp-post-image\" alt=\"\" srcset=\"https:\/\/impulseducacio.org\/wp-content\/uploads\/2025\/12\/portada-TEDIS-2026-adolescente-chica-dando-discurso-1-scaled-e1777295008198-200x100.jpg 200w, https:\/\/impulseducacio.org\/wp-content\/uploads\/2025\/12\/portada-TEDIS-2026-adolescente-chica-dando-discurso-1-scaled-e1777295008198-400x200.jpg 400w, https:\/\/impulseducacio.org\/wp-content\/uploads\/2025\/12\/portada-TEDIS-2026-adolescente-chica-dando-discurso-1-scaled-e1777295008198-600x300.jpg 600w, https:\/\/impulseducacio.org\/wp-content\/uploads\/2025\/12\/portada-TEDIS-2026-adolescente-chica-dando-discurso-1-scaled-e1777295008198-800x400.jpg 800w, https:\/\/impulseducacio.org\/wp-content\/uploads\/2025\/12\/portada-TEDIS-2026-adolescente-chica-dando-discurso-1-scaled-e1777295008198-1200x600.jpg 1200w, https:\/\/impulseducacio.org\/wp-content\/uploads\/2025\/12\/portada-TEDIS-2026-adolescente-chica-dando-discurso-1-scaled-e1777295008198.jpg 2228w\" sizes=\"(min-width: 2200px) 100vw, (min-width: 784px) 399px, (min-width: 712px) 598px, (min-width: 640px) 712px, \" \/><div class=\"fusion-rollover\">\n\t<div class=\"fusion-rollover-content\">\n\n\t\t\t\t\t\t\t\t\t\t\t\t\t\t<a class=\"fusion-rollover-link\" href=\"https:\/\/impulseducacio.org\/es\/tedis-2026\/\">TEDIS 2026<\/a>\n\t\t\t\n\t\t\t\t\t\t\t\t\t\t\t\t\t\t\n\t\t\t\t\t\t\t\t\n\t\t\t\t\t\t\t\t\t\t\t\t\t<div class=\"fusion-rollover-sep\"><\/div>\n\t\t\t\t\n\t\t\t\t\t\t\t\t\t\t\t\t\t\t\t\t\t\t<a class=\"fusion-rollover-gallery\" href=\"https:\/\/impulseducacio.org\/wp-content\/uploads\/2025\/12\/portada-TEDIS-2026-adolescente-chica-dando-discurso-1-scaled-e1777295008198.jpg\" data-options=\"\" data-id=\"48675\" data-rel=\"iLightbox[gallery]\" data-title=\"portada-TEDIS-2026-adolescente-chica-dando-discurso\" data-caption=\"\">\n\t\t\t\t\t\tGallery\t\t\t\t\t<\/a>\n\t\t\t\t\t\t\t\t\t\t\t\t\t\t\n\t\t\n\t\t\t\t\t\t\t\t\n\t\t\t\t\t\t\t\t\n\t\t\n\t\t\t\t\t\t<a class=\"fusion-link-wrapper\" href=\"https:\/\/impulseducacio.org\/es\/tedis-2026\/\" aria-label=\"TEDIS 2026\"><\/a>\n\t<\/div>\n<\/div>\n<\/div>\n<\/li>\n\t\t\t\n\t\t\t\n\t\t\t\t\t\t\t\t\t\t\t\t\t\t\t\t\t\t\t\t\t\t\t\t\t\t\t\t\t\t\t\t\t\t\t\t\t\t\t\t\t\t\t\t\t\t\t\t\t\t\t\t\t\t\t\t\t\t\t\t\t\t\t\t\t\t\t\t<\/ul>\n\t<\/div>\n\t<div class=\"fusion-post-content-wrapper\" style=\"padding:30px 8% 25px 8%;\"><div class=\"fusion-post-content post-content\"><h2 class=\"blog-shortcode-post-title entry-title\"><a href=\"https:\/\/impulseducacio.org\/es\/tedis-2026\/\">TEDIS 2026<\/a><\/h2><\/div><\/div><div class=\"fusion-clearfix\"><\/div><\/div>\n<\/article>\n<article id=\"blog-1-post-47240\" class=\"fusion-post-grid post-47240 post type-post status-publish format-standard has-post-thumbnail hentry category-pensamiento tag-entrevista-experto\">\n<div class=\"fusion-post-wrapper\" style=\"background-color:rgba(246,247,247,1);border:none;\">\n\n\t\t\t<div class=\"fusion-flexslider flexslider fusion-flexslider-loading fusion-post-slideshow\" style=\"border-color:rgba(255,255,255,0);\">\n\t\t<ul class=\"slides\">\n\t\t\t\n\t\t\t\t\t\t\t\t\t\t\t\t\t\t<li><div  class=\"fusion-image-wrapper\" aria-haspopup=\"true\">\n\t\t\t\t<img decoding=\"async\" width=\"2560\" height=\"1283\" src=\"https:\/\/impulseducacio.org\/wp-content\/uploads\/2025\/06\/1.-Portada-entrevista-Edward-Brooks_WEB-scaled.jpg\" class=\"attachment-full size-full wp-post-image\" alt=\"\" srcset=\"https:\/\/impulseducacio.org\/wp-content\/uploads\/2025\/06\/1.-Portada-entrevista-Edward-Brooks_WEB-200x100.jpg 200w, https:\/\/impulseducacio.org\/wp-content\/uploads\/2025\/06\/1.-Portada-entrevista-Edward-Brooks_WEB-400x201.jpg 400w, https:\/\/impulseducacio.org\/wp-content\/uploads\/2025\/06\/1.-Portada-entrevista-Edward-Brooks_WEB-600x301.jpg 600w, https:\/\/impulseducacio.org\/wp-content\/uploads\/2025\/06\/1.-Portada-entrevista-Edward-Brooks_WEB-800x401.jpg 800w, https:\/\/impulseducacio.org\/wp-content\/uploads\/2025\/06\/1.-Portada-entrevista-Edward-Brooks_WEB-1200x602.jpg 1200w, https:\/\/impulseducacio.org\/wp-content\/uploads\/2025\/06\/1.-Portada-entrevista-Edward-Brooks_WEB-scaled.jpg 2560w\" sizes=\"(min-width: 2200px) 100vw, (min-width: 784px) 399px, (min-width: 712px) 598px, (min-width: 640px) 712px, \" \/><div class=\"fusion-rollover\">\n\t<div class=\"fusion-rollover-content\">\n\n\t\t\t\t\t\t\t\t\t\t\t\t\t\t<a class=\"fusion-rollover-link\" href=\"https:\/\/impulseducacio.org\/es\/educar-el-caracter-para-un-liderazgo-global-con-impacto\/\">Educar el car\u00e1cter para un liderazgo global con impacto<\/a>\n\t\t\t\n\t\t\t\t\t\t\t\t\t\t\t\t\t\t\n\t\t\t\t\t\t\t\t\n\t\t\t\t\t\t\t\t\t\t\t\t\t<div class=\"fusion-rollover-sep\"><\/div>\n\t\t\t\t\n\t\t\t\t\t\t\t\t\t\t\t\t\t\t\t\t\t\t<a class=\"fusion-rollover-gallery\" href=\"https:\/\/impulseducacio.org\/wp-content\/uploads\/2025\/06\/1.-Portada-entrevista-Edward-Brooks_WEB-scaled.jpg\" data-options=\"\" data-id=\"47240\" data-rel=\"iLightbox[gallery]\" data-title=\"1.-Portada-entrevista-Edward-Brooks_WEB\" data-caption=\"\">\n\t\t\t\t\t\tGallery\t\t\t\t\t<\/a>\n\t\t\t\t\t\t\t\t\t\t\t\t\t\t\n\t\t\n\t\t\t\t\t\t\t\t\n\t\t\t\t\t\t\t\t\n\t\t\n\t\t\t\t\t\t<a class=\"fusion-link-wrapper\" href=\"https:\/\/impulseducacio.org\/es\/educar-el-caracter-para-un-liderazgo-global-con-impacto\/\" aria-label=\"Educar el car\u00e1cter para un liderazgo global con impacto\"><\/a>\n\t<\/div>\n<\/div>\n<\/div>\n<\/li>\n\t\t\t\n\t\t\t\n\t\t\t\t\t\t\t\t\t\t\t\t\t\t\t\t\t\t\t\t\t\t\t\t\t\t\t\t\t\t\t\t\t\t\t\t\t\t\t\t\t\t\t\t\t\t\t\t\t\t\t\t\t\t\t\t\t\t\t\t\t\t\t\t\t\t\t\t<\/ul>\n\t<\/div>\n\t<div class=\"fusion-post-content-wrapper\" style=\"padding:30px 8% 25px 8%;\"><div class=\"fusion-post-content post-content\"><h2 class=\"blog-shortcode-post-title entry-title\"><a href=\"https:\/\/impulseducacio.org\/es\/educar-el-caracter-para-un-liderazgo-global-con-impacto\/\">Educar el car\u00e1cter para un liderazgo global con impacto<\/a><\/h2><\/div><\/div><div class=\"fusion-clearfix\"><\/div><\/div>\n<\/article>\n<article id=\"blog-1-post-47211\" class=\"fusion-post-grid post-47211 post type-post status-publish format-standard has-post-thumbnail hentry category-pensamiento tag-entrevista-experto\">\n<div class=\"fusion-post-wrapper\" style=\"background-color:rgba(246,247,247,1);border:none;\">\n\n\t\t\t<div class=\"fusion-flexslider flexslider fusion-flexslider-loading fusion-post-slideshow\" style=\"border-color:rgba(255,255,255,0);\">\n\t\t<ul class=\"slides\">\n\t\t\t\n\t\t\t\t\t\t\t\t\t\t\t\t\t\t<li><div  class=\"fusion-image-wrapper\" aria-haspopup=\"true\">\n\t\t\t\t<img decoding=\"async\" width=\"2560\" height=\"1279\" src=\"https:\/\/impulseducacio.org\/wp-content\/uploads\/2025\/06\/1.-Portada-entrevista-JM-Torralba_WEB-scaled.jpg\" class=\"attachment-full size-full wp-post-image\" alt=\"\" srcset=\"https:\/\/impulseducacio.org\/wp-content\/uploads\/2025\/06\/1.-Portada-entrevista-JM-Torralba_WEB-200x100.jpg 200w, https:\/\/impulseducacio.org\/wp-content\/uploads\/2025\/06\/1.-Portada-entrevista-JM-Torralba_WEB-400x200.jpg 400w, https:\/\/impulseducacio.org\/wp-content\/uploads\/2025\/06\/1.-Portada-entrevista-JM-Torralba_WEB-600x300.jpg 600w, https:\/\/impulseducacio.org\/wp-content\/uploads\/2025\/06\/1.-Portada-entrevista-JM-Torralba_WEB-800x400.jpg 800w, https:\/\/impulseducacio.org\/wp-content\/uploads\/2025\/06\/1.-Portada-entrevista-JM-Torralba_WEB-1200x600.jpg 1200w, https:\/\/impulseducacio.org\/wp-content\/uploads\/2025\/06\/1.-Portada-entrevista-JM-Torralba_WEB-scaled.jpg 2560w\" sizes=\"(min-width: 2200px) 100vw, (min-width: 784px) 399px, (min-width: 712px) 598px, (min-width: 640px) 712px, \" \/><div class=\"fusion-rollover\">\n\t<div class=\"fusion-rollover-content\">\n\n\t\t\t\t\t\t\t\t\t\t\t\t\t\t<a class=\"fusion-rollover-link\" href=\"https:\/\/impulseducacio.org\/es\/los-grandes-libros-como-brujula-educativa\/\">Los grandes libros como br\u00fajula educativa<\/a>\n\t\t\t\n\t\t\t\t\t\t\t\t\t\t\t\t\t\t\n\t\t\t\t\t\t\t\t\n\t\t\t\t\t\t\t\t\t\t\t\t\t<div class=\"fusion-rollover-sep\"><\/div>\n\t\t\t\t\n\t\t\t\t\t\t\t\t\t\t\t\t\t\t\t\t\t\t<a class=\"fusion-rollover-gallery\" href=\"https:\/\/impulseducacio.org\/wp-content\/uploads\/2025\/06\/1.-Portada-entrevista-JM-Torralba_WEB-scaled.jpg\" data-options=\"\" data-id=\"47211\" data-rel=\"iLightbox[gallery]\" data-title=\"1.-Portada-entrevista-JM-Torralba_WEB\" data-caption=\"\">\n\t\t\t\t\t\tGallery\t\t\t\t\t<\/a>\n\t\t\t\t\t\t\t\t\t\t\t\t\t\t\n\t\t\n\t\t\t\t\t\t\t\t\n\t\t\t\t\t\t\t\t\n\t\t\n\t\t\t\t\t\t<a class=\"fusion-link-wrapper\" href=\"https:\/\/impulseducacio.org\/es\/los-grandes-libros-como-brujula-educativa\/\" aria-label=\"Los grandes libros como br\u00fajula educativa\"><\/a>\n\t<\/div>\n<\/div>\n<\/div>\n<\/li>\n\t\t\t\n\t\t\t\n\t\t\t\t\t\t\t\t\t\t\t\t\t\t\t\t\t\t\t\t\t\t\t\t\t\t\t\t\t\t\t\t\t\t\t\t\t\t\t\t\t\t\t\t\t\t\t\t\t\t\t\t\t\t\t\t\t\t\t\t\t\t\t\t\t\t\t\t<\/ul>\n\t<\/div>\n\t<div class=\"fusion-post-content-wrapper\" style=\"padding:30px 8% 25px 8%;\"><div class=\"fusion-post-content post-content\"><h2 class=\"blog-shortcode-post-title entry-title\"><a href=\"https:\/\/impulseducacio.org\/es\/los-grandes-libros-como-brujula-educativa\/\">Los grandes libros como br\u00fajula educativa<\/a><\/h2><\/div><\/div><div class=\"fusion-clearfix\"><\/div><\/div>\n<\/article>\n<article id=\"blog-1-post-45972\" class=\"fusion-post-grid post-45972 post type-post status-publish format-gallery has-post-thumbnail hentry category-pensamiento tag-articulo-es tag-entrevista-experto post_format-post-format-gallery\">\n<div class=\"fusion-post-wrapper\" style=\"background-color:rgba(246,247,247,1);border:none;\">\n\n\t\t\t<div class=\"fusion-flexslider flexslider fusion-flexslider-loading fusion-post-slideshow\" style=\"border-color:rgba(255,255,255,0);\">\n\t\t<ul class=\"slides\">\n\t\t\t\n\t\t\t\t\t\t\t\t\t\t\t\t\t\t<li><div  class=\"fusion-image-wrapper\" aria-haspopup=\"true\">\n\t\t\t\t<img decoding=\"async\" width=\"2560\" height=\"1281\" src=\"https:\/\/impulseducacio.org\/wp-content\/uploads\/2025\/01\/0.-Portada-entrevista-Joanne-Quinn_WEB-scaled.jpg\" class=\"attachment-full size-full wp-post-image\" alt=\"\" srcset=\"https:\/\/impulseducacio.org\/wp-content\/uploads\/2025\/01\/0.-Portada-entrevista-Joanne-Quinn_WEB-200x100.jpg 200w, https:\/\/impulseducacio.org\/wp-content\/uploads\/2025\/01\/0.-Portada-entrevista-Joanne-Quinn_WEB-400x200.jpg 400w, https:\/\/impulseducacio.org\/wp-content\/uploads\/2025\/01\/0.-Portada-entrevista-Joanne-Quinn_WEB-600x300.jpg 600w, https:\/\/impulseducacio.org\/wp-content\/uploads\/2025\/01\/0.-Portada-entrevista-Joanne-Quinn_WEB-800x400.jpg 800w, https:\/\/impulseducacio.org\/wp-content\/uploads\/2025\/01\/0.-Portada-entrevista-Joanne-Quinn_WEB-1200x600.jpg 1200w, https:\/\/impulseducacio.org\/wp-content\/uploads\/2025\/01\/0.-Portada-entrevista-Joanne-Quinn_WEB-scaled.jpg 2560w\" sizes=\"(min-width: 2200px) 100vw, (min-width: 784px) 399px, (min-width: 712px) 598px, (min-width: 640px) 712px, \" \/><div class=\"fusion-rollover\">\n\t<div class=\"fusion-rollover-content\">\n\n\t\t\t\t\t\t\t\t\t\t\t\t\t\t<a class=\"fusion-rollover-link\" href=\"https:\/\/impulseducacio.org\/es\/el-aprendizaje-como-motor-de-cambio-global\/\">El aprendizaje como motor de cambio global<\/a>\n\t\t\t\n\t\t\t\t\t\t\t\t\t\t\t\t\t\t\n\t\t\t\t\t\t\t\t\n\t\t\t\t\t\t\t\t\t\t\t\t\t<div class=\"fusion-rollover-sep\"><\/div>\n\t\t\t\t\n\t\t\t\t\t\t\t\t\t\t\t\t\t\t\t\t\t\t<a class=\"fusion-rollover-gallery\" href=\"https:\/\/impulseducacio.org\/wp-content\/uploads\/2025\/01\/0.-Portada-entrevista-Joanne-Quinn_WEB-scaled.jpg\" data-options=\"\" data-id=\"45972\" data-rel=\"iLightbox[gallery]\" data-title=\"0.-Portada-entrevista-Joanne-Quinn_WEB\" data-caption=\"\">\n\t\t\t\t\t\tGallery\t\t\t\t\t<\/a>\n\t\t\t\t\t\t\t\t\t\t\t\t\t\t\n\t\t\n\t\t\t\t\t\t\t\t\n\t\t\t\t\t\t\t\t\n\t\t\n\t\t\t\t\t\t<a class=\"fusion-link-wrapper\" href=\"https:\/\/impulseducacio.org\/es\/el-aprendizaje-como-motor-de-cambio-global\/\" aria-label=\"El aprendizaje como motor de cambio global\"><\/a>\n\t<\/div>\n<\/div>\n<\/div>\n<\/li>\n\t\t\t\n\t\t\t\n\t\t\t\t\t\t\t\t\t\t\t\t\t\t\t\t\t\t\t\t\t\t\t\t\t\t\t\t\t\t\t\t\t\t\t\t\t\t\t\t\t\t\t\t\t\t\t\t\t\t\t\t\t\t\t\t\t\t\t\t\t\t\t\t\t\t\t\t<\/ul>\n\t<\/div>\n\t<div class=\"fusion-post-content-wrapper\" style=\"padding:30px 8% 25px 8%;\"><div class=\"fusion-post-content post-content\"><h2 class=\"blog-shortcode-post-title entry-title\"><a href=\"https:\/\/impulseducacio.org\/es\/el-aprendizaje-como-motor-de-cambio-global\/\">El aprendizaje como motor de cambio global<\/a><\/h2><\/div><\/div><div class=\"fusion-clearfix\"><\/div><\/div>\n<\/article>\n<article id=\"blog-1-post-45788\" class=\"fusion-post-grid post-45788 post type-post status-publish format-gallery has-post-thumbnail hentry category-pensamiento tag-articulo-es post_format-post-format-gallery\">\n<div class=\"fusion-post-wrapper\" style=\"background-color:rgba(246,247,247,1);border:none;\">\n\n\t\t\t<div class=\"fusion-flexslider flexslider fusion-flexslider-loading fusion-post-slideshow\" style=\"border-color:rgba(255,255,255,0);\">\n\t\t<ul class=\"slides\">\n\t\t\t\n\t\t\t\t\t\t\t\t\t\t\t\t\t\t<li><div  class=\"fusion-image-wrapper\" aria-haspopup=\"true\">\n\t\t\t\t<img decoding=\"async\" width=\"2560\" height=\"1282\" src=\"https:\/\/impulseducacio.org\/wp-content\/uploads\/2025\/01\/0.-Portada-Xavi-Ureta_WEB-scaled.jpg\" class=\"attachment-full size-full wp-post-image\" alt=\"\" srcset=\"https:\/\/impulseducacio.org\/wp-content\/uploads\/2025\/01\/0.-Portada-Xavi-Ureta_WEB-200x100.jpg 200w, https:\/\/impulseducacio.org\/wp-content\/uploads\/2025\/01\/0.-Portada-Xavi-Ureta_WEB-400x200.jpg 400w, https:\/\/impulseducacio.org\/wp-content\/uploads\/2025\/01\/0.-Portada-Xavi-Ureta_WEB-600x300.jpg 600w, https:\/\/impulseducacio.org\/wp-content\/uploads\/2025\/01\/0.-Portada-Xavi-Ureta_WEB-800x401.jpg 800w, https:\/\/impulseducacio.org\/wp-content\/uploads\/2025\/01\/0.-Portada-Xavi-Ureta_WEB-1200x601.jpg 1200w, https:\/\/impulseducacio.org\/wp-content\/uploads\/2025\/01\/0.-Portada-Xavi-Ureta_WEB-scaled.jpg 2560w\" sizes=\"(min-width: 2200px) 100vw, (min-width: 784px) 399px, (min-width: 712px) 598px, (min-width: 640px) 712px, \" \/><div class=\"fusion-rollover\">\n\t<div class=\"fusion-rollover-content\">\n\n\t\t\t\t\t\t\t\t\t\t\t\t\t\t<a class=\"fusion-rollover-link\" href=\"https:\/\/impulseducacio.org\/es\/mas-alla-de-las-tendencias-educativas\/\">M\u00e1s all\u00e1 de las tendencias educativas<\/a>\n\t\t\t\n\t\t\t\t\t\t\t\t\t\t\t\t\t\t\n\t\t\t\t\t\t\t\t\n\t\t\t\t\t\t\t\t\t\t\t\t\t<div class=\"fusion-rollover-sep\"><\/div>\n\t\t\t\t\n\t\t\t\t\t\t\t\t\t\t\t\t\t\t\t\t\t\t<a class=\"fusion-rollover-gallery\" href=\"https:\/\/impulseducacio.org\/wp-content\/uploads\/2025\/01\/0.-Portada-Xavi-Ureta_WEB-scaled.jpg\" data-options=\"\" data-id=\"45788\" data-rel=\"iLightbox[gallery]\" data-title=\"0. Portada Xavi Ureta_WEB\" data-caption=\"\">\n\t\t\t\t\t\tGallery\t\t\t\t\t<\/a>\n\t\t\t\t\t\t\t\t\t\t\t\t\t\t\n\t\t\n\t\t\t\t\t\t\t\t\n\t\t\t\t\t\t\t\t\n\t\t\n\t\t\t\t\t\t<a class=\"fusion-link-wrapper\" href=\"https:\/\/impulseducacio.org\/es\/mas-alla-de-las-tendencias-educativas\/\" aria-label=\"M\u00e1s all\u00e1 de las tendencias educativas\"><\/a>\n\t<\/div>\n<\/div>\n<\/div>\n<\/li>\n\t\t\t\n\t\t\t\n\t\t\t\t\t\t\t\t\t\t\t\t\t\t\t\t\t\t\t\t\t\t\t\t\t\t\t\t\t\t\t\t\t\t\t\t\t\t\t\t\t\t\t\t\t\t\t\t\t\t\t\t\t\t\t\t\t\t\t\t\t\t\t\t\t\t\t\t<\/ul>\n\t<\/div>\n\t<div class=\"fusion-post-content-wrapper\" style=\"padding:30px 8% 25px 8%;\"><div class=\"fusion-post-content post-content\"><h2 class=\"blog-shortcode-post-title entry-title\"><a href=\"https:\/\/impulseducacio.org\/es\/mas-alla-de-las-tendencias-educativas\/\">M\u00e1s all\u00e1 de las tendencias educativas<\/a><\/h2><\/div><\/div><div class=\"fusion-clearfix\"><\/div><\/div>\n<\/article>\n<article id=\"blog-1-post-42208\" class=\"fusion-post-grid post-42208 post type-post status-publish format-standard has-post-thumbnail hentry category-competencia-oral-es category-pensamiento category-tedis-2 tag-tedis-es\">\n<div class=\"fusion-post-wrapper\" style=\"background-color:rgba(246,247,247,1);border:none;\">\n\n\t\t\t<div class=\"fusion-flexslider flexslider fusion-flexslider-loading fusion-post-slideshow\" style=\"border-color:rgba(255,255,255,0);\">\n\t\t<ul class=\"slides\">\n\t\t\t\n\t\t\t\t\t\t\t\t\t\t\t\t\t\t<li><div  class=\"fusion-image-wrapper\" aria-haspopup=\"true\">\n\t\t\t\t<img decoding=\"async\" width=\"2560\" height=\"1280\" src=\"https:\/\/impulseducacio.org\/wp-content\/uploads\/2024\/10\/Portada-post-TEDIS-2025-scaled.jpg\" class=\"attachment-full size-full wp-post-image\" alt=\"\" srcset=\"https:\/\/impulseducacio.org\/wp-content\/uploads\/2024\/10\/Portada-post-TEDIS-2025-200x100.jpg 200w, https:\/\/impulseducacio.org\/wp-content\/uploads\/2024\/10\/Portada-post-TEDIS-2025-400x200.jpg 400w, https:\/\/impulseducacio.org\/wp-content\/uploads\/2024\/10\/Portada-post-TEDIS-2025-600x300.jpg 600w, https:\/\/impulseducacio.org\/wp-content\/uploads\/2024\/10\/Portada-post-TEDIS-2025-800x400.jpg 800w, https:\/\/impulseducacio.org\/wp-content\/uploads\/2024\/10\/Portada-post-TEDIS-2025-1200x600.jpg 1200w, https:\/\/impulseducacio.org\/wp-content\/uploads\/2024\/10\/Portada-post-TEDIS-2025-scaled.jpg 2560w\" sizes=\"(min-width: 2200px) 100vw, (min-width: 784px) 399px, (min-width: 712px) 598px, (min-width: 640px) 712px, \" \/><div class=\"fusion-rollover\">\n\t<div class=\"fusion-rollover-content\">\n\n\t\t\t\t\t\t\t\t\t\t\t\t\t\t<a class=\"fusion-rollover-link\" href=\"https:\/\/impulseducacio.org\/es\/vuelve-el-torneo-escolar-de-oratoria-mas-popular-tedis-2025\/\">Vuelve el torneo escolar de oratoria m\u00e1s popular TEDIS 2025!<\/a>\n\t\t\t\n\t\t\t\t\t\t\t\t\t\t\t\t\t\t\n\t\t\t\t\t\t\t\t\n\t\t\t\t\t\t\t\t\t\t\t\t\t<div class=\"fusion-rollover-sep\"><\/div>\n\t\t\t\t\n\t\t\t\t\t\t\t\t\t\t\t\t\t\t\t\t\t\t<a class=\"fusion-rollover-gallery\" href=\"https:\/\/impulseducacio.org\/wp-content\/uploads\/2024\/10\/Portada-post-TEDIS-2025-scaled.jpg\" data-options=\"\" data-id=\"42208\" data-rel=\"iLightbox[gallery]\" data-title=\"Portada-post-TEDIS-2025\" data-caption=\"\">\n\t\t\t\t\t\tGallery\t\t\t\t\t<\/a>\n\t\t\t\t\t\t\t\t\t\t\t\t\t\t\n\t\t\n\t\t\t\t\t\t\t\t\n\t\t\t\t\t\t\t\t\n\t\t\n\t\t\t\t\t\t<a class=\"fusion-link-wrapper\" href=\"https:\/\/impulseducacio.org\/es\/vuelve-el-torneo-escolar-de-oratoria-mas-popular-tedis-2025\/\" aria-label=\"Vuelve el torneo escolar de oratoria m\u00e1s popular TEDIS 2025!\"><\/a>\n\t<\/div>\n<\/div>\n<\/div>\n<\/li>\n\t\t\t\n\t\t\t\n\t\t\t\t\t\t\t\t\t\t\t\t\t\t\t\t\t\t\t\t\t\t\t\t\t\t\t\t\t\t\t\t\t\t\t\t\t\t\t\t\t\t\t\t\t\t\t\t\t\t\t\t\t\t\t\t\t\t\t\t\t\t\t\t\t\t\t\t<\/ul>\n\t<\/div>\n\t<div class=\"fusion-post-content-wrapper\" style=\"padding:30px 8% 25px 8%;\"><div class=\"fusion-post-content post-content\"><h2 class=\"blog-shortcode-post-title entry-title\"><a href=\"https:\/\/impulseducacio.org\/es\/vuelve-el-torneo-escolar-de-oratoria-mas-popular-tedis-2025\/\">Vuelve el torneo escolar de oratoria m\u00e1s popular TEDIS 2025!<\/a><\/h2><\/div><\/div><div class=\"fusion-clearfix\"><\/div><\/div>\n<\/article>\n<div class=\"fusion-clearfix\"><\/div><\/div><div class=\"pagination clearfix\"><span class=\"current\">1<\/span><a href=\"https:\/\/impulseducacio.org\/es\/wp-json\/wp\/v2\/posts\/33295\/page\/2\/\" class=\"inactive\">2<\/a><a class=\"pagination-next\" rel=\"next\" href=\"https:\/\/impulseducacio.org\/es\/wp-json\/wp\/v2\/posts\/33295\/page\/2\/\"><span class=\"page-text\">Next<\/span><span class=\"page-next\"><\/span><\/a><\/div><div class=\"fusion-clearfix\"><\/div><\/div><div class=\"fusion-section-separator section-separator waves fusion-section-separator-2\" style=\"--awb-spacer-padding-top:15.8203125%;--awb-svg-margin-left:0;--awb-svg-margin-right:0;--awb-sep-font-size:0;--awb-sep-line-height:0;\"><div class=\"fusion-section-separator-svg\"><svg class=\"fusion-waves-candy\" xmlns=\"http:\/\/www.w3.org\/2000\/svg\" version=\"1.1\" width=\"100%\" viewBox=\"0 54 1024 162\" preserveAspectRatio=\"none\" fill=\"rgba(228,232,233,1)\"><path class=\"st3\" d=\"M0 216.312h1024v-3.044c-50.8-17.1-108.7-30.7-172.7-37.9-178.6-19.8-220 36.8-404.9 21.3-206.6-17.2-228-126.5-434.5-141.6-3.9-.3-7.9-.5-11.9-.7v161.944z\"\/><\/svg><\/div><div class=\"fusion-section-separator-spacer\"><div class=\"fusion-section-separator-spacer-height\"><\/div><\/div><\/div><div class=\"fusion-clearfix\"><\/div><\/div><\/div><\/div><\/div><\/p>\n","protected":false},"excerpt":{"rendered":"","protected":false},"author":2,"featured_media":33725,"comment_status":"open","ping_status":"open","sticky":false,"template":"","format":"standard","meta":{"_acf_changed":false,"footnotes":""},"categories":[42],"tags":[],"class_list":["post-33295","post","type-post","status-publish","format-standard","has-post-thumbnail","hentry","category-pensamiento"],"acf":[],"yoast_head":"<!-- This site is optimized with the Yoast SEO plugin v27.4 - https:\/\/yoast.com\/product\/yoast-seo-wordpress\/ -->\n<title>La expresi\u00f3n oral en Secundaria: una herramienta esencial para la comunicaci\u00f3n | Actualitat Educativa<\/title>\n<meta name=\"robots\" content=\"index, follow, max-snippet:-1, max-image-preview:large, max-video-preview:-1\" \/>\n<link rel=\"canonical\" href=\"https:\/\/impulseducacio.org\/es\/la-expresion-oral-en-secundaria-una-herramienta-esencial-para-la-comunicacion\/\" \/>\n<meta property=\"og:locale\" content=\"es_ES\" \/>\n<meta property=\"og:type\" content=\"article\" \/>\n<meta property=\"og:title\" content=\"La expresi\u00f3n oral en Secundaria: una herramienta esencial para la comunicaci\u00f3n | Actualitat Educativa\" \/>\n<meta property=\"og:url\" content=\"https:\/\/impulseducacio.org\/es\/la-expresion-oral-en-secundaria-una-herramienta-esencial-para-la-comunicacion\/\" \/>\n<meta property=\"og:site_name\" content=\"IMPULS EDUCACI\u00d3\" \/>\n<meta property=\"article:publisher\" content=\"https:\/\/www.facebook.com\/impulseducacio2020\" \/>\n<meta property=\"article:published_time\" content=\"2023-11-20T21:11:22+00:00\" \/>\n<meta property=\"article:modified_time\" content=\"2024-04-15T09:27:04+00:00\" \/>\n<meta property=\"og:image\" content=\"https:\/\/impulseducacio.org\/wp-content\/uploads\/2023\/11\/expresion-oral-en-secundaria.jpg\" \/>\n\t<meta property=\"og:image:width\" content=\"865\" \/>\n\t<meta property=\"og:image:height\" content=\"446\" \/>\n\t<meta property=\"og:image:type\" content=\"image\/jpeg\" \/>\n<meta name=\"author\" content=\"Impuls Educaci\u00f3\" \/>\n<meta name=\"twitter:card\" content=\"summary_large_image\" \/>\n<meta name=\"twitter:creator\" content=\"@ImpulsEducacio\" \/>\n<meta name=\"twitter:site\" content=\"@ImpulsEducacio\" \/>\n<meta name=\"twitter:label1\" content=\"Written by\" \/>\n\t<meta name=\"twitter:data1\" content=\"Impuls Educaci\u00f3\" \/>\n\t<meta name=\"twitter:label2\" content=\"Est. reading time\" \/>\n\t<meta name=\"twitter:data2\" content=\"49 minutes\" \/>\n<script type=\"application\/ld+json\" class=\"yoast-schema-graph\">{\"@context\":\"https:\\\/\\\/schema.org\",\"@graph\":[{\"@type\":\"Article\",\"@id\":\"https:\\\/\\\/impulseducacio.org\\\/es\\\/la-expresion-oral-en-secundaria-una-herramienta-esencial-para-la-comunicacion\\\/#article\",\"isPartOf\":{\"@id\":\"https:\\\/\\\/impulseducacio.org\\\/es\\\/la-expresion-oral-en-secundaria-una-herramienta-esencial-para-la-comunicacion\\\/\"},\"author\":{\"name\":\"Impuls Educaci\u00f3\",\"@id\":\"https:\\\/\\\/impulseducacio.org\\\/es\\\/#\\\/schema\\\/person\\\/92cf201227b1404c22691d5d1238d09a\"},\"headline\":\"La expresi\u00f3n oral en Secundaria: una herramienta esencial para la comunicaci\u00f3n\",\"datePublished\":\"2023-11-20T21:11:22+00:00\",\"dateModified\":\"2024-04-15T09:27:04+00:00\",\"mainEntityOfPage\":{\"@id\":\"https:\\\/\\\/impulseducacio.org\\\/es\\\/la-expresion-oral-en-secundaria-una-herramienta-esencial-para-la-comunicacion\\\/\"},\"wordCount\":9876,\"commentCount\":0,\"image\":{\"@id\":\"https:\\\/\\\/impulseducacio.org\\\/es\\\/la-expresion-oral-en-secundaria-una-herramienta-esencial-para-la-comunicacion\\\/#primaryimage\"},\"thumbnailUrl\":\"https:\\\/\\\/impulseducacio.org\\\/wp-content\\\/uploads\\\/2023\\\/11\\\/expresion-oral-en-secundaria.jpg\",\"articleSection\":[\"Pensamiento\"],\"inLanguage\":\"es\",\"potentialAction\":[{\"@type\":\"CommentAction\",\"name\":\"Comment\",\"target\":[\"https:\\\/\\\/impulseducacio.org\\\/es\\\/la-expresion-oral-en-secundaria-una-herramienta-esencial-para-la-comunicacion\\\/#respond\"]}]},{\"@type\":\"WebPage\",\"@id\":\"https:\\\/\\\/impulseducacio.org\\\/es\\\/la-expresion-oral-en-secundaria-una-herramienta-esencial-para-la-comunicacion\\\/\",\"url\":\"https:\\\/\\\/impulseducacio.org\\\/es\\\/la-expresion-oral-en-secundaria-una-herramienta-esencial-para-la-comunicacion\\\/\",\"name\":\"La expresi\u00f3n oral en Secundaria: una herramienta esencial para la comunicaci\u00f3n | Actualitat Educativa\",\"isPartOf\":{\"@id\":\"https:\\\/\\\/impulseducacio.org\\\/es\\\/#website\"},\"primaryImageOfPage\":{\"@id\":\"https:\\\/\\\/impulseducacio.org\\\/es\\\/la-expresion-oral-en-secundaria-una-herramienta-esencial-para-la-comunicacion\\\/#primaryimage\"},\"image\":{\"@id\":\"https:\\\/\\\/impulseducacio.org\\\/es\\\/la-expresion-oral-en-secundaria-una-herramienta-esencial-para-la-comunicacion\\\/#primaryimage\"},\"thumbnailUrl\":\"https:\\\/\\\/impulseducacio.org\\\/wp-content\\\/uploads\\\/2023\\\/11\\\/expresion-oral-en-secundaria.jpg\",\"datePublished\":\"2023-11-20T21:11:22+00:00\",\"dateModified\":\"2024-04-15T09:27:04+00:00\",\"author\":{\"@id\":\"https:\\\/\\\/impulseducacio.org\\\/es\\\/#\\\/schema\\\/person\\\/92cf201227b1404c22691d5d1238d09a\"},\"breadcrumb\":{\"@id\":\"https:\\\/\\\/impulseducacio.org\\\/es\\\/la-expresion-oral-en-secundaria-una-herramienta-esencial-para-la-comunicacion\\\/#breadcrumb\"},\"inLanguage\":\"es\",\"potentialAction\":[{\"@type\":\"ReadAction\",\"target\":[\"https:\\\/\\\/impulseducacio.org\\\/es\\\/la-expresion-oral-en-secundaria-una-herramienta-esencial-para-la-comunicacion\\\/\"]}]},{\"@type\":\"ImageObject\",\"inLanguage\":\"es\",\"@id\":\"https:\\\/\\\/impulseducacio.org\\\/es\\\/la-expresion-oral-en-secundaria-una-herramienta-esencial-para-la-comunicacion\\\/#primaryimage\",\"url\":\"https:\\\/\\\/impulseducacio.org\\\/wp-content\\\/uploads\\\/2023\\\/11\\\/expresion-oral-en-secundaria.jpg\",\"contentUrl\":\"https:\\\/\\\/impulseducacio.org\\\/wp-content\\\/uploads\\\/2023\\\/11\\\/expresion-oral-en-secundaria.jpg\",\"width\":865,\"height\":446},{\"@type\":\"BreadcrumbList\",\"@id\":\"https:\\\/\\\/impulseducacio.org\\\/es\\\/la-expresion-oral-en-secundaria-una-herramienta-esencial-para-la-comunicacion\\\/#breadcrumb\",\"itemListElement\":[{\"@type\":\"ListItem\",\"position\":1,\"name\":\"Inicio\",\"item\":\"https:\\\/\\\/impulseducacio.org\\\/es\\\/\"},{\"@type\":\"ListItem\",\"position\":2,\"name\":\"La expresi\u00f3n oral en Secundaria: una herramienta esencial para la comunicaci\u00f3n\"}]},{\"@type\":\"WebSite\",\"@id\":\"https:\\\/\\\/impulseducacio.org\\\/es\\\/#website\",\"url\":\"https:\\\/\\\/impulseducacio.org\\\/es\\\/\",\"name\":\"IMPULS EDUCACI\u00d3\",\"description\":\"Espai d\u2019estudi i di\u00e0leg en temes educatius\",\"potentialAction\":[{\"@type\":\"SearchAction\",\"target\":{\"@type\":\"EntryPoint\",\"urlTemplate\":\"https:\\\/\\\/impulseducacio.org\\\/es\\\/?s={search_term_string}\"},\"query-input\":{\"@type\":\"PropertyValueSpecification\",\"valueRequired\":true,\"valueName\":\"search_term_string\"}}],\"inLanguage\":\"es\"},{\"@type\":\"Person\",\"@id\":\"https:\\\/\\\/impulseducacio.org\\\/es\\\/#\\\/schema\\\/person\\\/92cf201227b1404c22691d5d1238d09a\",\"name\":\"Impuls Educaci\u00f3\"}]}<\/script>\n<!-- \/ Yoast SEO plugin. -->","yoast_head_json":{"title":"La expresi\u00f3n oral en Secundaria: una herramienta esencial para la comunicaci\u00f3n | Actualitat Educativa","robots":{"index":"index","follow":"follow","max-snippet":"max-snippet:-1","max-image-preview":"max-image-preview:large","max-video-preview":"max-video-preview:-1"},"canonical":"https:\/\/impulseducacio.org\/es\/la-expresion-oral-en-secundaria-una-herramienta-esencial-para-la-comunicacion\/","og_locale":"es_ES","og_type":"article","og_title":"La expresi\u00f3n oral en Secundaria: una herramienta esencial para la comunicaci\u00f3n | Actualitat Educativa","og_url":"https:\/\/impulseducacio.org\/es\/la-expresion-oral-en-secundaria-una-herramienta-esencial-para-la-comunicacion\/","og_site_name":"IMPULS EDUCACI\u00d3","article_publisher":"https:\/\/www.facebook.com\/impulseducacio2020","article_published_time":"2023-11-20T21:11:22+00:00","article_modified_time":"2024-04-15T09:27:04+00:00","og_image":[{"width":865,"height":446,"url":"https:\/\/impulseducacio.org\/wp-content\/uploads\/2023\/11\/expresion-oral-en-secundaria.jpg","type":"image\/jpeg"}],"author":"Impuls Educaci\u00f3","twitter_card":"summary_large_image","twitter_creator":"@ImpulsEducacio","twitter_site":"@ImpulsEducacio","twitter_misc":{"Written by":"Impuls Educaci\u00f3","Est. reading time":"49 minutes"},"schema":{"@context":"https:\/\/schema.org","@graph":[{"@type":"Article","@id":"https:\/\/impulseducacio.org\/es\/la-expresion-oral-en-secundaria-una-herramienta-esencial-para-la-comunicacion\/#article","isPartOf":{"@id":"https:\/\/impulseducacio.org\/es\/la-expresion-oral-en-secundaria-una-herramienta-esencial-para-la-comunicacion\/"},"author":{"name":"Impuls Educaci\u00f3","@id":"https:\/\/impulseducacio.org\/es\/#\/schema\/person\/92cf201227b1404c22691d5d1238d09a"},"headline":"La expresi\u00f3n oral en Secundaria: una herramienta esencial para la comunicaci\u00f3n","datePublished":"2023-11-20T21:11:22+00:00","dateModified":"2024-04-15T09:27:04+00:00","mainEntityOfPage":{"@id":"https:\/\/impulseducacio.org\/es\/la-expresion-oral-en-secundaria-una-herramienta-esencial-para-la-comunicacion\/"},"wordCount":9876,"commentCount":0,"image":{"@id":"https:\/\/impulseducacio.org\/es\/la-expresion-oral-en-secundaria-una-herramienta-esencial-para-la-comunicacion\/#primaryimage"},"thumbnailUrl":"https:\/\/impulseducacio.org\/wp-content\/uploads\/2023\/11\/expresion-oral-en-secundaria.jpg","articleSection":["Pensamiento"],"inLanguage":"es","potentialAction":[{"@type":"CommentAction","name":"Comment","target":["https:\/\/impulseducacio.org\/es\/la-expresion-oral-en-secundaria-una-herramienta-esencial-para-la-comunicacion\/#respond"]}]},{"@type":"WebPage","@id":"https:\/\/impulseducacio.org\/es\/la-expresion-oral-en-secundaria-una-herramienta-esencial-para-la-comunicacion\/","url":"https:\/\/impulseducacio.org\/es\/la-expresion-oral-en-secundaria-una-herramienta-esencial-para-la-comunicacion\/","name":"La expresi\u00f3n oral en Secundaria: una herramienta esencial para la comunicaci\u00f3n | Actualitat Educativa","isPartOf":{"@id":"https:\/\/impulseducacio.org\/es\/#website"},"primaryImageOfPage":{"@id":"https:\/\/impulseducacio.org\/es\/la-expresion-oral-en-secundaria-una-herramienta-esencial-para-la-comunicacion\/#primaryimage"},"image":{"@id":"https:\/\/impulseducacio.org\/es\/la-expresion-oral-en-secundaria-una-herramienta-esencial-para-la-comunicacion\/#primaryimage"},"thumbnailUrl":"https:\/\/impulseducacio.org\/wp-content\/uploads\/2023\/11\/expresion-oral-en-secundaria.jpg","datePublished":"2023-11-20T21:11:22+00:00","dateModified":"2024-04-15T09:27:04+00:00","author":{"@id":"https:\/\/impulseducacio.org\/es\/#\/schema\/person\/92cf201227b1404c22691d5d1238d09a"},"breadcrumb":{"@id":"https:\/\/impulseducacio.org\/es\/la-expresion-oral-en-secundaria-una-herramienta-esencial-para-la-comunicacion\/#breadcrumb"},"inLanguage":"es","potentialAction":[{"@type":"ReadAction","target":["https:\/\/impulseducacio.org\/es\/la-expresion-oral-en-secundaria-una-herramienta-esencial-para-la-comunicacion\/"]}]},{"@type":"ImageObject","inLanguage":"es","@id":"https:\/\/impulseducacio.org\/es\/la-expresion-oral-en-secundaria-una-herramienta-esencial-para-la-comunicacion\/#primaryimage","url":"https:\/\/impulseducacio.org\/wp-content\/uploads\/2023\/11\/expresion-oral-en-secundaria.jpg","contentUrl":"https:\/\/impulseducacio.org\/wp-content\/uploads\/2023\/11\/expresion-oral-en-secundaria.jpg","width":865,"height":446},{"@type":"BreadcrumbList","@id":"https:\/\/impulseducacio.org\/es\/la-expresion-oral-en-secundaria-una-herramienta-esencial-para-la-comunicacion\/#breadcrumb","itemListElement":[{"@type":"ListItem","position":1,"name":"Inicio","item":"https:\/\/impulseducacio.org\/es\/"},{"@type":"ListItem","position":2,"name":"La expresi\u00f3n oral en Secundaria: una herramienta esencial para la comunicaci\u00f3n"}]},{"@type":"WebSite","@id":"https:\/\/impulseducacio.org\/es\/#website","url":"https:\/\/impulseducacio.org\/es\/","name":"IMPULS EDUCACI\u00d3","description":"Espai d\u2019estudi i di\u00e0leg en temes educatius","potentialAction":[{"@type":"SearchAction","target":{"@type":"EntryPoint","urlTemplate":"https:\/\/impulseducacio.org\/es\/?s={search_term_string}"},"query-input":{"@type":"PropertyValueSpecification","valueRequired":true,"valueName":"search_term_string"}}],"inLanguage":"es"},{"@type":"Person","@id":"https:\/\/impulseducacio.org\/es\/#\/schema\/person\/92cf201227b1404c22691d5d1238d09a","name":"Impuls Educaci\u00f3"}]}},"_links":{"self":[{"href":"https:\/\/impulseducacio.org\/es\/wp-json\/wp\/v2\/posts\/33295","targetHints":{"allow":["GET"]}}],"collection":[{"href":"https:\/\/impulseducacio.org\/es\/wp-json\/wp\/v2\/posts"}],"about":[{"href":"https:\/\/impulseducacio.org\/es\/wp-json\/wp\/v2\/types\/post"}],"author":[{"embeddable":true,"href":"https:\/\/impulseducacio.org\/es\/wp-json\/wp\/v2\/users\/2"}],"replies":[{"embeddable":true,"href":"https:\/\/impulseducacio.org\/es\/wp-json\/wp\/v2\/comments?post=33295"}],"version-history":[{"count":45,"href":"https:\/\/impulseducacio.org\/es\/wp-json\/wp\/v2\/posts\/33295\/revisions"}],"predecessor-version":[{"id":36070,"href":"https:\/\/impulseducacio.org\/es\/wp-json\/wp\/v2\/posts\/33295\/revisions\/36070"}],"wp:featuredmedia":[{"embeddable":true,"href":"https:\/\/impulseducacio.org\/es\/wp-json\/wp\/v2\/media\/33725"}],"wp:attachment":[{"href":"https:\/\/impulseducacio.org\/es\/wp-json\/wp\/v2\/media?parent=33295"}],"wp:term":[{"taxonomy":"category","embeddable":true,"href":"https:\/\/impulseducacio.org\/es\/wp-json\/wp\/v2\/categories?post=33295"},{"taxonomy":"post_tag","embeddable":true,"href":"https:\/\/impulseducacio.org\/es\/wp-json\/wp\/v2\/tags?post=33295"}],"curies":[{"name":"wp","href":"https:\/\/api.w.org\/{rel}","templated":true}]}}