{"id":28165,"date":"2023-06-13T11:02:13","date_gmt":"2023-06-13T11:02:13","guid":{"rendered":"https:\/\/impulseducacio.org\/?p=28165"},"modified":"2024-04-15T10:25:27","modified_gmt":"2024-04-15T10:25:27","slug":"la-tutoria-un-desafio-a-la-hora-de-acoger-y-acompanar-a-nuestros-alumnos","status":"publish","type":"post","link":"https:\/\/impulseducacio.org\/es\/la-tutoria-un-desafio-a-la-hora-de-acoger-y-acompanar-a-nuestros-alumnos\/","title":{"rendered":"La tutor\u00eda: un desaf\u00edo a la hora de acoger y acompa\u00f1ar a nuestros alumnos"},"content":{"rendered":"<p><div class=\"fusion-fullwidth fullwidth-box fusion-builder-row-1 has-pattern-background has-mask-background fusion-parallax-none nonhundred-percent-fullwidth non-hundred-percent-height-scrolling\" style=\"--awb-border-sizes-top:0px;--awb-border-sizes-bottom:0px;--awb-border-sizes-left:0px;--awb-border-sizes-right:0px;--awb-border-radius-top-left:0px;--awb-border-radius-top-right:0px;--awb-border-radius-bottom-right:0px;--awb-border-radius-bottom-left:0px;--awb-padding-top:0px;--awb-padding-bottom:0px;--awb-margin-top:0px;--awb-margin-bottom:-260px;--awb-background-color:rgba(246,247,247,0);--awb-background-image:url(&quot;https:\/\/impulseducacio.org\/wp-content\/uploads\/2023\/06\/00_Portada-articulo-Diego-Ledesma-scaled.jpg&quot;);--awb-background-size:cover;--awb-flex-wrap:wrap;\" ><div class=\"fusion-builder-row fusion-row\"><div class=\"fusion-layout-column fusion_builder_column fusion-builder-column-0 fusion_builder_column_1_1 1_1 fusion-one-full fusion-column-first fusion-column-last fusion-animated\" style=\"--awb-overflow:hidden;--awb-bg-color:rgba(0,0,0,0);--awb-bg-color-hover:rgba(0,0,0,0);--awb-bg-size:cover;--awb-border-radius:4px 4px 4px 4px;--awb-margin-top:0px;--awb-margin-bottom:10px;\" data-animationType=\"fadeInDown\" data-animationDuration=\"0.8\" data-animationOffset=\"top-into-view\"><div class=\"fusion-column-wrapper fusion-column-has-shadow fusion-flex-column-wrapper-legacy\"><div class=\"fusion-sep-clear\"><\/div><div class=\"fusion-separator fusion-full-width-sep\" style=\"margin-left: auto;margin-right: auto;margin-top:720px;width:100%;\"><\/div><div class=\"fusion-sep-clear\"><\/div><div class=\"fusion-title title fusion-title-1 fusion-sep-none fusion-title-text fusion-title-size-one\" style=\"--awb-text-color:#ffffff;--awb-font-size:60px;\"><h1 class=\"fusion-title-heading title-heading-left fusion-responsive-typography-calculated\" style=\"font-family:&quot;Open Sans&quot;;font-style:normal;font-weight:300;margin:0;font-size:1em;--fontSize:60;line-height:1.18;\"><div data-animationtype=\"fadeInDown\" data-animationduration=\"0.8\" data-animationoffset=\"top-into-view\">\n<div>\n<p>La tutor\u00eda: un desaf\u00edo a la hora de acoger y acompa\u00f1ar a nuestros alumnos<\/p>\n<\/div>\n<\/div><\/h1><\/div><div class=\"fusion-clearfix\"><\/div><\/div><\/div><div class=\"fusion-layout-column fusion_builder_column fusion-builder-column-1 fusion_builder_column_1_1 1_1 fusion-one-full fusion-column-first fusion-column-last fusion-animated\" style=\"--awb-padding-right:969px;--awb-padding-bottom:10px;--awb-bg-blend:overlay;--awb-bg-size:cover;--awb-border-color:#ffffff;--awb-border-top:1px;--awb-border-style:solid;--awb-margin-top:11px;--awb-margin-bottom:0px;\" data-animationType=\"fadeInDown\" data-animationDuration=\"0.6\" data-animationOffset=\"top-into-view\"><div class=\"fusion-column-wrapper fusion-column-has-shadow fusion-flex-column-wrapper-legacy\"><div class=\"fusion-sharing-box fusion-sharing-box-1 boxed-icons has-taglines layout-floated layout-medium-floated layout-small-floated\" style=\"background-color:rgba(246,244,245,0);padding:0;--awb-layout:row;--awb-alignment-small:space-between;\" data-title=\"La tutor\u00eda: un desaf\u00edo a la hora de acoger y acompa\u00f1ar a nuestros alumnos\" data-description=\"La tutor\u00eda: un desaf\u00edo a la hora de acoger y acompa\u00f1ar a nuestros alumnos\r\n\r\n     Your Content Goes Here  \r\nLos tutores saben que acompa\u00f1ar a los alumnos en su desarrollo personal es un proceso educativo para el que hay que estar formados\" data-link=\"https:\/\/impulseducacio.org\/es\/la-tutoria-un-desafio-a-la-hora-de-acoger-y-acompanar-a-nuestros-alumnos\/\"><h4 class=\"tagline\" style=\"color:#ffffff;\">Compartir<\/h4><div class=\"fusion-social-networks sharingbox-shortcode-icon-wrapper sharingbox-shortcode-icon-wrapper-1 boxed-icons\"><span><a href=\"https:\/\/www.facebook.com\/sharer.php?u=https%3A%2F%2Fimpulseducacio.org%2Fes%2Fla-tutoria-un-desafio-a-la-hora-de-acoger-y-acompanar-a-nuestros-alumnos%2F&amp;t=La%20tutor%C3%ADa%3A%20un%20desaf%C3%ADo%20a%20la%20hora%20de%20acoger%20y%20acompa%C3%B1ar%20a%20nuestros%20alumnos\" target=\"_blank\" rel=\"noreferrer\" title=\"Facebook\" aria-label=\"Facebook\" data-placement=\"bottom\" data-toggle=\"tooltip\" data-title=\"Facebook\"><i class=\"fusion-social-network-icon fusion-tooltip fusion-facebook awb-icon-facebook\" style=\"color:#ffffff;background-color:#3b5998;border-color:#3b5998;border-radius:24px;\" aria-hidden=\"true\"><\/i><\/a><\/span><span><a href=\"https:\/\/x.com\/intent\/post?text=La%20tutor%C3%ADa%3A%20un%20desaf%C3%ADo%20a%20la%20hora%20de%20acoger%20y%20acompa%C3%B1ar%20a%20nuestros%20alumnos&amp;url=https%3A%2F%2Fimpulseducacio.org%2Fes%2Fla-tutoria-un-desafio-a-la-hora-de-acoger-y-acompanar-a-nuestros-alumnos%2F\" target=\"_blank\" rel=\"noopener noreferrer\" title=\"X\" aria-label=\"X\" data-placement=\"bottom\" data-toggle=\"tooltip\" data-title=\"X\"><i class=\"fusion-social-network-icon fusion-tooltip fusion-twitter awb-icon-twitter\" style=\"color:#ffffff;background-color:#000000;border-color:#000000;border-radius:24px;\" aria-hidden=\"true\"><\/i><\/a><\/span><span><a href=\"https:\/\/www.linkedin.com\/shareArticle?mini=true&amp;url=https%3A%2F%2Fimpulseducacio.org%2Fes%2Fla-tutoria-un-desafio-a-la-hora-de-acoger-y-acompanar-a-nuestros-alumnos%2F&amp;title=La%20tutor%C3%ADa%3A%20un%20desaf%C3%ADo%20a%20la%20hora%20de%20acoger%20y%20acompa%C3%B1ar%20a%20nuestros%20alumnos&amp;summary=La%20tutor%C3%ADa%3A%20un%20desaf%C3%ADo%20a%20la%20hora%20de%20acoger%20y%20acompa%C3%B1ar%20a%20nuestros%20alumnos%0D%0A%0D%0A%20%20%20%20%20%20%20%20%20Your%20Content%20Goes%20Here%20%20%20%0D%0ALos%20tutores%20saben%20que%20acompa%C3%B1ar%20a%20los%20alumnos%20en%20su%20desarrollo%20personal%20es%20un%20proceso%20educativo%20para%20el%20que%20hay%20que%20estar%20formados\" target=\"_blank\" rel=\"noopener noreferrer\" title=\"LinkedIn\" aria-label=\"LinkedIn\" data-placement=\"bottom\" data-toggle=\"tooltip\" data-title=\"LinkedIn\"><i class=\"fusion-social-network-icon fusion-tooltip fusion-linkedin awb-icon-linkedin\" style=\"color:#ffffff;background-color:#0077b5;border-color:#0077b5;border-radius:24px;\" aria-hidden=\"true\"><\/i><\/a><\/span><span><a href=\"mailto:?subject=La%20tutor%C3%ADa%3A%20un%20desaf%C3%ADo%20a%20la%20hora%20de%20acoger%20y%20acompa%C3%B1ar%20a%20nuestros%20alumnos&amp;body=https%3A%2F%2Fimpulseducacio.org%2Fes%2Fla-tutoria-un-desafio-a-la-hora-de-acoger-y-acompanar-a-nuestros-alumnos%2F\" target=\"_self\" title=\"Email\" aria-label=\"Email\" data-placement=\"bottom\" data-toggle=\"tooltip\" data-title=\"Email\"><i class=\"fusion-social-network-icon fusion-tooltip fusion-mail awb-icon-mail\" style=\"color:#ffffff;background-color:#000000;border-color:#000000;border-radius:24px;\" aria-hidden=\"true\"><\/i><\/a><\/span><\/div><\/div><div class=\"fusion-clearfix\"><\/div><\/div><\/div><div class=\"fusion-layout-column fusion_builder_column fusion-builder-column-2 fusion_builder_column_1_1 1_1 fusion-one-full fusion-column-first fusion-column-last fusion-animated\" style=\"--awb-bg-blend:overlay;--awb-bg-size:cover;--awb-border-color:#ffffff;--awb-border-top:0;--awb-border-style:solid;--awb-margin-top:2px;--awb-margin-bottom:0px;\" data-animationType=\"fadeInDown\" data-animationDuration=\"0.6\" data-animationOffset=\"top-into-view\"><div class=\"fusion-column-wrapper fusion-column-has-shadow fusion-flex-column-wrapper-legacy\"><div class=\"fusion-sep-clear\"><\/div><div class=\"fusion-separator fusion-full-width-sep\" style=\"margin-left: auto;margin-right: auto;margin-bottom:150px;width:100%;\"><\/div><div class=\"fusion-sep-clear\"><\/div><div class=\"fusion-section-separator section-separator big-half-circle fusion-section-separator-1\" style=\"--awb-spacer-height:99px;--awb-svg-margin-left:0;--awb-svg-margin-right:0;--awb-divider-height:99px;--awb-spacer-padding-top:inherit;--awb-sep-padding:0;--awb-svg-padding:0;\"><div class=\"fusion-section-separator-svg\"><svg class=\"fusion-big-half-circle-candy\" xmlns=\"http:\/\/www.w3.org\/2000\/svg\" version=\"1.1\" width=\"100%\" height=\"100\" viewBox=\"0 0 100 100\" preserveAspectRatio=\"none\" fill=\"rgba(255,255,255,1)\"><path d=\"M0 100 C40 0 60 0 100 100 Z\"><\/path><\/svg><\/div><div class=\"fusion-section-separator-spacer\"><div class=\"fusion-section-separator-spacer-height\"><\/div><\/div><\/div><div class=\"fusion-clearfix\"><\/div><\/div><\/div><\/div><\/div><div class=\"fusion-fullwidth fullwidth-box fusion-builder-row-2 nonhundred-percent-fullwidth non-hundred-percent-height-scrolling\" style=\"--awb-border-radius-top-left:0px;--awb-border-radius-top-right:0px;--awb-border-radius-bottom-right:0px;--awb-border-radius-bottom-left:0px;--awb-padding-top:0px;--awb-padding-bottom:0px;--awb-margin-bottom:0px;--awb-flex-wrap:wrap;\" ><div class=\"fusion-builder-row fusion-row\"><div class=\"fusion-layout-column fusion_builder_column fusion-builder-column-3 fusion_builder_column_1_1 1_1 fusion-one-full fusion-column-first fusion-column-last\" style=\"--awb-padding-top:3%;--awb-padding-right:10%;--awb-padding-bottom:0%;--awb-padding-left:11%;--awb-overflow:hidden;--awb-bg-color:#ffffff;--awb-bg-color-hover:#ffffff;--awb-bg-size:cover;--awb-border-radius:8px 8px 8px 8px;--awb-margin-top:0px;--awb-margin-bottom:0px;\"><div class=\"fusion-column-wrapper fusion-column-has-shadow fusion-flex-column-wrapper-legacy\"><div class=\"fusion-builder-row fusion-builder-row-inner fusion-row\"><div class=\"fusion-layout-column fusion_builder_column_inner fusion-builder-nested-column-0 fusion_builder_column_inner_1_5 1_5 fusion-one-fifth fusion-column-first\" style=\"--awb-bg-size:cover;--awb-margin-top:0px;width:20%;width:calc(20% - ( ( 1% ) * 0.2 ) );margin-right: 1%;\"><div class=\"fusion-column-wrapper fusion-column-has-shadow fusion-flex-column-wrapper-legacy\"><div class=\"fusion-text fusion-text-1\"><p>13 June 2023<\/p>\n<\/div><div class=\"fusion-clearfix\"><\/div><\/div><\/div><\/div><div class=\"fusion-text fusion-text-2\"><h2>Los tutores saben que acompa\u00f1ar a los alumnos en su desarrollo personal es un proceso educativo para el que hay que estar formados espec\u00edficamente<\/h2>\n<\/div><div class=\"fusion-clearfix\"><\/div><\/div><\/div><\/div><\/div><div class=\"fusion-fullwidth fullwidth-box fusion-builder-row-3 fusion-flex-container nonhundred-percent-fullwidth non-hundred-percent-height-scrolling\" style=\"--awb-border-radius-top-left:0px;--awb-border-radius-top-right:0px;--awb-border-radius-bottom-right:0px;--awb-border-radius-bottom-left:0px;--awb-padding-top:0%;--awb-padding-right:0px;--awb-padding-bottom:0%;--awb-padding-left:0px;--awb-margin-top:0px;--awb-margin-bottom:0px;--awb-background-color:#ffffff;--awb-flex-wrap:wrap;\" ><div class=\"fusion-builder-row fusion-row fusion-flex-align-items-flex-start fusion-flex-content-wrap\" style=\"max-width:1331.2px;margin-left: calc(-4% \/ 2 );margin-right: calc(-4% \/ 2 );\"><div class=\"fusion-layout-column fusion_builder_column fusion-builder-column-4 fusion_builder_column_1_1 1_1 fusion-flex-column\" style=\"--awb-padding-right:11%;--awb-padding-left:11%;--awb-bg-color:#ffffff;--awb-bg-color-hover:#ffffff;--awb-bg-size:cover;--awb-width-large:100%;--awb-margin-top-large:0px;--awb-spacing-right-large:6.144%;--awb-margin-bottom-large:0px;--awb-spacing-left-large:6.144%;--awb-width-medium:100%;--awb-order-medium:0;--awb-spacing-right-medium:1.92%;--awb-spacing-left-medium:1.92%;--awb-width-small:100%;--awb-order-small:0;--awb-spacing-right-small:1.92%;--awb-spacing-left-small:1.92%;\" data-scroll-devices=\"small-visibility,medium-visibility,large-visibility\"><div class=\"fusion-column-wrapper fusion-column-has-shadow fusion-flex-justify-content-flex-start fusion-content-layout-column\"><div class=\"fusion-builder-row fusion-builder-row-inner fusion-row fusion-flex-align-items-flex-start fusion-flex-content-wrap\" style=\"width:104% !important;max-width:104% !important;margin-left: calc(-4% \/ 2 );margin-right: calc(-4% \/ 2 );\"><div class=\"fusion-layout-column fusion_builder_column_inner fusion-builder-nested-column-1 fusion_builder_column_inner_1_1 1_1 fusion-flex-column\" style=\"--awb-bg-size:cover;--awb-width-large:100%;--awb-margin-top-large:20px;--awb-spacing-right-large:1.92%;--awb-margin-bottom-large:0px;--awb-spacing-left-large:1.92%;--awb-width-medium:100%;--awb-order-medium:0;--awb-spacing-right-medium:1.92%;--awb-spacing-left-medium:1.92%;--awb-width-small:100%;--awb-order-small:0;--awb-spacing-right-small:1.92%;--awb-spacing-left-small:1.92%;\"><div class=\"fusion-column-wrapper fusion-column-has-shadow fusion-flex-justify-content-flex-start fusion-content-layout-column\"><div class=\"fusion-text fusion-text-3\"><div class=\"fusion-text fusion-text-3\">\n<p>por Diego Ledesma<\/p>\n<p>El acompa\u00f1amiento durante la escolaridad se presenta como un desaf\u00edo crucial, ya que busca mejorar el rendimiento socioemocional, acad\u00e9mico y fortalecer diferentes habilidades de nuestros estudiantes.<\/p>\n<p>Cuando hablamos de acompa\u00f1amiento podemos recoger la definici\u00f3n de <span style=\"color: #33cccc;\"><a style=\"color: #33cccc;\" href=\"https:\/\/www.amazon.es\/Orientaci%C3%B3n-tutor%C3%ADa-y-educaci%C3%B3n-emocional\/dp\/8499589251\">Bisquerra<\/a><\/span> (2012): la acci\u00f3n tutorial es atender las necesidades personales, favorecer la autonom\u00eda, orientar profesionalmente, apoyar el desarrollo emocional, social y moral de los y las estudiantes a trav\u00e9s del acompa\u00f1amiento individual o grupal.<\/p>\n<p>Como docentes tenemos un gran reto entre manos en el saber acoger y acompa\u00f1ar en este proceso tanto a los y las alumnos\/as como a sus familias. <a href=\"https:\/\/docplayer.es\/23618011-Tutoria-tarea-compartida.html\"><span style=\"color: #33cccc;\">Fern\u00e1ndez<\/span><\/a> (2010) afirma que \u201cla tutor\u00eda es parte esencial de la acci\u00f3n educativa y no una labor complementar\u00eda\u201d (p.95). Cabe destacar que forma parte de nuestra labor docente y debemos tener las herramientas necesarias para llevarlo a cabo.<\/p>\n<\/div>\n<\/div><\/div><\/div><\/div><div class=\"fusion-builder-row fusion-builder-row-inner fusion-row fusion-flex-align-items-flex-start fusion-flex-content-wrap\" style=\"width:104% !important;max-width:104% !important;margin-left: calc(-4% \/ 2 );margin-right: calc(-4% \/ 2 );\"><div class=\"fusion-layout-column fusion_builder_column_inner fusion-builder-nested-column-2 fusion_builder_column_inner_1_2 1_2 fusion-flex-column\" style=\"--awb-bg-size:cover;--awb-width-large:50%;--awb-margin-top-large:48px;--awb-spacing-right-large:3.84%;--awb-margin-bottom-large:0px;--awb-spacing-left-large:3.84%;--awb-width-medium:100%;--awb-order-medium:0;--awb-spacing-right-medium:1.92%;--awb-spacing-left-medium:1.92%;--awb-width-small:100%;--awb-order-small:0;--awb-spacing-right-small:1.92%;--awb-spacing-left-small:1.92%;\"><div class=\"fusion-column-wrapper fusion-column-has-shadow fusion-flex-justify-content-flex-start fusion-content-layout-column\"><div class=\"fusion-text fusion-text-4\"><h6 style=\"text-align: right;\">Como docentes tenemos que saber acoger y acompa\u00f1ar en este proceso a los alumnos y sus familias<\/h6>\n<\/div><\/div><\/div><div class=\"fusion-layout-column fusion_builder_column_inner fusion-builder-nested-column-3 fusion_builder_column_inner_1_2 1_2 fusion-flex-column\" style=\"--awb-bg-size:cover;--awb-width-large:50%;--awb-margin-top-large:20px;--awb-spacing-right-large:3.84%;--awb-margin-bottom-large:20px;--awb-spacing-left-large:3.84%;--awb-width-medium:100%;--awb-order-medium:0;--awb-spacing-right-medium:1.92%;--awb-spacing-left-medium:1.92%;--awb-width-small:100%;--awb-order-small:0;--awb-spacing-right-small:1.92%;--awb-spacing-left-small:1.92%;\"><div class=\"fusion-column-wrapper fusion-column-has-shadow fusion-flex-justify-content-flex-start fusion-content-layout-column\"><div class=\"fusion-image-element \" style=\"text-align:left;--awb-max-width:400px;--awb-caption-title-font-family:var(--h2_typography-font-family);--awb-caption-title-font-weight:var(--h2_typography-font-weight);--awb-caption-title-font-style:var(--h2_typography-font-style);--awb-caption-title-size:var(--h2_typography-font-size);--awb-caption-title-transform:var(--h2_typography-text-transform);--awb-caption-title-line-height:var(--h2_typography-line-height);--awb-caption-title-letter-spacing:var(--h2_typography-letter-spacing);\"><span class=\" fusion-imageframe imageframe-none imageframe-1 hover-type-none\"><img decoding=\"async\" width=\"1640\" height=\"821\" title=\"01_Art\u00edculo-Diego-Ledesma\" src=\"https:\/\/impulseducacio.org\/wp-content\/uploads\/2023\/06\/01_Articulo-Diego-Ledesma.jpg\" alt class=\"img-responsive wp-image-28171\" srcset=\"https:\/\/impulseducacio.org\/wp-content\/uploads\/2023\/06\/01_Articulo-Diego-Ledesma-200x100.jpg 200w, https:\/\/impulseducacio.org\/wp-content\/uploads\/2023\/06\/01_Articulo-Diego-Ledesma-400x200.jpg 400w, https:\/\/impulseducacio.org\/wp-content\/uploads\/2023\/06\/01_Articulo-Diego-Ledesma-600x300.jpg 600w, https:\/\/impulseducacio.org\/wp-content\/uploads\/2023\/06\/01_Articulo-Diego-Ledesma-800x400.jpg 800w, https:\/\/impulseducacio.org\/wp-content\/uploads\/2023\/06\/01_Articulo-Diego-Ledesma-1200x601.jpg 1200w, https:\/\/impulseducacio.org\/wp-content\/uploads\/2023\/06\/01_Articulo-Diego-Ledesma.jpg 1640w\" sizes=\"(max-width: 1024px) 100vw, (max-width: 620px) 100vw, 800px\" \/><\/span><\/div><\/div><\/div><\/div><div class=\"fusion-text fusion-text-5\"><p>En la <span style=\"color: #33cccc;\"><a style=\"color: #33cccc;\" href=\"https:\/\/www.boe.es\/buscar\/doc.php?id=BOE-A-2020-17264\">LOMLOE<\/a><\/span> (2020) podemos ver como en sus diferentes art\u00edculos se resaltan disposiciones relacionadas con el acompa\u00f1amiento personalizado de los y las alumnos\/as. Podemos encontrarlos en el art\u00edculo 14 d\u00f3nde se habla directamente sobre el acompa\u00f1amiento y la orientaci\u00f3n, y se establece que los centros educativos deben garantizar la existencia de servicios de orientaci\u00f3n educativa y profesional. En el art\u00edculo 16 nos encontramos con la funci\u00f3n tutorial, el cual nos dice que es una responsabilidad del conjunto del profesorado. En el art\u00edculo 124 nos encontramos con los planes de atenci\u00f3n a la diversidad que tambi\u00e9n son un proceso de acoger y acompa\u00f1ar a los ni\u00f1os y ni\u00f1as con diferentes necesidades espec\u00edficas de apoyo educativo. Por \u00faltimo, vemos que el art\u00edculo 141 hace referencia a la participaci\u00f3n de las familias y se fomenta la colaboraci\u00f3n entre estas y los profesionales de la educaci\u00f3n para trabajar conjuntamente.<\/p>\n<div>\n<p>En este sentido, cabe resaltar que la familia es nuestra primera aliada como docentes tal y como afirma <span style=\"color: #33cccc;\"><a style=\"color: #33cccc;\" href=\"https:\/\/brandingescolar.com\/es\/el-secreto-del-marketing-educativo\/\">Rossy <\/a><\/span>(2020), \u201cSi no conseguimos su colaboraci\u00f3n, no seremos eficaces. Aunque tengamos muchos conocimientos en educaci\u00f3n, no podemos ver a las familias como un estorbo ni, mucho menos, como rivales.\u201d (p.95); por este motivo debemos saber cu\u00e1les son las necesidades de las familias en todo momento.<\/p>\n<\/div>\n<\/div><div class=\"fusion-builder-row fusion-builder-row-inner fusion-row fusion-flex-align-items-flex-start fusion-flex-content-wrap\" style=\"width:104% !important;max-width:104% !important;margin-left: calc(-4% \/ 2 );margin-right: calc(-4% \/ 2 );\"><div class=\"fusion-layout-column fusion_builder_column_inner fusion-builder-nested-column-4 fusion_builder_column_inner_1_2 1_2 fusion-flex-column\" style=\"--awb-bg-size:cover;--awb-width-large:50%;--awb-margin-top-large:20px;--awb-spacing-right-large:3.84%;--awb-margin-bottom-large:20px;--awb-spacing-left-large:3.84%;--awb-width-medium:100%;--awb-order-medium:0;--awb-spacing-right-medium:1.92%;--awb-spacing-left-medium:1.92%;--awb-width-small:100%;--awb-order-small:0;--awb-spacing-right-small:1.92%;--awb-spacing-left-small:1.92%;\"><div class=\"fusion-column-wrapper fusion-column-has-shadow fusion-flex-justify-content-flex-start fusion-content-layout-column\"><div class=\"fusion-image-element \" style=\"text-align:right;--awb-max-width:400px;--awb-caption-title-font-family:var(--h2_typography-font-family);--awb-caption-title-font-weight:var(--h2_typography-font-weight);--awb-caption-title-font-style:var(--h2_typography-font-style);--awb-caption-title-size:var(--h2_typography-font-size);--awb-caption-title-transform:var(--h2_typography-text-transform);--awb-caption-title-line-height:var(--h2_typography-line-height);--awb-caption-title-letter-spacing:var(--h2_typography-letter-spacing);\"><span class=\" fusion-imageframe imageframe-none imageframe-2 hover-type-none\"><img decoding=\"async\" width=\"1960\" height=\"980\" title=\"02_Art\u00edculo-Diego-Ledesma\" src=\"https:\/\/impulseducacio.org\/wp-content\/uploads\/2023\/06\/02_Articulo-Diego-Ledesma.jpg\" alt class=\"img-responsive wp-image-28174\" srcset=\"https:\/\/impulseducacio.org\/wp-content\/uploads\/2023\/06\/02_Articulo-Diego-Ledesma-200x100.jpg 200w, https:\/\/impulseducacio.org\/wp-content\/uploads\/2023\/06\/02_Articulo-Diego-Ledesma-400x200.jpg 400w, https:\/\/impulseducacio.org\/wp-content\/uploads\/2023\/06\/02_Articulo-Diego-Ledesma-600x300.jpg 600w, https:\/\/impulseducacio.org\/wp-content\/uploads\/2023\/06\/02_Articulo-Diego-Ledesma-800x400.jpg 800w, https:\/\/impulseducacio.org\/wp-content\/uploads\/2023\/06\/02_Articulo-Diego-Ledesma-1200x600.jpg 1200w, https:\/\/impulseducacio.org\/wp-content\/uploads\/2023\/06\/02_Articulo-Diego-Ledesma.jpg 1960w\" sizes=\"(max-width: 1024px) 100vw, (max-width: 620px) 100vw, 800px\" \/><\/span><\/div><\/div><\/div><div class=\"fusion-layout-column fusion_builder_column_inner fusion-builder-nested-column-5 fusion_builder_column_inner_1_2 1_2 fusion-flex-column\" style=\"--awb-bg-size:cover;--awb-width-large:50%;--awb-margin-top-large:54px;--awb-spacing-right-large:3.84%;--awb-margin-bottom-large:20px;--awb-spacing-left-large:3.84%;--awb-width-medium:100%;--awb-order-medium:0;--awb-spacing-right-medium:1.92%;--awb-spacing-left-medium:1.92%;--awb-width-small:100%;--awb-order-small:0;--awb-spacing-right-small:1.92%;--awb-spacing-left-small:1.92%;\"><div class=\"fusion-column-wrapper fusion-column-has-shadow fusion-flex-justify-content-flex-start fusion-content-layout-column\"><div class=\"fusion-text fusion-text-6\"><h6>La familia es nuestra primera aliada como docentes, si no conseguimos su colaboraci\u00f3n, no seremos eficaces<\/h6>\n<\/div><\/div><\/div><\/div><div class=\"fusion-builder-row fusion-builder-row-inner fusion-row fusion-flex-align-items-flex-start fusion-flex-content-wrap\" style=\"width:104% !important;max-width:104% !important;margin-left: calc(-4% \/ 2 );margin-right: calc(-4% \/ 2 );\"><div class=\"fusion-layout-column fusion_builder_column_inner fusion-builder-nested-column-6 fusion_builder_column_inner_1_1 1_1 fusion-flex-column\" style=\"--awb-bg-size:cover;--awb-width-large:100%;--awb-margin-top-large:0px;--awb-spacing-right-large:1.92%;--awb-margin-bottom-large:0px;--awb-spacing-left-large:1.92%;--awb-width-medium:100%;--awb-order-medium:0;--awb-spacing-right-medium:1.92%;--awb-spacing-left-medium:1.92%;--awb-width-small:100%;--awb-order-small:0;--awb-spacing-right-small:1.92%;--awb-spacing-left-small:1.92%;\"><div class=\"fusion-column-wrapper fusion-column-has-shadow fusion-flex-justify-content-flex-start fusion-content-layout-column\"><div class=\"fusion-text fusion-text-7\"><h3>8 tips para la tutor\u00eda personal<\/h3>\n<p>En esta l\u00ednea hemos podido analizar diferentes autores: Bofarull (2015), Rossy (2020), Fern\u00e1ndez (2010), Bisquerra (2012), Fern\u00e1ndez (2010), <span style=\"color: #33cccc;\"><a style=\"color: #33cccc;\" href=\"https:\/\/www.amazon.es\/Talking-Manager-conversaciones-conversations-Divulgaci%C3%B3n\/dp\/8415678053\">Gonz\u00e1lez<\/a><\/span> (2011) juntamente con la LOMLOE para poder brindar ocho \u201ctips\u201d que ayuden a los tutores a enfocar este gran reto que tenemos entre manos con las familias. Cabe destacar que es imprescindible partir de la base que como docentes tenemos que establecer una relaci\u00f3n cercana con el alumno y alumna, conocer sus intereses, motivaciones, desaf\u00edos y saber adaptar la ense\u00f1anza para satisfacer sus necesidades.<\/p>\n<ol>\n<li><strong>Comunicaci\u00f3n bidireccional<\/strong>: mantener una comunicaci\u00f3n de ida y vuelta. Implica como docentes saber escuchar antes de dar una respuesta. Debe ser frecuente con la familia. Tambi\u00e9n nos puede dar informaci\u00f3n para poder acompa\u00f1arlos. En el momento de decir las cosas podemos empezar por las cosas positivas de sus hijos\/as, luego las cosas que puede o debe mejorar y por \u00faltimo podemos comentar algo negativo. De esta manera no acabamos cayendo en que todo es muy malo o demasiado bueno.<\/li>\n<li><strong>Prepararse<\/strong>: para las familias cada hijo\/a es \u00fanico, por lo tanto, al enfrentarnos a la tutor\u00eda debemos pensar que es imprescindible prepararla. Para ello requiere que el tutor o tutora disponga de toda la informaci\u00f3n posible sobre el alumno o la alumna. En la preparaci\u00f3n se cuenta la previa, es decir, los minutos antes. Tenemos que considerar que si hemos quedado con una familia un d\u00eda y hora tenemos que hacer el m\u00e1ximo esfuerzo posible para tenerlo todo preparado: el sitio donde haremos la tutor\u00eda, que funcione bien la luz, puntualidad, llevar la documentaci\u00f3n necesaria para la tutor\u00eda, etc.<\/li>\n<li><strong>Marcar objetivos en casa y en la escuela<\/strong>: al acabar la tutor\u00eda es bueno que la familia tenga claro cu\u00e1les ser\u00e1n los objetivos a tener en cuenta durante el trimestre.<\/li>\n<li><strong>Orden y flexibilidad<\/strong>: Es importante establecer un orden a la entrevista. No podemos ir dando saltos, por ejemplo, de lo acad\u00e9mico a las relaciones sociales con los compa\u00f1eros y las compa\u00f1eras de clase. Para ello es bueno prepararla, teniendo en cuenta la flexibilidad y viendo la preocupaci\u00f3n de la familia.<\/li>\n<li><strong>Empat\u00eda, discreci\u00f3n y tomar notas<\/strong>: Hay que ser discretos, prudentes, emp\u00e1ticos y saber aquello que les podemos contar a los padres de sus hijos\/as. En este punto cabe desarrollar la empat\u00eda y, por tanto, es importante ponerse en el lugar del otro.<\/li>\n<li><strong>Cumplir acuerdos<\/strong>: Cuando pactamos algo con las familias es bueno poder cumplirlo. Estas ponen su confianza en nosotros y para ello nos conf\u00edan a lo m\u00e1s importante que son sus hijos\/as. Es importante tener en cuenta que los acuerdos tienen que ser algo que nos veamos capaces de hacer, no podemos enga\u00f1ar a la familia con algo que nos ser\u00e1 imposible realizar, ya sea por falta de tiempo, por falta de medios, etc.<\/li>\n<li><strong>Con datos objetivos<\/strong>: Cada alumno y cada alumna es diferente y \u00fanico\/a. Por este motivo, cuando tenemos una tutor\u00eda con una familia es imprescindible saber d\u00f3nde necesita mejorar el alumno\/a. No podemos se\u00f1alar que el alumno o la alumna necesita reforzar las multiplicaciones, cuando las \u00fanicas tablas de multiplicar que no ha sabido integrar son las del 6 o del 7 por ejemplo. Las familias agradecen cuando les decimos d\u00f3nde poner el foco espec\u00edficamente.<\/li>\n<li><strong>Invitar a formarse: <\/strong>Como educadores debemos estar informados sobre la formaci\u00f3n que proporciona el centro educativo para las familias. En la tutor\u00eda podemos invitar y explicar los Cursos de Orientaci\u00f3n Familiar, las escuelas de Padres, actividades concretas para formaci\u00f3n de familias que se impartan desde la escuela o instituto. Tambi\u00e9n podemos recomendar libros concretos sobre temas que les preocupen para ayudarles en la educaci\u00f3n de sus hijos\/as.<\/li>\n<\/ol>\n<\/div><\/div><\/div><\/div><div class=\"fusion-builder-row fusion-builder-row-inner fusion-row fusion-flex-align-items-flex-start fusion-flex-content-wrap\" style=\"width:104% !important;max-width:104% !important;margin-left: calc(-4% \/ 2 );margin-right: calc(-4% \/ 2 );\"><div class=\"fusion-layout-column fusion_builder_column_inner fusion-builder-nested-column-7 fusion_builder_column_inner_1_2 1_2 fusion-flex-column\" style=\"--awb-bg-size:cover;--awb-width-large:50%;--awb-margin-top-large:48px;--awb-spacing-right-large:3.84%;--awb-margin-bottom-large:0px;--awb-spacing-left-large:3.84%;--awb-width-medium:100%;--awb-order-medium:0;--awb-spacing-right-medium:1.92%;--awb-spacing-left-medium:1.92%;--awb-width-small:100%;--awb-order-small:0;--awb-spacing-right-small:1.92%;--awb-spacing-left-small:1.92%;\"><div class=\"fusion-column-wrapper fusion-column-has-shadow fusion-flex-justify-content-flex-start fusion-content-layout-column\"><div class=\"fusion-text fusion-text-8\"><h6 style=\"text-align: right;\">Las familias ponen su confianza en nosotros y para ello nos conf\u00edan a lo m\u00e1s importante que son sus hijos\/as<\/h6>\n<\/div><\/div><\/div><div class=\"fusion-layout-column fusion_builder_column_inner fusion-builder-nested-column-8 fusion_builder_column_inner_1_2 1_2 fusion-flex-column\" style=\"--awb-bg-size:cover;--awb-width-large:50%;--awb-margin-top-large:20px;--awb-spacing-right-large:3.84%;--awb-margin-bottom-large:20px;--awb-spacing-left-large:3.84%;--awb-width-medium:100%;--awb-order-medium:0;--awb-spacing-right-medium:1.92%;--awb-spacing-left-medium:1.92%;--awb-width-small:100%;--awb-order-small:0;--awb-spacing-right-small:1.92%;--awb-spacing-left-small:1.92%;\"><div class=\"fusion-column-wrapper fusion-column-has-shadow fusion-flex-justify-content-flex-start fusion-content-layout-column\"><div class=\"fusion-image-element \" style=\"text-align:left;--awb-max-width:400px;--awb-caption-title-font-family:var(--h2_typography-font-family);--awb-caption-title-font-weight:var(--h2_typography-font-weight);--awb-caption-title-font-style:var(--h2_typography-font-style);--awb-caption-title-size:var(--h2_typography-font-size);--awb-caption-title-transform:var(--h2_typography-text-transform);--awb-caption-title-line-height:var(--h2_typography-line-height);--awb-caption-title-letter-spacing:var(--h2_typography-letter-spacing);\"><span class=\" fusion-imageframe imageframe-none imageframe-3 hover-type-none\"><img decoding=\"async\" width=\"2010\" height=\"1008\" title=\"03_Art\u00edculo-Diego-Ledesma\" src=\"https:\/\/impulseducacio.org\/wp-content\/uploads\/2023\/06\/03_Articulo-Diego-Ledesma.jpg\" alt class=\"img-responsive wp-image-28177\" srcset=\"https:\/\/impulseducacio.org\/wp-content\/uploads\/2023\/06\/03_Articulo-Diego-Ledesma-200x100.jpg 200w, https:\/\/impulseducacio.org\/wp-content\/uploads\/2023\/06\/03_Articulo-Diego-Ledesma-400x201.jpg 400w, https:\/\/impulseducacio.org\/wp-content\/uploads\/2023\/06\/03_Articulo-Diego-Ledesma-600x301.jpg 600w, https:\/\/impulseducacio.org\/wp-content\/uploads\/2023\/06\/03_Articulo-Diego-Ledesma-800x401.jpg 800w, https:\/\/impulseducacio.org\/wp-content\/uploads\/2023\/06\/03_Articulo-Diego-Ledesma-1200x602.jpg 1200w, https:\/\/impulseducacio.org\/wp-content\/uploads\/2023\/06\/03_Articulo-Diego-Ledesma.jpg 2010w\" sizes=\"(max-width: 1024px) 100vw, (max-width: 620px) 100vw, 800px\" \/><\/span><\/div><\/div><\/div><\/div><div class=\"fusion-builder-row fusion-builder-row-inner fusion-row fusion-flex-align-items-flex-start fusion-flex-content-wrap\" style=\"width:104% !important;max-width:104% !important;margin-left: calc(-4% \/ 2 );margin-right: calc(-4% \/ 2 );\"><div class=\"fusion-layout-column fusion_builder_column_inner fusion-builder-nested-column-9 fusion_builder_column_inner_1_1 1_1 fusion-flex-column\" style=\"--awb-bg-size:cover;--awb-width-large:100%;--awb-margin-top-large:0px;--awb-spacing-right-large:1.92%;--awb-margin-bottom-large:0px;--awb-spacing-left-large:1.92%;--awb-width-medium:100%;--awb-order-medium:0;--awb-spacing-right-medium:1.92%;--awb-spacing-left-medium:1.92%;--awb-width-small:100%;--awb-order-small:0;--awb-spacing-right-small:1.92%;--awb-spacing-left-small:1.92%;\"><div class=\"fusion-column-wrapper fusion-column-has-shadow fusion-flex-justify-content-flex-start fusion-content-layout-column\"><\/div><\/div><\/div><div class=\"fusion-builder-row fusion-builder-row-inner fusion-row fusion-flex-align-items-flex-start fusion-flex-content-wrap\" style=\"width:104% !important;max-width:104% !important;margin-left: calc(-4% \/ 2 );margin-right: calc(-4% \/ 2 );\"><div class=\"fusion-layout-column fusion_builder_column_inner fusion-builder-nested-column-10 fusion_builder_column_inner_1_1 1_1 fusion-flex-column\" style=\"--awb-bg-size:cover;--awb-width-large:100%;--awb-margin-top-large:0px;--awb-spacing-right-large:1.92%;--awb-margin-bottom-large:0px;--awb-spacing-left-large:1.92%;--awb-width-medium:100%;--awb-order-medium:0;--awb-spacing-right-medium:1.92%;--awb-spacing-left-medium:1.92%;--awb-width-small:100%;--awb-order-small:0;--awb-spacing-right-small:1.92%;--awb-spacing-left-small:1.92%;\"><div class=\"fusion-column-wrapper fusion-column-has-shadow fusion-flex-justify-content-flex-start fusion-content-layout-column\"><div class=\"fusion-text fusion-text-9\"><p>En conclusi\u00f3n, el acompa\u00f1amiento durante la escolaridad es esencial para mejorar el rendimiento socioemocional y acad\u00e9mico de los ni\u00f1os y ni\u00f1as, as\u00ed como fortalecer diferentes habilidades. Como afirma Bisquerra (2012), implica atender necesidades personales, fomentar autonom\u00eda, orientar profesionalmente y apoyar el desarrollo integral de los y las estudiantes. Tambi\u00e9n los y las docentes se enfrentan al gran reto de acoger y acompa\u00f1ar a los alumnos con sus familias. Es necesario establecer una relaci\u00f3n cercana con ellos para conocer sus necesidades para saber acogerlos y acompa\u00f1arlos.<\/p>\n<\/div><\/div><\/div><\/div><div class=\"fusion-builder-row fusion-builder-row-inner fusion-row fusion-flex-align-items-flex-start fusion-flex-content-wrap\" style=\"width:104% !important;max-width:104% !important;margin-left: calc(-4% \/ 2 );margin-right: calc(-4% \/ 2 );\"><div class=\"fusion-layout-column fusion_builder_column_inner fusion-builder-nested-column-11 fusion_builder_column_inner_1_2 1_2 fusion-flex-column\" style=\"--awb-bg-size:cover;--awb-width-large:50%;--awb-margin-top-large:20px;--awb-spacing-right-large:3.84%;--awb-margin-bottom-large:20px;--awb-spacing-left-large:3.84%;--awb-width-medium:100%;--awb-order-medium:0;--awb-spacing-right-medium:1.92%;--awb-spacing-left-medium:1.92%;--awb-width-small:100%;--awb-order-small:0;--awb-spacing-right-small:1.92%;--awb-spacing-left-small:1.92%;\"><div class=\"fusion-column-wrapper fusion-column-has-shadow fusion-flex-justify-content-flex-start fusion-content-layout-column\"><div class=\"fusion-image-element \" style=\"text-align:right;--awb-max-width:400px;--awb-caption-title-font-family:var(--h2_typography-font-family);--awb-caption-title-font-weight:var(--h2_typography-font-weight);--awb-caption-title-font-style:var(--h2_typography-font-style);--awb-caption-title-size:var(--h2_typography-font-size);--awb-caption-title-transform:var(--h2_typography-text-transform);--awb-caption-title-line-height:var(--h2_typography-line-height);--awb-caption-title-letter-spacing:var(--h2_typography-letter-spacing);\"><span class=\" fusion-imageframe imageframe-none imageframe-4 hover-type-none\"><img decoding=\"async\" width=\"2560\" height=\"1280\" title=\"04_Art\u00edculo-Diego-Ledesma\" src=\"https:\/\/impulseducacio.org\/wp-content\/uploads\/2023\/06\/04_Articulo-Diego-Ledesma-scaled.jpg\" alt class=\"img-responsive wp-image-28180\" srcset=\"https:\/\/impulseducacio.org\/wp-content\/uploads\/2023\/06\/04_Articulo-Diego-Ledesma-200x100.jpg 200w, https:\/\/impulseducacio.org\/wp-content\/uploads\/2023\/06\/04_Articulo-Diego-Ledesma-400x200.jpg 400w, https:\/\/impulseducacio.org\/wp-content\/uploads\/2023\/06\/04_Articulo-Diego-Ledesma-600x300.jpg 600w, https:\/\/impulseducacio.org\/wp-content\/uploads\/2023\/06\/04_Articulo-Diego-Ledesma-800x400.jpg 800w, https:\/\/impulseducacio.org\/wp-content\/uploads\/2023\/06\/04_Articulo-Diego-Ledesma-1200x600.jpg 1200w, https:\/\/impulseducacio.org\/wp-content\/uploads\/2023\/06\/04_Articulo-Diego-Ledesma-scaled.jpg 2560w\" sizes=\"(max-width: 1024px) 100vw, (max-width: 620px) 100vw, 800px\" \/><\/span><\/div><\/div><\/div><div class=\"fusion-layout-column fusion_builder_column_inner fusion-builder-nested-column-12 fusion_builder_column_inner_1_2 1_2 fusion-flex-column\" style=\"--awb-bg-size:cover;--awb-width-large:50%;--awb-margin-top-large:47px;--awb-spacing-right-large:3.84%;--awb-margin-bottom-large:20px;--awb-spacing-left-large:3.84%;--awb-width-medium:100%;--awb-order-medium:0;--awb-spacing-right-medium:1.92%;--awb-spacing-left-medium:1.92%;--awb-width-small:100%;--awb-order-small:0;--awb-spacing-right-small:1.92%;--awb-spacing-left-small:1.92%;\"><div class=\"fusion-column-wrapper fusion-column-has-shadow fusion-flex-justify-content-flex-start fusion-content-layout-column\"><div class=\"fusion-text fusion-text-10\"><h6>El acompa\u00f1amiento es esencial para mejorar el rendimiento socioemocional y acad\u00e9mico de los alumnos<\/h6>\n<\/div><\/div><\/div><\/div><div class=\"fusion-builder-row fusion-builder-row-inner fusion-row fusion-flex-align-items-flex-start fusion-flex-content-wrap\" style=\"width:104% !important;max-width:104% !important;margin-left: calc(-4% \/ 2 );margin-right: calc(-4% \/ 2 );\"><div class=\"fusion-layout-column fusion_builder_column_inner fusion-builder-nested-column-13 fusion_builder_column_inner_1_1 1_1 fusion-flex-column\" style=\"--awb-bg-size:cover;--awb-width-large:100%;--awb-margin-top-large:0px;--awb-spacing-right-large:1.92%;--awb-margin-bottom-large:0px;--awb-spacing-left-large:1.92%;--awb-width-medium:100%;--awb-order-medium:0;--awb-spacing-right-medium:1.92%;--awb-spacing-left-medium:1.92%;--awb-width-small:100%;--awb-order-small:0;--awb-spacing-right-small:1.92%;--awb-spacing-left-small:1.92%;\"><div class=\"fusion-column-wrapper fusion-column-has-shadow fusion-flex-justify-content-flex-start fusion-content-layout-column\"><div class=\"fusion-text fusion-text-11\"><p><strong>Diego Ledesma<\/strong> es maestro de Educaci\u00f3n Primaria y Psicopedagogo. Considera que los dos grandes retos de la educaci\u00f3n son la inclusi\u00f3n y la orientaci\u00f3n familiar. Est\u00e1 interesado en temas de psicopedagog\u00eda, cursos de orientaci\u00f3n familiar, mentor\u00eda, liderazgo y direcci\u00f3n inclusiva y educativa, dificultades de aprendizaje, personalizaci\u00f3n educativa y formaci\u00f3n de familias y profesorado.<\/p>\n<\/div><\/div><\/div><\/div><div class=\"fusion-separator fusion-full-width-sep\" style=\"align-self: center;margin-left: auto;margin-right: auto;width:100%;\"><div class=\"fusion-separator-border sep-single sep-solid\" style=\"--awb-height:20px;--awb-amount:20px;border-color:#f6f4f5;border-top-width:1px;\"><\/div><\/div><div class=\"fusion-text fusion-text-12\"><h3>Bibliograf\u00eda<\/h3>\n<p>Ley Org\u00e1nica 3\/2020, de 29 de diciembre, por la que se modifica la Ley Org\u00e1nica 2\/2006, de 3 de mayo, de Educaci\u00f3n. Bolet\u00edn Oficial del Estado, n\u00fam. 340, de 30 de diciembre de 2020, pp. 94090-94141.<\/p>\n<p>Fern\u00e1ndez, P. (2010). \u201cTutor\u00eda, tarea compartida\u201d. Autodidacta. Revista de la Educaci\u00f3n en Extremadura, 6, 87-92.<\/p>\n<p>Bisquerra, R. (2012). \u201cOrientaci\u00f3n tutor\u00eda y educaci\u00f3n emocional\u201d. Madrid, Espa\u00f1a: S\u00edntesis. S.A. de C.V.<\/p>\n<p>Gonz\u00e1lez, A. (2011). \u201cEl Talking Manager. C\u00f3mo dirigir personas a trav\u00e9s de conversaciones\u201d. Alienta<\/p>\n<p>Rossy. (2020). \u201cEl secreto del marketing educativo\u201d. Santillana<\/p>\n<\/div><div class=\"fusion-separator fusion-full-width-sep\" style=\"align-self: center;margin-left: auto;margin-right: auto;margin-top:20px;width:100%;\"><\/div><div class=\"fusion-text fusion-text-13\"><h5>Valora este post \n\n<div class=\"kk-star-ratings kksr-template\"\n    data-payload='{&quot;id&quot;:&quot;28165&quot;,&quot;slug&quot;:&quot;default&quot;,&quot;ignore&quot;:&quot;&quot;,&quot;reference&quot;:&quot;template&quot;,&quot;align&quot;:&quot;&quot;,&quot;class&quot;:&quot;&quot;,&quot;count&quot;:&quot;1&quot;,&quot;legendonly&quot;:&quot;&quot;,&quot;readonly&quot;:&quot;&quot;,&quot;score&quot;:&quot;5&quot;,&quot;starsonly&quot;:&quot;&quot;,&quot;valign&quot;:&quot;&quot;,&quot;best&quot;:&quot;5&quot;,&quot;gap&quot;:&quot;5&quot;,&quot;greet&quot;:&quot;Valora este post&quot;,&quot;legend&quot;:&quot;5\\\/5 - (1 vote)&quot;,&quot;size&quot;:&quot;24&quot;,&quot;title&quot;:&quot;La tutor\u00eda: un desaf\u00edo a la hora de acoger y acompa\u00f1ar a nuestros alumnos&quot;,&quot;width&quot;:&quot;142.5&quot;,&quot;_legend&quot;:&quot;{score}\\\/{best} - ({count} {votes})&quot;,&quot;font_factor&quot;:&quot;1.25&quot;}'>\n            \n<div class=\"kksr-stars\">\n    \n<div class=\"kksr-stars-inactive\">\n            <div class=\"kksr-star\" data-star=\"1\" style=\"padding-right: 5px\">\n            \n\n<div class=\"kksr-icon\" style=\"width: 24px; height: 24px;\"><\/div>\n        <\/div>\n            <div class=\"kksr-star\" data-star=\"2\" style=\"padding-right: 5px\">\n            \n\n<div class=\"kksr-icon\" style=\"width: 24px; height: 24px;\"><\/div>\n        <\/div>\n            <div class=\"kksr-star\" data-star=\"3\" style=\"padding-right: 5px\">\n            \n\n<div class=\"kksr-icon\" style=\"width: 24px; height: 24px;\"><\/div>\n        <\/div>\n            <div class=\"kksr-star\" data-star=\"4\" style=\"padding-right: 5px\">\n            \n\n<div class=\"kksr-icon\" style=\"width: 24px; height: 24px;\"><\/div>\n        <\/div>\n            <div class=\"kksr-star\" data-star=\"5\" style=\"padding-right: 5px\">\n            \n\n<div class=\"kksr-icon\" style=\"width: 24px; height: 24px;\"><\/div>\n        <\/div>\n    <\/div>\n    \n<div class=\"kksr-stars-active\" style=\"width: 142.5px;\">\n            <div class=\"kksr-star\" style=\"padding-right: 5px\">\n            \n\n<div class=\"kksr-icon\" style=\"width: 24px; height: 24px;\"><\/div>\n        <\/div>\n            <div class=\"kksr-star\" style=\"padding-right: 5px\">\n            \n\n<div class=\"kksr-icon\" style=\"width: 24px; height: 24px;\"><\/div>\n        <\/div>\n            <div class=\"kksr-star\" style=\"padding-right: 5px\">\n            \n\n<div class=\"kksr-icon\" style=\"width: 24px; height: 24px;\"><\/div>\n        <\/div>\n            <div class=\"kksr-star\" style=\"padding-right: 5px\">\n            \n\n<div class=\"kksr-icon\" style=\"width: 24px; height: 24px;\"><\/div>\n        <\/div>\n            <div class=\"kksr-star\" style=\"padding-right: 5px\">\n            \n\n<div class=\"kksr-icon\" style=\"width: 24px; height: 24px;\"><\/div>\n        <\/div>\n    <\/div>\n<\/div>\n                \n\n<div class=\"kksr-legend\" style=\"font-size: 19.2px;\">\n            5\/5 - (1 vote)    <\/div>\n    <\/div>\n&nbsp;<\/h5>\n<\/div><\/div><\/div><\/div><\/div><div class=\"fusion-fullwidth fullwidth-box fusion-builder-row-4 fusion-flex-container nonhundred-percent-fullwidth non-hundred-percent-height-scrolling\" style=\"--awb-border-radius-top-left:0px;--awb-border-radius-top-right:0px;--awb-border-radius-bottom-right:0px;--awb-border-radius-bottom-left:0px;--awb-padding-top:0%;--awb-padding-bottom:0%;--awb-padding-left:170px;--awb-margin-top:0px;--awb-margin-bottom:0px;--awb-background-color:#ffffff;--awb-flex-wrap:wrap;\" ><div class=\"fusion-builder-row fusion-row fusion-flex-align-items-flex-start fusion-flex-content-wrap\" style=\"max-width:1331.2px;margin-left: calc(-4% \/ 2 );margin-right: calc(-4% \/ 2 );\"><\/div><\/div><div class=\"fusion-fullwidth fullwidth-box fusion-builder-row-5 nonhundred-percent-fullwidth non-hundred-percent-height-scrolling\" style=\"--awb-border-radius-top-left:0px;--awb-border-radius-top-right:0px;--awb-border-radius-bottom-right:0px;--awb-border-radius-bottom-left:0px;--awb-padding-top:0px;--awb-padding-bottom:0%;--awb-margin-top:0px;--awb-flex-wrap:wrap;\" ><div class=\"fusion-builder-row fusion-row\"><div class=\"fusion-layout-column fusion_builder_column fusion-builder-column-5 fusion_builder_column_1_1 1_1 fusion-one-full fusion-column-first fusion-column-last fusion-animated\" style=\"--awb-padding-right:969px;--awb-bg-blend:overlay;--awb-bg-size:cover;--awb-margin-top:0px;--awb-margin-bottom:45px;\" data-animationType=\"fadeInDown\" data-animationDuration=\"0.6\" data-animationOffset=\"top-into-view\"><div class=\"fusion-column-wrapper fusion-column-has-shadow fusion-flex-column-wrapper-legacy\"><div class=\"fusion-sharing-box fusion-sharing-box-2 boxed-icons has-taglines layout-floated layout-medium-floated layout-small-floated\" style=\"background-color:rgba(246,244,245,0);padding:0;--awb-layout:row;--awb-alignment-small:space-between;\" data-title=\"La tutor\u00eda: un desaf\u00edo a la hora de acoger y acompa\u00f1ar a nuestros alumnos\" data-description=\"La tutor\u00eda: un desaf\u00edo a la hora de acoger y acompa\u00f1ar a nuestros alumnos\r\n\r\n     Your Content Goes Here  \r\nLos tutores saben que acompa\u00f1ar a los alumnos en su desarrollo personal es un proceso educativo para el que hay que estar formados\" data-link=\"https:\/\/impulseducacio.org\/es\/la-tutoria-un-desafio-a-la-hora-de-acoger-y-acompanar-a-nuestros-alumnos\/\"><h4 class=\"tagline\" style=\"color:#48626f;\">Compartir<\/h4><div class=\"fusion-social-networks sharingbox-shortcode-icon-wrapper sharingbox-shortcode-icon-wrapper-2 boxed-icons\"><span><a href=\"https:\/\/www.facebook.com\/sharer.php?u=https%3A%2F%2Fimpulseducacio.org%2Fes%2Fla-tutoria-un-desafio-a-la-hora-de-acoger-y-acompanar-a-nuestros-alumnos%2F&amp;t=La%20tutor%C3%ADa%3A%20un%20desaf%C3%ADo%20a%20la%20hora%20de%20acoger%20y%20acompa%C3%B1ar%20a%20nuestros%20alumnos\" target=\"_blank\" rel=\"noreferrer\" title=\"Facebook\" aria-label=\"Facebook\" data-placement=\"Right\" data-toggle=\"tooltip\" data-title=\"Facebook\"><i class=\"fusion-social-network-icon fusion-tooltip fusion-facebook awb-icon-facebook\" style=\"color:#ffffff;background-color:#3b5998;border-color:#3b5998;border-radius:24px;\" aria-hidden=\"true\"><\/i><\/a><\/span><span><a href=\"https:\/\/x.com\/intent\/post?text=La%20tutor%C3%ADa%3A%20un%20desaf%C3%ADo%20a%20la%20hora%20de%20acoger%20y%20acompa%C3%B1ar%20a%20nuestros%20alumnos&amp;url=https%3A%2F%2Fimpulseducacio.org%2Fes%2Fla-tutoria-un-desafio-a-la-hora-de-acoger-y-acompanar-a-nuestros-alumnos%2F\" target=\"_blank\" rel=\"noopener noreferrer\" title=\"X\" aria-label=\"X\" data-placement=\"Right\" data-toggle=\"tooltip\" data-title=\"X\"><i class=\"fusion-social-network-icon fusion-tooltip fusion-twitter awb-icon-twitter\" style=\"color:#ffffff;background-color:#000000;border-color:#000000;border-radius:24px;\" aria-hidden=\"true\"><\/i><\/a><\/span><span><a href=\"https:\/\/www.linkedin.com\/shareArticle?mini=true&amp;url=https%3A%2F%2Fimpulseducacio.org%2Fes%2Fla-tutoria-un-desafio-a-la-hora-de-acoger-y-acompanar-a-nuestros-alumnos%2F&amp;title=La%20tutor%C3%ADa%3A%20un%20desaf%C3%ADo%20a%20la%20hora%20de%20acoger%20y%20acompa%C3%B1ar%20a%20nuestros%20alumnos&amp;summary=La%20tutor%C3%ADa%3A%20un%20desaf%C3%ADo%20a%20la%20hora%20de%20acoger%20y%20acompa%C3%B1ar%20a%20nuestros%20alumnos%0D%0A%0D%0A%20%20%20%20%20%20%20%20%20Your%20Content%20Goes%20Here%20%20%20%0D%0ALos%20tutores%20saben%20que%20acompa%C3%B1ar%20a%20los%20alumnos%20en%20su%20desarrollo%20personal%20es%20un%20proceso%20educativo%20para%20el%20que%20hay%20que%20estar%20formados\" target=\"_blank\" rel=\"noopener noreferrer\" title=\"LinkedIn\" aria-label=\"LinkedIn\" data-placement=\"Right\" data-toggle=\"tooltip\" data-title=\"LinkedIn\"><i class=\"fusion-social-network-icon fusion-tooltip fusion-linkedin awb-icon-linkedin\" style=\"color:#ffffff;background-color:#0077b5;border-color:#0077b5;border-radius:24px;\" aria-hidden=\"true\"><\/i><\/a><\/span><span><a href=\"mailto:?subject=La%20tutor%C3%ADa%3A%20un%20desaf%C3%ADo%20a%20la%20hora%20de%20acoger%20y%20acompa%C3%B1ar%20a%20nuestros%20alumnos&amp;body=https%3A%2F%2Fimpulseducacio.org%2Fes%2Fla-tutoria-un-desafio-a-la-hora-de-acoger-y-acompanar-a-nuestros-alumnos%2F\" target=\"_self\" title=\"Email\" aria-label=\"Email\" data-placement=\"Right\" data-toggle=\"tooltip\" data-title=\"Email\"><i class=\"fusion-social-network-icon fusion-tooltip fusion-mail awb-icon-mail\" style=\"color:#ffffff;background-color:#000000;border-color:#000000;border-radius:24px;\" aria-hidden=\"true\"><\/i><\/a><\/span><\/div><\/div><div class=\"fusion-clearfix\"><\/div><\/div><\/div><\/div><\/div><div class=\"fusion-fullwidth fullwidth-box fusion-builder-row-6 nonhundred-percent-fullwidth non-hundred-percent-height-scrolling\" style=\"--awb-border-radius-top-left:0px;--awb-border-radius-top-right:0px;--awb-border-radius-bottom-right:0px;--awb-border-radius-bottom-left:0px;--awb-padding-top:0px;--awb-padding-bottom:0px;--awb-margin-top:0px;--awb-margin-bottom:0px;--awb-flex-wrap:wrap;\" ><div class=\"fusion-builder-row fusion-row\"><div class=\"fusion-layout-column fusion_builder_column fusion-builder-column-6 fusion_builder_column_3_4 3_4 fusion-three-fourth fusion-column-first\" style=\"--awb-bg-size:cover;width:75%;width:calc(75% - ( ( 4% ) * 0.75 ) );margin-right: 4%;\"><div class=\"fusion-column-wrapper fusion-column-has-shadow fusion-flex-column-wrapper-legacy\"><div class=\"fusion-text fusion-text-14\"><p style=\"font-size: 35px; line-height: 37.4px; font-family: 'Open Sans'; font-weight: 300;\" data-fusion-font=\"true\" data-fusion-google-font=\"Open Sans\" data-fusion-google-variant=\"300\" data-fusion-google-subset=\"latin\">Te puede interesar<\/p>\n<\/div><div class=\"fusion-clearfix\"><\/div><\/div><\/div><div class=\"fusion-layout-column fusion_builder_column fusion-builder-column-7 fusion_builder_column_1_4 1_4 fusion-one-fourth fusion-column-last\" style=\"--awb-bg-size:cover;width:25%;width:calc(25% - ( ( 4% ) * 0.25 ) );\" data-scroll-devices=\"small-visibility,medium-visibility,large-visibility\"><div class=\"fusion-column-wrapper fusion-column-has-shadow fusion-flex-column-wrapper-legacy\"><div class=\"fusion-alignright\"><a class=\"fusion-button button-flat button-large button-custom fusion-button-default button-1 fusion-button-default-span fusion-button-default-type\" style=\"--button_accent_color:#ffffff;--button_accent_hover_color:#ffffff;--button_border_hover_color:#ffffff;--button_gradient_top_color:#ffad00;--button_gradient_bottom_color:#ffad00;--button_gradient_top_color_hover:#48626f;--button_gradient_bottom_color_hover:#48626f;\" target=\"lightbox\" rel=\"iLightbox\" href=\"https:\/\/institucio.ipzmarketing.com\/f\/FGIXFJ9o1O8\"><i class=\"fa-envelope fas awb-button__icon awb-button__icon--default button-icon-left\" aria-hidden=\"true\"><\/i><span class=\"fusion-button-text awb-button__text awb-button__text--default\">Subscr\u00edbete<\/span><\/a><\/div><div class=\"fusion-clearfix\"><\/div><\/div><\/div><div class=\"fusion-layout-column fusion_builder_column fusion-builder-column-8 fusion_builder_column_1_1 1_1 fusion-one-full fusion-column-first fusion-column-last\" style=\"--awb-padding-top:21px;--awb-bg-blend:overlay;--awb-bg-size:cover;--awb-margin-top:0px;--awb-margin-bottom:0px;\"><div class=\"fusion-column-wrapper fusion-column-has-shadow fusion-flex-column-wrapper-legacy\"><div class=\"fusion-blog-shortcode fusion-blog-shortcode-1 fusion-blog-archive fusion-blog-layout-grid-wrapper fusion-blog-pagination\"><style type=\"text\/css\">.fusion-blog-shortcode-1 .fusion-blog-layout-grid .fusion-post-grid{padding:21px;}.fusion-blog-shortcode-1 .fusion-posts-container{margin-left: -21px !important; margin-right:-21px !important;}<\/style><div class=\"fusion-posts-container fusion-posts-container-pagination fusion-no-meta-info fusion-blog-rollover fusion-blog-layout-grid fusion-blog-layout-grid-3 isotope fusion-blog-equal-heights\" data-pages=\"11\" data-grid-col-space=\"42\" style=\"margin: -21px -21px 0;min-height:500px;\"><article id=\"blog-1-post-47077\" class=\"fusion-post-grid post-47077 post type-post status-publish format-standard has-post-thumbnail hentry category-personalizacion tag-entrevista-experto\">\n<div class=\"fusion-post-wrapper\" style=\"background-color:rgba(246,247,247,1);border:none;\">\n\n\t\t\t<div class=\"fusion-flexslider flexslider fusion-flexslider-loading fusion-post-slideshow\" style=\"border-color:rgba(255,255,255,0);\">\n\t\t<ul class=\"slides\">\n\t\t\t\n\t\t\t\t\t\t\t\t\t\t\t\t\t\t<li><div  class=\"fusion-image-wrapper\" aria-haspopup=\"true\">\n\t\t\t\t<img decoding=\"async\" width=\"2560\" height=\"1280\" src=\"https:\/\/impulseducacio.org\/wp-content\/uploads\/2025\/05\/1.-Portada-entrevista-Become_WEB-scaled.jpg\" class=\"attachment-full size-full wp-post-image\" alt=\"\" srcset=\"https:\/\/impulseducacio.org\/wp-content\/uploads\/2025\/05\/1.-Portada-entrevista-Become_WEB-200x100.jpg 200w, https:\/\/impulseducacio.org\/wp-content\/uploads\/2025\/05\/1.-Portada-entrevista-Become_WEB-400x200.jpg 400w, https:\/\/impulseducacio.org\/wp-content\/uploads\/2025\/05\/1.-Portada-entrevista-Become_WEB-600x300.jpg 600w, https:\/\/impulseducacio.org\/wp-content\/uploads\/2025\/05\/1.-Portada-entrevista-Become_WEB-800x400.jpg 800w, https:\/\/impulseducacio.org\/wp-content\/uploads\/2025\/05\/1.-Portada-entrevista-Become_WEB-1200x600.jpg 1200w, https:\/\/impulseducacio.org\/wp-content\/uploads\/2025\/05\/1.-Portada-entrevista-Become_WEB-scaled.jpg 2560w\" sizes=\"(min-width: 2200px) 100vw, (min-width: 784px) 399px, (min-width: 712px) 598px, (min-width: 640px) 712px, \" \/><div class=\"fusion-rollover\">\n\t<div class=\"fusion-rollover-content\">\n\n\t\t\t\t\t\t\t\t\t\t\t\t\t\t<a class=\"fusion-rollover-link\" href=\"https:\/\/impulseducacio.org\/es\/educacion-del-caracter-liderar-comunidades-que-ponen-a-la-persona-en-el-centro\/\">Educaci\u00f3n del car\u00e1cter: liderar comunidades que ponen a la persona en el centro<\/a>\n\t\t\t\n\t\t\t\t\t\t\t\t\t\t\t\t\t\t\n\t\t\t\t\t\t\t\t\n\t\t\t\t\t\t\t\t\t\t\t\t\t<div class=\"fusion-rollover-sep\"><\/div>\n\t\t\t\t\n\t\t\t\t\t\t\t\t\t\t\t\t\t\t\t\t\t\t<a class=\"fusion-rollover-gallery\" href=\"https:\/\/impulseducacio.org\/wp-content\/uploads\/2025\/05\/1.-Portada-entrevista-Become_WEB-scaled.jpg\" data-options=\"\" data-id=\"47077\" data-rel=\"iLightbox[gallery]\" data-title=\"1.-Portada-entrevista-Become_WEB\" data-caption=\"\">\n\t\t\t\t\t\tGallery\t\t\t\t\t<\/a>\n\t\t\t\t\t\t\t\t\t\t\t\t\t\t\n\t\t\n\t\t\t\t\t\t\t\t\n\t\t\t\t\t\t\t\t\n\t\t\n\t\t\t\t\t\t<a class=\"fusion-link-wrapper\" href=\"https:\/\/impulseducacio.org\/es\/educacion-del-caracter-liderar-comunidades-que-ponen-a-la-persona-en-el-centro\/\" aria-label=\"Educaci\u00f3n del car\u00e1cter: liderar comunidades que ponen a la persona en el centro\"><\/a>\n\t<\/div>\n<\/div>\n<\/div>\n<\/li>\n\t\t\t\n\t\t\t\n\t\t\t\t\t\t\t\t\t\t\t\t\t\t\t\t\t\t\t\t\t\t\t\t\t\t\t\t\t\t\t\t\t\t\t\t\t\t\t\t\t\t\t\t\t\t\t\t\t\t\t\t\t\t\t\t\t\t\t\t\t\t\t\t\t\t\t\t<\/ul>\n\t<\/div>\n\t<div class=\"fusion-post-content-wrapper\" style=\"padding:30px 8% 25px 8%;\"><div class=\"fusion-post-content post-content\"><h2 class=\"blog-shortcode-post-title entry-title\"><a href=\"https:\/\/impulseducacio.org\/es\/educacion-del-caracter-liderar-comunidades-que-ponen-a-la-persona-en-el-centro\/\">Educaci\u00f3n del car\u00e1cter: liderar comunidades que ponen a la persona en el centro<\/a><\/h2><\/div><\/div><div class=\"fusion-clearfix\"><\/div><\/div>\n<\/article>\n<article id=\"blog-1-post-45404\" class=\"fusion-post-grid post-45404 post type-post status-publish format-gallery has-post-thumbnail hentry category-personalizacion tag-entrevista-experto post_format-post-format-gallery\">\n<div class=\"fusion-post-wrapper\" style=\"background-color:rgba(246,247,247,1);border:none;\">\n\n\t\t\t<div class=\"fusion-flexslider flexslider fusion-flexslider-loading fusion-post-slideshow\" style=\"border-color:rgba(255,255,255,0);\">\n\t\t<ul class=\"slides\">\n\t\t\t\n\t\t\t\t\t\t\t\t\t\t\t\t\t\t<li><div  class=\"fusion-image-wrapper\" aria-haspopup=\"true\">\n\t\t\t\t<img decoding=\"async\" width=\"2560\" height=\"1280\" src=\"https:\/\/impulseducacio.org\/wp-content\/uploads\/2025\/01\/00_Portada-entrevista-F-Torralba_WEB-1-scaled.jpg\" class=\"attachment-full size-full wp-post-image\" alt=\"\" srcset=\"https:\/\/impulseducacio.org\/wp-content\/uploads\/2025\/01\/00_Portada-entrevista-F-Torralba_WEB-1-200x100.jpg 200w, https:\/\/impulseducacio.org\/wp-content\/uploads\/2025\/01\/00_Portada-entrevista-F-Torralba_WEB-1-400x200.jpg 400w, https:\/\/impulseducacio.org\/wp-content\/uploads\/2025\/01\/00_Portada-entrevista-F-Torralba_WEB-1-600x300.jpg 600w, https:\/\/impulseducacio.org\/wp-content\/uploads\/2025\/01\/00_Portada-entrevista-F-Torralba_WEB-1-800x400.jpg 800w, https:\/\/impulseducacio.org\/wp-content\/uploads\/2025\/01\/00_Portada-entrevista-F-Torralba_WEB-1-1200x600.jpg 1200w, https:\/\/impulseducacio.org\/wp-content\/uploads\/2025\/01\/00_Portada-entrevista-F-Torralba_WEB-1-scaled.jpg 2560w\" sizes=\"(min-width: 2200px) 100vw, (min-width: 784px) 399px, (min-width: 712px) 598px, (min-width: 640px) 712px, \" \/><div class=\"fusion-rollover\">\n\t<div class=\"fusion-rollover-content\">\n\n\t\t\t\t\t\t\t\t\t\t\t\t\t\t<a class=\"fusion-rollover-link\" href=\"https:\/\/impulseducacio.org\/es\/educar-es-desarrollar-todo-el-potencial-humano\/\">Educar es desarrollar todo el potencial humano<\/a>\n\t\t\t\n\t\t\t\t\t\t\t\t\t\t\t\t\t\t\n\t\t\t\t\t\t\t\t\n\t\t\t\t\t\t\t\t\t\t\t\t\t<div class=\"fusion-rollover-sep\"><\/div>\n\t\t\t\t\n\t\t\t\t\t\t\t\t\t\t\t\t\t\t\t\t\t\t<a class=\"fusion-rollover-gallery\" href=\"https:\/\/impulseducacio.org\/wp-content\/uploads\/2025\/01\/00_Portada-entrevista-F-Torralba_WEB-1-scaled.jpg\" data-options=\"\" data-id=\"45404\" data-rel=\"iLightbox[gallery]\" data-title=\"00_Portada-entrevista-F-Torralba_WEB\" data-caption=\"\">\n\t\t\t\t\t\tGallery\t\t\t\t\t<\/a>\n\t\t\t\t\t\t\t\t\t\t\t\t\t\t\n\t\t\n\t\t\t\t\t\t\t\t\n\t\t\t\t\t\t\t\t\n\t\t\n\t\t\t\t\t\t<a class=\"fusion-link-wrapper\" href=\"https:\/\/impulseducacio.org\/es\/educar-es-desarrollar-todo-el-potencial-humano\/\" aria-label=\"Educar es desarrollar todo el potencial humano\"><\/a>\n\t<\/div>\n<\/div>\n<\/div>\n<\/li>\n\t\t\t\n\t\t\t\n\t\t\t\t\t\t\t\t\t\t\t\t\t\t\t\t\t\t\t\t\t\t\t\t\t\t\t\t\t\t\t\t\t\t\t\t\t\t\t\t\t\t\t\t\t\t\t\t\t\t\t\t\t\t\t\t\t\t\t\t\t\t\t\t\t\t\t\t<\/ul>\n\t<\/div>\n\t<div class=\"fusion-post-content-wrapper\" style=\"padding:30px 8% 25px 8%;\"><div class=\"fusion-post-content post-content\"><h2 class=\"blog-shortcode-post-title entry-title\"><a href=\"https:\/\/impulseducacio.org\/es\/educar-es-desarrollar-todo-el-potencial-humano\/\">Educar es desarrollar todo el potencial humano<\/a><\/h2><\/div><\/div><div class=\"fusion-clearfix\"><\/div><\/div>\n<\/article>\n<article id=\"blog-1-post-46744\" class=\"fusion-post-grid post-46744 post type-post status-publish format-standard has-post-thumbnail hentry category-personalizacion tag-entrevista-experto\">\n<div class=\"fusion-post-wrapper\" style=\"background-color:rgba(246,247,247,1);border:none;\">\n\n\t\t\t<div class=\"fusion-flexslider flexslider fusion-flexslider-loading fusion-post-slideshow\" style=\"border-color:rgba(255,255,255,0);\">\n\t\t<ul class=\"slides\">\n\t\t\t\n\t\t\t\t\t\t\t\t\t\t\t\t\t\t<li><div  class=\"fusion-image-wrapper\" aria-haspopup=\"true\">\n\t\t\t\t<img decoding=\"async\" width=\"2560\" height=\"1280\" src=\"https:\/\/impulseducacio.org\/wp-content\/uploads\/2025\/04\/1.-Portada-entrevista-Marvin-Berkowitz_WEB-scaled.jpg\" class=\"attachment-full size-full wp-post-image\" alt=\"\" srcset=\"https:\/\/impulseducacio.org\/wp-content\/uploads\/2025\/04\/1.-Portada-entrevista-Marvin-Berkowitz_WEB-200x100.jpg 200w, https:\/\/impulseducacio.org\/wp-content\/uploads\/2025\/04\/1.-Portada-entrevista-Marvin-Berkowitz_WEB-400x200.jpg 400w, https:\/\/impulseducacio.org\/wp-content\/uploads\/2025\/04\/1.-Portada-entrevista-Marvin-Berkowitz_WEB-600x300.jpg 600w, https:\/\/impulseducacio.org\/wp-content\/uploads\/2025\/04\/1.-Portada-entrevista-Marvin-Berkowitz_WEB-800x400.jpg 800w, https:\/\/impulseducacio.org\/wp-content\/uploads\/2025\/04\/1.-Portada-entrevista-Marvin-Berkowitz_WEB-1200x600.jpg 1200w, https:\/\/impulseducacio.org\/wp-content\/uploads\/2025\/04\/1.-Portada-entrevista-Marvin-Berkowitz_WEB-scaled.jpg 2560w\" sizes=\"(min-width: 2200px) 100vw, (min-width: 784px) 399px, (min-width: 712px) 598px, (min-width: 640px) 712px, \" \/><div class=\"fusion-rollover\">\n\t<div class=\"fusion-rollover-content\">\n\n\t\t\t\t\t\t\t\t\t\t\t\t\t\t<a class=\"fusion-rollover-link\" href=\"https:\/\/impulseducacio.org\/es\/primed-un-modelo-para-transformar-la-educacion-del-caracter\/\">PRIMED: un modelo para transformar la educaci\u00f3n del car\u00e1cter<\/a>\n\t\t\t\n\t\t\t\t\t\t\t\t\t\t\t\t\t\t\n\t\t\t\t\t\t\t\t\n\t\t\t\t\t\t\t\t\t\t\t\t\t<div class=\"fusion-rollover-sep\"><\/div>\n\t\t\t\t\n\t\t\t\t\t\t\t\t\t\t\t\t\t\t\t\t\t\t<a class=\"fusion-rollover-gallery\" href=\"https:\/\/impulseducacio.org\/wp-content\/uploads\/2025\/04\/1.-Portada-entrevista-Marvin-Berkowitz_WEB-scaled.jpg\" data-options=\"\" data-id=\"46744\" data-rel=\"iLightbox[gallery]\" data-title=\"1.-Portada-entrevista-Marvin-Berkowitz_WEB\" data-caption=\"\">\n\t\t\t\t\t\tGallery\t\t\t\t\t<\/a>\n\t\t\t\t\t\t\t\t\t\t\t\t\t\t\n\t\t\n\t\t\t\t\t\t\t\t\n\t\t\t\t\t\t\t\t\n\t\t\n\t\t\t\t\t\t<a class=\"fusion-link-wrapper\" href=\"https:\/\/impulseducacio.org\/es\/primed-un-modelo-para-transformar-la-educacion-del-caracter\/\" aria-label=\"PRIMED: un modelo para transformar la educaci\u00f3n del car\u00e1cter\"><\/a>\n\t<\/div>\n<\/div>\n<\/div>\n<\/li>\n\t\t\t\n\t\t\t\n\t\t\t\t\t\t\t\t\t\t\t\t\t\t\t\t\t\t\t\t\t\t\t\t\t\t\t\t\t\t\t\t\t\t\t\t\t\t\t\t\t\t\t\t\t\t\t\t\t\t\t\t\t\t\t\t\t\t\t\t\t\t\t\t\t\t\t\t<\/ul>\n\t<\/div>\n\t<div class=\"fusion-post-content-wrapper\" style=\"padding:30px 8% 25px 8%;\"><div class=\"fusion-post-content post-content\"><h2 class=\"blog-shortcode-post-title entry-title\"><a href=\"https:\/\/impulseducacio.org\/es\/primed-un-modelo-para-transformar-la-educacion-del-caracter\/\">PRIMED: un modelo para transformar la educaci\u00f3n del car\u00e1cter<\/a><\/h2><\/div><\/div><div class=\"fusion-clearfix\"><\/div><\/div>\n<\/article>\n<article id=\"blog-1-post-46688\" class=\"fusion-post-grid post-46688 post type-post status-publish format-standard has-post-thumbnail hentry category-personalizacion category-sin-categorizar tag-entrevista-experto\">\n<div class=\"fusion-post-wrapper\" style=\"background-color:rgba(246,247,247,1);border:none;\">\n\n\t\t\t<div class=\"fusion-flexslider flexslider fusion-flexslider-loading fusion-post-slideshow\" style=\"border-color:rgba(255,255,255,0);\">\n\t\t<ul class=\"slides\">\n\t\t\t\n\t\t\t\t\t\t\t\t\t\t\t\t\t\t<li><div  class=\"fusion-image-wrapper\" aria-haspopup=\"true\">\n\t\t\t\t<img decoding=\"async\" width=\"2560\" height=\"1281\" src=\"https:\/\/impulseducacio.org\/wp-content\/uploads\/2025\/04\/0.-Portada-entrevista-Pepe-Menendez_WEB-scaled.jpg\" class=\"attachment-full size-full wp-post-image\" alt=\"\" srcset=\"https:\/\/impulseducacio.org\/wp-content\/uploads\/2025\/04\/0.-Portada-entrevista-Pepe-Menendez_WEB-200x100.jpg 200w, https:\/\/impulseducacio.org\/wp-content\/uploads\/2025\/04\/0.-Portada-entrevista-Pepe-Menendez_WEB-400x200.jpg 400w, https:\/\/impulseducacio.org\/wp-content\/uploads\/2025\/04\/0.-Portada-entrevista-Pepe-Menendez_WEB-600x300.jpg 600w, https:\/\/impulseducacio.org\/wp-content\/uploads\/2025\/04\/0.-Portada-entrevista-Pepe-Menendez_WEB-800x400.jpg 800w, https:\/\/impulseducacio.org\/wp-content\/uploads\/2025\/04\/0.-Portada-entrevista-Pepe-Menendez_WEB-1200x600.jpg 1200w, https:\/\/impulseducacio.org\/wp-content\/uploads\/2025\/04\/0.-Portada-entrevista-Pepe-Menendez_WEB-scaled.jpg 2560w\" sizes=\"(min-width: 2200px) 100vw, (min-width: 784px) 399px, (min-width: 712px) 598px, (min-width: 640px) 712px, \" \/><div class=\"fusion-rollover\">\n\t<div class=\"fusion-rollover-content\">\n\n\t\t\t\t\t\t\t\t\t\t\t\t\t\t<a class=\"fusion-rollover-link\" href=\"https:\/\/impulseducacio.org\/es\/la-escuela-ante-los-desafios-del-siglo-xxi\/\">La escuela ante los desaf\u00edos del siglo XXI<\/a>\n\t\t\t\n\t\t\t\t\t\t\t\t\t\t\t\t\t\t\n\t\t\t\t\t\t\t\t\n\t\t\t\t\t\t\t\t\t\t\t\t\t<div class=\"fusion-rollover-sep\"><\/div>\n\t\t\t\t\n\t\t\t\t\t\t\t\t\t\t\t\t\t\t\t\t\t\t<a class=\"fusion-rollover-gallery\" href=\"https:\/\/impulseducacio.org\/wp-content\/uploads\/2025\/04\/0.-Portada-entrevista-Pepe-Menendez_WEB-scaled.jpg\" data-options=\"\" data-id=\"46688\" data-rel=\"iLightbox[gallery]\" data-title=\"0.-Portada-entrevista-Pepe-Men\u00e9ndez_WEB\" data-caption=\"\">\n\t\t\t\t\t\tGallery\t\t\t\t\t<\/a>\n\t\t\t\t\t\t\t\t\t\t\t\t\t\t\n\t\t\n\t\t\t\t\t\t\t\t\n\t\t\t\t\t\t\t\t\n\t\t\n\t\t\t\t\t\t<a class=\"fusion-link-wrapper\" href=\"https:\/\/impulseducacio.org\/es\/la-escuela-ante-los-desafios-del-siglo-xxi\/\" aria-label=\"La escuela ante los desaf\u00edos del siglo XXI\"><\/a>\n\t<\/div>\n<\/div>\n<\/div>\n<\/li>\n\t\t\t\n\t\t\t\n\t\t\t\t\t\t\t\t\t\t\t\t\t\t\t\t\t\t\t\t\t\t\t\t\t\t\t\t\t\t\t\t\t\t\t\t\t\t\t\t\t\t\t\t\t\t\t\t\t\t\t\t\t\t\t\t\t\t\t\t\t\t\t\t\t\t\t\t<\/ul>\n\t<\/div>\n\t<div class=\"fusion-post-content-wrapper\" style=\"padding:30px 8% 25px 8%;\"><div class=\"fusion-post-content post-content\"><h2 class=\"blog-shortcode-post-title entry-title\"><a href=\"https:\/\/impulseducacio.org\/es\/la-escuela-ante-los-desafios-del-siglo-xxi\/\">La escuela ante los desaf\u00edos del siglo XXI<\/a><\/h2><\/div><\/div><div class=\"fusion-clearfix\"><\/div><\/div>\n<\/article>\n<article id=\"blog-1-post-46639\" class=\"fusion-post-grid post-46639 post type-post status-publish format-gallery has-post-thumbnail hentry category-personalizacion tag-resena post_format-post-format-gallery\">\n<div class=\"fusion-post-wrapper\" style=\"background-color:rgba(246,247,247,1);border:none;\">\n\n\t\t\t<div class=\"fusion-flexslider flexslider fusion-flexslider-loading fusion-post-slideshow\" style=\"border-color:rgba(255,255,255,0);\">\n\t\t<ul class=\"slides\">\n\t\t\t\n\t\t\t\t\t\t\t\t\t\t\t\t\t\t<li><div  class=\"fusion-image-wrapper\" aria-haspopup=\"true\">\n\t\t\t\t<img decoding=\"async\" width=\"2030\" height=\"1016\" src=\"https:\/\/impulseducacio.org\/wp-content\/uploads\/2025\/03\/1.-Portada_Educar-para-la-vida_WEB.jpg\" class=\"attachment-full size-full wp-post-image\" alt=\"\" srcset=\"https:\/\/impulseducacio.org\/wp-content\/uploads\/2025\/03\/1.-Portada_Educar-para-la-vida_WEB-200x100.jpg 200w, https:\/\/impulseducacio.org\/wp-content\/uploads\/2025\/03\/1.-Portada_Educar-para-la-vida_WEB-400x200.jpg 400w, https:\/\/impulseducacio.org\/wp-content\/uploads\/2025\/03\/1.-Portada_Educar-para-la-vida_WEB-600x300.jpg 600w, https:\/\/impulseducacio.org\/wp-content\/uploads\/2025\/03\/1.-Portada_Educar-para-la-vida_WEB-800x400.jpg 800w, https:\/\/impulseducacio.org\/wp-content\/uploads\/2025\/03\/1.-Portada_Educar-para-la-vida_WEB-1200x601.jpg 1200w, https:\/\/impulseducacio.org\/wp-content\/uploads\/2025\/03\/1.-Portada_Educar-para-la-vida_WEB.jpg 2030w\" sizes=\"(min-width: 2200px) 100vw, (min-width: 784px) 399px, (min-width: 712px) 598px, (min-width: 640px) 712px, \" \/><div class=\"fusion-rollover\">\n\t<div class=\"fusion-rollover-content\">\n\n\t\t\t\t\t\t\t\t\t\t\t\t\t\t<a class=\"fusion-rollover-link\" href=\"https:\/\/impulseducacio.org\/es\/educar-para-la-vida\/\">Educar para la vida: Innovaci\u00f3n educativa y liderazgo humanizador<\/a>\n\t\t\t\n\t\t\t\t\t\t\t\t\t\t\t\t\t\t\n\t\t\t\t\t\t\t\t\n\t\t\t\t\t\t\t\t\t\t\t\t\t<div class=\"fusion-rollover-sep\"><\/div>\n\t\t\t\t\n\t\t\t\t\t\t\t\t\t\t\t\t\t\t\t\t\t\t<a class=\"fusion-rollover-gallery\" href=\"https:\/\/impulseducacio.org\/wp-content\/uploads\/2025\/03\/1.-Portada_Educar-para-la-vida_WEB.jpg\" data-options=\"\" data-id=\"46639\" data-rel=\"iLightbox[gallery]\" data-title=\"1.-Portada_Educar-para-la-vida_WEB\" data-caption=\"\">\n\t\t\t\t\t\tGallery\t\t\t\t\t<\/a>\n\t\t\t\t\t\t\t\t\t\t\t\t\t\t\n\t\t\n\t\t\t\t\t\t\t\t\n\t\t\t\t\t\t\t\t\n\t\t\n\t\t\t\t\t\t<a class=\"fusion-link-wrapper\" href=\"https:\/\/impulseducacio.org\/es\/educar-para-la-vida\/\" aria-label=\"Educar para la vida: Innovaci\u00f3n educativa y liderazgo humanizador\"><\/a>\n\t<\/div>\n<\/div>\n<\/div>\n<\/li>\n\t\t\t\n\t\t\t\n\t\t\t\t\t\t\t\t\t\t\t\t\t\t\t\t\t\t\t\t\t\t\t\t\t\t\t\t\t\t\t\t\t\t\t\t\t\t\t\t\t\t\t\t\t\t\t\t\t\t\t\t\t\t\t\t\t\t\t\t\t\t\t\t\t\t\t\t<\/ul>\n\t<\/div>\n\t<div class=\"fusion-post-content-wrapper\" style=\"padding:30px 8% 25px 8%;\"><div class=\"fusion-post-content post-content\"><h2 class=\"blog-shortcode-post-title entry-title\"><a href=\"https:\/\/impulseducacio.org\/es\/educar-para-la-vida\/\">Educar para la vida: Innovaci\u00f3n educativa y liderazgo humanizador<\/a><\/h2><\/div><\/div><div class=\"fusion-clearfix\"><\/div><\/div>\n<\/article>\n<article id=\"blog-1-post-5930\" class=\"fusion-post-grid post-5930 post type-post status-publish format-standard has-post-thumbnail hentry category-personalizacion tag-articulo-es\">\n<div class=\"fusion-post-wrapper\" style=\"background-color:rgba(246,247,247,1);border:none;\">\n\n\t\t\t<div class=\"fusion-flexslider flexslider fusion-flexslider-loading fusion-post-slideshow\" style=\"border-color:rgba(255,255,255,0);\">\n\t\t<ul class=\"slides\">\n\t\t\t\n\t\t\t\t\t\t\t\t\t\t\t\t\t\t<li><div  class=\"fusion-image-wrapper\" aria-haspopup=\"true\">\n\t\t\t\t<img decoding=\"async\" width=\"2560\" height=\"1281\" src=\"https:\/\/impulseducacio.org\/wp-content\/uploads\/2020\/06\/Portada-post-Dream-schools-scaled.jpg\" class=\"attachment-full size-full wp-post-image\" alt=\"\" srcset=\"https:\/\/impulseducacio.org\/wp-content\/uploads\/2020\/06\/Portada-post-Dream-schools-200x100.jpg 200w, https:\/\/impulseducacio.org\/wp-content\/uploads\/2020\/06\/Portada-post-Dream-schools-400x200.jpg 400w, https:\/\/impulseducacio.org\/wp-content\/uploads\/2020\/06\/Portada-post-Dream-schools-600x300.jpg 600w, https:\/\/impulseducacio.org\/wp-content\/uploads\/2020\/06\/Portada-post-Dream-schools-800x400.jpg 800w, https:\/\/impulseducacio.org\/wp-content\/uploads\/2020\/06\/Portada-post-Dream-schools-1200x600.jpg 1200w, https:\/\/impulseducacio.org\/wp-content\/uploads\/2020\/06\/Portada-post-Dream-schools-scaled.jpg 2560w\" sizes=\"(min-width: 2200px) 100vw, (min-width: 784px) 399px, (min-width: 712px) 598px, (min-width: 640px) 712px, \" \/><div class=\"fusion-rollover\">\n\t<div class=\"fusion-rollover-content\">\n\n\t\t\t\t\t\t\t\t\t\t\t\t\t\t<a class=\"fusion-rollover-link\" href=\"https:\/\/impulseducacio.org\/es\/dream-schools-un-modelo-pedagogico-personalizado-y-sostenible\/\">Dream schools, un modelo pedag\u00f3gico personalizado y sostenible<\/a>\n\t\t\t\n\t\t\t\t\t\t\t\t\t\t\t\t\t\t\n\t\t\t\t\t\t\t\t\n\t\t\t\t\t\t\t\t\t\t\t\t\t<div class=\"fusion-rollover-sep\"><\/div>\n\t\t\t\t\n\t\t\t\t\t\t\t\t\t\t\t\t\t\t\t\t\t\t<a class=\"fusion-rollover-gallery\" href=\"https:\/\/impulseducacio.org\/wp-content\/uploads\/2020\/06\/Portada-post-Dream-schools-scaled.jpg\" data-options=\"\" data-id=\"5930\" data-rel=\"iLightbox[gallery]\" data-title=\"Portada-post-Dream-schools\" data-caption=\"\">\n\t\t\t\t\t\tGallery\t\t\t\t\t<\/a>\n\t\t\t\t\t\t\t\t\t\t\t\t\t\t\n\t\t\n\t\t\t\t\t\t\t\t\n\t\t\t\t\t\t\t\t\n\t\t\n\t\t\t\t\t\t<a class=\"fusion-link-wrapper\" href=\"https:\/\/impulseducacio.org\/es\/dream-schools-un-modelo-pedagogico-personalizado-y-sostenible\/\" aria-label=\"Dream schools, un modelo pedag\u00f3gico personalizado y sostenible\"><\/a>\n\t<\/div>\n<\/div>\n<\/div>\n<\/li>\n\t\t\t\n\t\t\t\n\t\t\t\t\t\t\t\t\t\t\t\t\t\t\t\t\t\t\t\t\t\t\t\t\t\t\t\t\t\t\t\t\t\t\t\t\t\t\t\t\t\t\t\t\t\t\t\t\t\t\t\t\t\t\t\t\t\t\t\t\t\t\t\t\t\t\t\t<\/ul>\n\t<\/div>\n\t<div class=\"fusion-post-content-wrapper\" style=\"padding:30px 8% 25px 8%;\"><div class=\"fusion-post-content post-content\"><h2 class=\"blog-shortcode-post-title entry-title\"><a href=\"https:\/\/impulseducacio.org\/es\/dream-schools-un-modelo-pedagogico-personalizado-y-sostenible\/\">Dream schools, un modelo pedag\u00f3gico personalizado y sostenible<\/a><\/h2><\/div><\/div><div class=\"fusion-clearfix\"><\/div><\/div>\n<\/article>\n<div class=\"fusion-clearfix\"><\/div><\/div><div class=\"pagination clearfix\"><span class=\"current\">1<\/span><a href=\"https:\/\/impulseducacio.org\/es\/wp-json\/wp\/v2\/posts\/28165\/page\/2\/\" class=\"inactive\">2<\/a><a class=\"pagination-next\" rel=\"next\" href=\"https:\/\/impulseducacio.org\/es\/wp-json\/wp\/v2\/posts\/28165\/page\/2\/\"><span class=\"page-text\">Next<\/span><span class=\"page-next\"><\/span><\/a><\/div><div class=\"fusion-clearfix\"><\/div><\/div><div class=\"fusion-clearfix\"><\/div><\/div><\/div><\/div><\/div><div class=\"fusion-fullwidth fullwidth-box fusion-builder-row-7 fusion-flex-container has-pattern-background has-mask-background nonhundred-percent-fullwidth non-hundred-percent-height-scrolling\" style=\"--awb-border-radius-top-left:0px;--awb-border-radius-top-right:0px;--awb-border-radius-bottom-right:0px;--awb-border-radius-bottom-left:0px;--awb-padding-top:0%;--awb-padding-right:0px;--awb-padding-bottom:0%;--awb-padding-left:0px;--awb-flex-wrap:wrap;\" ><div class=\"fusion-builder-row fusion-row fusion-flex-align-items-flex-start fusion-flex-content-wrap\" style=\"max-width:1331.2px;margin-left: calc(-4% \/ 2 );margin-right: calc(-4% \/ 2 );\"><div class=\"fusion-layout-column fusion_builder_column fusion-builder-column-9 fusion_builder_column_1_1 1_1 fusion-flex-column\" style=\"--awb-bg-size:cover;--awb-width-large:100%;--awb-margin-top-large:0px;--awb-spacing-right-large:0%;--awb-margin-bottom-large:0px;--awb-spacing-left-large:0%;--awb-width-medium:100%;--awb-order-medium:0;--awb-spacing-right-medium:1.92%;--awb-spacing-left-medium:1.92%;--awb-width-small:100%;--awb-order-small:0;--awb-spacing-right-small:1.92%;--awb-spacing-left-small:1.92%;\"><div class=\"fusion-column-wrapper fusion-column-has-shadow fusion-flex-justify-content-flex-start fusion-content-layout-column\"><div class=\"fusion-section-separator section-separator waves fusion-section-separator-2\" style=\"--awb-spacer-padding-top:15.8203125%;--awb-svg-margin-left:0%;--awb-svg-margin-right:0%;--awb-svg-margin-left-medium:1.92%;--awb-svg-margin-right-medium:1.92%;--awb-svg-margin-left-small:1.92%;--awb-svg-margin-right-small:1.92%;--awb-sep-font-size:0;--awb-sep-line-height:0;\"><div class=\"fusion-section-separator-svg\"><svg class=\"fusion-waves-candy\" xmlns=\"http:\/\/www.w3.org\/2000\/svg\" version=\"1.1\" width=\"100%\" viewBox=\"0 54 1024 162\" preserveAspectRatio=\"none\" fill=\"rgba(228,232,233,1)\"><path class=\"st3\" d=\"M0 216.312h1024v-3.044c-50.8-17.1-108.7-30.7-172.7-37.9-178.6-19.8-220 36.8-404.9 21.3-206.6-17.2-228-126.5-434.5-141.6-3.9-.3-7.9-.5-11.9-.7v161.944z\"\/><\/svg><\/div><div class=\"fusion-section-separator-spacer\"><div class=\"fusion-section-separator-spacer-height\"><\/div><\/div><\/div><\/div><\/div><\/div><\/div><\/p>\n","protected":false},"excerpt":{"rendered":"","protected":false},"author":2,"featured_media":28168,"comment_status":"open","ping_status":"open","sticky":false,"template":"","format":"gallery","meta":{"_acf_changed":false,"footnotes":""},"categories":[43],"tags":[295,368],"class_list":["post-28165","post","type-post","status-publish","format-gallery","has-post-thumbnail","hentry","category-personalizacion","tag-articulo-es","tag-tutoria","post_format-post-format-gallery"],"acf":[],"yoast_head":"<!-- This site is optimized with the Yoast SEO plugin v27.5 - https:\/\/yoast.com\/product\/yoast-seo-wordpress\/ -->\n<title>La tutor\u00eda: un desaf\u00edo a la hora de acoger y acompa\u00f1ar a nuestros alumnos | Actualitat Educativa<\/title>\n<meta name=\"robots\" content=\"index, follow, max-snippet:-1, max-image-preview:large, max-video-preview:-1\" \/>\n<link rel=\"canonical\" href=\"https:\/\/impulseducacio.org\/es\/la-tutoria-un-desafio-a-la-hora-de-acoger-y-acompanar-a-nuestros-alumnos\/\" \/>\n<meta property=\"og:locale\" content=\"es_ES\" \/>\n<meta property=\"og:type\" content=\"article\" \/>\n<meta property=\"og:title\" content=\"La tutor\u00eda: un desaf\u00edo a la hora de acoger y acompa\u00f1ar a nuestros alumnos | Actualitat Educativa\" \/>\n<meta property=\"og:url\" content=\"https:\/\/impulseducacio.org\/es\/la-tutoria-un-desafio-a-la-hora-de-acoger-y-acompanar-a-nuestros-alumnos\/\" \/>\n<meta property=\"og:site_name\" content=\"IMPULS EDUCACI\u00d3\" \/>\n<meta property=\"article:publisher\" content=\"https:\/\/www.facebook.com\/impulseducacio2020\" \/>\n<meta property=\"article:published_time\" content=\"2023-06-13T11:02:13+00:00\" \/>\n<meta property=\"article:modified_time\" content=\"2024-04-15T10:25:27+00:00\" \/>\n<meta property=\"og:image\" content=\"https:\/\/impulseducacio.org\/wp-content\/uploads\/2023\/06\/00_Portada-articulo-Diego-Ledesma-scaled.jpg\" \/>\n\t<meta property=\"og:image:width\" content=\"2560\" \/>\n\t<meta property=\"og:image:height\" content=\"1280\" \/>\n\t<meta property=\"og:image:type\" content=\"image\/jpeg\" \/>\n<meta name=\"author\" content=\"Impuls Educaci\u00f3\" \/>\n<meta name=\"twitter:card\" content=\"summary_large_image\" \/>\n<meta name=\"twitter:creator\" content=\"@ImpulsEducacio\" \/>\n<meta name=\"twitter:site\" content=\"@ImpulsEducacio\" \/>\n<meta name=\"twitter:label1\" content=\"Written by\" \/>\n\t<meta name=\"twitter:data1\" content=\"Impuls Educaci\u00f3\" \/>\n\t<meta name=\"twitter:label2\" content=\"Est. reading time\" \/>\n\t<meta name=\"twitter:data2\" content=\"12 minutes\" \/>\n<script type=\"application\/ld+json\" class=\"yoast-schema-graph\">{\"@context\":\"https:\\\/\\\/schema.org\",\"@graph\":[{\"@type\":\"Article\",\"@id\":\"https:\\\/\\\/impulseducacio.org\\\/es\\\/la-tutoria-un-desafio-a-la-hora-de-acoger-y-acompanar-a-nuestros-alumnos\\\/#article\",\"isPartOf\":{\"@id\":\"https:\\\/\\\/impulseducacio.org\\\/es\\\/la-tutoria-un-desafio-a-la-hora-de-acoger-y-acompanar-a-nuestros-alumnos\\\/\"},\"author\":{\"name\":\"Impuls Educaci\u00f3\",\"@id\":\"https:\\\/\\\/impulseducacio.org\\\/es\\\/#\\\/schema\\\/person\\\/92cf201227b1404c22691d5d1238d09a\"},\"headline\":\"La tutor\u00eda: un desaf\u00edo a la hora de acoger y acompa\u00f1ar a nuestros alumnos\",\"datePublished\":\"2023-06-13T11:02:13+00:00\",\"dateModified\":\"2024-04-15T10:25:27+00:00\",\"mainEntityOfPage\":{\"@id\":\"https:\\\/\\\/impulseducacio.org\\\/es\\\/la-tutoria-un-desafio-a-la-hora-de-acoger-y-acompanar-a-nuestros-alumnos\\\/\"},\"wordCount\":8648,\"commentCount\":0,\"image\":{\"@id\":\"https:\\\/\\\/impulseducacio.org\\\/es\\\/la-tutoria-un-desafio-a-la-hora-de-acoger-y-acompanar-a-nuestros-alumnos\\\/#primaryimage\"},\"thumbnailUrl\":\"https:\\\/\\\/impulseducacio.org\\\/wp-content\\\/uploads\\\/2023\\\/06\\\/00_Portada-articulo-Diego-Ledesma-scaled.jpg\",\"keywords\":[\"Art\u00edculo\",\"Tutor\u00eda\"],\"articleSection\":[\"Personalizaci\u00f3n\"],\"inLanguage\":\"es\",\"potentialAction\":[{\"@type\":\"CommentAction\",\"name\":\"Comment\",\"target\":[\"https:\\\/\\\/impulseducacio.org\\\/es\\\/la-tutoria-un-desafio-a-la-hora-de-acoger-y-acompanar-a-nuestros-alumnos\\\/#respond\"]}]},{\"@type\":\"WebPage\",\"@id\":\"https:\\\/\\\/impulseducacio.org\\\/es\\\/la-tutoria-un-desafio-a-la-hora-de-acoger-y-acompanar-a-nuestros-alumnos\\\/\",\"url\":\"https:\\\/\\\/impulseducacio.org\\\/es\\\/la-tutoria-un-desafio-a-la-hora-de-acoger-y-acompanar-a-nuestros-alumnos\\\/\",\"name\":\"La tutor\u00eda: un desaf\u00edo a la hora de acoger y acompa\u00f1ar a nuestros alumnos | Actualitat Educativa\",\"isPartOf\":{\"@id\":\"https:\\\/\\\/impulseducacio.org\\\/es\\\/#website\"},\"primaryImageOfPage\":{\"@id\":\"https:\\\/\\\/impulseducacio.org\\\/es\\\/la-tutoria-un-desafio-a-la-hora-de-acoger-y-acompanar-a-nuestros-alumnos\\\/#primaryimage\"},\"image\":{\"@id\":\"https:\\\/\\\/impulseducacio.org\\\/es\\\/la-tutoria-un-desafio-a-la-hora-de-acoger-y-acompanar-a-nuestros-alumnos\\\/#primaryimage\"},\"thumbnailUrl\":\"https:\\\/\\\/impulseducacio.org\\\/wp-content\\\/uploads\\\/2023\\\/06\\\/00_Portada-articulo-Diego-Ledesma-scaled.jpg\",\"datePublished\":\"2023-06-13T11:02:13+00:00\",\"dateModified\":\"2024-04-15T10:25:27+00:00\",\"author\":{\"@id\":\"https:\\\/\\\/impulseducacio.org\\\/es\\\/#\\\/schema\\\/person\\\/92cf201227b1404c22691d5d1238d09a\"},\"breadcrumb\":{\"@id\":\"https:\\\/\\\/impulseducacio.org\\\/es\\\/la-tutoria-un-desafio-a-la-hora-de-acoger-y-acompanar-a-nuestros-alumnos\\\/#breadcrumb\"},\"inLanguage\":\"es\",\"potentialAction\":[{\"@type\":\"ReadAction\",\"target\":[\"https:\\\/\\\/impulseducacio.org\\\/es\\\/la-tutoria-un-desafio-a-la-hora-de-acoger-y-acompanar-a-nuestros-alumnos\\\/\"]}]},{\"@type\":\"ImageObject\",\"inLanguage\":\"es\",\"@id\":\"https:\\\/\\\/impulseducacio.org\\\/es\\\/la-tutoria-un-desafio-a-la-hora-de-acoger-y-acompanar-a-nuestros-alumnos\\\/#primaryimage\",\"url\":\"https:\\\/\\\/impulseducacio.org\\\/wp-content\\\/uploads\\\/2023\\\/06\\\/00_Portada-articulo-Diego-Ledesma-scaled.jpg\",\"contentUrl\":\"https:\\\/\\\/impulseducacio.org\\\/wp-content\\\/uploads\\\/2023\\\/06\\\/00_Portada-articulo-Diego-Ledesma-scaled.jpg\",\"width\":2560,\"height\":1280},{\"@type\":\"BreadcrumbList\",\"@id\":\"https:\\\/\\\/impulseducacio.org\\\/es\\\/la-tutoria-un-desafio-a-la-hora-de-acoger-y-acompanar-a-nuestros-alumnos\\\/#breadcrumb\",\"itemListElement\":[{\"@type\":\"ListItem\",\"position\":1,\"name\":\"Inicio\",\"item\":\"https:\\\/\\\/impulseducacio.org\\\/es\\\/\"},{\"@type\":\"ListItem\",\"position\":2,\"name\":\"La tutor\u00eda: un desaf\u00edo a la hora de acoger y acompa\u00f1ar a nuestros alumnos\"}]},{\"@type\":\"WebSite\",\"@id\":\"https:\\\/\\\/impulseducacio.org\\\/es\\\/#website\",\"url\":\"https:\\\/\\\/impulseducacio.org\\\/es\\\/\",\"name\":\"IMPULS EDUCACI\u00d3\",\"description\":\"Espai d\u2019estudi i di\u00e0leg en temes educatius\",\"potentialAction\":[{\"@type\":\"SearchAction\",\"target\":{\"@type\":\"EntryPoint\",\"urlTemplate\":\"https:\\\/\\\/impulseducacio.org\\\/es\\\/?s={search_term_string}\"},\"query-input\":{\"@type\":\"PropertyValueSpecification\",\"valueRequired\":true,\"valueName\":\"search_term_string\"}}],\"inLanguage\":\"es\"},{\"@type\":\"Person\",\"@id\":\"https:\\\/\\\/impulseducacio.org\\\/es\\\/#\\\/schema\\\/person\\\/92cf201227b1404c22691d5d1238d09a\",\"name\":\"Impuls Educaci\u00f3\"}]}<\/script>\n<!-- \/ Yoast SEO plugin. -->","yoast_head_json":{"title":"La tutor\u00eda: un desaf\u00edo a la hora de acoger y acompa\u00f1ar a nuestros alumnos | Actualitat Educativa","robots":{"index":"index","follow":"follow","max-snippet":"max-snippet:-1","max-image-preview":"max-image-preview:large","max-video-preview":"max-video-preview:-1"},"canonical":"https:\/\/impulseducacio.org\/es\/la-tutoria-un-desafio-a-la-hora-de-acoger-y-acompanar-a-nuestros-alumnos\/","og_locale":"es_ES","og_type":"article","og_title":"La tutor\u00eda: un desaf\u00edo a la hora de acoger y acompa\u00f1ar a nuestros alumnos | Actualitat Educativa","og_url":"https:\/\/impulseducacio.org\/es\/la-tutoria-un-desafio-a-la-hora-de-acoger-y-acompanar-a-nuestros-alumnos\/","og_site_name":"IMPULS EDUCACI\u00d3","article_publisher":"https:\/\/www.facebook.com\/impulseducacio2020","article_published_time":"2023-06-13T11:02:13+00:00","article_modified_time":"2024-04-15T10:25:27+00:00","og_image":[{"width":2560,"height":1280,"url":"https:\/\/impulseducacio.org\/wp-content\/uploads\/2023\/06\/00_Portada-articulo-Diego-Ledesma-scaled.jpg","type":"image\/jpeg"}],"author":"Impuls Educaci\u00f3","twitter_card":"summary_large_image","twitter_creator":"@ImpulsEducacio","twitter_site":"@ImpulsEducacio","twitter_misc":{"Written by":"Impuls Educaci\u00f3","Est. reading time":"12 minutes"},"schema":{"@context":"https:\/\/schema.org","@graph":[{"@type":"Article","@id":"https:\/\/impulseducacio.org\/es\/la-tutoria-un-desafio-a-la-hora-de-acoger-y-acompanar-a-nuestros-alumnos\/#article","isPartOf":{"@id":"https:\/\/impulseducacio.org\/es\/la-tutoria-un-desafio-a-la-hora-de-acoger-y-acompanar-a-nuestros-alumnos\/"},"author":{"name":"Impuls Educaci\u00f3","@id":"https:\/\/impulseducacio.org\/es\/#\/schema\/person\/92cf201227b1404c22691d5d1238d09a"},"headline":"La tutor\u00eda: un desaf\u00edo a la hora de acoger y acompa\u00f1ar a nuestros alumnos","datePublished":"2023-06-13T11:02:13+00:00","dateModified":"2024-04-15T10:25:27+00:00","mainEntityOfPage":{"@id":"https:\/\/impulseducacio.org\/es\/la-tutoria-un-desafio-a-la-hora-de-acoger-y-acompanar-a-nuestros-alumnos\/"},"wordCount":8648,"commentCount":0,"image":{"@id":"https:\/\/impulseducacio.org\/es\/la-tutoria-un-desafio-a-la-hora-de-acoger-y-acompanar-a-nuestros-alumnos\/#primaryimage"},"thumbnailUrl":"https:\/\/impulseducacio.org\/wp-content\/uploads\/2023\/06\/00_Portada-articulo-Diego-Ledesma-scaled.jpg","keywords":["Art\u00edculo","Tutor\u00eda"],"articleSection":["Personalizaci\u00f3n"],"inLanguage":"es","potentialAction":[{"@type":"CommentAction","name":"Comment","target":["https:\/\/impulseducacio.org\/es\/la-tutoria-un-desafio-a-la-hora-de-acoger-y-acompanar-a-nuestros-alumnos\/#respond"]}]},{"@type":"WebPage","@id":"https:\/\/impulseducacio.org\/es\/la-tutoria-un-desafio-a-la-hora-de-acoger-y-acompanar-a-nuestros-alumnos\/","url":"https:\/\/impulseducacio.org\/es\/la-tutoria-un-desafio-a-la-hora-de-acoger-y-acompanar-a-nuestros-alumnos\/","name":"La tutor\u00eda: un desaf\u00edo a la hora de acoger y acompa\u00f1ar a nuestros alumnos | Actualitat Educativa","isPartOf":{"@id":"https:\/\/impulseducacio.org\/es\/#website"},"primaryImageOfPage":{"@id":"https:\/\/impulseducacio.org\/es\/la-tutoria-un-desafio-a-la-hora-de-acoger-y-acompanar-a-nuestros-alumnos\/#primaryimage"},"image":{"@id":"https:\/\/impulseducacio.org\/es\/la-tutoria-un-desafio-a-la-hora-de-acoger-y-acompanar-a-nuestros-alumnos\/#primaryimage"},"thumbnailUrl":"https:\/\/impulseducacio.org\/wp-content\/uploads\/2023\/06\/00_Portada-articulo-Diego-Ledesma-scaled.jpg","datePublished":"2023-06-13T11:02:13+00:00","dateModified":"2024-04-15T10:25:27+00:00","author":{"@id":"https:\/\/impulseducacio.org\/es\/#\/schema\/person\/92cf201227b1404c22691d5d1238d09a"},"breadcrumb":{"@id":"https:\/\/impulseducacio.org\/es\/la-tutoria-un-desafio-a-la-hora-de-acoger-y-acompanar-a-nuestros-alumnos\/#breadcrumb"},"inLanguage":"es","potentialAction":[{"@type":"ReadAction","target":["https:\/\/impulseducacio.org\/es\/la-tutoria-un-desafio-a-la-hora-de-acoger-y-acompanar-a-nuestros-alumnos\/"]}]},{"@type":"ImageObject","inLanguage":"es","@id":"https:\/\/impulseducacio.org\/es\/la-tutoria-un-desafio-a-la-hora-de-acoger-y-acompanar-a-nuestros-alumnos\/#primaryimage","url":"https:\/\/impulseducacio.org\/wp-content\/uploads\/2023\/06\/00_Portada-articulo-Diego-Ledesma-scaled.jpg","contentUrl":"https:\/\/impulseducacio.org\/wp-content\/uploads\/2023\/06\/00_Portada-articulo-Diego-Ledesma-scaled.jpg","width":2560,"height":1280},{"@type":"BreadcrumbList","@id":"https:\/\/impulseducacio.org\/es\/la-tutoria-un-desafio-a-la-hora-de-acoger-y-acompanar-a-nuestros-alumnos\/#breadcrumb","itemListElement":[{"@type":"ListItem","position":1,"name":"Inicio","item":"https:\/\/impulseducacio.org\/es\/"},{"@type":"ListItem","position":2,"name":"La tutor\u00eda: un desaf\u00edo a la hora de acoger y acompa\u00f1ar a nuestros alumnos"}]},{"@type":"WebSite","@id":"https:\/\/impulseducacio.org\/es\/#website","url":"https:\/\/impulseducacio.org\/es\/","name":"IMPULS EDUCACI\u00d3","description":"Espai d\u2019estudi i di\u00e0leg en temes educatius","potentialAction":[{"@type":"SearchAction","target":{"@type":"EntryPoint","urlTemplate":"https:\/\/impulseducacio.org\/es\/?s={search_term_string}"},"query-input":{"@type":"PropertyValueSpecification","valueRequired":true,"valueName":"search_term_string"}}],"inLanguage":"es"},{"@type":"Person","@id":"https:\/\/impulseducacio.org\/es\/#\/schema\/person\/92cf201227b1404c22691d5d1238d09a","name":"Impuls Educaci\u00f3"}]}},"_links":{"self":[{"href":"https:\/\/impulseducacio.org\/es\/wp-json\/wp\/v2\/posts\/28165","targetHints":{"allow":["GET"]}}],"collection":[{"href":"https:\/\/impulseducacio.org\/es\/wp-json\/wp\/v2\/posts"}],"about":[{"href":"https:\/\/impulseducacio.org\/es\/wp-json\/wp\/v2\/types\/post"}],"author":[{"embeddable":true,"href":"https:\/\/impulseducacio.org\/es\/wp-json\/wp\/v2\/users\/2"}],"replies":[{"embeddable":true,"href":"https:\/\/impulseducacio.org\/es\/wp-json\/wp\/v2\/comments?post=28165"}],"version-history":[{"count":18,"href":"https:\/\/impulseducacio.org\/es\/wp-json\/wp\/v2\/posts\/28165\/revisions"}],"predecessor-version":[{"id":36110,"href":"https:\/\/impulseducacio.org\/es\/wp-json\/wp\/v2\/posts\/28165\/revisions\/36110"}],"wp:featuredmedia":[{"embeddable":true,"href":"https:\/\/impulseducacio.org\/es\/wp-json\/wp\/v2\/media\/28168"}],"wp:attachment":[{"href":"https:\/\/impulseducacio.org\/es\/wp-json\/wp\/v2\/media?parent=28165"}],"wp:term":[{"taxonomy":"category","embeddable":true,"href":"https:\/\/impulseducacio.org\/es\/wp-json\/wp\/v2\/categories?post=28165"},{"taxonomy":"post_tag","embeddable":true,"href":"https:\/\/impulseducacio.org\/es\/wp-json\/wp\/v2\/tags?post=28165"}],"curies":[{"name":"wp","href":"https:\/\/api.w.org\/{rel}","templated":true}]}}