{"id":20101,"date":"2022-11-11T10:10:30","date_gmt":"2022-11-11T10:10:30","guid":{"rendered":"https:\/\/impulseducacio.org\/?p=20101"},"modified":"2023-04-17T14:17:07","modified_gmt":"2023-04-17T14:17:07","slug":"educacion-de-calidad-en-la-era-digital","status":"publish","type":"post","link":"https:\/\/impulseducacio.org\/es\/educacion-de-calidad-en-la-era-digital\/","title":{"rendered":"Educaci\u00f3n de calidad en la era digital"},"content":{"rendered":"<p><div class=\"fusion-fullwidth fullwidth-box fusion-builder-row-1 has-pattern-background has-mask-background fusion-parallax-none nonhundred-percent-fullwidth non-hundred-percent-height-scrolling\" style=\"--awb-border-sizes-top:0px;--awb-border-sizes-bottom:0px;--awb-border-sizes-left:0px;--awb-border-sizes-right:0px;--awb-border-radius-top-left:0px;--awb-border-radius-top-right:0px;--awb-border-radius-bottom-right:0px;--awb-border-radius-bottom-left:0px;--awb-padding-top:0px;--awb-padding-bottom:0px;--awb-margin-top:0px;--awb-margin-bottom:-260px;--awb-background-color:rgba(246,247,247,0);--awb-background-image:url(&quot;https:\/\/impulseducacio.org\/wp-content\/uploads\/2022\/11\/Portada_intro-Delphi-1.jpg&quot;);--awb-background-size:cover;--awb-flex-wrap:wrap;\" ><div class=\"fusion-builder-row fusion-row\"><div class=\"fusion-layout-column fusion_builder_column fusion-builder-column-0 fusion_builder_column_1_1 1_1 fusion-one-full fusion-column-first fusion-column-last fusion-animated\" style=\"--awb-overflow:hidden;--awb-bg-color:rgba(0,0,0,0);--awb-bg-color-hover:rgba(0,0,0,0);--awb-bg-size:cover;--awb-border-radius:4px 4px 4px 4px;--awb-margin-top:0px;--awb-margin-bottom:10px;\" data-animationType=\"fadeInDown\" data-animationDuration=\"0.8\" data-animationOffset=\"top-into-view\"><div class=\"fusion-column-wrapper fusion-column-has-shadow fusion-flex-column-wrapper-legacy\"><div class=\"fusion-sep-clear\"><\/div><div class=\"fusion-separator fusion-full-width-sep\" style=\"margin-left: auto;margin-right: auto;margin-top:720px;width:100%;\"><\/div><div class=\"fusion-sep-clear\"><\/div><div class=\"fusion-title title fusion-title-1 fusion-sep-none fusion-title-text fusion-title-size-one\" style=\"--awb-text-color:#ffffff;--awb-font-size:60px;\"><h1 class=\"fusion-title-heading title-heading-left fusion-responsive-typography-calculated\" style=\"font-family:&quot;Open Sans&quot;;font-style:normal;font-weight:300;margin:0;font-size:1em;--fontSize:60;line-height:1.18;\"><div data-animationtype=\"fadeInDown\" data-animationduration=\"0.8\" data-animationoffset=\"top-into-view\">\n<div>\n<h1><span lang=\"es\">Educaci\u00f3n de calidad en la era digital<\/span><\/h1>\n<\/div>\n<\/div><\/h1><\/div><div class=\"fusion-clearfix\"><\/div><\/div><\/div><div class=\"fusion-layout-column fusion_builder_column fusion-builder-column-1 fusion_builder_column_1_1 1_1 fusion-one-full fusion-column-first fusion-column-last fusion-animated\" style=\"--awb-padding-right:969px;--awb-padding-bottom:10px;--awb-bg-blend:overlay;--awb-bg-size:cover;--awb-border-color:#ffffff;--awb-border-top:1px;--awb-border-style:solid;--awb-margin-top:11px;--awb-margin-bottom:0px;\" data-animationType=\"fadeInDown\" data-animationDuration=\"0.6\" data-animationOffset=\"top-into-view\"><div class=\"fusion-column-wrapper fusion-column-has-shadow fusion-flex-column-wrapper-legacy\"><div class=\"fusion-sharing-box fusion-sharing-box-1 boxed-icons has-taglines layout-floated layout-medium-floated layout-small-floated\" style=\"background-color:rgba(246,244,245,0);padding:0;--awb-layout:row;--awb-alignment-small:space-between;\" data-title=\"Educaci\u00f3n de calidad en la era digital\" data-description=\"Educaci\u00f3n de calidad en la era digital\r\n\r\n     Your Content Goes Here  \r\nEn la actualidad la transformaci\u00f3n de la mano de la tecnolog\u00eda ha pasado a ser una prioridad urgente  \r\n\r\n\r\npor Ana Moreno Salvo\r\n\r\nLos cambios sociales,\" data-link=\"https:\/\/impulseducacio.org\/es\/educacion-de-calidad-en-la-era-digital\/\"><h4 class=\"tagline\" style=\"color:#ffffff;\">Compartir<\/h4><div class=\"fusion-social-networks sharingbox-shortcode-icon-wrapper sharingbox-shortcode-icon-wrapper-1 boxed-icons\"><span><a href=\"https:\/\/www.facebook.com\/sharer.php?u=https%3A%2F%2Fimpulseducacio.org%2Fes%2Feducacion-de-calidad-en-la-era-digital%2F&amp;t=Educaci%C3%B3n%20de%20calidad%20en%20la%20era%20digital\" target=\"_blank\" rel=\"noreferrer\" title=\"Facebook\" aria-label=\"Facebook\" data-placement=\"bottom\" data-toggle=\"tooltip\" data-title=\"Facebook\"><i class=\"fusion-social-network-icon fusion-tooltip fusion-facebook awb-icon-facebook\" style=\"color:#ffffff;background-color:#3b5998;border-color:#3b5998;border-radius:24px;\" aria-hidden=\"true\"><\/i><\/a><\/span><span><a href=\"https:\/\/x.com\/intent\/post?text=Educaci%C3%B3n%20de%20calidad%20en%20la%20era%20digital&amp;url=https%3A%2F%2Fimpulseducacio.org%2Fes%2Feducacion-de-calidad-en-la-era-digital%2F\" target=\"_blank\" rel=\"noopener noreferrer\" title=\"X\" aria-label=\"X\" data-placement=\"bottom\" data-toggle=\"tooltip\" data-title=\"X\"><i class=\"fusion-social-network-icon fusion-tooltip fusion-twitter awb-icon-twitter\" style=\"color:#ffffff;background-color:#000000;border-color:#000000;border-radius:24px;\" aria-hidden=\"true\"><\/i><\/a><\/span><span><a href=\"https:\/\/www.linkedin.com\/shareArticle?mini=true&amp;url=https%3A%2F%2Fimpulseducacio.org%2Fes%2Feducacion-de-calidad-en-la-era-digital%2F&amp;title=Educaci%C3%B3n%20de%20calidad%20en%20la%20era%20digital&amp;summary=Educaci%C3%B3n%20de%20calidad%20en%20la%20era%20digital%0D%0A%0D%0A%20%20%20%20%20%20%20%20%20Your%20Content%20Goes%20Here%20%20%20%0D%0AEn%20la%20actualidad%20la%20transformaci%C3%B3n%20de%20la%20mano%20de%20la%20tecnolog%C3%ADa%20ha%20pasado%20a%20ser%20una%20prioridad%20urgente%20%20%20%20%0D%0A%0D%0A%0D%0Apor%20Ana%20Moreno%20Salvo%0D%0A%0D%0ALos%20cambios%20sociales%2C\" target=\"_blank\" rel=\"noopener noreferrer\" title=\"LinkedIn\" aria-label=\"LinkedIn\" data-placement=\"bottom\" data-toggle=\"tooltip\" data-title=\"LinkedIn\"><i class=\"fusion-social-network-icon fusion-tooltip fusion-linkedin awb-icon-linkedin\" style=\"color:#ffffff;background-color:#0077b5;border-color:#0077b5;border-radius:24px;\" aria-hidden=\"true\"><\/i><\/a><\/span><span><a href=\"mailto:?subject=Educaci%C3%B3n%20de%20calidad%20en%20la%20era%20digital&amp;body=https%3A%2F%2Fimpulseducacio.org%2Fes%2Feducacion-de-calidad-en-la-era-digital%2F\" target=\"_self\" title=\"Email\" aria-label=\"Email\" data-placement=\"bottom\" data-toggle=\"tooltip\" data-title=\"Email\"><i class=\"fusion-social-network-icon fusion-tooltip fusion-mail awb-icon-mail\" style=\"color:#ffffff;background-color:#000000;border-color:#000000;border-radius:24px;\" aria-hidden=\"true\"><\/i><\/a><\/span><\/div><\/div><div class=\"fusion-clearfix\"><\/div><\/div><\/div><div class=\"fusion-layout-column fusion_builder_column fusion-builder-column-2 fusion_builder_column_1_1 1_1 fusion-one-full fusion-column-first fusion-column-last fusion-animated\" style=\"--awb-bg-blend:overlay;--awb-bg-size:cover;--awb-border-color:#ffffff;--awb-border-top:0;--awb-border-style:solid;--awb-margin-top:2px;--awb-margin-bottom:0px;\" data-animationType=\"fadeInDown\" data-animationDuration=\"0.6\" data-animationOffset=\"top-into-view\"><div class=\"fusion-column-wrapper fusion-column-has-shadow fusion-flex-column-wrapper-legacy\"><div class=\"fusion-sep-clear\"><\/div><div class=\"fusion-separator fusion-full-width-sep\" style=\"margin-left: auto;margin-right: auto;margin-bottom:150px;width:100%;\"><\/div><div class=\"fusion-sep-clear\"><\/div><div class=\"fusion-section-separator section-separator big-half-circle fusion-section-separator-1\" style=\"--awb-spacer-height:99px;--awb-svg-margin-left:0;--awb-svg-margin-right:0;--awb-divider-height:99px;--awb-spacer-padding-top:inherit;--awb-sep-padding:0;--awb-svg-padding:0;\"><div class=\"fusion-section-separator-svg\"><svg class=\"fusion-big-half-circle-candy\" xmlns=\"http:\/\/www.w3.org\/2000\/svg\" version=\"1.1\" width=\"100%\" height=\"100\" viewBox=\"0 0 100 100\" preserveAspectRatio=\"none\" fill=\"rgba(255,255,255,1)\"><path d=\"M0 100 C40 0 60 0 100 100 Z\"><\/path><\/svg><\/div><div class=\"fusion-section-separator-spacer\"><div class=\"fusion-section-separator-spacer-height\"><\/div><\/div><\/div><div class=\"fusion-clearfix\"><\/div><\/div><\/div><\/div><\/div><div class=\"fusion-fullwidth fullwidth-box fusion-builder-row-2 nonhundred-percent-fullwidth non-hundred-percent-height-scrolling\" style=\"--awb-border-radius-top-left:0px;--awb-border-radius-top-right:0px;--awb-border-radius-bottom-right:0px;--awb-border-radius-bottom-left:0px;--awb-padding-top:0px;--awb-padding-bottom:0px;--awb-margin-bottom:0px;--awb-flex-wrap:wrap;\" ><div class=\"fusion-builder-row fusion-row\"><div class=\"fusion-layout-column fusion_builder_column fusion-builder-column-3 fusion_builder_column_1_1 1_1 fusion-one-full fusion-column-first fusion-column-last\" style=\"--awb-padding-top:3%;--awb-padding-right:11%;--awb-padding-bottom:0%;--awb-padding-left:11%;--awb-overflow:hidden;--awb-bg-color:#ffffff;--awb-bg-color-hover:#ffffff;--awb-bg-size:cover;--awb-border-radius:8px 8px 8px 8px;--awb-margin-top:0px;--awb-margin-bottom:0px;\"><div class=\"fusion-column-wrapper fusion-column-has-shadow fusion-flex-column-wrapper-legacy\"><div class=\"fusion-builder-row fusion-builder-row-inner fusion-row\"><div class=\"fusion-layout-column fusion_builder_column_inner fusion-builder-nested-column-0 fusion_builder_column_inner_1_5 1_5 fusion-one-fifth fusion-column-first\" style=\"--awb-bg-size:cover;--awb-margin-top:0px;width:20%;width:calc(20% - ( ( 1% ) * 0.2 ) );margin-right: 1%;\"><div class=\"fusion-column-wrapper fusion-column-has-shadow fusion-flex-column-wrapper-legacy\"><div class=\"fusion-text fusion-text-1\"><p>11 November 2022<\/p>\n<\/div><div class=\"fusion-clearfix\"><\/div><\/div><\/div><\/div><div class=\"fusion-text fusion-text-2\"><h2>En la actualidad la transformaci\u00f3n de la mano de la tecnolog\u00eda ha pasado a ser una prioridad urgente<\/h2>\n<\/div><div class=\"fusion-clearfix\"><\/div><\/div><\/div><\/div><\/div><div class=\"fusion-fullwidth fullwidth-box fusion-builder-row-3 fusion-flex-container nonhundred-percent-fullwidth non-hundred-percent-height-scrolling\" style=\"--awb-border-radius-top-left:0px;--awb-border-radius-top-right:0px;--awb-border-radius-bottom-right:0px;--awb-border-radius-bottom-left:0px;--awb-padding-top:0%;--awb-padding-right:0px;--awb-padding-bottom:0%;--awb-padding-left:2px;--awb-margin-top:0px;--awb-margin-bottom:0px;--awb-background-color:#ffffff;--awb-flex-wrap:wrap;\" ><div class=\"fusion-builder-row fusion-row fusion-flex-align-items-flex-start fusion-flex-content-wrap\" style=\"max-width:1331.2px;margin-left: calc(-4% \/ 2 );margin-right: calc(-4% \/ 2 );\"><div class=\"fusion-layout-column fusion_builder_column fusion-builder-column-4 fusion_builder_column_1_1 1_1 fusion-flex-column\" style=\"--awb-padding-right:11%;--awb-padding-left:11%;--awb-bg-color:#ffffff;--awb-bg-color-hover:#ffffff;--awb-bg-size:cover;--awb-width-large:100%;--awb-margin-top-large:0px;--awb-spacing-right-large:6.144%;--awb-margin-bottom-large:0px;--awb-spacing-left-large:6.144%;--awb-width-medium:100%;--awb-order-medium:0;--awb-spacing-right-medium:1.92%;--awb-spacing-left-medium:1.92%;--awb-width-small:100%;--awb-order-small:0;--awb-spacing-right-small:1.92%;--awb-spacing-left-small:1.92%;\" data-scroll-devices=\"small-visibility,medium-visibility,large-visibility\"><div class=\"fusion-column-wrapper fusion-column-has-shadow fusion-flex-justify-content-flex-start fusion-content-layout-column\"><div class=\"fusion-builder-row fusion-builder-row-inner fusion-row fusion-flex-align-items-flex-start fusion-flex-content-wrap\" style=\"width:104% !important;max-width:104% !important;margin-left: calc(-4% \/ 2 );margin-right: calc(-4% \/ 2 );\"><div class=\"fusion-layout-column fusion_builder_column_inner fusion-builder-nested-column-1 fusion_builder_column_inner_1_1 1_1 fusion-flex-column\" style=\"--awb-bg-size:cover;--awb-width-large:100%;--awb-margin-top-large:20px;--awb-spacing-right-large:1.92%;--awb-margin-bottom-large:0px;--awb-spacing-left-large:1.92%;--awb-width-medium:100%;--awb-order-medium:0;--awb-spacing-right-medium:1.92%;--awb-spacing-left-medium:1.92%;--awb-width-small:100%;--awb-order-small:0;--awb-spacing-right-small:1.92%;--awb-spacing-left-small:1.92%;\"><div class=\"fusion-column-wrapper fusion-column-has-shadow fusion-flex-justify-content-flex-start fusion-content-layout-column\"><div class=\"fusion-text fusion-text-3\"><div class=\"fusion-text fusion-text-3\">\n<p>por Ana Moreno Salvo<\/p>\n<p>Los cambios sociales, la tecnolog\u00eda, pero tambi\u00e9n la psicolog\u00eda del aprendizaje y la neuroeducaci\u00f3n muestran c\u00f3mo ha cambiado la manera de aprender, y, por tanto, la forma de ense\u00f1ar tambi\u00e9n debe transformarse. Todos los datos est\u00e1n a un clic, vivimos conectados y el bombardeo de informaci\u00f3n es constante, pero tambi\u00e9n ca\u00f3tico. Los j\u00f3venes de hoy tienen toda la informaci\u00f3n al alcance de la mano, pero, \u00bfqui\u00e9n les ayuda a organizarla y comprenderla?, \u00bfqui\u00e9n puede conseguir que aprendan con ella de una forma eficaz?<\/p>\n<h3>El rol docente en la era digital<\/h3>\n<p>Carbonell (2012)<sup><span lang=\"es\">1\u00a0<\/span><\/sup>asegura que lo importante no es reunir mucha informaci\u00f3n, sino saberla codificar, integrar, contextualizar, organizar e interpretar para transformarla en conocimiento, y aqu\u00ed es donde entra en juego la tarea docente, cada vez m\u00e1s crucial. Seg\u00fan Gonz\u00e1lez et al. (2015), uno de los obst\u00e1culos m\u00e1s relevantes para la utilizaci\u00f3n de las TIC en la educaci\u00f3n es el papel que juega la escuela para impulsar los cambios pedag\u00f3gicos. En esta l\u00ednea, afirman, es fundamental repensar aspectos estructurales relacionados con la formaci\u00f3n inicial y permanente del profesorado o las infraestructuras, los modelos educativos de centro y c\u00f3mo estos repercuten en la organizaci\u00f3n de las instituciones.<\/p>\n<p>Los profesores y profesoras deben asumir el rol de gu\u00edas y ayudar a los j\u00f3venes a comprender e interpretar la avalancha de informaci\u00f3n a la que est\u00e1n sometidos, a contribuir a generar conocimiento y a aprender a aprender. Por todo ello, es necesario formar a las generaciones futuras en el uso de la tecnolog\u00eda, de los nuevos lenguajes y de las nuevas formas de interactuar entre nosotros.<\/p>\n<\/div>\n<\/div><\/div><\/div><\/div><div class=\"fusion-builder-row fusion-builder-row-inner fusion-row fusion-flex-align-items-flex-start fusion-flex-content-wrap\" style=\"width:104% !important;max-width:104% !important;margin-left: calc(-4% \/ 2 );margin-right: calc(-4% \/ 2 );\"><div class=\"fusion-layout-column fusion_builder_column_inner fusion-builder-nested-column-2 fusion_builder_column_inner_1_2 1_2 fusion-flex-column\" style=\"--awb-bg-size:cover;--awb-width-large:50%;--awb-margin-top-large:20px;--awb-spacing-right-large:3.84%;--awb-margin-bottom-large:0px;--awb-spacing-left-large:3.84%;--awb-width-medium:100%;--awb-order-medium:0;--awb-spacing-right-medium:1.92%;--awb-spacing-left-medium:1.92%;--awb-width-small:100%;--awb-order-small:0;--awb-spacing-right-small:1.92%;--awb-spacing-left-small:1.92%;\"><div class=\"fusion-column-wrapper fusion-column-has-shadow fusion-flex-justify-content-flex-start fusion-content-layout-column\"><div class=\"fusion-text fusion-text-4\"><h6 style=\"text-align: right;\"><span lang=\"es\">Hay que formar a las generaciones futuras en el uso de la tecnolog\u00eda, de los nuevos lenguajes y de las nuevas formas de interactuar entre nosotros<\/span><\/h6>\n<\/div><\/div><\/div><div class=\"fusion-layout-column fusion_builder_column_inner fusion-builder-nested-column-3 fusion_builder_column_inner_1_2 1_2 fusion-flex-column\" style=\"--awb-bg-size:cover;--awb-width-large:50%;--awb-margin-top-large:20px;--awb-spacing-right-large:3.84%;--awb-margin-bottom-large:20px;--awb-spacing-left-large:3.84%;--awb-width-medium:100%;--awb-order-medium:0;--awb-spacing-right-medium:1.92%;--awb-spacing-left-medium:1.92%;--awb-width-small:100%;--awb-order-small:0;--awb-spacing-right-small:1.92%;--awb-spacing-left-small:1.92%;\"><div class=\"fusion-column-wrapper fusion-column-has-shadow fusion-flex-justify-content-flex-start fusion-content-layout-column\"><div class=\"fusion-image-element \" style=\"text-align:left;--awb-caption-title-font-family:var(--h2_typography-font-family);--awb-caption-title-font-weight:var(--h2_typography-font-weight);--awb-caption-title-font-style:var(--h2_typography-font-style);--awb-caption-title-size:var(--h2_typography-font-size);--awb-caption-title-transform:var(--h2_typography-text-transform);--awb-caption-title-line-height:var(--h2_typography-line-height);--awb-caption-title-letter-spacing:var(--h2_typography-letter-spacing);\"><span class=\" fusion-imageframe imageframe-none imageframe-1 hover-type-none\"><img decoding=\"async\" width=\"2150\" height=\"1084\" title=\"01_Intro-Delphi\" src=\"https:\/\/impulseducacio.org\/wp-content\/uploads\/2022\/11\/01_Intro-Delphi.jpg\" alt class=\"img-responsive wp-image-20113\" srcset=\"https:\/\/impulseducacio.org\/wp-content\/uploads\/2022\/11\/01_Intro-Delphi-200x101.jpg 200w, https:\/\/impulseducacio.org\/wp-content\/uploads\/2022\/11\/01_Intro-Delphi-400x202.jpg 400w, https:\/\/impulseducacio.org\/wp-content\/uploads\/2022\/11\/01_Intro-Delphi-600x303.jpg 600w, https:\/\/impulseducacio.org\/wp-content\/uploads\/2022\/11\/01_Intro-Delphi-800x403.jpg 800w, https:\/\/impulseducacio.org\/wp-content\/uploads\/2022\/11\/01_Intro-Delphi-1200x605.jpg 1200w, https:\/\/impulseducacio.org\/wp-content\/uploads\/2022\/11\/01_Intro-Delphi.jpg 2150w\" sizes=\"(max-width: 1024px) 100vw, (max-width: 620px) 100vw, 800px\" \/><\/span><\/div><\/div><\/div><\/div><div class=\"fusion-text fusion-text-5\"><p>La profesi\u00f3n docente se sit\u00faa en un lugar de especial relevancia para el progreso social, adquiriendo gran importancia la formaci\u00f3n inicial y continua del profesorado para poder dar respuesta a las exigencias de un curr\u00edculo en transformaci\u00f3n.<\/p>\n<p>O sea, es una necesidad que los docentes sepan tomar decisiones adecuadas para generar experiencias de aprendizaje en entornos digitalizados, y hagan uso de metodolog\u00edas que impulsen la adquisici\u00f3n de competencias que ayuden al alumnado a desarrollarse en el contexto social y cultural actual.<\/p>\n<p>Tal y como afirma la UNESCO (2015)<sup><span lang=\"es\">2<\/span><\/sup>, &#8220;es importante alentar a los docentes que sigan aprendiendo y evolucionando profesionalmente y a reconsiderar continuamente a la luz de las nuevas exigencias y los nuevos desaf\u00edos del mundo globalizado&#8221;.<\/p>\n<p>Para Valverde et al. (2010)<sup><span lang=\"es\">3\u00a0<\/span><\/sup>la integraci\u00f3n de las TIC en la labor docente es una cuesti\u00f3n compleja y multidimensional que exige: 1) comprender los conceptos y procedimientos a trav\u00e9s de las TIC; 2) desarrollar estrategias did\u00e1cticas que usen las TIC para la ense\u00f1anza de contenidos curriculares; 3) conocer las dificultades en el aprendizaje y c\u00f3mo las TIC pueden ayudar a superarlas y, finalmente, 4) conocer el punto de partida de los alumnos y la epistemolog\u00eda del contenido curricular para construir sobre el conocimiento preexistente con las TIC. Pero estos conocimientos superan a los que posee un experto en contenido curricular, un experto en TIC (ingeniero) o un pedagogo experto, lo que exige un replanteamiento de la formaci\u00f3n del profesorado.<\/p>\n<p>En este contexto, es imprescindible redefinir el rol docente y repensarlo para que se adecue a los nuevos escenarios. Un docente flexible, din\u00e1mico, que se distancie de lo tradicional para generar nuevas formas de interacci\u00f3n donde la tecnolog\u00eda sea un medio educativo y no un fin en s\u00ed mismo (Cabero, 2015)<sup><span lang=\"es\">4<\/span><\/sup>. Adem\u00e1s, el profesorado tiene el deber de fomentar en sus estudiantes el pensamiento cr\u00edtico y la resoluci\u00f3n de problemas de la sociedad actual, siendo las TIC un medio para alcanzar el conocimiento (Dur\u00e1n et al., 2020)<sup><span lang=\"es\">5<\/span><\/sup>.<\/p>\n<h3>El rol del estudiante en la era digital<\/h3>\n<p>De la misma forma que los docentes van adquiriendo un nuevo rol en los \u00faltimos 19 a\u00f1os, los alumnos tambi\u00e9n han visto c\u00f3mo su protagonismo en educaci\u00f3n se acent\u00faa. El sistema educativo ha empezado a dejar atr\u00e1s la memorizaci\u00f3n para dotar al alumno de un sentido cr\u00edtico y de comprensi\u00f3n del mundo (Imbern\u00f3n, 2011)<sup><span lang=\"es\">6<\/span><\/sup>. Con esta finalidad, los modelos globalizados que se implementan en las aulas hoy d\u00eda consideran al alumno protagonista de su aprendizaje, trasladando el hilo conductor de las materias al alumnado y, en consecuencia, a sus capacidades, intereses y motivaciones (Zabala, 1999)<sup><span lang=\"es\">7<\/span><\/sup>. El estudiante debe ser consciente de que estos nuevos modelos permiten tomar decisiones, participar, tener influencia y movilizarse activamente dentro del contexto (Dur\u00e1n et al., 2020)<sup><span lang=\"es\">8<\/span><\/sup>. Asimismo, se hace imprescindible la adquisici\u00f3n de m\u00faltiples habilidades por parte del alumnado, que le ayuden a desarrollarse en la era digital.<\/p>\n<p>Al uso eficaz y cr\u00edtico de la tecnolog\u00eda, se suma la necesidad de adquirir otro tipo de habilidades, conocidas como habilidades blandas o \u201csoft skills\u201d , como son el liderazgo, la colaboraci\u00f3n, la creatividad, aprender a aprender o el pensamiento cr\u00edtico, las cuales, seg\u00fan Torres (2022)<sup><span lang=\"es\">9\u00a0<\/span><\/sup>son esenciales para el \u00e9xito en la vida tanto personal como profesional.<\/p>\n<\/div><div class=\"fusion-builder-row fusion-builder-row-inner fusion-row fusion-flex-align-items-flex-start fusion-flex-content-wrap\" style=\"width:104% !important;max-width:104% !important;margin-left: calc(-4% \/ 2 );margin-right: calc(-4% \/ 2 );\"><div class=\"fusion-layout-column fusion_builder_column_inner fusion-builder-nested-column-4 fusion_builder_column_inner_1_2 1_2 fusion-flex-column\" style=\"--awb-bg-size:cover;--awb-width-large:50%;--awb-margin-top-large:20px;--awb-spacing-right-large:3.84%;--awb-margin-bottom-large:20px;--awb-spacing-left-large:3.84%;--awb-width-medium:100%;--awb-order-medium:0;--awb-spacing-right-medium:1.92%;--awb-spacing-left-medium:1.92%;--awb-width-small:100%;--awb-order-small:0;--awb-spacing-right-small:1.92%;--awb-spacing-left-small:1.92%;\"><div class=\"fusion-column-wrapper fusion-column-has-shadow fusion-flex-justify-content-flex-start fusion-content-layout-column\"><div class=\"fusion-image-element \" style=\"text-align:right;--awb-caption-title-font-family:var(--h2_typography-font-family);--awb-caption-title-font-weight:var(--h2_typography-font-weight);--awb-caption-title-font-style:var(--h2_typography-font-style);--awb-caption-title-size:var(--h2_typography-font-size);--awb-caption-title-transform:var(--h2_typography-text-transform);--awb-caption-title-line-height:var(--h2_typography-line-height);--awb-caption-title-letter-spacing:var(--h2_typography-letter-spacing);\"><span class=\" fusion-imageframe imageframe-none imageframe-2 hover-type-none\"><img decoding=\"async\" width=\"2150\" height=\"1076\" title=\"02_Intro-Delphi\" src=\"https:\/\/impulseducacio.org\/wp-content\/uploads\/2022\/11\/02_Intro-Delphi.jpg\" alt class=\"img-responsive wp-image-20116\" srcset=\"https:\/\/impulseducacio.org\/wp-content\/uploads\/2022\/11\/02_Intro-Delphi-200x100.jpg 200w, https:\/\/impulseducacio.org\/wp-content\/uploads\/2022\/11\/02_Intro-Delphi-400x200.jpg 400w, https:\/\/impulseducacio.org\/wp-content\/uploads\/2022\/11\/02_Intro-Delphi-600x300.jpg 600w, https:\/\/impulseducacio.org\/wp-content\/uploads\/2022\/11\/02_Intro-Delphi-800x400.jpg 800w, https:\/\/impulseducacio.org\/wp-content\/uploads\/2022\/11\/02_Intro-Delphi-1200x601.jpg 1200w, https:\/\/impulseducacio.org\/wp-content\/uploads\/2022\/11\/02_Intro-Delphi.jpg 2150w\" sizes=\"(max-width: 1024px) 100vw, (max-width: 620px) 100vw, 800px\" \/><\/span><\/div><\/div><\/div><div class=\"fusion-layout-column fusion_builder_column_inner fusion-builder-nested-column-5 fusion_builder_column_inner_1_2 1_2 fusion-flex-column\" style=\"--awb-bg-size:cover;--awb-width-large:50%;--awb-margin-top-large:20px;--awb-spacing-right-large:3.84%;--awb-margin-bottom-large:20px;--awb-spacing-left-large:3.84%;--awb-width-medium:100%;--awb-order-medium:0;--awb-spacing-right-medium:1.92%;--awb-spacing-left-medium:1.92%;--awb-width-small:100%;--awb-order-small:0;--awb-spacing-right-small:1.92%;--awb-spacing-left-small:1.92%;\"><div class=\"fusion-column-wrapper fusion-column-has-shadow fusion-flex-justify-content-flex-start fusion-content-layout-column\"><div class=\"fusion-text fusion-text-6\"><h6><span lang=\"es\">Al uso eficaz y cr\u00edtico de la tecnolog\u00eda, se suma la necesidad de adquirir otro tipo de habilidades, conocidas como \u201csoft skills\u201d <\/span><\/h6>\n<\/div><\/div><\/div><\/div><div class=\"fusion-builder-row fusion-builder-row-inner fusion-row fusion-flex-align-items-flex-start fusion-flex-content-wrap\" style=\"width:104% !important;max-width:104% !important;margin-left: calc(-4% \/ 2 );margin-right: calc(-4% \/ 2 );\"><div class=\"fusion-layout-column fusion_builder_column_inner fusion-builder-nested-column-6 fusion_builder_column_inner_1_1 1_1 fusion-flex-column\" style=\"--awb-bg-size:cover;--awb-width-large:100%;--awb-margin-top-large:20px;--awb-spacing-right-large:1.92%;--awb-margin-bottom-large:20px;--awb-spacing-left-large:1.92%;--awb-width-medium:100%;--awb-order-medium:0;--awb-spacing-right-medium:1.92%;--awb-spacing-left-medium:1.92%;--awb-width-small:100%;--awb-order-small:0;--awb-spacing-right-small:1.92%;--awb-spacing-left-small:1.92%;\"><div class=\"fusion-column-wrapper fusion-column-has-shadow fusion-flex-justify-content-flex-start fusion-content-layout-column\"><div class=\"fusion-text fusion-text-7\"><p>Seg\u00fan Monereo y Bad\u00eda (2013)<sup><span lang=\"es\">10<\/span><\/sup>, hay al menos siete aspectos en los que el aprendizaje se transforma por el uso de las TIC en el aula: 1) se producen nuevas situaciones y tareas educativas; 2) las TIC son un medio \u00f3ptimo para el aprendizaje por competencias en la resoluci\u00f3n de problemas aut\u00e9nticos; 3) facilitan la autorregulaci\u00f3n y la corregulaci\u00f3n del aprendizaje; 4) favorecen el aprendizaje cooperativo; 5) permiten acceder a innumerables contenidos digitales; 6) la influencia de las TIC tiene implicaciones en los procesos individuales de aprendizaje ampliando las posibilidades de aprendizaje y aportan recursos que se convierten en herramientas cognitivas; y, 7) mejoran los procesos de evaluaci\u00f3n del aprendizaje del alumno.<\/p>\n<h3>La competencia digital de la escuela<\/h3>\n<p>Para poder avanzar, es fundamental que las organizaciones educativas sean tambi\u00e9n competentes digitalmente. DigCompOrg es el primer marco europeo para Organizaciones Educativas Digitalmente Competentes. Fue publicado por el JRC IPTS (Institute for Prospective Technological Studies of the Joint Research Center) en diciembre de 2015. Despu\u00e9s de los primeros estudios, el equipo de investigaci\u00f3n lleg\u00f3 a la conclusi\u00f3n de que a pesar de haber marcos\/herramientas relativos al uso de tecnolog\u00edas digitales para organizaciones educativas en diferentes pa\u00edses, todav\u00eda no se hab\u00eda aplicado un enfoque sist\u00e9mico ni hab\u00eda evidencia de un enfoque conceptual com\u00fan, lo que favorec\u00eda la recomendaci\u00f3n de un marco de referencia europeo que adoptara un enfoque sist\u00e9mico y a\u00f1adiera valor permitiendo la comparabilidad y el aprendizaje entre iguales (Kampylis, 2015)<sup><span lang=\"es\">11<\/span><\/sup>.<\/p>\n<p>Los prop\u00f3sitos primordiales del marco DigCompOrg son: (I) invitar a la autorreflexi\u00f3n y la autoevaluaci\u00f3n dentro de las organizaciones educativas a medida que profundicen progresivamente en su implicaci\u00f3n en el aprendizaje por medio de pedagog\u00edas digitales; y (II) facilitar a los responsables dise\u00f1ar, implementar y evaluar intervenciones que orienten en la integraci\u00f3n y el uso eficaz de las tecnolog\u00edas de aprendizaje digital.<\/p>\n<p>Para ayudar a las organizaciones educativas a saber d\u00f3nde se encuentran y c\u00f3mo mejorar la integraci\u00f3n de las TIC, el \u00c1rea de educaci\u00f3n de la UE ha desarrollado la herramienta SELFIE (Self- reflection on Effective Learning by Fostering the use of Innovative Educational Technologies) para organizaciones. Tomar una selfie de una escuela significa mirar distintas \u00e1reas: estrategias del colegio, pr\u00e1ctica docente, infraestructura, curr\u00edculum y experiencia de los alumnos. Con SELFIE los directivos, el profesorado y tambi\u00e9n los alumnos pueden expresar c\u00f3mo se est\u00e1 utilizando la tecnolog\u00eda para ense\u00f1ar y aprender. Tras la triple consulta, la aplicaci\u00f3n ofrece a la escuela un informe con una imagen de lo que ocurre: fortalezas, lagunas y \u00e1reas de mejora. Toda esta informaci\u00f3n puede utilizarse para iniciar un di\u00e1logo con la comunidad educativa y crear un plan de acci\u00f3n que gu\u00ede una mejor integraci\u00f3n de la tecnolog\u00eda digital en el centro (SELFIE, 2022)<sup><span lang=\"es\">12<\/span><\/sup>.<\/p>\n<\/div><\/div><\/div><\/div><div class=\"fusion-builder-row fusion-builder-row-inner fusion-row fusion-flex-align-items-flex-start fusion-flex-content-wrap\" style=\"width:104% !important;max-width:104% !important;margin-left: calc(-4% \/ 2 );margin-right: calc(-4% \/ 2 );\"><div class=\"fusion-layout-column fusion_builder_column_inner fusion-builder-nested-column-7 fusion_builder_column_inner_1_2 1_2 fusion-flex-column\" style=\"--awb-bg-size:cover;--awb-width-large:50%;--awb-margin-top-large:20px;--awb-spacing-right-large:3.84%;--awb-margin-bottom-large:20px;--awb-spacing-left-large:3.84%;--awb-width-medium:100%;--awb-order-medium:0;--awb-spacing-right-medium:1.92%;--awb-spacing-left-medium:1.92%;--awb-width-small:100%;--awb-order-small:0;--awb-spacing-right-small:1.92%;--awb-spacing-left-small:1.92%;\"><div class=\"fusion-column-wrapper fusion-column-has-shadow fusion-flex-justify-content-flex-start fusion-content-layout-column\"><div class=\"fusion-text fusion-text-8\"><h6 style=\"text-align: right;\">La herramienta SELFIE sirve para ayudar\u00a0<span lang=\"es\">a las organizaciones educativas a saber d\u00f3nde se encuentran y c\u00f3mo mejorar la integraci\u00f3n de las TIC<\/span><\/h6>\n<\/div><\/div><\/div><div class=\"fusion-layout-column fusion_builder_column_inner fusion-builder-nested-column-8 fusion_builder_column_inner_1_2 1_2 fusion-flex-column\" style=\"--awb-bg-size:cover;--awb-width-large:50%;--awb-margin-top-large:20px;--awb-spacing-right-large:3.84%;--awb-margin-bottom-large:20px;--awb-spacing-left-large:3.84%;--awb-width-medium:100%;--awb-order-medium:0;--awb-spacing-right-medium:1.92%;--awb-spacing-left-medium:1.92%;--awb-width-small:100%;--awb-order-small:0;--awb-spacing-right-small:1.92%;--awb-spacing-left-small:1.92%;\"><div class=\"fusion-column-wrapper fusion-column-has-shadow fusion-flex-justify-content-flex-start fusion-content-layout-column\"><div class=\"fusion-image-element \" style=\"--awb-caption-title-font-family:var(--h2_typography-font-family);--awb-caption-title-font-weight:var(--h2_typography-font-weight);--awb-caption-title-font-style:var(--h2_typography-font-style);--awb-caption-title-size:var(--h2_typography-font-size);--awb-caption-title-transform:var(--h2_typography-text-transform);--awb-caption-title-line-height:var(--h2_typography-line-height);--awb-caption-title-letter-spacing:var(--h2_typography-letter-spacing);\"><span class=\" fusion-imageframe imageframe-none imageframe-3 hover-type-none\"><img decoding=\"async\" width=\"2550\" height=\"1276\" title=\"03_Intro-Delphi\" src=\"https:\/\/impulseducacio.org\/wp-content\/uploads\/2022\/11\/03_Intro-Delphi.jpg\" alt class=\"img-responsive wp-image-20119\" srcset=\"https:\/\/impulseducacio.org\/wp-content\/uploads\/2022\/11\/03_Intro-Delphi-200x100.jpg 200w, https:\/\/impulseducacio.org\/wp-content\/uploads\/2022\/11\/03_Intro-Delphi-400x200.jpg 400w, https:\/\/impulseducacio.org\/wp-content\/uploads\/2022\/11\/03_Intro-Delphi-600x300.jpg 600w, https:\/\/impulseducacio.org\/wp-content\/uploads\/2022\/11\/03_Intro-Delphi-800x400.jpg 800w, https:\/\/impulseducacio.org\/wp-content\/uploads\/2022\/11\/03_Intro-Delphi-1200x600.jpg 1200w, https:\/\/impulseducacio.org\/wp-content\/uploads\/2022\/11\/03_Intro-Delphi.jpg 2550w\" sizes=\"(max-width: 1024px) 100vw, (max-width: 620px) 100vw, 800px\" \/><\/span><\/div><\/div><\/div><\/div><div class=\"fusion-builder-row fusion-builder-row-inner fusion-row fusion-flex-align-items-flex-start fusion-flex-content-wrap\" style=\"width:104% !important;max-width:104% !important;margin-left: calc(-4% \/ 2 );margin-right: calc(-4% \/ 2 );\"><div class=\"fusion-layout-column fusion_builder_column_inner fusion-builder-nested-column-9 fusion_builder_column_inner_1_1 1_1 fusion-flex-column\" style=\"--awb-bg-size:cover;--awb-width-large:100%;--awb-margin-top-large:20px;--awb-spacing-right-large:1.92%;--awb-margin-bottom-large:20px;--awb-spacing-left-large:1.92%;--awb-width-medium:100%;--awb-order-medium:0;--awb-spacing-right-medium:1.92%;--awb-spacing-left-medium:1.92%;--awb-width-small:100%;--awb-order-small:0;--awb-spacing-right-small:1.92%;--awb-spacing-left-small:1.92%;\"><div class=\"fusion-column-wrapper fusion-column-has-shadow fusion-flex-justify-content-flex-start fusion-content-layout-column\"><div class=\"fusion-text fusion-text-9\"><p>Recientemente, en Espa\u00f1a, el Ministerio de Educaci\u00f3n junto a las Comunidades Aut\u00f3nomas ha consensuado un marco referencial basado en el modelo de competencia ciudadana DigComp 2.0. La actual ley de educaci\u00f3n espa\u00f1ola, la LOMLOE (Ley Org\u00e1nica 3\/2020a)<sup><span lang=\"es\">13<\/span><\/sup>, indica que \u201cse hace necesario que el sistema educativo d\u00e9 respuesta a esta realidad social e incluya un enfoque de la competencia digital m\u00e1s moderno y amplio, de acuerdo con las recomendaciones europeas relativas a las competencias clave para el aprendizaje permanente.\u201d En el art\u00edculo \u00fanico (Ley Org\u00e1nica 3\/2020b)<sup><span lang=\"es\">14<\/span><\/sup>, la misma ley recoge que el Proyecto Educativo de cada escuela deber\u00e1 incluir un \u201cplan digital de centro\u201d. Este plan debe ser un instrumento que favorezca e impulse el uso de los medios digitales tanto en los procesos de ense\u00f1anza-aprendizaje como en los procesos de gesti\u00f3n del centro. Las orientaciones para la elaboraci\u00f3n del plan se basan en el Marco Europeo de Organizaciones Digitalmente Competentes DigCompOrg de la Comisi\u00f3n Europea.<\/p>\n<p>De este modo, el sistema educativo espa\u00f1ol, como otros muchos en todo el mundo, busca encarar los retos de alfabetizaci\u00f3n digital a los que se enfrenta actualmente la sociedad, considerando que no solo abarcan el \u00e1mbito del alumnado\/ciudadano, sino que implican tambi\u00e9n la adquisici\u00f3n de una competencia digital espec\u00edfica por parte del profesorado para ejercer su profesi\u00f3n y de los centros educativos que deber\u00edan ser organizaciones digitalmente competentes.<\/p>\n<\/div><\/div><\/div><\/div><div class=\"fusion-separator fusion-full-width-sep\" style=\"align-self: center;margin-left: auto;margin-right: auto;margin-bottom:20px;width:100%;\"><div class=\"fusion-separator-border sep-single sep-solid\" style=\"--awb-height:20px;--awb-amount:20px;border-color:#f6f4f5;border-top-width:1px;\"><\/div><\/div><div class=\"fusion-text fusion-text-10\"><h3>Referencias<\/h3>\n<ol>\n<li>Carbonell, X., Chamarro, A., Griffiths, M., Oberst, U., Cladellas, R., &amp; Talarn, A. (2012). Uso problem\u00e1tico de Internet y m\u00f3vil en adolescentes y j\u00f3venes espa\u00f1oles. Anales de Psicolog\u00eda \/ Annals of Psychology, 28(3), 789\u2013796. <span style=\"color: #33cccc;\"><a style=\"color: #33cccc;\" href=\"https:\/\/doi.org\/10.6018\/analesps.28.3.156061\">https:\/\/doi.org\/10.6018\/analesps.28.3.156061<\/a><\/span><\/li>\n<li>(2015). Replantear la educaci\u00f3n: \u00bfHacia un bien com\u00fan mundial?. <span style=\"color: #33cccc;\"><a style=\"color: #33cccc;\" href=\"https:\/\/unesdoc.unesco.org\/ark:\/48223\/pf0000232697\">https:\/\/unesdoc.unesco.org\/ark:\/48223\/pf0000232697<\/a><\/span><\/li>\n<li>Valverde Berrocoso, J., Garrido Arroyo, M. del C., Fern\u00e1ndez S\u00e1nchez, R. (2010). Ense\u00f1ar y aprender con tecnolog\u00edas: un modelo te\u00f3rico para las buenas pr\u00e1cticas educativas con TIC. Education in the Knowledge Society (EKS), 11(1), 203\u2013229. <span style=\"color: #33cccc;\"><a style=\"color: #33cccc;\" href=\"https:\/\/doi.org\/10.14201\/eks.5840\">https:\/\/doi.org\/10.14201\/eks.5840<\/a><\/span><\/li>\n<li>Cabero, J. (2015). Reflexiones educativas sobre las tecnolog\u00edas de la informaci\u00f3n y la comunicaci\u00f3n (TIC). Revista Tecnolog\u00eda, Ciencia Y Educaci\u00f3n, (1), 19\u201327. <span style=\"color: #33cccc;\"><a style=\"color: #33cccc;\" href=\"https:\/\/doi.org\/10.51302\/tce.2015.27\">https:\/\/doi.org\/10.51302\/tce.2015.27<\/a><\/span><\/li>\n<li>Dur\u00e1n, LML. (2020). Modos de interacci\u00f3n en el discurso institucional educativo sobre las TIC. Revista Signa 29 (2020), p\u00e1gs. 203-221<\/li>\n<li>Imbernon, F. (2011). Un nuevo desarrollo profesional del profesorado para una nueva educaci\u00f3n. Revista de Ciencias Humanas, 12 (19), 75-86.<\/li>\n<li>Zabala, A. (1999). Enfoque globalizador y pensamiento complejo. Gra\u00f3.<\/li>\n<li>Dur\u00e1n, LML. (2020). Modos de interacci\u00f3n en el discurso institucional educativo sobre las TIC. Revista Signa 29 (2020), p\u00e1gs. 203-221<\/li>\n<li>Torres, L. (2022). Desarrollo de habilidades blandas en estudiantes. Una revisi\u00f3n sistematizada. CIEG, N\u00ba 54 marzo \u2013 abril 2022 [p\u00e1g. 12-22] <span style=\"color: #33cccc;\"><a style=\"color: #33cccc;\" href=\"https:\/\/revista.grupocieg.org\/wp-content\/uploads\/2022\/02\/Ed.5412-22-Torres-Lilly\">https:\/\/revista.grupocieg.org\/wp-content\/uploads\/2022\/02\/Ed.5412-22-Torres-Lilly<\/a>.<\/span><\/li>\n<li>Monereo, C., Bad\u00eda, A. (2013). Aprendizaje estrat\u00e9gico y tecnolog\u00edas de la informaci\u00f3n y la comunicaci\u00f3n: una revisi\u00f3n cr\u00edtica. Revista \u201cTeor\u00eda de la Educaci\u00f3n. Educaci\u00f3n y Cultura en la Sociedad de la Informaci\u00f3n, vol. 14, n\u00fam. 2, 2013, pp. 15-41. <span style=\"color: #33cccc;\"><a style=\"color: #33cccc;\" href=\"http:\/\/www.redalyc.org\/articulo.oa?id=201028055002\">http:\/\/www.redalyc.org\/articulo.oa?id=201028055002<\/a><\/span><\/li>\n<li>Kampylis, P., Punie, Y. &amp; Devine, J. (2015); Promoci\u00f3n de un Aprendizaje Eficaz en la Era Digital \u2013 Un Marco Europeo para Organizaciones Educativas Digitalmente Competentes; EUR 27599 EN; doi: 10.2791\/54070. DigCompOrg. <span style=\"color: #33cccc;\"><a style=\"color: #33cccc;\" href=\"https:\/\/sede.educacion.gob.es\/publiventa\/descarga.action?f_codigo_agc=17711\">https:\/\/sede.educacion.gob.es\/publiventa\/descarga.action?f_codigo_agc=17711<\/a><\/span><\/li>\n<li>SELFIE.<span class=\"Apple-converted-space\">\u00a0<\/span>(2022). <span style=\"color: #33cccc;\"><a style=\"color: #33cccc;\" href=\"https:\/\/education.ec.europa.eu\/selfie\">https:\/\/education.ec.europa.eu\/selfie<\/a><\/span><\/li>\n<li>Ley Org\u00e1nica 3\/2020a, de 29 de diciembre, por la que se modifica la Ley Org\u00e1nica 2\/2006, de 3 de mayo, de Educaci\u00f3n. \u00abBOE\u00bb n\u00fam. 340, de 30 de diciembre de 2020, p\u00e1ginas 122868 a 122953 (86 p\u00e1gs.). I Disposiciones generales. BOE-A-2020-17264. <span style=\"color: #33cccc;\"><a style=\"color: #33cccc;\" href=\"https:\/\/www.boe.es\/eli\/es\/lo\/2020\/12\/29\/3\">https:\/\/www.boe.es\/eli\/es\/lo\/2020\/12\/29\/3<\/a><\/span><\/li>\n<li>Ley Org\u00e1nica 3\/2020b, de 29 de diciembre, por la que se modifica la Ley Org\u00e1nica 2\/2006, de 3 de mayo, de Educaci\u00f3n. \u00abBOE\u00bb n\u00fam. 340, de 30 de diciembre de 2020, p\u00e1ginas 122868 a 122953 (86 p\u00e1gs.). Art\u00edculo \u00fanico. Punto 62, Apartado I. BOE-A-2020-17264. <span style=\"color: #33cccc;\">https:\/\/www.boe.es\/eli\/es\/lo\/2020\/12\/29\/3<\/span><\/li>\n<\/ol>\n<\/div><\/div><\/div><\/div><\/div><div class=\"fusion-fullwidth fullwidth-box fusion-builder-row-4 fusion-flex-container nonhundred-percent-fullwidth non-hundred-percent-height-scrolling\" style=\"--awb-border-radius-top-left:0px;--awb-border-radius-top-right:0px;--awb-border-radius-bottom-right:0px;--awb-border-radius-bottom-left:0px;--awb-padding-top:0%;--awb-padding-bottom:0%;--awb-padding-left:170px;--awb-margin-top:0px;--awb-margin-bottom:0px;--awb-background-color:#ffffff;--awb-flex-wrap:wrap;\" ><div class=\"fusion-builder-row fusion-row fusion-flex-align-items-flex-start fusion-flex-content-wrap\" style=\"max-width:1331.2px;margin-left: calc(-4% \/ 2 );margin-right: calc(-4% \/ 2 );\"><\/div><\/div><div class=\"fusion-fullwidth fullwidth-box fusion-builder-row-5 nonhundred-percent-fullwidth non-hundred-percent-height-scrolling\" style=\"--awb-border-radius-top-left:0px;--awb-border-radius-top-right:0px;--awb-border-radius-bottom-right:0px;--awb-border-radius-bottom-left:0px;--awb-padding-top:0px;--awb-padding-bottom:0%;--awb-margin-top:0px;--awb-flex-wrap:wrap;\" ><div class=\"fusion-builder-row fusion-row\"><div class=\"fusion-layout-column fusion_builder_column fusion-builder-column-5 fusion_builder_column_1_1 1_1 fusion-one-full fusion-column-first fusion-column-last fusion-animated\" style=\"--awb-padding-right:969px;--awb-bg-blend:overlay;--awb-bg-size:cover;--awb-margin-top:0px;--awb-margin-bottom:45px;\" data-animationType=\"fadeInDown\" data-animationDuration=\"0.6\" data-animationOffset=\"top-into-view\"><div class=\"fusion-column-wrapper fusion-column-has-shadow fusion-flex-column-wrapper-legacy\"><div class=\"fusion-sharing-box fusion-sharing-box-2 boxed-icons has-taglines layout-floated layout-medium-floated layout-small-floated\" style=\"background-color:rgba(246,244,245,0);padding:0;--awb-layout:row;--awb-alignment-small:space-between;\" data-title=\"Educaci\u00f3n de calidad en la era digital\" data-description=\"Educaci\u00f3n de calidad en la era digital\r\n\r\n     Your Content Goes Here  \r\nEn la actualidad la transformaci\u00f3n de la mano de la tecnolog\u00eda ha pasado a ser una prioridad urgente  \r\n\r\n\r\npor Ana Moreno Salvo\r\n\r\nLos cambios sociales,\" data-link=\"https:\/\/impulseducacio.org\/es\/educacion-de-calidad-en-la-era-digital\/\"><h4 class=\"tagline\" style=\"color:#48626f;\">Compartir<\/h4><div class=\"fusion-social-networks sharingbox-shortcode-icon-wrapper sharingbox-shortcode-icon-wrapper-2 boxed-icons\"><span><a href=\"https:\/\/www.facebook.com\/sharer.php?u=https%3A%2F%2Fimpulseducacio.org%2Fes%2Feducacion-de-calidad-en-la-era-digital%2F&amp;t=Educaci%C3%B3n%20de%20calidad%20en%20la%20era%20digital\" target=\"_blank\" rel=\"noreferrer\" title=\"Facebook\" aria-label=\"Facebook\" data-placement=\"Right\" data-toggle=\"tooltip\" data-title=\"Facebook\"><i class=\"fusion-social-network-icon fusion-tooltip fusion-facebook awb-icon-facebook\" style=\"color:#ffffff;background-color:#3b5998;border-color:#3b5998;border-radius:24px;\" aria-hidden=\"true\"><\/i><\/a><\/span><span><a href=\"https:\/\/x.com\/intent\/post?text=Educaci%C3%B3n%20de%20calidad%20en%20la%20era%20digital&amp;url=https%3A%2F%2Fimpulseducacio.org%2Fes%2Feducacion-de-calidad-en-la-era-digital%2F\" target=\"_blank\" rel=\"noopener noreferrer\" title=\"X\" aria-label=\"X\" data-placement=\"Right\" data-toggle=\"tooltip\" data-title=\"X\"><i class=\"fusion-social-network-icon fusion-tooltip fusion-twitter awb-icon-twitter\" style=\"color:#ffffff;background-color:#000000;border-color:#000000;border-radius:24px;\" aria-hidden=\"true\"><\/i><\/a><\/span><span><a href=\"https:\/\/www.linkedin.com\/shareArticle?mini=true&amp;url=https%3A%2F%2Fimpulseducacio.org%2Fes%2Feducacion-de-calidad-en-la-era-digital%2F&amp;title=Educaci%C3%B3n%20de%20calidad%20en%20la%20era%20digital&amp;summary=Educaci%C3%B3n%20de%20calidad%20en%20la%20era%20digital%0D%0A%0D%0A%20%20%20%20%20%20%20%20%20Your%20Content%20Goes%20Here%20%20%20%0D%0AEn%20la%20actualidad%20la%20transformaci%C3%B3n%20de%20la%20mano%20de%20la%20tecnolog%C3%ADa%20ha%20pasado%20a%20ser%20una%20prioridad%20urgente%20%20%20%20%0D%0A%0D%0A%0D%0Apor%20Ana%20Moreno%20Salvo%0D%0A%0D%0ALos%20cambios%20sociales%2C\" target=\"_blank\" rel=\"noopener noreferrer\" title=\"LinkedIn\" aria-label=\"LinkedIn\" data-placement=\"Right\" data-toggle=\"tooltip\" data-title=\"LinkedIn\"><i class=\"fusion-social-network-icon fusion-tooltip fusion-linkedin awb-icon-linkedin\" style=\"color:#ffffff;background-color:#0077b5;border-color:#0077b5;border-radius:24px;\" aria-hidden=\"true\"><\/i><\/a><\/span><span><a href=\"mailto:?subject=Educaci%C3%B3n%20de%20calidad%20en%20la%20era%20digital&amp;body=https%3A%2F%2Fimpulseducacio.org%2Fes%2Feducacion-de-calidad-en-la-era-digital%2F\" target=\"_self\" title=\"Email\" aria-label=\"Email\" data-placement=\"Right\" data-toggle=\"tooltip\" data-title=\"Email\"><i class=\"fusion-social-network-icon fusion-tooltip fusion-mail awb-icon-mail\" style=\"color:#ffffff;background-color:#000000;border-color:#000000;border-radius:24px;\" aria-hidden=\"true\"><\/i><\/a><\/span><\/div><\/div><div class=\"fusion-clearfix\"><\/div><\/div><\/div><\/div><\/div><div class=\"fusion-fullwidth fullwidth-box fusion-builder-row-6 nonhundred-percent-fullwidth non-hundred-percent-height-scrolling\" style=\"--awb-border-radius-top-left:0px;--awb-border-radius-top-right:0px;--awb-border-radius-bottom-right:0px;--awb-border-radius-bottom-left:0px;--awb-padding-top:0px;--awb-padding-bottom:0px;--awb-margin-top:0px;--awb-margin-bottom:0px;--awb-flex-wrap:wrap;\" ><div class=\"fusion-builder-row fusion-row\"><div class=\"fusion-layout-column fusion_builder_column fusion-builder-column-6 fusion_builder_column_3_4 3_4 fusion-three-fourth fusion-column-first\" style=\"--awb-bg-size:cover;width:75%;width:calc(75% - ( ( 4% ) * 0.75 ) );margin-right: 4%;\"><div class=\"fusion-column-wrapper fusion-column-has-shadow fusion-flex-column-wrapper-legacy\"><div class=\"fusion-text fusion-text-11\"><p style=\"font-size: 35px; line-height: 37.4px; font-family: 'Open Sans'; font-weight: 300;\" data-fusion-font=\"true\" data-fusion-google-font=\"Open Sans\" data-fusion-google-variant=\"300\" data-fusion-google-subset=\"latin\">Te puede interesar<\/p>\n<\/div><div class=\"fusion-clearfix\"><\/div><\/div><\/div><div class=\"fusion-layout-column fusion_builder_column fusion-builder-column-7 fusion_builder_column_1_4 1_4 fusion-one-fourth fusion-column-last\" style=\"--awb-padding-left:137px;--awb-bg-size:cover;--awb-margin-top:61px;width:25%;width:calc(25% - ( ( 4% ) * 0.25 ) );\"><div class=\"fusion-column-wrapper fusion-column-has-shadow fusion-flex-column-wrapper-legacy\"><div class=\"fusion-button-wrapper\"><a class=\"fusion-button button-flat button-large button-custom fusion-button-default button-1 fusion-button-default-span fusion-button-default-type\" style=\"--button_accent_color:#ffffff;--button_accent_hover_color:#ffffff;--button_border_hover_color:#ffffff;--button_gradient_top_color:#ffad00;--button_gradient_bottom_color:#ffad00;--button_gradient_top_color_hover:#48626f;--button_gradient_bottom_color_hover:#48626f;\" target=\"_blank\" rel=\"noopener noreferrer\" href=\"https:\/\/institucio.ipzmarketing.com\/f\/FGIXFJ9o1O8\"><i class=\"fa-envelope fas awb-button__icon awb-button__icon--default button-icon-left\" aria-hidden=\"true\"><\/i><span class=\"fusion-button-text awb-button__text awb-button__text--default\">Suscr\u00edbete<\/span><\/a><\/div><div class=\"fusion-clearfix\"><\/div><\/div><\/div><div class=\"fusion-layout-column fusion_builder_column fusion-builder-column-8 fusion_builder_column_1_1 1_1 fusion-one-full fusion-column-first fusion-column-last\" style=\"--awb-padding-top:21px;--awb-bg-blend:overlay;--awb-bg-size:cover;--awb-margin-top:0px;--awb-margin-bottom:0px;\"><div class=\"fusion-column-wrapper fusion-column-has-shadow fusion-flex-column-wrapper-legacy\"><div class=\"fusion-blog-shortcode fusion-blog-shortcode-1 fusion-blog-archive fusion-blog-layout-grid-wrapper fusion-blog-pagination\"><style type=\"text\/css\">.fusion-blog-shortcode-1 .fusion-blog-layout-grid .fusion-post-grid{padding:21px;}.fusion-blog-shortcode-1 .fusion-posts-container{margin-left: -21px !important; margin-right:-21px !important;}<\/style><div class=\"fusion-posts-container fusion-posts-container-pagination fusion-no-meta-info fusion-blog-rollover fusion-blog-layout-grid fusion-blog-layout-grid-3 isotope fusion-blog-equal-heights\" data-pages=\"6\" data-grid-col-space=\"42\" style=\"margin: -21px -21px 0;min-height:500px;\"><article id=\"blog-1-post-46978\" class=\"fusion-post-grid post-46978 post type-post status-publish format-standard has-post-thumbnail hentry category-tecnologia-es tag-entrevista-experto tag-ia\">\n<div class=\"fusion-post-wrapper\" style=\"background-color:rgba(246,247,247,1);border:none;\">\n\n\t\t\t<div class=\"fusion-flexslider flexslider fusion-flexslider-loading fusion-post-slideshow\" style=\"border-color:rgba(255,255,255,0);\">\n\t\t<ul class=\"slides\">\n\t\t\t\n\t\t\t\t\t\t\t\t\t\t\t\t\t\t<li><div  class=\"fusion-image-wrapper\" aria-haspopup=\"true\">\n\t\t\t\t<img decoding=\"async\" width=\"2560\" height=\"1279\" src=\"https:\/\/impulseducacio.org\/wp-content\/uploads\/2025\/05\/1.-Portada-entrevista-Carlos-Magro_WEB-scaled.jpg\" class=\"attachment-full size-full wp-post-image\" alt=\"\" srcset=\"https:\/\/impulseducacio.org\/wp-content\/uploads\/2025\/05\/1.-Portada-entrevista-Carlos-Magro_WEB-200x100.jpg 200w, https:\/\/impulseducacio.org\/wp-content\/uploads\/2025\/05\/1.-Portada-entrevista-Carlos-Magro_WEB-400x200.jpg 400w, https:\/\/impulseducacio.org\/wp-content\/uploads\/2025\/05\/1.-Portada-entrevista-Carlos-Magro_WEB-600x300.jpg 600w, https:\/\/impulseducacio.org\/wp-content\/uploads\/2025\/05\/1.-Portada-entrevista-Carlos-Magro_WEB-800x400.jpg 800w, https:\/\/impulseducacio.org\/wp-content\/uploads\/2025\/05\/1.-Portada-entrevista-Carlos-Magro_WEB-1200x600.jpg 1200w, https:\/\/impulseducacio.org\/wp-content\/uploads\/2025\/05\/1.-Portada-entrevista-Carlos-Magro_WEB-scaled.jpg 2560w\" sizes=\"(min-width: 2200px) 100vw, (min-width: 784px) 399px, (min-width: 712px) 598px, (min-width: 640px) 712px, \" \/><div class=\"fusion-rollover\">\n\t<div class=\"fusion-rollover-content\">\n\n\t\t\t\t\t\t\t\t\t\t\t\t\t\t<a class=\"fusion-rollover-link\" href=\"https:\/\/impulseducacio.org\/es\/educar-con-sentido-en-tiempos-de-inteligencia-artificial\/\">Educar con sentido en tiempos de inteligencia artificial<\/a>\n\t\t\t\n\t\t\t\t\t\t\t\t\t\t\t\t\t\t\n\t\t\t\t\t\t\t\t\n\t\t\t\t\t\t\t\t\t\t\t\t\t<div class=\"fusion-rollover-sep\"><\/div>\n\t\t\t\t\n\t\t\t\t\t\t\t\t\t\t\t\t\t\t\t\t\t\t<a class=\"fusion-rollover-gallery\" href=\"https:\/\/impulseducacio.org\/wp-content\/uploads\/2025\/05\/1.-Portada-entrevista-Carlos-Magro_WEB-scaled.jpg\" data-options=\"\" data-id=\"46978\" data-rel=\"iLightbox[gallery]\" data-title=\"1.-Portada-entrevista-Carlos-Magro_WEB\" data-caption=\"\">\n\t\t\t\t\t\tGallery\t\t\t\t\t<\/a>\n\t\t\t\t\t\t\t\t\t\t\t\t\t\t\n\t\t\n\t\t\t\t\t\t\t\t\n\t\t\t\t\t\t\t\t\n\t\t\n\t\t\t\t\t\t<a class=\"fusion-link-wrapper\" href=\"https:\/\/impulseducacio.org\/es\/educar-con-sentido-en-tiempos-de-inteligencia-artificial\/\" aria-label=\"Educar con sentido en tiempos de inteligencia artificial\"><\/a>\n\t<\/div>\n<\/div>\n<\/div>\n<\/li>\n\t\t\t\n\t\t\t\n\t\t\t\t\t\t\t\t\t\t\t\t\t\t\t\t\t\t\t\t\t\t\t\t\t\t\t\t\t\t\t\t\t\t\t\t\t\t\t\t\t\t\t\t\t\t\t\t\t\t\t\t\t\t\t\t\t\t\t\t\t\t\t\t\t\t\t\t<\/ul>\n\t<\/div>\n\t<div class=\"fusion-post-content-wrapper\" style=\"padding:30px 8% 25px 8%;\"><div class=\"fusion-post-content post-content\"><h2 class=\"blog-shortcode-post-title entry-title\"><a href=\"https:\/\/impulseducacio.org\/es\/educar-con-sentido-en-tiempos-de-inteligencia-artificial\/\">Educar con sentido en tiempos de inteligencia artificial<\/a><\/h2><\/div><\/div><div class=\"fusion-clearfix\"><\/div><\/div>\n<\/article>\n<article id=\"blog-1-post-46911\" class=\"fusion-post-grid post-46911 post type-post status-publish format-standard has-post-thumbnail hentry category-tecnologia-es tag-inteligencia-artificial\">\n<div class=\"fusion-post-wrapper\" style=\"background-color:rgba(246,247,247,1);border:none;\">\n\n\t\t\t<div class=\"fusion-flexslider flexslider fusion-flexslider-loading fusion-post-slideshow\" style=\"border-color:rgba(255,255,255,0);\">\n\t\t<ul class=\"slides\">\n\t\t\t\n\t\t\t\t\t\t\t\t\t\t\t\t\t\t<li><div  class=\"fusion-image-wrapper\" aria-haspopup=\"true\">\n\t\t\t\t<img decoding=\"async\" width=\"2560\" height=\"1279\" src=\"https:\/\/impulseducacio.org\/wp-content\/uploads\/2025\/04\/1.-Portada-articulo-Manel-Soengas_WEB-scaled.jpg\" class=\"attachment-full size-full wp-post-image\" alt=\"\" srcset=\"https:\/\/impulseducacio.org\/wp-content\/uploads\/2025\/04\/1.-Portada-articulo-Manel-Soengas_WEB-200x100.jpg 200w, https:\/\/impulseducacio.org\/wp-content\/uploads\/2025\/04\/1.-Portada-articulo-Manel-Soengas_WEB-400x200.jpg 400w, https:\/\/impulseducacio.org\/wp-content\/uploads\/2025\/04\/1.-Portada-articulo-Manel-Soengas_WEB-600x300.jpg 600w, https:\/\/impulseducacio.org\/wp-content\/uploads\/2025\/04\/1.-Portada-articulo-Manel-Soengas_WEB-800x400.jpg 800w, https:\/\/impulseducacio.org\/wp-content\/uploads\/2025\/04\/1.-Portada-articulo-Manel-Soengas_WEB-1200x600.jpg 1200w, https:\/\/impulseducacio.org\/wp-content\/uploads\/2025\/04\/1.-Portada-articulo-Manel-Soengas_WEB-scaled.jpg 2560w\" sizes=\"(min-width: 2200px) 100vw, (min-width: 784px) 399px, (min-width: 712px) 598px, (min-width: 640px) 712px, \" \/><div class=\"fusion-rollover\">\n\t<div class=\"fusion-rollover-content\">\n\n\t\t\t\t\t\t\t\t\t\t\t\t\t\t<a class=\"fusion-rollover-link\" href=\"https:\/\/impulseducacio.org\/es\/educacion-e-inteligencia-artificial\/\">Educaci\u00f3n e inteligencia artificial: qu\u00e9 cambia con la nueva ley europea<\/a>\n\t\t\t\n\t\t\t\t\t\t\t\t\t\t\t\t\t\t\n\t\t\t\t\t\t\t\t\n\t\t\t\t\t\t\t\t\t\t\t\t\t<div class=\"fusion-rollover-sep\"><\/div>\n\t\t\t\t\n\t\t\t\t\t\t\t\t\t\t\t\t\t\t\t\t\t\t<a class=\"fusion-rollover-gallery\" href=\"https:\/\/impulseducacio.org\/wp-content\/uploads\/2025\/04\/1.-Portada-articulo-Manel-Soengas_WEB-scaled.jpg\" data-options=\"\" data-id=\"46911\" data-rel=\"iLightbox[gallery]\" data-title=\"1.-Portada-art\u00edculo-Manel-Soengas_WEB\" data-caption=\"\">\n\t\t\t\t\t\tGallery\t\t\t\t\t<\/a>\n\t\t\t\t\t\t\t\t\t\t\t\t\t\t\n\t\t\n\t\t\t\t\t\t\t\t\n\t\t\t\t\t\t\t\t\n\t\t\n\t\t\t\t\t\t<a class=\"fusion-link-wrapper\" href=\"https:\/\/impulseducacio.org\/es\/educacion-e-inteligencia-artificial\/\" aria-label=\"Educaci\u00f3n e inteligencia artificial: qu\u00e9 cambia con la nueva ley europea\"><\/a>\n\t<\/div>\n<\/div>\n<\/div>\n<\/li>\n\t\t\t\n\t\t\t\n\t\t\t\t\t\t\t\t\t\t\t\t\t\t\t\t\t\t\t\t\t\t\t\t\t\t\t\t\t\t\t\t\t\t\t\t\t\t\t\t\t\t\t\t\t\t\t\t\t\t\t\t\t\t\t\t\t\t\t\t\t\t\t\t\t\t\t\t<\/ul>\n\t<\/div>\n\t<div class=\"fusion-post-content-wrapper\" style=\"padding:30px 8% 25px 8%;\"><div class=\"fusion-post-content post-content\"><h2 class=\"blog-shortcode-post-title entry-title\"><a href=\"https:\/\/impulseducacio.org\/es\/educacion-e-inteligencia-artificial\/\">Educaci\u00f3n e inteligencia artificial: qu\u00e9 cambia con la nueva ley europea<\/a><\/h2><\/div><\/div><div class=\"fusion-clearfix\"><\/div><\/div>\n<\/article>\n<article id=\"blog-1-post-46875\" class=\"fusion-post-grid post-46875 post type-post status-publish format-standard has-post-thumbnail hentry category-tecnologia-es\">\n<div class=\"fusion-post-wrapper\" style=\"background-color:rgba(246,247,247,1);border:none;\">\n\n\t\t\t<div class=\"fusion-flexslider flexslider fusion-flexslider-loading fusion-post-slideshow\" style=\"border-color:rgba(255,255,255,0);\">\n\t\t<ul class=\"slides\">\n\t\t\t\n\t\t\t\t\t\t\t\t\t\t\t\t\t\t<li><div  class=\"fusion-image-wrapper\" aria-haspopup=\"true\">\n\t\t\t\t<img decoding=\"async\" width=\"2560\" height=\"1282\" src=\"https:\/\/impulseducacio.org\/wp-content\/uploads\/2025\/04\/1.-Portada-Articulo-JM-Ruiz_WEB-scaled.jpg\" class=\"attachment-full size-full wp-post-image\" alt=\"\" srcset=\"https:\/\/impulseducacio.org\/wp-content\/uploads\/2025\/04\/1.-Portada-Articulo-JM-Ruiz_WEB-200x100.jpg 200w, https:\/\/impulseducacio.org\/wp-content\/uploads\/2025\/04\/1.-Portada-Articulo-JM-Ruiz_WEB-400x200.jpg 400w, https:\/\/impulseducacio.org\/wp-content\/uploads\/2025\/04\/1.-Portada-Articulo-JM-Ruiz_WEB-600x300.jpg 600w, https:\/\/impulseducacio.org\/wp-content\/uploads\/2025\/04\/1.-Portada-Articulo-JM-Ruiz_WEB-800x401.jpg 800w, https:\/\/impulseducacio.org\/wp-content\/uploads\/2025\/04\/1.-Portada-Articulo-JM-Ruiz_WEB-1200x601.jpg 1200w, https:\/\/impulseducacio.org\/wp-content\/uploads\/2025\/04\/1.-Portada-Articulo-JM-Ruiz_WEB-scaled.jpg 2560w\" sizes=\"(min-width: 2200px) 100vw, (min-width: 784px) 399px, (min-width: 712px) 598px, (min-width: 640px) 712px, \" \/><div class=\"fusion-rollover\">\n\t<div class=\"fusion-rollover-content\">\n\n\t\t\t\t\t\t\t\t\t\t\t\t\t\t<a class=\"fusion-rollover-link\" href=\"https:\/\/impulseducacio.org\/es\/transformar-la-escuela-desde-dentro-el-modelo-del-ies-cartima\/\">Transformar la escuela desde dentro: el modelo del IES Cartima<\/a>\n\t\t\t\n\t\t\t\t\t\t\t\t\t\t\t\t\t\t\n\t\t\t\t\t\t\t\t\n\t\t\t\t\t\t\t\t\t\t\t\t\t<div class=\"fusion-rollover-sep\"><\/div>\n\t\t\t\t\n\t\t\t\t\t\t\t\t\t\t\t\t\t\t\t\t\t\t<a class=\"fusion-rollover-gallery\" href=\"https:\/\/impulseducacio.org\/wp-content\/uploads\/2025\/04\/1.-Portada-Articulo-JM-Ruiz_WEB-scaled.jpg\" data-options=\"\" data-id=\"46875\" data-rel=\"iLightbox[gallery]\" data-title=\"1.-Portada-Art\u00edculo-JM-Ruiz_WEB\" data-caption=\"\">\n\t\t\t\t\t\tGallery\t\t\t\t\t<\/a>\n\t\t\t\t\t\t\t\t\t\t\t\t\t\t\n\t\t\n\t\t\t\t\t\t\t\t\n\t\t\t\t\t\t\t\t\n\t\t\n\t\t\t\t\t\t<a class=\"fusion-link-wrapper\" href=\"https:\/\/impulseducacio.org\/es\/transformar-la-escuela-desde-dentro-el-modelo-del-ies-cartima\/\" aria-label=\"Transformar la escuela desde dentro: el modelo del IES Cartima\"><\/a>\n\t<\/div>\n<\/div>\n<\/div>\n<\/li>\n\t\t\t\n\t\t\t\n\t\t\t\t\t\t\t\t\t\t\t\t\t\t\t\t\t\t\t\t\t\t\t\t\t\t\t\t\t\t\t\t\t\t\t\t\t\t\t\t\t\t\t\t\t\t\t\t\t\t\t\t\t\t\t\t\t\t\t\t\t\t\t\t\t\t\t\t<\/ul>\n\t<\/div>\n\t<div class=\"fusion-post-content-wrapper\" style=\"padding:30px 8% 25px 8%;\"><div class=\"fusion-post-content post-content\"><h2 class=\"blog-shortcode-post-title entry-title\"><a href=\"https:\/\/impulseducacio.org\/es\/transformar-la-escuela-desde-dentro-el-modelo-del-ies-cartima\/\">Transformar la escuela desde dentro: el modelo del IES Cartima<\/a><\/h2><\/div><\/div><div class=\"fusion-clearfix\"><\/div><\/div>\n<\/article>\n<article id=\"blog-1-post-46196\" class=\"fusion-post-grid post-46196 post type-post status-publish format-gallery has-post-thumbnail hentry category-tecnologia-es tag-articulo-es tag-competencia-digital post_format-post-format-gallery\">\n<div class=\"fusion-post-wrapper\" style=\"background-color:rgba(246,247,247,1);border:none;\">\n\n\t\t\t<div class=\"fusion-flexslider flexslider fusion-flexslider-loading fusion-post-slideshow\" style=\"border-color:rgba(255,255,255,0);\">\n\t\t<ul class=\"slides\">\n\t\t\t\n\t\t\t\t\t\t\t\t\t\t\t\t\t\t<li><div  class=\"fusion-image-wrapper\" aria-haspopup=\"true\">\n\t\t\t\t<img decoding=\"async\" width=\"2560\" height=\"1280\" src=\"https:\/\/impulseducacio.org\/wp-content\/uploads\/2025\/02\/0.-Portada-estudio-ICILS_WEB-scaled.jpg\" class=\"attachment-full size-full wp-post-image\" alt=\"\" srcset=\"https:\/\/impulseducacio.org\/wp-content\/uploads\/2025\/02\/0.-Portada-estudio-ICILS_WEB-200x100.jpg 200w, https:\/\/impulseducacio.org\/wp-content\/uploads\/2025\/02\/0.-Portada-estudio-ICILS_WEB-400x200.jpg 400w, https:\/\/impulseducacio.org\/wp-content\/uploads\/2025\/02\/0.-Portada-estudio-ICILS_WEB-600x300.jpg 600w, https:\/\/impulseducacio.org\/wp-content\/uploads\/2025\/02\/0.-Portada-estudio-ICILS_WEB-800x400.jpg 800w, https:\/\/impulseducacio.org\/wp-content\/uploads\/2025\/02\/0.-Portada-estudio-ICILS_WEB-1200x600.jpg 1200w, https:\/\/impulseducacio.org\/wp-content\/uploads\/2025\/02\/0.-Portada-estudio-ICILS_WEB-scaled.jpg 2560w\" sizes=\"(min-width: 2200px) 100vw, (min-width: 784px) 399px, (min-width: 712px) 598px, (min-width: 640px) 712px, \" \/><div class=\"fusion-rollover\">\n\t<div class=\"fusion-rollover-content\">\n\n\t\t\t\t\t\t\t\t\t\t\t\t\t\t<a class=\"fusion-rollover-link\" href=\"https:\/\/impulseducacio.org\/es\/educacion-digital-en-transicion-claves-y-desafios-del-icils-2023\/\">Educaci\u00f3n digital en transici\u00f3n: Claves y desaf\u00edos del ICILS 2023<\/a>\n\t\t\t\n\t\t\t\t\t\t\t\t\t\t\t\t\t\t\n\t\t\t\t\t\t\t\t\n\t\t\t\t\t\t\t\t\t\t\t\t\t<div class=\"fusion-rollover-sep\"><\/div>\n\t\t\t\t\n\t\t\t\t\t\t\t\t\t\t\t\t\t\t\t\t\t\t<a class=\"fusion-rollover-gallery\" href=\"https:\/\/impulseducacio.org\/wp-content\/uploads\/2025\/02\/0.-Portada-estudio-ICILS_WEB-scaled.jpg\" data-options=\"\" data-id=\"46196\" data-rel=\"iLightbox[gallery]\" data-title=\"0.-Portada-estudio-ICILS_WEB\" data-caption=\"\">\n\t\t\t\t\t\tGallery\t\t\t\t\t<\/a>\n\t\t\t\t\t\t\t\t\t\t\t\t\t\t\n\t\t\n\t\t\t\t\t\t\t\t\n\t\t\t\t\t\t\t\t\n\t\t\n\t\t\t\t\t\t<a class=\"fusion-link-wrapper\" href=\"https:\/\/impulseducacio.org\/es\/educacion-digital-en-transicion-claves-y-desafios-del-icils-2023\/\" aria-label=\"Educaci\u00f3n digital en transici\u00f3n: Claves y desaf\u00edos del ICILS 2023\"><\/a>\n\t<\/div>\n<\/div>\n<\/div>\n<\/li>\n\t\t\t\n\t\t\t\n\t\t\t\t\t\t\t\t\t\t\t\t\t\t\t\t\t\t\t\t\t\t\t\t\t\t\t\t\t\t\t\t\t\t\t\t\t\t\t\t\t\t\t\t\t\t\t\t\t\t\t\t\t\t\t\t\t\t\t\t\t\t\t\t\t\t\t\t<\/ul>\n\t<\/div>\n\t<div class=\"fusion-post-content-wrapper\" style=\"padding:30px 8% 25px 8%;\"><div class=\"fusion-post-content post-content\"><h2 class=\"blog-shortcode-post-title entry-title\"><a href=\"https:\/\/impulseducacio.org\/es\/educacion-digital-en-transicion-claves-y-desafios-del-icils-2023\/\">Educaci\u00f3n digital en transici\u00f3n: Claves y desaf\u00edos del ICILS 2023<\/a><\/h2><\/div><\/div><div class=\"fusion-clearfix\"><\/div><\/div>\n<\/article>\n<article id=\"blog-1-post-44659\" class=\"fusion-post-grid post-44659 post type-post status-publish format-gallery has-post-thumbnail hentry category-tecnologia-es tag-resena post_format-post-format-gallery\">\n<div class=\"fusion-post-wrapper\" style=\"background-color:rgba(246,247,247,1);border:none;\">\n\n\t\t\t<div class=\"fusion-flexslider flexslider fusion-flexslider-loading fusion-post-slideshow\" style=\"border-color:rgba(255,255,255,0);\">\n\t\t<ul class=\"slides\">\n\t\t\t\n\t\t\t\t\t\t\t\t\t\t\t\t\t\t<li><div  class=\"fusion-image-wrapper\" aria-haspopup=\"true\">\n\t\t\t\t<img decoding=\"async\" width=\"2560\" height=\"1280\" src=\"https:\/\/impulseducacio.org\/wp-content\/uploads\/2024\/12\/0.-Portada_resena-etica-algoritmica_duotono-scaled.jpg\" class=\"attachment-full size-full wp-post-image\" alt=\"\" srcset=\"https:\/\/impulseducacio.org\/wp-content\/uploads\/2024\/12\/0.-Portada_resena-etica-algoritmica_duotono-200x100.jpg 200w, https:\/\/impulseducacio.org\/wp-content\/uploads\/2024\/12\/0.-Portada_resena-etica-algoritmica_duotono-400x200.jpg 400w, https:\/\/impulseducacio.org\/wp-content\/uploads\/2024\/12\/0.-Portada_resena-etica-algoritmica_duotono-600x300.jpg 600w, https:\/\/impulseducacio.org\/wp-content\/uploads\/2024\/12\/0.-Portada_resena-etica-algoritmica_duotono-800x400.jpg 800w, https:\/\/impulseducacio.org\/wp-content\/uploads\/2024\/12\/0.-Portada_resena-etica-algoritmica_duotono-1200x600.jpg 1200w, https:\/\/impulseducacio.org\/wp-content\/uploads\/2024\/12\/0.-Portada_resena-etica-algoritmica_duotono-scaled.jpg 2560w\" sizes=\"(min-width: 2200px) 100vw, (min-width: 784px) 399px, (min-width: 712px) 598px, (min-width: 640px) 712px, \" \/><div class=\"fusion-rollover\">\n\t<div class=\"fusion-rollover-content\">\n\n\t\t\t\t\t\t\t\t\t\t\t\t\t\t<a class=\"fusion-rollover-link\" href=\"https:\/\/impulseducacio.org\/es\/desafios-eticos-de-la-inteligencia-artificial-y-la-robotica\/\">Desaf\u00edos \u00e9ticos de la inteligencia artificial y la rob\u00f3tica<\/a>\n\t\t\t\n\t\t\t\t\t\t\t\t\t\t\t\t\t\t\n\t\t\t\t\t\t\t\t\n\t\t\t\t\t\t\t\t\t\t\t\t\t<div class=\"fusion-rollover-sep\"><\/div>\n\t\t\t\t\n\t\t\t\t\t\t\t\t\t\t\t\t\t\t\t\t\t\t<a class=\"fusion-rollover-gallery\" href=\"https:\/\/impulseducacio.org\/wp-content\/uploads\/2024\/12\/0.-Portada_resena-etica-algoritmica_duotono-scaled.jpg\" data-options=\"\" data-id=\"44659\" data-rel=\"iLightbox[gallery]\" data-title=\"0.-Portada_rese\u00f1a-\u00e8tica-algor\u00edtmica_duotono\" data-caption=\"\">\n\t\t\t\t\t\tGallery\t\t\t\t\t<\/a>\n\t\t\t\t\t\t\t\t\t\t\t\t\t\t\n\t\t\n\t\t\t\t\t\t\t\t\n\t\t\t\t\t\t\t\t\n\t\t\n\t\t\t\t\t\t<a class=\"fusion-link-wrapper\" href=\"https:\/\/impulseducacio.org\/es\/desafios-eticos-de-la-inteligencia-artificial-y-la-robotica\/\" aria-label=\"Desaf\u00edos \u00e9ticos de la inteligencia artificial y la rob\u00f3tica\"><\/a>\n\t<\/div>\n<\/div>\n<\/div>\n<\/li>\n\t\t\t\n\t\t\t\n\t\t\t\t\t\t\t\t\t\t\t\t\t\t\t\t\t\t\t\t\t\t\t\t\t\t\t\t\t\t\t\t\t\t\t\t\t\t\t\t\t\t\t\t\t\t\t\t\t\t\t\t\t\t\t\t\t\t\t\t\t\t\t\t\t\t\t\t<\/ul>\n\t<\/div>\n\t<div class=\"fusion-post-content-wrapper\" style=\"padding:30px 8% 25px 8%;\"><div class=\"fusion-post-content post-content\"><h2 class=\"blog-shortcode-post-title entry-title\"><a href=\"https:\/\/impulseducacio.org\/es\/desafios-eticos-de-la-inteligencia-artificial-y-la-robotica\/\">Desaf\u00edos \u00e9ticos de la inteligencia artificial y la rob\u00f3tica<\/a><\/h2><\/div><\/div><div class=\"fusion-clearfix\"><\/div><\/div>\n<\/article>\n<article id=\"blog-1-post-41821\" class=\"fusion-post-grid post-41821 post type-post status-publish format-gallery has-post-thumbnail hentry category-tecnologia-es tag-articulo-es tag-inteligencia-artificial post_format-post-format-gallery\">\n<div class=\"fusion-post-wrapper\" style=\"background-color:rgba(246,247,247,1);border:none;\">\n\n\t\t\t<div class=\"fusion-flexslider flexslider fusion-flexslider-loading fusion-post-slideshow\" style=\"border-color:rgba(255,255,255,0);\">\n\t\t<ul class=\"slides\">\n\t\t\t\n\t\t\t\t\t\t\t\t\t\t\t\t\t\t<li><div  class=\"fusion-image-wrapper\" aria-haspopup=\"true\">\n\t\t\t\t<img decoding=\"async\" width=\"1792\" height=\"897\" src=\"https:\/\/impulseducacio.org\/wp-content\/uploads\/2024\/09\/0.-Portada-IA-en-la-educacion.jpg\" class=\"attachment-full size-full wp-post-image\" alt=\"\" srcset=\"https:\/\/impulseducacio.org\/wp-content\/uploads\/2024\/09\/0.-Portada-IA-en-la-educacion-200x100.jpg 200w, https:\/\/impulseducacio.org\/wp-content\/uploads\/2024\/09\/0.-Portada-IA-en-la-educacion-400x200.jpg 400w, https:\/\/impulseducacio.org\/wp-content\/uploads\/2024\/09\/0.-Portada-IA-en-la-educacion-600x300.jpg 600w, https:\/\/impulseducacio.org\/wp-content\/uploads\/2024\/09\/0.-Portada-IA-en-la-educacion-800x400.jpg 800w, https:\/\/impulseducacio.org\/wp-content\/uploads\/2024\/09\/0.-Portada-IA-en-la-educacion-1200x601.jpg 1200w, https:\/\/impulseducacio.org\/wp-content\/uploads\/2024\/09\/0.-Portada-IA-en-la-educacion.jpg 1792w\" sizes=\"(min-width: 2200px) 100vw, (min-width: 784px) 399px, (min-width: 712px) 598px, (min-width: 640px) 712px, \" \/><div class=\"fusion-rollover\">\n\t<div class=\"fusion-rollover-content\">\n\n\t\t\t\t\t\t\t\t\t\t\t\t\t\t<a class=\"fusion-rollover-link\" href=\"https:\/\/impulseducacio.org\/es\/el-futuro-de-la-inteligencia-artificial-en-la-educacion\/\">El futuro de la Inteligencia Artificial en la educaci\u00f3n<\/a>\n\t\t\t\n\t\t\t\t\t\t\t\t\t\t\t\t\t\t\n\t\t\t\t\t\t\t\t\n\t\t\t\t\t\t\t\t\t\t\t\t\t<div class=\"fusion-rollover-sep\"><\/div>\n\t\t\t\t\n\t\t\t\t\t\t\t\t\t\t\t\t\t\t\t\t\t\t<a class=\"fusion-rollover-gallery\" href=\"https:\/\/impulseducacio.org\/wp-content\/uploads\/2024\/09\/0.-Portada-IA-en-la-educacion.jpg\" data-options=\"\" data-id=\"41821\" data-rel=\"iLightbox[gallery]\" data-title=\"0. Portada IA en la educaci\u00f3n\" data-caption=\"\">\n\t\t\t\t\t\tGallery\t\t\t\t\t<\/a>\n\t\t\t\t\t\t\t\t\t\t\t\t\t\t\n\t\t\n\t\t\t\t\t\t\t\t\n\t\t\t\t\t\t\t\t\n\t\t\n\t\t\t\t\t\t<a class=\"fusion-link-wrapper\" href=\"https:\/\/impulseducacio.org\/es\/el-futuro-de-la-inteligencia-artificial-en-la-educacion\/\" aria-label=\"El futuro de la Inteligencia Artificial en la educaci\u00f3n\"><\/a>\n\t<\/div>\n<\/div>\n<\/div>\n<\/li>\n\t\t\t\n\t\t\t\n\t\t\t\t\t\t\t\t\t\t\t\t\t\t\t\t\t\t\t\t\t\t\t\t\t\t\t\t\t\t\t\t\t\t\t\t\t\t\t\t\t\t\t\t\t\t\t\t\t\t\t\t\t\t\t\t\t\t\t\t\t\t\t\t\t\t\t\t<\/ul>\n\t<\/div>\n\t<div class=\"fusion-post-content-wrapper\" style=\"padding:30px 8% 25px 8%;\"><div class=\"fusion-post-content post-content\"><h2 class=\"blog-shortcode-post-title entry-title\"><a href=\"https:\/\/impulseducacio.org\/es\/el-futuro-de-la-inteligencia-artificial-en-la-educacion\/\">El futuro de la Inteligencia Artificial en la educaci\u00f3n<\/a><\/h2><\/div><\/div><div class=\"fusion-clearfix\"><\/div><\/div>\n<\/article>\n<div class=\"fusion-clearfix\"><\/div><\/div><div class=\"pagination clearfix\"><span class=\"current\">1<\/span><a href=\"https:\/\/impulseducacio.org\/es\/wp-json\/wp\/v2\/posts\/20101\/page\/2\/\" class=\"inactive\">2<\/a><a class=\"pagination-next\" rel=\"next\" href=\"https:\/\/impulseducacio.org\/es\/wp-json\/wp\/v2\/posts\/20101\/page\/2\/\"><span class=\"page-text\">Next<\/span><span class=\"page-next\"><\/span><\/a><\/div><div class=\"fusion-clearfix\"><\/div><\/div><div class=\"fusion-clearfix\"><\/div><\/div><\/div><\/div><\/div><\/p>\n","protected":false},"excerpt":{"rendered":"","protected":false},"author":2,"featured_media":20108,"comment_status":"open","ping_status":"open","sticky":false,"template":"","format":"gallery","meta":{"_acf_changed":false,"footnotes":""},"categories":[44],"tags":[48,211,293,296,129],"class_list":["post-20101","post","type-post","status-publish","format-gallery","has-post-thumbnail","hentry","category-tecnologia-es","tag-entrevista-es","tag-estudio","tag-expert-educacio-es","tag-experto-educacion-es","tag-tecnologia-es","post_format-post-format-gallery"],"acf":[],"yoast_head":"<!-- This site is optimized with the Yoast SEO plugin v27.4 - https:\/\/yoast.com\/product\/yoast-seo-wordpress\/ -->\n<title>Educaci\u00f3n de calidad en la era digital | Actualitat Educativa<\/title>\n<meta name=\"robots\" content=\"index, follow, max-snippet:-1, max-image-preview:large, max-video-preview:-1\" \/>\n<link rel=\"canonical\" href=\"https:\/\/impulseducacio.org\/es\/educacion-de-calidad-en-la-era-digital\/\" \/>\n<meta property=\"og:locale\" content=\"es_ES\" \/>\n<meta property=\"og:type\" content=\"article\" \/>\n<meta property=\"og:title\" content=\"Educaci\u00f3n de calidad en la era digital | Actualitat Educativa\" \/>\n<meta property=\"og:url\" content=\"https:\/\/impulseducacio.org\/es\/educacion-de-calidad-en-la-era-digital\/\" \/>\n<meta property=\"og:site_name\" content=\"IMPULS EDUCACI\u00d3\" \/>\n<meta property=\"article:publisher\" content=\"https:\/\/www.facebook.com\/impulseducacio2020\" \/>\n<meta property=\"article:published_time\" content=\"2022-11-11T10:10:30+00:00\" \/>\n<meta property=\"article:modified_time\" content=\"2023-04-17T14:17:07+00:00\" \/>\n<meta property=\"og:image\" content=\"https:\/\/impulseducacio.org\/wp-content\/uploads\/2022\/11\/Portada_intro-Delphi-1.jpg\" \/>\n\t<meta property=\"og:image:width\" content=\"1300\" \/>\n\t<meta property=\"og:image:height\" content=\"673\" \/>\n\t<meta property=\"og:image:type\" content=\"image\/jpeg\" \/>\n<meta name=\"author\" content=\"Impuls Educaci\u00f3\" \/>\n<meta name=\"twitter:card\" content=\"summary_large_image\" \/>\n<meta name=\"twitter:creator\" content=\"@ImpulsEducacio\" \/>\n<meta name=\"twitter:site\" content=\"@ImpulsEducacio\" \/>\n<meta name=\"twitter:label1\" content=\"Written by\" \/>\n\t<meta name=\"twitter:data1\" content=\"Impuls Educaci\u00f3\" \/>\n\t<meta name=\"twitter:label2\" content=\"Est. reading time\" \/>\n\t<meta name=\"twitter:data2\" content=\"12 minutes\" \/>\n<script type=\"application\/ld+json\" class=\"yoast-schema-graph\">{\"@context\":\"https:\\\/\\\/schema.org\",\"@graph\":[{\"@type\":\"Article\",\"@id\":\"https:\\\/\\\/impulseducacio.org\\\/es\\\/educacion-de-calidad-en-la-era-digital\\\/#article\",\"isPartOf\":{\"@id\":\"https:\\\/\\\/impulseducacio.org\\\/es\\\/educacion-de-calidad-en-la-era-digital\\\/\"},\"author\":{\"name\":\"Impuls Educaci\u00f3\",\"@id\":\"https:\\\/\\\/impulseducacio.org\\\/es\\\/#\\\/schema\\\/person\\\/92cf201227b1404c22691d5d1238d09a\"},\"headline\":\"Educaci\u00f3n de calidad en la era digital\",\"datePublished\":\"2022-11-11T10:10:30+00:00\",\"dateModified\":\"2023-04-17T14:17:07+00:00\",\"mainEntityOfPage\":{\"@id\":\"https:\\\/\\\/impulseducacio.org\\\/es\\\/educacion-de-calidad-en-la-era-digital\\\/\"},\"wordCount\":7465,\"commentCount\":0,\"image\":{\"@id\":\"https:\\\/\\\/impulseducacio.org\\\/es\\\/educacion-de-calidad-en-la-era-digital\\\/#primaryimage\"},\"thumbnailUrl\":\"https:\\\/\\\/impulseducacio.org\\\/wp-content\\\/uploads\\\/2022\\\/11\\\/Portada_intro-Delphi-1.jpg\",\"keywords\":[\"Entrevista\",\"Estudio\",\"Expert educaci\u00f3\",\"Experto educaci\u00f3n\",\"Tecnologia\"],\"articleSection\":[\"Tecnolog\u00eda\"],\"inLanguage\":\"es\",\"potentialAction\":[{\"@type\":\"CommentAction\",\"name\":\"Comment\",\"target\":[\"https:\\\/\\\/impulseducacio.org\\\/es\\\/educacion-de-calidad-en-la-era-digital\\\/#respond\"]}]},{\"@type\":\"WebPage\",\"@id\":\"https:\\\/\\\/impulseducacio.org\\\/es\\\/educacion-de-calidad-en-la-era-digital\\\/\",\"url\":\"https:\\\/\\\/impulseducacio.org\\\/es\\\/educacion-de-calidad-en-la-era-digital\\\/\",\"name\":\"Educaci\u00f3n de calidad en la era digital | Actualitat Educativa\",\"isPartOf\":{\"@id\":\"https:\\\/\\\/impulseducacio.org\\\/es\\\/#website\"},\"primaryImageOfPage\":{\"@id\":\"https:\\\/\\\/impulseducacio.org\\\/es\\\/educacion-de-calidad-en-la-era-digital\\\/#primaryimage\"},\"image\":{\"@id\":\"https:\\\/\\\/impulseducacio.org\\\/es\\\/educacion-de-calidad-en-la-era-digital\\\/#primaryimage\"},\"thumbnailUrl\":\"https:\\\/\\\/impulseducacio.org\\\/wp-content\\\/uploads\\\/2022\\\/11\\\/Portada_intro-Delphi-1.jpg\",\"datePublished\":\"2022-11-11T10:10:30+00:00\",\"dateModified\":\"2023-04-17T14:17:07+00:00\",\"author\":{\"@id\":\"https:\\\/\\\/impulseducacio.org\\\/es\\\/#\\\/schema\\\/person\\\/92cf201227b1404c22691d5d1238d09a\"},\"breadcrumb\":{\"@id\":\"https:\\\/\\\/impulseducacio.org\\\/es\\\/educacion-de-calidad-en-la-era-digital\\\/#breadcrumb\"},\"inLanguage\":\"es\",\"potentialAction\":[{\"@type\":\"ReadAction\",\"target\":[\"https:\\\/\\\/impulseducacio.org\\\/es\\\/educacion-de-calidad-en-la-era-digital\\\/\"]}]},{\"@type\":\"ImageObject\",\"inLanguage\":\"es\",\"@id\":\"https:\\\/\\\/impulseducacio.org\\\/es\\\/educacion-de-calidad-en-la-era-digital\\\/#primaryimage\",\"url\":\"https:\\\/\\\/impulseducacio.org\\\/wp-content\\\/uploads\\\/2022\\\/11\\\/Portada_intro-Delphi-1.jpg\",\"contentUrl\":\"https:\\\/\\\/impulseducacio.org\\\/wp-content\\\/uploads\\\/2022\\\/11\\\/Portada_intro-Delphi-1.jpg\",\"width\":1300,\"height\":673},{\"@type\":\"BreadcrumbList\",\"@id\":\"https:\\\/\\\/impulseducacio.org\\\/es\\\/educacion-de-calidad-en-la-era-digital\\\/#breadcrumb\",\"itemListElement\":[{\"@type\":\"ListItem\",\"position\":1,\"name\":\"Inicio\",\"item\":\"https:\\\/\\\/impulseducacio.org\\\/es\\\/\"},{\"@type\":\"ListItem\",\"position\":2,\"name\":\"Educaci\u00f3n de calidad en la era digital\"}]},{\"@type\":\"WebSite\",\"@id\":\"https:\\\/\\\/impulseducacio.org\\\/es\\\/#website\",\"url\":\"https:\\\/\\\/impulseducacio.org\\\/es\\\/\",\"name\":\"IMPULS EDUCACI\u00d3\",\"description\":\"Espai d\u2019estudi i di\u00e0leg en temes educatius\",\"potentialAction\":[{\"@type\":\"SearchAction\",\"target\":{\"@type\":\"EntryPoint\",\"urlTemplate\":\"https:\\\/\\\/impulseducacio.org\\\/es\\\/?s={search_term_string}\"},\"query-input\":{\"@type\":\"PropertyValueSpecification\",\"valueRequired\":true,\"valueName\":\"search_term_string\"}}],\"inLanguage\":\"es\"},{\"@type\":\"Person\",\"@id\":\"https:\\\/\\\/impulseducacio.org\\\/es\\\/#\\\/schema\\\/person\\\/92cf201227b1404c22691d5d1238d09a\",\"name\":\"Impuls Educaci\u00f3\"}]}<\/script>\n<!-- \/ Yoast SEO plugin. -->","yoast_head_json":{"title":"Educaci\u00f3n de calidad en la era digital | Actualitat Educativa","robots":{"index":"index","follow":"follow","max-snippet":"max-snippet:-1","max-image-preview":"max-image-preview:large","max-video-preview":"max-video-preview:-1"},"canonical":"https:\/\/impulseducacio.org\/es\/educacion-de-calidad-en-la-era-digital\/","og_locale":"es_ES","og_type":"article","og_title":"Educaci\u00f3n de calidad en la era digital | Actualitat Educativa","og_url":"https:\/\/impulseducacio.org\/es\/educacion-de-calidad-en-la-era-digital\/","og_site_name":"IMPULS EDUCACI\u00d3","article_publisher":"https:\/\/www.facebook.com\/impulseducacio2020","article_published_time":"2022-11-11T10:10:30+00:00","article_modified_time":"2023-04-17T14:17:07+00:00","og_image":[{"width":1300,"height":673,"url":"https:\/\/impulseducacio.org\/wp-content\/uploads\/2022\/11\/Portada_intro-Delphi-1.jpg","type":"image\/jpeg"}],"author":"Impuls Educaci\u00f3","twitter_card":"summary_large_image","twitter_creator":"@ImpulsEducacio","twitter_site":"@ImpulsEducacio","twitter_misc":{"Written by":"Impuls Educaci\u00f3","Est. reading time":"12 minutes"},"schema":{"@context":"https:\/\/schema.org","@graph":[{"@type":"Article","@id":"https:\/\/impulseducacio.org\/es\/educacion-de-calidad-en-la-era-digital\/#article","isPartOf":{"@id":"https:\/\/impulseducacio.org\/es\/educacion-de-calidad-en-la-era-digital\/"},"author":{"name":"Impuls Educaci\u00f3","@id":"https:\/\/impulseducacio.org\/es\/#\/schema\/person\/92cf201227b1404c22691d5d1238d09a"},"headline":"Educaci\u00f3n de calidad en la era digital","datePublished":"2022-11-11T10:10:30+00:00","dateModified":"2023-04-17T14:17:07+00:00","mainEntityOfPage":{"@id":"https:\/\/impulseducacio.org\/es\/educacion-de-calidad-en-la-era-digital\/"},"wordCount":7465,"commentCount":0,"image":{"@id":"https:\/\/impulseducacio.org\/es\/educacion-de-calidad-en-la-era-digital\/#primaryimage"},"thumbnailUrl":"https:\/\/impulseducacio.org\/wp-content\/uploads\/2022\/11\/Portada_intro-Delphi-1.jpg","keywords":["Entrevista","Estudio","Expert educaci\u00f3","Experto educaci\u00f3n","Tecnologia"],"articleSection":["Tecnolog\u00eda"],"inLanguage":"es","potentialAction":[{"@type":"CommentAction","name":"Comment","target":["https:\/\/impulseducacio.org\/es\/educacion-de-calidad-en-la-era-digital\/#respond"]}]},{"@type":"WebPage","@id":"https:\/\/impulseducacio.org\/es\/educacion-de-calidad-en-la-era-digital\/","url":"https:\/\/impulseducacio.org\/es\/educacion-de-calidad-en-la-era-digital\/","name":"Educaci\u00f3n de calidad en la era digital | Actualitat Educativa","isPartOf":{"@id":"https:\/\/impulseducacio.org\/es\/#website"},"primaryImageOfPage":{"@id":"https:\/\/impulseducacio.org\/es\/educacion-de-calidad-en-la-era-digital\/#primaryimage"},"image":{"@id":"https:\/\/impulseducacio.org\/es\/educacion-de-calidad-en-la-era-digital\/#primaryimage"},"thumbnailUrl":"https:\/\/impulseducacio.org\/wp-content\/uploads\/2022\/11\/Portada_intro-Delphi-1.jpg","datePublished":"2022-11-11T10:10:30+00:00","dateModified":"2023-04-17T14:17:07+00:00","author":{"@id":"https:\/\/impulseducacio.org\/es\/#\/schema\/person\/92cf201227b1404c22691d5d1238d09a"},"breadcrumb":{"@id":"https:\/\/impulseducacio.org\/es\/educacion-de-calidad-en-la-era-digital\/#breadcrumb"},"inLanguage":"es","potentialAction":[{"@type":"ReadAction","target":["https:\/\/impulseducacio.org\/es\/educacion-de-calidad-en-la-era-digital\/"]}]},{"@type":"ImageObject","inLanguage":"es","@id":"https:\/\/impulseducacio.org\/es\/educacion-de-calidad-en-la-era-digital\/#primaryimage","url":"https:\/\/impulseducacio.org\/wp-content\/uploads\/2022\/11\/Portada_intro-Delphi-1.jpg","contentUrl":"https:\/\/impulseducacio.org\/wp-content\/uploads\/2022\/11\/Portada_intro-Delphi-1.jpg","width":1300,"height":673},{"@type":"BreadcrumbList","@id":"https:\/\/impulseducacio.org\/es\/educacion-de-calidad-en-la-era-digital\/#breadcrumb","itemListElement":[{"@type":"ListItem","position":1,"name":"Inicio","item":"https:\/\/impulseducacio.org\/es\/"},{"@type":"ListItem","position":2,"name":"Educaci\u00f3n de calidad en la era digital"}]},{"@type":"WebSite","@id":"https:\/\/impulseducacio.org\/es\/#website","url":"https:\/\/impulseducacio.org\/es\/","name":"IMPULS EDUCACI\u00d3","description":"Espai d\u2019estudi i di\u00e0leg en temes educatius","potentialAction":[{"@type":"SearchAction","target":{"@type":"EntryPoint","urlTemplate":"https:\/\/impulseducacio.org\/es\/?s={search_term_string}"},"query-input":{"@type":"PropertyValueSpecification","valueRequired":true,"valueName":"search_term_string"}}],"inLanguage":"es"},{"@type":"Person","@id":"https:\/\/impulseducacio.org\/es\/#\/schema\/person\/92cf201227b1404c22691d5d1238d09a","name":"Impuls Educaci\u00f3"}]}},"_links":{"self":[{"href":"https:\/\/impulseducacio.org\/es\/wp-json\/wp\/v2\/posts\/20101","targetHints":{"allow":["GET"]}}],"collection":[{"href":"https:\/\/impulseducacio.org\/es\/wp-json\/wp\/v2\/posts"}],"about":[{"href":"https:\/\/impulseducacio.org\/es\/wp-json\/wp\/v2\/types\/post"}],"author":[{"embeddable":true,"href":"https:\/\/impulseducacio.org\/es\/wp-json\/wp\/v2\/users\/2"}],"replies":[{"embeddable":true,"href":"https:\/\/impulseducacio.org\/es\/wp-json\/wp\/v2\/comments?post=20101"}],"version-history":[{"count":8,"href":"https:\/\/impulseducacio.org\/es\/wp-json\/wp\/v2\/posts\/20101\/revisions"}],"predecessor-version":[{"id":26036,"href":"https:\/\/impulseducacio.org\/es\/wp-json\/wp\/v2\/posts\/20101\/revisions\/26036"}],"wp:featuredmedia":[{"embeddable":true,"href":"https:\/\/impulseducacio.org\/es\/wp-json\/wp\/v2\/media\/20108"}],"wp:attachment":[{"href":"https:\/\/impulseducacio.org\/es\/wp-json\/wp\/v2\/media?parent=20101"}],"wp:term":[{"taxonomy":"category","embeddable":true,"href":"https:\/\/impulseducacio.org\/es\/wp-json\/wp\/v2\/categories?post=20101"},{"taxonomy":"post_tag","embeddable":true,"href":"https:\/\/impulseducacio.org\/es\/wp-json\/wp\/v2\/tags?post=20101"}],"curies":[{"name":"wp","href":"https:\/\/api.w.org\/{rel}","templated":true}]}}