{"id":18431,"date":"2022-07-12T10:26:51","date_gmt":"2022-07-12T10:26:51","guid":{"rendered":"https:\/\/impulseducacio.org\/?p=18431"},"modified":"2023-03-02T09:56:32","modified_gmt":"2023-03-02T09:56:32","slug":"la-educacion-emocional-nos-permite-estar-siempre-atentos-a-nosotros-mismos-y-a-los-demas","status":"publish","type":"post","link":"https:\/\/impulseducacio.org\/es\/la-educacion-emocional-nos-permite-estar-siempre-atentos-a-nosotros-mismos-y-a-los-demas\/","title":{"rendered":"La educaci\u00f3n emocional nos permite estar \u201csiempre atentos\u201d a nosotros mismos y a los dem\u00e1s"},"content":{"rendered":"<p><div class=\"fusion-fullwidth fullwidth-box fusion-builder-row-1 fusion-parallax-none nonhundred-percent-fullwidth non-hundred-percent-height-scrolling\" style=\"--awb-background-position:right center;--awb-border-sizes-top:0px;--awb-border-sizes-bottom:0px;--awb-border-sizes-left:0px;--awb-border-sizes-right:0px;--awb-border-radius-top-left:0px;--awb-border-radius-top-right:0px;--awb-border-radius-bottom-right:0px;--awb-border-radius-bottom-left:0px;--awb-padding-top:0px;--awb-padding-bottom:0px;--awb-margin-top:0px;--awb-margin-bottom:-260px;--awb-background-color:rgba(246,247,247,0);--awb-background-image:url(&quot;https:\/\/impulseducacio.org\/wp-content\/uploads\/2022\/07\/Portada-Marga-Acosta_duotono-scaled.jpg&quot;);--awb-background-size:cover;--awb-flex-wrap:wrap;\" ><div class=\"fusion-builder-row fusion-row\"><div class=\"fusion-layout-column fusion_builder_column fusion-builder-column-0 fusion_builder_column_1_1 1_1 fusion-one-full fusion-column-first fusion-column-last fusion-animated\" style=\"--awb-overflow:hidden;--awb-bg-color:rgba(0,0,0,0);--awb-bg-color-hover:rgba(0,0,0,0);--awb-bg-size:cover;--awb-border-radius:4px 4px 4px 4px;--awb-margin-top:0px;--awb-margin-bottom:10px;\" data-animationType=\"fadeInDown\" data-animationDuration=\"0.8\" data-animationOffset=\"top-into-view\"><div class=\"fusion-column-wrapper fusion-column-has-shadow fusion-flex-column-wrapper-legacy\"><div class=\"fusion-sep-clear\"><\/div><div class=\"fusion-separator fusion-full-width-sep\" style=\"margin-left: auto;margin-right: auto;margin-top:720px;width:100%;\"><\/div><div class=\"fusion-sep-clear\"><\/div><div class=\"fusion-text fusion-text-1\"><h1>La educaci\u00f3n emocional nos permite estar \u201csiempre atentos\u201d a nosotros mismos y a los dem\u00e1s<\/h1>\n<\/div><div class=\"fusion-clearfix\"><\/div><\/div><\/div><div class=\"fusion-layout-column fusion_builder_column fusion-builder-column-1 fusion_builder_column_1_1 1_1 fusion-one-full fusion-column-first fusion-column-last fusion-animated\" style=\"--awb-padding-right:969px;--awb-padding-bottom:10px;--awb-bg-blend:overlay;--awb-bg-size:cover;--awb-border-color:#ffffff;--awb-border-top:1px;--awb-border-style:solid;--awb-margin-top:11px;--awb-margin-bottom:0px;\" data-animationType=\"fadeInDown\" data-animationDuration=\"0.6\" data-animationOffset=\"top-into-view\"><div class=\"fusion-column-wrapper fusion-column-has-shadow fusion-flex-column-wrapper-legacy\"><div class=\"fusion-sharing-box fusion-sharing-box-1 boxed-icons has-taglines layout-floated layout-medium-floated layout-small-floated\" style=\"background-color:rgba(246,244,245,0);padding:0;--awb-layout:row;--awb-alignment-small:space-between;\" data-title=\"La educaci\u00f3n emocional nos permite estar \u201csiempre atentos\u201d a nosotros mismos y a los dem\u00e1s\" data-description=\"La educaci\u00f3n emocional nos permite estar \u201csiempre atentos\u201d a nosotros mismos y a los dem\u00e1s     Your Content Goes Here  \r\nUna oportunidad para ser, para sentir y para hacer Por Margarita de las Nieves Acosta Rubio   \r\nLa escuela es un espacio\" data-link=\"https:\/\/impulseducacio.org\/es\/la-educacion-emocional-nos-permite-estar-siempre-atentos-a-nosotros-mismos-y-a-los-demas\/\"><h4 class=\"tagline\" style=\"color:#ffffff;\">Compartir<\/h4><div class=\"fusion-social-networks sharingbox-shortcode-icon-wrapper sharingbox-shortcode-icon-wrapper-1 boxed-icons\"><span><a href=\"https:\/\/www.facebook.com\/sharer.php?u=https%3A%2F%2Fimpulseducacio.org%2Fes%2Fla-educacion-emocional-nos-permite-estar-siempre-atentos-a-nosotros-mismos-y-a-los-demas%2F&amp;t=La%20educaci%C3%B3n%20emocional%20nos%20permite%20estar%20%E2%80%9Csiempre%20atentos%E2%80%9D%20a%20nosotros%20mismos%20y%20a%20los%20dem%C3%A1s\" target=\"_blank\" rel=\"noreferrer\" title=\"Facebook\" aria-label=\"Facebook\" data-placement=\"bottom\" data-toggle=\"tooltip\" data-title=\"Facebook\"><i class=\"fusion-social-network-icon fusion-tooltip fusion-facebook awb-icon-facebook\" style=\"color:#ffffff;background-color:#3b5998;border-color:#3b5998;border-radius:24px;\" aria-hidden=\"true\"><\/i><\/a><\/span><span><a href=\"https:\/\/x.com\/intent\/post?text=La%20educaci%C3%B3n%20emocional%20nos%20permite%20estar%20%E2%80%9Csiempre%20atentos%E2%80%9D%20a%20nosotros%20mismos%20y%20a%20los%20dem%C3%A1s&amp;url=https%3A%2F%2Fimpulseducacio.org%2Fes%2Fla-educacion-emocional-nos-permite-estar-siempre-atentos-a-nosotros-mismos-y-a-los-demas%2F\" target=\"_blank\" rel=\"noopener noreferrer\" title=\"X\" aria-label=\"X\" data-placement=\"bottom\" data-toggle=\"tooltip\" data-title=\"X\"><i class=\"fusion-social-network-icon fusion-tooltip fusion-twitter awb-icon-twitter\" style=\"color:#ffffff;background-color:#000000;border-color:#000000;border-radius:24px;\" aria-hidden=\"true\"><\/i><\/a><\/span><span><a href=\"https:\/\/www.linkedin.com\/shareArticle?mini=true&amp;url=https%3A%2F%2Fimpulseducacio.org%2Fes%2Fla-educacion-emocional-nos-permite-estar-siempre-atentos-a-nosotros-mismos-y-a-los-demas%2F&amp;title=La%20educaci%C3%B3n%20emocional%20nos%20permite%20estar%20%E2%80%9Csiempre%20atentos%E2%80%9D%20a%20nosotros%20mismos%20y%20a%20los%20dem%C3%A1s&amp;summary=La%20educaci%C3%B3n%20emocional%20nos%20permite%20estar%20%E2%80%9Csiempre%20atentos%E2%80%9D%20a%20nosotros%20mismos%20y%20a%20los%20dem%C3%A1s%20%20%20%20%20%20%20%20%20Your%20Content%20Goes%20Here%20%20%20%0D%0AUna%20oportunidad%20para%20ser%2C%20para%20sentir%20y%20para%20hacer%20Por%20Margarita%20de%20las%20Nieves%20Acosta%20Rubio%20%20%20%20%20%0D%0ALa%20escuela%20es%20un%20espacio\" target=\"_blank\" rel=\"noopener noreferrer\" title=\"LinkedIn\" aria-label=\"LinkedIn\" data-placement=\"bottom\" data-toggle=\"tooltip\" data-title=\"LinkedIn\"><i class=\"fusion-social-network-icon fusion-tooltip fusion-linkedin awb-icon-linkedin\" style=\"color:#ffffff;background-color:#0077b5;border-color:#0077b5;border-radius:24px;\" aria-hidden=\"true\"><\/i><\/a><\/span><span><a href=\"mailto:?subject=La%20educaci%C3%B3n%20emocional%20nos%20permite%20estar%20%E2%80%9Csiempre%20atentos%E2%80%9D%20a%20nosotros%20mismos%20y%20a%20los%20dem%C3%A1s&amp;body=https%3A%2F%2Fimpulseducacio.org%2Fes%2Fla-educacion-emocional-nos-permite-estar-siempre-atentos-a-nosotros-mismos-y-a-los-demas%2F\" target=\"_self\" title=\"Email\" aria-label=\"Email\" data-placement=\"bottom\" data-toggle=\"tooltip\" data-title=\"Email\"><i class=\"fusion-social-network-icon fusion-tooltip fusion-mail awb-icon-mail\" style=\"color:#ffffff;background-color:#000000;border-color:#000000;border-radius:24px;\" aria-hidden=\"true\"><\/i><\/a><\/span><\/div><\/div><div class=\"fusion-clearfix\"><\/div><\/div><\/div><div class=\"fusion-layout-column fusion_builder_column fusion-builder-column-2 fusion_builder_column_1_1 1_1 fusion-one-full fusion-column-first fusion-column-last fusion-animated\" style=\"--awb-bg-blend:overlay;--awb-bg-size:cover;--awb-border-color:#ffffff;--awb-border-top:0;--awb-border-style:solid;--awb-margin-top:2px;--awb-margin-bottom:0px;\" data-animationType=\"fadeInDown\" data-animationDuration=\"0.6\" data-animationOffset=\"top-into-view\"><div class=\"fusion-column-wrapper fusion-column-has-shadow fusion-flex-column-wrapper-legacy\"><div class=\"fusion-sep-clear\"><\/div><div class=\"fusion-separator fusion-full-width-sep\" style=\"margin-left: auto;margin-right: auto;margin-bottom:150px;width:100%;\"><\/div><div class=\"fusion-sep-clear\"><\/div><div class=\"fusion-section-separator section-separator big-half-circle fusion-section-separator-1\" style=\"--awb-spacer-height:99px;--awb-svg-margin-left:0;--awb-svg-margin-right:0;--awb-divider-height:99px;--awb-spacer-padding-top:inherit;--awb-sep-padding:0;--awb-svg-padding:0;\"><div class=\"fusion-section-separator-svg\"><svg class=\"fusion-big-half-circle-candy\" xmlns=\"http:\/\/www.w3.org\/2000\/svg\" version=\"1.1\" width=\"100%\" height=\"100\" viewBox=\"0 0 100 100\" preserveAspectRatio=\"none\" fill=\"rgba(255,255,255,1)\"><path d=\"M0 100 C40 0 60 0 100 100 Z\"><\/path><\/svg><\/div><div class=\"fusion-section-separator-spacer\"><div class=\"fusion-section-separator-spacer-height\"><\/div><\/div><\/div><div class=\"fusion-clearfix\"><\/div><\/div><\/div><\/div><\/div><div class=\"fusion-fullwidth fullwidth-box fusion-builder-row-2 nonhundred-percent-fullwidth non-hundred-percent-height-scrolling\" style=\"--awb-border-radius-top-left:0px;--awb-border-radius-top-right:0px;--awb-border-radius-bottom-right:0px;--awb-border-radius-bottom-left:0px;--awb-padding-top:0px;--awb-padding-bottom:0px;--awb-flex-wrap:wrap;\" ><div class=\"fusion-builder-row fusion-row\"><div class=\"fusion-layout-column fusion_builder_column fusion-builder-column-3 fusion_builder_column_1_1 1_1 fusion-one-full fusion-column-first fusion-column-last\" style=\"--awb-padding-top:3%;--awb-padding-right:5%;--awb-padding-bottom:0%;--awb-padding-left:5%;--awb-overflow:hidden;--awb-bg-color:#ffffff;--awb-bg-color-hover:#ffffff;--awb-bg-size:cover;--awb-border-radius:8px 8px 8px 8px;--awb-margin-top:0px;--awb-margin-bottom:0px;\"><div class=\"fusion-column-wrapper fusion-column-has-shadow fusion-flex-column-wrapper-legacy\"><div class=\"fusion-builder-row fusion-builder-row-inner fusion-row\"><div class=\"fusion-layout-column fusion_builder_column_inner fusion-builder-nested-column-0 fusion_builder_column_inner_1_5 1_5 fusion-one-fifth fusion-column-first\" style=\"--awb-bg-size:cover;--awb-margin-top:0px;width:20%;width:calc(20% - ( ( 1% ) * 0.2 ) );margin-right: 1%;\"><div class=\"fusion-column-wrapper fusion-column-has-shadow fusion-flex-column-wrapper-legacy\"><div class=\"fusion-text fusion-text-2\"><p>12 July 2022<\/p>\n<\/div><div class=\"fusion-clearfix\"><\/div><\/div><\/div><\/div><div class=\"fusion-title title fusion-title-1 fusion-sep-none fusion-title-text fusion-title-size-two\"><h2 class=\"fusion-title-heading title-heading-left fusion-responsive-typography-calculated\" style=\"margin:0;--fontSize:48;line-height:1.18;\"><h2>Una oportunidad para ser, para sentir y para hacer<\/h2><\/h2><\/div><div class=\"fusion-text fusion-text-3\"><p>Por Margarita de las Nieves Acosta Rubio<\/p>\n<\/div><div class=\"fusion-sep-clear\"><\/div><div class=\"fusion-separator fusion-full-width-sep\" style=\"margin-left: auto;margin-right: auto;margin-top:20px;width:100%;\"><\/div><div class=\"fusion-sep-clear\"><\/div><div class=\"fusion-clearfix\"><\/div><\/div><\/div><\/div><\/div><div class=\"fusion-fullwidth fullwidth-box fusion-builder-row-3 nonhundred-percent-fullwidth non-hundred-percent-height-scrolling\" style=\"--awb-border-radius-top-left:0px;--awb-border-radius-top-right:0px;--awb-border-radius-bottom-right:0px;--awb-border-radius-bottom-left:0px;--awb-padding-top:0px;--awb-padding-bottom:0px;--awb-flex-wrap:wrap;\" ><div class=\"fusion-builder-row fusion-row\"><div class=\"fusion-layout-column fusion_builder_column fusion-builder-column-4 fusion_builder_column_1_1 1_1 fusion-one-full fusion-column-first fusion-column-last\" style=\"--awb-padding-right:5%;--awb-padding-left:5%;--awb-bg-size:cover;--awb-margin-top:0px;\"><div class=\"fusion-column-wrapper fusion-column-has-shadow fusion-flex-column-wrapper-legacy\"><div class=\"fusion-text fusion-text-4\"><p>La escuela es un espacio con potencial suficiente para ofrecer a los alumnos y alumnas un entorno seguro de aprendizaje donde se sientan valorados y necesarios, donde puedan hablar de sus preocupaciones, practicar habilidades sociales y emocionales.<\/p>\n<p>La escuela es tambi\u00e9n, sin duda alguna, un lugar privilegiado para la detecci\u00f3n del malestar emocional de la poblaci\u00f3n infantil y juvenil. El hecho de que los protocolos de prevenci\u00f3n, detecci\u00f3n e intervenci\u00f3n del suicidio y las autolesiones est\u00e9n entrando en los centros educativos, nos confirma, una vez m\u00e1s, que el \u00e1mbito educativo es el lugar excelente para favorecer estilos de vida saludables y dinamizar programas de educaci\u00f3n emocional, donde trabajar la autoestima y la empat\u00eda, la gesti\u00f3n de los pensamientos, las emociones y las relaciones sociales positivas, as\u00ed como aprender estrategias de resiliencia que permitan superar situaciones adversas.<\/p>\n<\/div><div class=\"fusion-builder-row fusion-builder-row-inner fusion-row\"><div class=\"fusion-layout-column fusion_builder_column_inner fusion-builder-nested-column-1 fusion_builder_column_inner_1_2 1_2 fusion-one-half fusion-column-first fusion-animated\" style=\"--awb-bg-size:cover;width:50%;width:calc(50% - ( ( 4% ) * 0.5 ) );margin-right: 4%;\" data-animationType=\"fadeInLeft\" data-animationDuration=\"0.3\" data-animationOffset=\"top-into-view\"><div class=\"fusion-column-wrapper fusion-column-has-shadow fusion-flex-column-wrapper-legacy\"><div class=\"fusion-image-element fusion-image-align-right in-legacy-container\" style=\"text-align:right;--awb-max-width:450px;--awb-caption-title-font-family:var(--h2_typography-font-family);--awb-caption-title-font-weight:var(--h2_typography-font-weight);--awb-caption-title-font-style:var(--h2_typography-font-style);--awb-caption-title-size:var(--h2_typography-font-size);--awb-caption-title-transform:var(--h2_typography-text-transform);--awb-caption-title-line-height:var(--h2_typography-line-height);--awb-caption-title-letter-spacing:var(--h2_typography-letter-spacing);\"><span class=\" fusion-imageframe imageframe-none imageframe-1 hover-type-none\" style=\"margin-left:25px;float:right;\"><img decoding=\"async\" width=\"1650\" height=\"824\" alt=\"\u00e9tica y equidad\" title=\"01_Marga-Acosta\" src=\"https:\/\/impulseducacio.org\/wp-content\/uploads\/2022\/07\/01_Marga-Acosta-1.jpg\" class=\"img-responsive wp-image-18460\" srcset=\"https:\/\/impulseducacio.org\/wp-content\/uploads\/2022\/07\/01_Marga-Acosta-1-200x100.jpg 200w, https:\/\/impulseducacio.org\/wp-content\/uploads\/2022\/07\/01_Marga-Acosta-1-400x200.jpg 400w, https:\/\/impulseducacio.org\/wp-content\/uploads\/2022\/07\/01_Marga-Acosta-1-600x300.jpg 600w, https:\/\/impulseducacio.org\/wp-content\/uploads\/2022\/07\/01_Marga-Acosta-1-800x400.jpg 800w, https:\/\/impulseducacio.org\/wp-content\/uploads\/2022\/07\/01_Marga-Acosta-1-1200x599.jpg 1200w, https:\/\/impulseducacio.org\/wp-content\/uploads\/2022\/07\/01_Marga-Acosta-1.jpg 1650w\" sizes=\"(max-width: 800px) 100vw, 800px\" \/><\/span><\/div><div class=\"fusion-clearfix\"><\/div><\/div><\/div><div class=\"fusion-layout-column fusion_builder_column_inner fusion-builder-nested-column-2 fusion_builder_column_inner_1_2 1_2 fusion-one-half fusion-column-last fusion-animated\" style=\"--awb-bg-size:cover;width:50%;width:calc(50% - ( ( 4% ) * 0.5 ) );\" data-animationType=\"fadeInLeft\" data-animationDuration=\"0.3\" data-animationOffset=\"top-into-view\"><div class=\"fusion-column-wrapper fusion-column-has-shadow fusion-flex-column-wrapper-legacy\"><div class=\"fusion-text fusion-text-5\"><h6>El \u00e1mbito educativo es el lugar excelente para favorecer estilos de vida saludables y dinamizar programas de educaci\u00f3n emocional<\/h6>\n<\/div><div class=\"fusion-clearfix\"><\/div><\/div><\/div><\/div><div class=\"fusion-text fusion-text-6\"><p>En esta l\u00ednea, y en el marco de una escuela inclusiva, nos consta que la ilusi\u00f3n y la energ\u00eda de la mayor\u00eda de los docentes se centra en buscar una respuesta educativa integral para todo el alumnado, por lo tanto, la atenci\u00f3n educativa no debe centrarse solamente en \u00e1mbitos curriculares, sino que debe basarse en otros aspectos fundamentales de la persona vinculados al \u00e1mbito social y emocional, que tienen que ver m\u00e1s con la forma de ser y de actuar. Es decir, en la relaci\u00f3n e interacci\u00f3n con los dem\u00e1s.<\/p>\n<\/div><div class=\"fusion-builder-row fusion-builder-row-inner fusion-row\"><div class=\"fusion-layout-column fusion_builder_column_inner fusion-builder-nested-column-3 fusion_builder_column_inner_1_2 1_2 fusion-one-half fusion-column-first fusion-animated\" style=\"--awb-bg-size:cover;width:50%;width:calc(50% - ( ( 4% ) * 0.5 ) );margin-right: 4%;\" data-animationType=\"fadeInLeft\" data-animationDuration=\"0.3\" data-animationOffset=\"top-into-view\"><div class=\"fusion-column-wrapper fusion-column-has-shadow fusion-flex-column-wrapper-legacy\"><div class=\"fusion-text fusion-text-7\"><h6 style=\"text-align: right;\">La ilusi\u00f3n y la energ\u00eda de la mayor\u00eda de los docentes se centra en buscar una respuesta educativa integral para todo el alumnado<\/h6>\n<\/div><div class=\"fusion-clearfix\"><\/div><\/div><\/div><div class=\"fusion-layout-column fusion_builder_column_inner fusion-builder-nested-column-4 fusion_builder_column_inner_1_2 1_2 fusion-one-half fusion-column-last fusion-animated\" style=\"--awb-bg-size:cover;width:50%;width:calc(50% - ( ( 4% ) * 0.5 ) );\" data-animationType=\"fadeInLeft\" data-animationDuration=\"0.3\" data-animationOffset=\"top-into-view\"><div class=\"fusion-column-wrapper fusion-column-has-shadow fusion-flex-column-wrapper-legacy\"><div class=\"fusion-image-element fusion-image-align-left in-legacy-container\" style=\"text-align:left;--awb-max-width:450px;--awb-caption-title-font-family:var(--h2_typography-font-family);--awb-caption-title-font-weight:var(--h2_typography-font-weight);--awb-caption-title-font-style:var(--h2_typography-font-style);--awb-caption-title-size:var(--h2_typography-font-size);--awb-caption-title-transform:var(--h2_typography-text-transform);--awb-caption-title-line-height:var(--h2_typography-line-height);--awb-caption-title-letter-spacing:var(--h2_typography-letter-spacing);\"><span class=\" fusion-imageframe imageframe-none imageframe-2 hover-type-none\" style=\"margin-right:25px;float:left;\"><img decoding=\"async\" width=\"2560\" height=\"1281\" title=\"02_Marga-Acosta\" src=\"https:\/\/impulseducacio.org\/wp-content\/uploads\/2022\/07\/02_Marga-Acosta-1-scaled.jpg\" alt class=\"img-responsive wp-image-18463\" srcset=\"https:\/\/impulseducacio.org\/wp-content\/uploads\/2022\/07\/02_Marga-Acosta-1-200x100.jpg 200w, https:\/\/impulseducacio.org\/wp-content\/uploads\/2022\/07\/02_Marga-Acosta-1-400x200.jpg 400w, https:\/\/impulseducacio.org\/wp-content\/uploads\/2022\/07\/02_Marga-Acosta-1-600x300.jpg 600w, https:\/\/impulseducacio.org\/wp-content\/uploads\/2022\/07\/02_Marga-Acosta-1-800x400.jpg 800w, https:\/\/impulseducacio.org\/wp-content\/uploads\/2022\/07\/02_Marga-Acosta-1-1200x600.jpg 1200w, https:\/\/impulseducacio.org\/wp-content\/uploads\/2022\/07\/02_Marga-Acosta-1-scaled.jpg 2560w\" sizes=\"(max-width: 800px) 100vw, 800px\" \/><\/span><\/div><div class=\"fusion-clearfix\"><\/div><\/div><\/div><\/div><div class=\"fusion-text fusion-text-8\"><p>Teniendo en cuenta que las competencias socioemocionales y las habilidades de vida o <em>soft skills<\/em> no siempre se adquieren con la ense\u00f1anza ocasional producida como consecuencia de un incidente o un conflicto que aparece sobre la marcha, es necesario intervenir desde programas intencionales y planificados que permitan lograr un sentimiento de conexi\u00f3n y una regulaci\u00f3n emocional sana.<\/p>\n<p>Fruto de esta constataci\u00f3n y de las recientes investigaciones de la neurociencia, en muchos centros educativos ya se dispone de un material sist\u00e9mico y sistem\u00e1tico que impulse una escuela donde toda la comunidad educativa se sienta acogida, protegida y reconocida mediante programas que atienden y ayudan a todo el alumnado a fomentar relaciones y conductas sanas, la conciencia emocional y social, creando espacios seguros donde aprender a identificar, a expresar sus emociones y a gestionarlas de forma positiva.<\/p>\n<p>La educaci\u00f3n emocional nos permite tanto a educadores como a toda la poblaci\u00f3n infantil y juvenil estar \u201cSiempre Atentos\u201d para identificar, reconocer y regular las propias emociones y las de los dem\u00e1s, superando las adversidades, afrontando el presente y el futuro en las mejores condiciones posibles, \u201cSiempre Atentos\u201d para generar relaciones de equidad que protejan ante cualquier situaci\u00f3n de violencia (g\u00e9nero, raza, etc.), mejorar la convivencia, la inclusi\u00f3n y construir una cultura de paz, para cuidar de s\u00ed mismo y de los dem\u00e1s.<\/p>\n<p>Si queremos crear una sociedad sostenible, m\u00e1s justa y m\u00e1s sana, los docentes debemos asumir que somos una pieza clave en la educaci\u00f3n emocional, ense\u00f1amos por lo que somos y la manera m\u00e1s natural de conseguir la regulaci\u00f3n emocional del alumno es a trav\u00e9s de nuestra propia regulaci\u00f3n. Es imposible acompa\u00f1ar las emociones de nadie sin mantener una relaci\u00f3n sana con nosotros mismos y con los dem\u00e1s, por esto es tan importante el autoconocimiento que nos llevar\u00e1 a mantener una actitud de calma, aceptaci\u00f3n, empat\u00eda y presencia necesaria para promover conductas saludables y para originar aulas c\u00e1lidas que empoderen a los ni\u00f1os y ni\u00f1as para asumir responsabilidades, para participar y sentirse escuchados y queridos.<\/p>\n<\/div><div class=\"fusion-builder-row fusion-builder-row-inner fusion-row\"><div class=\"fusion-layout-column fusion_builder_column_inner fusion-builder-nested-column-5 fusion_builder_column_inner_1_2 1_2 fusion-one-half fusion-column-first fusion-animated\" style=\"--awb-bg-size:cover;width:50%;width:calc(50% - ( ( 4% ) * 0.5 ) );margin-right: 4%;\" data-animationType=\"fadeInLeft\" data-animationDuration=\"0.3\" data-animationOffset=\"top-into-view\"><div class=\"fusion-column-wrapper fusion-column-has-shadow fusion-flex-column-wrapper-legacy\"><div class=\"fusion-image-element fusion-image-align-right in-legacy-container\" style=\"text-align:right;--awb-max-width:450px;--awb-caption-title-font-family:var(--h2_typography-font-family);--awb-caption-title-font-weight:var(--h2_typography-font-weight);--awb-caption-title-font-style:var(--h2_typography-font-style);--awb-caption-title-size:var(--h2_typography-font-size);--awb-caption-title-transform:var(--h2_typography-text-transform);--awb-caption-title-line-height:var(--h2_typography-line-height);--awb-caption-title-letter-spacing:var(--h2_typography-letter-spacing);\"><span class=\" fusion-imageframe imageframe-none imageframe-3 hover-type-none\" style=\"margin-left:25px;float:right;\"><img decoding=\"async\" width=\"2340\" height=\"1180\" title=\"03_Marga-Acosta\" src=\"https:\/\/impulseducacio.org\/wp-content\/uploads\/2022\/07\/03_Marga-Acosta-1.jpg\" alt class=\"img-responsive wp-image-18466\" srcset=\"https:\/\/impulseducacio.org\/wp-content\/uploads\/2022\/07\/03_Marga-Acosta-1-200x101.jpg 200w, https:\/\/impulseducacio.org\/wp-content\/uploads\/2022\/07\/03_Marga-Acosta-1-400x202.jpg 400w, https:\/\/impulseducacio.org\/wp-content\/uploads\/2022\/07\/03_Marga-Acosta-1-600x303.jpg 600w, https:\/\/impulseducacio.org\/wp-content\/uploads\/2022\/07\/03_Marga-Acosta-1-800x403.jpg 800w, https:\/\/impulseducacio.org\/wp-content\/uploads\/2022\/07\/03_Marga-Acosta-1-1200x605.jpg 1200w, https:\/\/impulseducacio.org\/wp-content\/uploads\/2022\/07\/03_Marga-Acosta-1.jpg 2340w\" sizes=\"(max-width: 800px) 100vw, 800px\" \/><\/span><\/div><div class=\"fusion-clearfix\"><\/div><\/div><\/div><div class=\"fusion-layout-column fusion_builder_column_inner fusion-builder-nested-column-6 fusion_builder_column_inner_1_2 1_2 fusion-one-half fusion-column-last fusion-animated\" style=\"--awb-bg-size:cover;--awb-margin-bottom:0px;width:50%;width:calc(50% - ( ( 4% ) * 0.5 ) );\" data-animationType=\"fadeInLeft\" data-animationDuration=\"0.3\" data-animationOffset=\"top-into-view\"><div class=\"fusion-column-wrapper fusion-column-has-shadow fusion-flex-column-wrapper-legacy\"><div class=\"fusion-text fusion-text-9\"><h6>Si queremos crear una sociedad sostenible, m\u00e1s justa y m\u00e1s sana, los docentes debemos asumir que somos una pieza clave en la educaci\u00f3n emocional<\/h6>\n<\/div><div class=\"fusion-clearfix\"><\/div><\/div><\/div><\/div><div class=\"fusion-text fusion-text-10\"><p>Parar y reflexionar si estamos siguiendo nuestro propio camino o si, por el contrario, estamos anclados en una educaci\u00f3n convencional centrada en el desarrollo cognitivo y en la ense\u00f1anza de habilidades acad\u00e9micas que fomentan competitividad, nos permite reinventarnos, tomar conciencia y decidir si queremos ser parte del cambio. La sociedad actual necesita que nos enfoquemos en el bienestar emocional de las personas que ahora mismo est\u00e1n sentadas en nuestras aulas para potenciar futuros ciudadanos capaces de crear, de trabajar en equipo, de resolver conflictos de forma creativa, de adaptarse al mundo, de comunicarse y de creer en ellas mismas.<\/p>\n<p>Hacer esto es posible, b\u00e1sicamente solo depende de una decisi\u00f3n, depende de ti y del valor de arriesgarte a reinventarte, con pasi\u00f3n, determinaci\u00f3n y consistencia. Utilizar herramientas de educaci\u00f3n emocional en el presente prepara a los alumnos y alumnas para el futuro y les empodera para cambiar el mundo, para tomar las riendas de su vida.<\/p>\n<\/div><div class=\"fusion-builder-row fusion-builder-row-inner fusion-row\"><div class=\"fusion-layout-column fusion_builder_column_inner fusion-builder-nested-column-7 fusion_builder_column_inner_1_2 1_2 fusion-one-half fusion-column-first\" style=\"--awb-bg-size:cover;width:50%;width:calc(50% - ( ( 4% ) * 0.5 ) );margin-right: 4%;\"><div class=\"fusion-column-wrapper fusion-column-has-shadow fusion-flex-column-wrapper-legacy\"><div class=\"fusion-text fusion-text-11\"><h6 style=\"text-align: right;\">Utilizar herramientas de educaci\u00f3n emocional en el presente prepara a los alumnos y alumnas para el futuro<\/h6>\n<\/div><div class=\"fusion-clearfix\"><\/div><\/div><\/div><div class=\"fusion-layout-column fusion_builder_column_inner fusion-builder-nested-column-8 fusion_builder_column_inner_1_2 1_2 fusion-one-half fusion-column-last\" style=\"--awb-bg-size:cover;width:50%;width:calc(50% - ( ( 4% ) * 0.5 ) );\"><div class=\"fusion-column-wrapper fusion-column-has-shadow fusion-flex-column-wrapper-legacy\"><div class=\"fusion-image-element fusion-image-align-left in-legacy-container\" style=\"text-align:left;--awb-caption-title-font-family:var(--h2_typography-font-family);--awb-caption-title-font-weight:var(--h2_typography-font-weight);--awb-caption-title-font-style:var(--h2_typography-font-style);--awb-caption-title-size:var(--h2_typography-font-size);--awb-caption-title-transform:var(--h2_typography-text-transform);--awb-caption-title-line-height:var(--h2_typography-line-height);--awb-caption-title-letter-spacing:var(--h2_typography-letter-spacing);\"><span class=\" fusion-imageframe imageframe-none imageframe-4 hover-type-none\" style=\"margin-right:25px;float:left;\"><img decoding=\"async\" width=\"1800\" height=\"902\" title=\"04_Marga-Acosta\" src=\"https:\/\/impulseducacio.org\/wp-content\/uploads\/2022\/07\/04_Marga-Acosta-1.jpg\" alt class=\"img-responsive wp-image-18469\" srcset=\"https:\/\/impulseducacio.org\/wp-content\/uploads\/2022\/07\/04_Marga-Acosta-1-200x100.jpg 200w, https:\/\/impulseducacio.org\/wp-content\/uploads\/2022\/07\/04_Marga-Acosta-1-400x200.jpg 400w, https:\/\/impulseducacio.org\/wp-content\/uploads\/2022\/07\/04_Marga-Acosta-1-600x301.jpg 600w, https:\/\/impulseducacio.org\/wp-content\/uploads\/2022\/07\/04_Marga-Acosta-1-800x401.jpg 800w, https:\/\/impulseducacio.org\/wp-content\/uploads\/2022\/07\/04_Marga-Acosta-1-1200x601.jpg 1200w, https:\/\/impulseducacio.org\/wp-content\/uploads\/2022\/07\/04_Marga-Acosta-1.jpg 1800w\" sizes=\"(max-width: 800px) 100vw, 800px\" \/><\/span><\/div><div class=\"fusion-clearfix\"><\/div><\/div><\/div><\/div><div class=\"fusion-sep-clear\"><\/div><div class=\"fusion-separator fusion-full-width-sep\" style=\"margin-left: auto;margin-right: auto;margin-top:15px;margin-bottom:10px;width:100%;\"><div class=\"fusion-separator-border sep-single sep-solid\" style=\"--awb-height:20px;--awb-amount:20px;border-color:#f6f4f5;border-top-width:1px;\"><\/div><\/div><div class=\"fusion-sep-clear\"><\/div><div class=\"fusion-builder-row fusion-builder-row-inner fusion-row\"><div class=\"fusion-layout-column fusion_builder_column_inner fusion-builder-nested-column-9 fusion_builder_column_inner_1_2 1_2 fusion-one-half fusion-column-first\" style=\"--awb-bg-size:cover;width:50%;width:calc(50% - ( ( 4% ) * 0.5 ) );margin-right: 4%;\"><div class=\"fusion-column-wrapper fusion-column-has-shadow fusion-flex-column-wrapper-legacy\"><div class=\"fusion-image-element fusion-image-align-right in-legacy-container\" style=\"text-align:right;--awb-max-width:350px;--awb-caption-title-font-family:var(--h2_typography-font-family);--awb-caption-title-font-weight:var(--h2_typography-font-weight);--awb-caption-title-font-style:var(--h2_typography-font-style);--awb-caption-title-size:var(--h2_typography-font-size);--awb-caption-title-transform:var(--h2_typography-text-transform);--awb-caption-title-line-height:var(--h2_typography-line-height);--awb-caption-title-letter-spacing:var(--h2_typography-letter-spacing);\"><span class=\" fusion-imageframe imageframe-none imageframe-5 hover-type-none\" style=\"margin-left:25px;float:right;\"><img decoding=\"async\" width=\"1500\" height=\"2118\" title=\"Lo-que-aprend\u00ed-mientras-te-portabas-mal\" src=\"https:\/\/impulseducacio.org\/wp-content\/uploads\/2022\/06\/Lo-que-aprendi-mientras-te-portabas-mal.jpg\" alt class=\"img-responsive wp-image-17960\" srcset=\"https:\/\/impulseducacio.org\/wp-content\/uploads\/2022\/06\/Lo-que-aprendi-mientras-te-portabas-mal-200x282.jpg 200w, https:\/\/impulseducacio.org\/wp-content\/uploads\/2022\/06\/Lo-que-aprendi-mientras-te-portabas-mal-400x565.jpg 400w, https:\/\/impulseducacio.org\/wp-content\/uploads\/2022\/06\/Lo-que-aprendi-mientras-te-portabas-mal-600x847.jpg 600w, https:\/\/impulseducacio.org\/wp-content\/uploads\/2022\/06\/Lo-que-aprendi-mientras-te-portabas-mal-800x1130.jpg 800w, https:\/\/impulseducacio.org\/wp-content\/uploads\/2022\/06\/Lo-que-aprendi-mientras-te-portabas-mal-1200x1694.jpg 1200w, https:\/\/impulseducacio.org\/wp-content\/uploads\/2022\/06\/Lo-que-aprendi-mientras-te-portabas-mal.jpg 1500w\" sizes=\"(max-width: 800px) 100vw, 800px\" \/><\/span><\/div><div class=\"fusion-clearfix\"><\/div><\/div><\/div><div class=\"fusion-layout-column fusion_builder_column_inner fusion-builder-nested-column-10 fusion_builder_column_inner_1_2 1_2 fusion-one-half fusion-column-last\" style=\"--awb-bg-size:cover;width:50%;width:calc(50% - ( ( 4% ) * 0.5 ) );\"><div class=\"fusion-column-wrapper fusion-column-has-shadow fusion-flex-column-wrapper-legacy\"><div class=\"fusion-text fusion-text-12\"><div>\u00a0<\/div>\n<div><span lang=\"CA\"><strong>Margarita de las Nieves Acosta<\/strong> es madre, maestra, licenciada en pedagog\u00eda y psicopedagog\u00eda, tiene un m\u00e1ster en Educaci\u00f3n Especial y en Prevenci\u00f3n e Intervenci\u00f3n Psicol\u00f3gica en Problemas de Conducta en la Escuela, entrenadora en Disciplina Positiva, especialista universitaria en Mindfulness y formaci\u00f3n en cuentoterapia y autora del programa socioemocional &#8220;<a href=\"https:\/\/www.siempreatentos.es\/\"><span style=\"color: #33cccc;\">Siempre Atentos<\/span>&#8220;<\/a>.<\/span><\/div>\n<div>\u00a0<\/div>\n<div>\u201c<strong>Lo que aprend\u00ed mientras te portabas mal<\/strong>\u201d es un libro que te abre la puerta a reflexionar sobre las causas de los problemas de conducta y te ayuda a entender las barreras con las que se encuentran los alumnos que habitualmente consideramos disruptivos. La autora nos propone ponerle soluci\u00f3n desde una perspectiva inclusiva a partir de la Disciplina Positiva. La acci\u00f3n se prev\u00e9 que tenga lugar en el aula ordinaria, con un enfoque universal y personalizado a la vez, sin olvidar que una buena gesti\u00f3n de las emociones de los docentes es la mejor prevenci\u00f3n.<\/div>\n<\/div><div class=\"fusion-clearfix\"><\/div><\/div><\/div><\/div><div class=\"fusion-clearfix\"><\/div><\/div><\/div><\/div><\/div><div class=\"fusion-fullwidth fullwidth-box fusion-builder-row-4 nonhundred-percent-fullwidth non-hundred-percent-height-scrolling\" style=\"--awb-border-radius-top-left:0px;--awb-border-radius-top-right:0px;--awb-border-radius-bottom-right:0px;--awb-border-radius-bottom-left:0px;--awb-padding-top:0px;--awb-margin-top:0px;--awb-flex-wrap:wrap;\" ><div class=\"fusion-builder-row fusion-row\"><div class=\"fusion-layout-column fusion_builder_column fusion-builder-column-5 fusion_builder_column_3_4 3_4 fusion-three-fourth fusion-column-first\" style=\"--awb-bg-size:cover;--awb-margin-top:4px;width:75%;width:calc(75% - ( ( 4% ) * 0.75 ) );margin-right: 4%;\"><div class=\"fusion-column-wrapper fusion-column-has-shadow fusion-flex-column-wrapper-legacy\"><div class=\"fusion-text fusion-text-13\"><p>Relacionado con: <\/p>\n<\/div><div class=\"fusion-clearfix\"><\/div><\/div><\/div><div class=\"fusion-layout-column fusion_builder_column fusion-builder-column-6 fusion_builder_column_1_4 1_4 fusion-one-fourth fusion-column-last\" style=\"--awb-bg-size:cover;width:25%;width:calc(25% - ( ( 4% ) * 0.25 ) );\"><div class=\"fusion-column-wrapper fusion-column-has-shadow fusion-flex-column-wrapper-legacy\"><div class=\"fusion-clearfix\"><\/div><\/div><\/div><div class=\"fusion-layout-column fusion_builder_column fusion-builder-column-7 fusion_builder_column_1_1 1_1 fusion-one-full fusion-column-first fusion-column-last fusion-animated\" style=\"--awb-padding-right:969px;--awb-bg-blend:overlay;--awb-bg-size:cover;--awb-margin-top:11px;--awb-margin-bottom:70px;\" data-animationType=\"fadeInDown\" data-animationDuration=\"0.6\" data-animationOffset=\"top-into-view\"><div class=\"fusion-column-wrapper fusion-column-has-shadow fusion-flex-column-wrapper-legacy\"><div class=\"fusion-sharing-box fusion-sharing-box-2 boxed-icons has-taglines layout-floated layout-medium-floated layout-small-floated\" style=\"background-color:rgba(246,244,245,0);padding:0;--awb-layout:row;--awb-alignment-small:space-between;\" data-title=\"La educaci\u00f3n emocional nos permite estar \u201csiempre atentos\u201d a nosotros mismos y a los dem\u00e1s\" data-description=\"La educaci\u00f3n emocional nos permite estar \u201csiempre atentos\u201d a nosotros mismos y a los dem\u00e1s     Your Content Goes Here  \r\nUna oportunidad para ser, para sentir y para hacer Por Margarita de las Nieves Acosta Rubio   \r\nLa escuela es un espacio\" data-link=\"https:\/\/impulseducacio.org\/es\/la-educacion-emocional-nos-permite-estar-siempre-atentos-a-nosotros-mismos-y-a-los-demas\/\"><h4 class=\"tagline\" style=\"color:#48626f;\">Compartir<\/h4><div class=\"fusion-social-networks sharingbox-shortcode-icon-wrapper sharingbox-shortcode-icon-wrapper-2 boxed-icons\"><span><a href=\"https:\/\/www.facebook.com\/sharer.php?u=https%3A%2F%2Fimpulseducacio.org%2Fes%2Fla-educacion-emocional-nos-permite-estar-siempre-atentos-a-nosotros-mismos-y-a-los-demas%2F&amp;t=La%20educaci%C3%B3n%20emocional%20nos%20permite%20estar%20%E2%80%9Csiempre%20atentos%E2%80%9D%20a%20nosotros%20mismos%20y%20a%20los%20dem%C3%A1s\" target=\"_blank\" rel=\"noreferrer\" title=\"Facebook\" aria-label=\"Facebook\" data-placement=\"bottom\" data-toggle=\"tooltip\" data-title=\"Facebook\"><i class=\"fusion-social-network-icon fusion-tooltip fusion-facebook awb-icon-facebook\" style=\"color:#ffffff;background-color:#3b5998;border-color:#3b5998;border-radius:24px;\" aria-hidden=\"true\"><\/i><\/a><\/span><span><a href=\"https:\/\/x.com\/intent\/post?text=La%20educaci%C3%B3n%20emocional%20nos%20permite%20estar%20%E2%80%9Csiempre%20atentos%E2%80%9D%20a%20nosotros%20mismos%20y%20a%20los%20dem%C3%A1s&amp;url=https%3A%2F%2Fimpulseducacio.org%2Fes%2Fla-educacion-emocional-nos-permite-estar-siempre-atentos-a-nosotros-mismos-y-a-los-demas%2F\" target=\"_blank\" rel=\"noopener noreferrer\" title=\"X\" aria-label=\"X\" data-placement=\"bottom\" data-toggle=\"tooltip\" data-title=\"X\"><i class=\"fusion-social-network-icon fusion-tooltip fusion-twitter awb-icon-twitter\" style=\"color:#ffffff;background-color:#000000;border-color:#000000;border-radius:24px;\" aria-hidden=\"true\"><\/i><\/a><\/span><span><a href=\"https:\/\/www.linkedin.com\/shareArticle?mini=true&amp;url=https%3A%2F%2Fimpulseducacio.org%2Fes%2Fla-educacion-emocional-nos-permite-estar-siempre-atentos-a-nosotros-mismos-y-a-los-demas%2F&amp;title=La%20educaci%C3%B3n%20emocional%20nos%20permite%20estar%20%E2%80%9Csiempre%20atentos%E2%80%9D%20a%20nosotros%20mismos%20y%20a%20los%20dem%C3%A1s&amp;summary=La%20educaci%C3%B3n%20emocional%20nos%20permite%20estar%20%E2%80%9Csiempre%20atentos%E2%80%9D%20a%20nosotros%20mismos%20y%20a%20los%20dem%C3%A1s%20%20%20%20%20%20%20%20%20Your%20Content%20Goes%20Here%20%20%20%0D%0AUna%20oportunidad%20para%20ser%2C%20para%20sentir%20y%20para%20hacer%20Por%20Margarita%20de%20las%20Nieves%20Acosta%20Rubio%20%20%20%20%20%0D%0ALa%20escuela%20es%20un%20espacio\" target=\"_blank\" rel=\"noopener noreferrer\" title=\"LinkedIn\" aria-label=\"LinkedIn\" data-placement=\"bottom\" data-toggle=\"tooltip\" data-title=\"LinkedIn\"><i class=\"fusion-social-network-icon fusion-tooltip fusion-linkedin awb-icon-linkedin\" style=\"color:#ffffff;background-color:#0077b5;border-color:#0077b5;border-radius:24px;\" aria-hidden=\"true\"><\/i><\/a><\/span><span><a href=\"mailto:?subject=La%20educaci%C3%B3n%20emocional%20nos%20permite%20estar%20%E2%80%9Csiempre%20atentos%E2%80%9D%20a%20nosotros%20mismos%20y%20a%20los%20dem%C3%A1s&amp;body=https%3A%2F%2Fimpulseducacio.org%2Fes%2Fla-educacion-emocional-nos-permite-estar-siempre-atentos-a-nosotros-mismos-y-a-los-demas%2F\" target=\"_self\" title=\"Email\" aria-label=\"Email\" data-placement=\"bottom\" data-toggle=\"tooltip\" data-title=\"Email\"><i class=\"fusion-social-network-icon fusion-tooltip fusion-mail awb-icon-mail\" style=\"color:#ffffff;background-color:#000000;border-color:#000000;border-radius:24px;\" aria-hidden=\"true\"><\/i><\/a><\/span><\/div><\/div><div class=\"fusion-clearfix\"><\/div><\/div><\/div><\/div><\/div><div class=\"fusion-fullwidth fullwidth-box fusion-builder-row-5 nonhundred-percent-fullwidth non-hundred-percent-height-scrolling\" style=\"--awb-border-radius-top-left:0px;--awb-border-radius-top-right:0px;--awb-border-radius-bottom-right:0px;--awb-border-radius-bottom-left:0px;--awb-padding-top:0px;--awb-padding-bottom:0px;--awb-margin-top:0px;--awb-margin-bottom:0px;--awb-flex-wrap:wrap;\" ><div class=\"fusion-builder-row fusion-row\"><div class=\"fusion-layout-column fusion_builder_column fusion-builder-column-8 fusion_builder_column_3_4 3_4 fusion-three-fourth fusion-column-first\" style=\"--awb-bg-size:cover;width:75%;width:calc(75% - ( ( 4% ) * 0.75 ) );margin-right: 4%;\"><div class=\"fusion-column-wrapper fusion-column-has-shadow fusion-flex-column-wrapper-legacy\"><div class=\"fusion-text fusion-text-14\"><p style=\"font-size: 35px; line-height: 37.4px; font-family: 'Open Sans'; font-weight: 300;\" data-fusion-font=\"true\" data-fusion-google-font=\"Open Sans\" data-fusion-google-variant=\"300\" data-fusion-google-subset=\"latin\">Te puede interesar<\/p>\n<\/div><div class=\"fusion-clearfix\"><\/div><\/div><\/div><div class=\"fusion-layout-column fusion_builder_column fusion-builder-column-9 fusion_builder_column_1_4 1_4 fusion-one-fourth fusion-column-last\" style=\"--awb-padding-left:137px;--awb-bg-size:cover;--awb-margin-top:61px;width:25%;width:calc(25% - ( ( 4% ) * 0.25 ) );\"><div class=\"fusion-column-wrapper fusion-column-has-shadow fusion-flex-column-wrapper-legacy\"><div class=\"fusion-button-wrapper\"><a class=\"fusion-button button-flat button-large button-custom fusion-button-default button-1 fusion-button-default-span fusion-button-default-type\" style=\"--button_accent_color:#ffffff;--button_accent_hover_color:#ffffff;--button_border_hover_color:#ffffff;--button_gradient_top_color:#ffad00;--button_gradient_bottom_color:#ffad00;--button_gradient_top_color_hover:#48626f;--button_gradient_bottom_color_hover:#48626f;\" target=\"lightbox\" rel=\"iLightbox\" href=\"https:\/\/institucio.ipzmarketing.com\/f\/FGIXFJ9o1O8\"><i class=\"fa-envelope fas awb-button__icon awb-button__icon--default button-icon-left\" aria-hidden=\"true\"><\/i><span class=\"fusion-button-text awb-button__text awb-button__text--default\">Subscr\u00edbete<\/span><\/a><\/div><div class=\"fusion-clearfix\"><\/div><\/div><\/div><div class=\"fusion-layout-column fusion_builder_column fusion-builder-column-10 fusion_builder_column_1_1 1_1 fusion-one-full fusion-column-first fusion-column-last\" style=\"--awb-padding-top:21px;--awb-bg-blend:overlay;--awb-bg-size:cover;--awb-margin-top:0px;--awb-margin-bottom:0px;\"><div class=\"fusion-column-wrapper fusion-column-has-shadow fusion-flex-column-wrapper-legacy\"><div class=\"fusion-blog-shortcode fusion-blog-shortcode-1 fusion-blog-archive fusion-blog-layout-grid-wrapper fusion-blog-pagination\"><style type=\"text\/css\">.fusion-blog-shortcode-1 .fusion-blog-layout-grid .fusion-post-grid{padding:21px;}.fusion-blog-shortcode-1 .fusion-posts-container{margin-left: -21px !important; margin-right:-21px !important;}<\/style><div class=\"fusion-posts-container fusion-posts-container-pagination fusion-blog-rollover fusion-blog-layout-grid fusion-blog-layout-grid-3 isotope fusion-blog-equal-heights\" data-pages=\"11\" data-grid-col-space=\"42\" style=\"margin: -21px -21px 0;min-height:500px;\"><article id=\"blog-1-post-47077\" class=\"fusion-post-grid post-47077 post type-post status-publish format-standard has-post-thumbnail hentry category-personalizacion tag-entrevista-experto\">\n<div class=\"fusion-post-wrapper\" style=\"background-color:rgba(246,247,247,1);border:none;\">\n\n\t\t\t<div class=\"fusion-flexslider flexslider fusion-flexslider-loading fusion-post-slideshow\" style=\"border-color:rgba(255,255,255,0);\">\n\t\t<ul class=\"slides\">\n\t\t\t\n\t\t\t\t\t\t\t\t\t\t\t\t\t\t<li><div  class=\"fusion-image-wrapper\" aria-haspopup=\"true\">\n\t\t\t\t<img decoding=\"async\" width=\"2560\" height=\"1280\" src=\"https:\/\/impulseducacio.org\/wp-content\/uploads\/2025\/05\/1.-Portada-entrevista-Become_WEB-scaled.jpg\" class=\"attachment-full size-full wp-post-image\" alt=\"\" srcset=\"https:\/\/impulseducacio.org\/wp-content\/uploads\/2025\/05\/1.-Portada-entrevista-Become_WEB-200x100.jpg 200w, https:\/\/impulseducacio.org\/wp-content\/uploads\/2025\/05\/1.-Portada-entrevista-Become_WEB-400x200.jpg 400w, https:\/\/impulseducacio.org\/wp-content\/uploads\/2025\/05\/1.-Portada-entrevista-Become_WEB-600x300.jpg 600w, https:\/\/impulseducacio.org\/wp-content\/uploads\/2025\/05\/1.-Portada-entrevista-Become_WEB-800x400.jpg 800w, https:\/\/impulseducacio.org\/wp-content\/uploads\/2025\/05\/1.-Portada-entrevista-Become_WEB-1200x600.jpg 1200w, https:\/\/impulseducacio.org\/wp-content\/uploads\/2025\/05\/1.-Portada-entrevista-Become_WEB-scaled.jpg 2560w\" sizes=\"(min-width: 2200px) 100vw, (min-width: 784px) 399px, (min-width: 712px) 598px, (min-width: 640px) 712px, \" \/><div class=\"fusion-rollover\">\n\t<div class=\"fusion-rollover-content\">\n\n\t\t\t\t\t\t\t\t\t\t\t\t\t\t<a class=\"fusion-rollover-link\" href=\"https:\/\/impulseducacio.org\/es\/educacion-del-caracter-liderar-comunidades-que-ponen-a-la-persona-en-el-centro\/\">Educaci\u00f3n del car\u00e1cter: liderar comunidades que ponen a la persona en el centro<\/a>\n\t\t\t\n\t\t\t\t\t\t\t\t\t\t\t\t\t\t\n\t\t\t\t\t\t\t\t\n\t\t\t\t\t\t\t\t\t\t\t\t\t<div class=\"fusion-rollover-sep\"><\/div>\n\t\t\t\t\n\t\t\t\t\t\t\t\t\t\t\t\t\t\t\t\t\t\t<a class=\"fusion-rollover-gallery\" href=\"https:\/\/impulseducacio.org\/wp-content\/uploads\/2025\/05\/1.-Portada-entrevista-Become_WEB-scaled.jpg\" data-options=\"\" data-id=\"47077\" data-rel=\"iLightbox[gallery]\" data-title=\"1.-Portada-entrevista-Become_WEB\" data-caption=\"\">\n\t\t\t\t\t\tGallery\t\t\t\t\t<\/a>\n\t\t\t\t\t\t\t\t\t\t\t\t\t\t\n\t\t\n\t\t\t\t\t\t\t\t\n\t\t\t\t\t\t\t\t\n\t\t\n\t\t\t\t\t\t<a class=\"fusion-link-wrapper\" href=\"https:\/\/impulseducacio.org\/es\/educacion-del-caracter-liderar-comunidades-que-ponen-a-la-persona-en-el-centro\/\" aria-label=\"Educaci\u00f3n del car\u00e1cter: liderar comunidades que ponen a la persona en el centro\"><\/a>\n\t<\/div>\n<\/div>\n<\/div>\n<\/li>\n\t\t\t\n\t\t\t\n\t\t\t\t\t\t\t\t\t\t\t\t\t\t\t\t\t\t\t\t\t\t\t\t\t\t\t\t\t\t\t\t\t\t\t\t\t\t\t\t\t\t\t\t\t\t\t\t\t\t\t\t\t\t\t\t\t\t\t\t\t\t\t\t\t\t\t\t<\/ul>\n\t<\/div>\n\t<div class=\"fusion-post-content-wrapper\" style=\"padding:30px 8% 25px 8%;\"><div class=\"fusion-post-content post-content\"><h2 class=\"blog-shortcode-post-title entry-title\"><a href=\"https:\/\/impulseducacio.org\/es\/educacion-del-caracter-liderar-comunidades-que-ponen-a-la-persona-en-el-centro\/\">Educaci\u00f3n del car\u00e1cter: liderar comunidades que ponen a la persona en el centro<\/a><\/h2><p class=\"fusion-single-line-meta\"><span class=\"vcard\" style=\"display: none;\"><span class=\"fn\"><a href=\"https:\/\/impulseducacio.org\/es\/author\/ana-moreno\/\" title=\"Posts by Impuls Educaci\u00f3\" rel=\"author\">Impuls Educaci\u00f3<\/a><\/span><\/span><span class=\"updated\" style=\"display:none;\">2025-05-30T08:04:35+00:00<\/span><span>May 30th, 2025<\/span><span class=\"fusion-inline-sep\">|<\/span><\/p><\/div><\/div><div class=\"fusion-clearfix\"><\/div><\/div>\n<\/article>\n<article id=\"blog-1-post-45404\" class=\"fusion-post-grid post-45404 post type-post status-publish format-gallery has-post-thumbnail hentry category-personalizacion tag-entrevista-experto post_format-post-format-gallery\">\n<div class=\"fusion-post-wrapper\" style=\"background-color:rgba(246,247,247,1);border:none;\">\n\n\t\t\t<div class=\"fusion-flexslider flexslider fusion-flexslider-loading fusion-post-slideshow\" style=\"border-color:rgba(255,255,255,0);\">\n\t\t<ul class=\"slides\">\n\t\t\t\n\t\t\t\t\t\t\t\t\t\t\t\t\t\t<li><div  class=\"fusion-image-wrapper\" aria-haspopup=\"true\">\n\t\t\t\t<img decoding=\"async\" width=\"2560\" height=\"1280\" src=\"https:\/\/impulseducacio.org\/wp-content\/uploads\/2025\/01\/00_Portada-entrevista-F-Torralba_WEB-1-scaled.jpg\" class=\"attachment-full size-full wp-post-image\" alt=\"\" srcset=\"https:\/\/impulseducacio.org\/wp-content\/uploads\/2025\/01\/00_Portada-entrevista-F-Torralba_WEB-1-200x100.jpg 200w, https:\/\/impulseducacio.org\/wp-content\/uploads\/2025\/01\/00_Portada-entrevista-F-Torralba_WEB-1-400x200.jpg 400w, https:\/\/impulseducacio.org\/wp-content\/uploads\/2025\/01\/00_Portada-entrevista-F-Torralba_WEB-1-600x300.jpg 600w, https:\/\/impulseducacio.org\/wp-content\/uploads\/2025\/01\/00_Portada-entrevista-F-Torralba_WEB-1-800x400.jpg 800w, https:\/\/impulseducacio.org\/wp-content\/uploads\/2025\/01\/00_Portada-entrevista-F-Torralba_WEB-1-1200x600.jpg 1200w, https:\/\/impulseducacio.org\/wp-content\/uploads\/2025\/01\/00_Portada-entrevista-F-Torralba_WEB-1-scaled.jpg 2560w\" sizes=\"(min-width: 2200px) 100vw, (min-width: 784px) 399px, (min-width: 712px) 598px, (min-width: 640px) 712px, \" \/><div class=\"fusion-rollover\">\n\t<div class=\"fusion-rollover-content\">\n\n\t\t\t\t\t\t\t\t\t\t\t\t\t\t<a class=\"fusion-rollover-link\" href=\"https:\/\/impulseducacio.org\/es\/educar-es-desarrollar-todo-el-potencial-humano\/\">Educar es desarrollar todo el potencial humano<\/a>\n\t\t\t\n\t\t\t\t\t\t\t\t\t\t\t\t\t\t\n\t\t\t\t\t\t\t\t\n\t\t\t\t\t\t\t\t\t\t\t\t\t<div class=\"fusion-rollover-sep\"><\/div>\n\t\t\t\t\n\t\t\t\t\t\t\t\t\t\t\t\t\t\t\t\t\t\t<a class=\"fusion-rollover-gallery\" href=\"https:\/\/impulseducacio.org\/wp-content\/uploads\/2025\/01\/00_Portada-entrevista-F-Torralba_WEB-1-scaled.jpg\" data-options=\"\" data-id=\"45404\" data-rel=\"iLightbox[gallery]\" data-title=\"00_Portada-entrevista-F-Torralba_WEB\" data-caption=\"\">\n\t\t\t\t\t\tGallery\t\t\t\t\t<\/a>\n\t\t\t\t\t\t\t\t\t\t\t\t\t\t\n\t\t\n\t\t\t\t\t\t\t\t\n\t\t\t\t\t\t\t\t\n\t\t\n\t\t\t\t\t\t<a class=\"fusion-link-wrapper\" href=\"https:\/\/impulseducacio.org\/es\/educar-es-desarrollar-todo-el-potencial-humano\/\" aria-label=\"Educar es desarrollar todo el potencial humano\"><\/a>\n\t<\/div>\n<\/div>\n<\/div>\n<\/li>\n\t\t\t\n\t\t\t\n\t\t\t\t\t\t\t\t\t\t\t\t\t\t\t\t\t\t\t\t\t\t\t\t\t\t\t\t\t\t\t\t\t\t\t\t\t\t\t\t\t\t\t\t\t\t\t\t\t\t\t\t\t\t\t\t\t\t\t\t\t\t\t\t\t\t\t\t<\/ul>\n\t<\/div>\n\t<div class=\"fusion-post-content-wrapper\" style=\"padding:30px 8% 25px 8%;\"><div class=\"fusion-post-content post-content\"><h2 class=\"blog-shortcode-post-title entry-title\"><a href=\"https:\/\/impulseducacio.org\/es\/educar-es-desarrollar-todo-el-potencial-humano\/\">Educar es desarrollar todo el potencial humano<\/a><\/h2><p class=\"fusion-single-line-meta\"><span class=\"vcard\" style=\"display: none;\"><span class=\"fn\"><a href=\"https:\/\/impulseducacio.org\/es\/author\/ana-moreno\/\" title=\"Posts by Impuls Educaci\u00f3\" rel=\"author\">Impuls Educaci\u00f3<\/a><\/span><\/span><span class=\"updated\" style=\"display:none;\">2025-06-02T07:19:44+00:00<\/span><span>May 22nd, 2025<\/span><span class=\"fusion-inline-sep\">|<\/span><\/p><\/div><\/div><div class=\"fusion-clearfix\"><\/div><\/div>\n<\/article>\n<article id=\"blog-1-post-46744\" class=\"fusion-post-grid post-46744 post type-post status-publish format-standard has-post-thumbnail hentry category-personalizacion tag-entrevista-experto\">\n<div class=\"fusion-post-wrapper\" style=\"background-color:rgba(246,247,247,1);border:none;\">\n\n\t\t\t<div class=\"fusion-flexslider flexslider fusion-flexslider-loading fusion-post-slideshow\" style=\"border-color:rgba(255,255,255,0);\">\n\t\t<ul class=\"slides\">\n\t\t\t\n\t\t\t\t\t\t\t\t\t\t\t\t\t\t<li><div  class=\"fusion-image-wrapper\" aria-haspopup=\"true\">\n\t\t\t\t<img decoding=\"async\" width=\"2560\" height=\"1280\" src=\"https:\/\/impulseducacio.org\/wp-content\/uploads\/2025\/04\/1.-Portada-entrevista-Marvin-Berkowitz_WEB-scaled.jpg\" class=\"attachment-full size-full wp-post-image\" alt=\"\" srcset=\"https:\/\/impulseducacio.org\/wp-content\/uploads\/2025\/04\/1.-Portada-entrevista-Marvin-Berkowitz_WEB-200x100.jpg 200w, https:\/\/impulseducacio.org\/wp-content\/uploads\/2025\/04\/1.-Portada-entrevista-Marvin-Berkowitz_WEB-400x200.jpg 400w, https:\/\/impulseducacio.org\/wp-content\/uploads\/2025\/04\/1.-Portada-entrevista-Marvin-Berkowitz_WEB-600x300.jpg 600w, https:\/\/impulseducacio.org\/wp-content\/uploads\/2025\/04\/1.-Portada-entrevista-Marvin-Berkowitz_WEB-800x400.jpg 800w, https:\/\/impulseducacio.org\/wp-content\/uploads\/2025\/04\/1.-Portada-entrevista-Marvin-Berkowitz_WEB-1200x600.jpg 1200w, https:\/\/impulseducacio.org\/wp-content\/uploads\/2025\/04\/1.-Portada-entrevista-Marvin-Berkowitz_WEB-scaled.jpg 2560w\" sizes=\"(min-width: 2200px) 100vw, (min-width: 784px) 399px, (min-width: 712px) 598px, (min-width: 640px) 712px, \" \/><div class=\"fusion-rollover\">\n\t<div class=\"fusion-rollover-content\">\n\n\t\t\t\t\t\t\t\t\t\t\t\t\t\t<a class=\"fusion-rollover-link\" href=\"https:\/\/impulseducacio.org\/es\/primed-un-modelo-para-transformar-la-educacion-del-caracter\/\">PRIMED: un modelo para transformar la educaci\u00f3n del car\u00e1cter<\/a>\n\t\t\t\n\t\t\t\t\t\t\t\t\t\t\t\t\t\t\n\t\t\t\t\t\t\t\t\n\t\t\t\t\t\t\t\t\t\t\t\t\t<div class=\"fusion-rollover-sep\"><\/div>\n\t\t\t\t\n\t\t\t\t\t\t\t\t\t\t\t\t\t\t\t\t\t\t<a class=\"fusion-rollover-gallery\" href=\"https:\/\/impulseducacio.org\/wp-content\/uploads\/2025\/04\/1.-Portada-entrevista-Marvin-Berkowitz_WEB-scaled.jpg\" data-options=\"\" data-id=\"46744\" data-rel=\"iLightbox[gallery]\" data-title=\"1.-Portada-entrevista-Marvin-Berkowitz_WEB\" data-caption=\"\">\n\t\t\t\t\t\tGallery\t\t\t\t\t<\/a>\n\t\t\t\t\t\t\t\t\t\t\t\t\t\t\n\t\t\n\t\t\t\t\t\t\t\t\n\t\t\t\t\t\t\t\t\n\t\t\n\t\t\t\t\t\t<a class=\"fusion-link-wrapper\" href=\"https:\/\/impulseducacio.org\/es\/primed-un-modelo-para-transformar-la-educacion-del-caracter\/\" aria-label=\"PRIMED: un modelo para transformar la educaci\u00f3n del car\u00e1cter\"><\/a>\n\t<\/div>\n<\/div>\n<\/div>\n<\/li>\n\t\t\t\n\t\t\t\n\t\t\t\t\t\t\t\t\t\t\t\t\t\t\t\t\t\t\t\t\t\t\t\t\t\t\t\t\t\t\t\t\t\t\t\t\t\t\t\t\t\t\t\t\t\t\t\t\t\t\t\t\t\t\t\t\t\t\t\t\t\t\t\t\t\t\t\t<\/ul>\n\t<\/div>\n\t<div class=\"fusion-post-content-wrapper\" style=\"padding:30px 8% 25px 8%;\"><div class=\"fusion-post-content post-content\"><h2 class=\"blog-shortcode-post-title entry-title\"><a href=\"https:\/\/impulseducacio.org\/es\/primed-un-modelo-para-transformar-la-educacion-del-caracter\/\">PRIMED: un modelo para transformar la educaci\u00f3n del car\u00e1cter<\/a><\/h2><p class=\"fusion-single-line-meta\"><span class=\"vcard\" style=\"display: none;\"><span class=\"fn\"><a href=\"https:\/\/impulseducacio.org\/es\/author\/ana-moreno\/\" title=\"Posts by Impuls Educaci\u00f3\" rel=\"author\">Impuls Educaci\u00f3<\/a><\/span><\/span><span class=\"updated\" style=\"display:none;\">2025-04-23T08:10:20+00:00<\/span><span>April 7th, 2025<\/span><span class=\"fusion-inline-sep\">|<\/span><\/p><\/div><\/div><div class=\"fusion-clearfix\"><\/div><\/div>\n<\/article>\n<article id=\"blog-1-post-46688\" class=\"fusion-post-grid post-46688 post type-post status-publish format-standard has-post-thumbnail hentry category-personalizacion category-sin-categorizar tag-entrevista-experto\">\n<div class=\"fusion-post-wrapper\" style=\"background-color:rgba(246,247,247,1);border:none;\">\n\n\t\t\t<div class=\"fusion-flexslider flexslider fusion-flexslider-loading fusion-post-slideshow\" style=\"border-color:rgba(255,255,255,0);\">\n\t\t<ul class=\"slides\">\n\t\t\t\n\t\t\t\t\t\t\t\t\t\t\t\t\t\t<li><div  class=\"fusion-image-wrapper\" aria-haspopup=\"true\">\n\t\t\t\t<img decoding=\"async\" width=\"2560\" height=\"1281\" src=\"https:\/\/impulseducacio.org\/wp-content\/uploads\/2025\/04\/0.-Portada-entrevista-Pepe-Menendez_WEB-scaled.jpg\" class=\"attachment-full size-full wp-post-image\" alt=\"\" srcset=\"https:\/\/impulseducacio.org\/wp-content\/uploads\/2025\/04\/0.-Portada-entrevista-Pepe-Menendez_WEB-200x100.jpg 200w, https:\/\/impulseducacio.org\/wp-content\/uploads\/2025\/04\/0.-Portada-entrevista-Pepe-Menendez_WEB-400x200.jpg 400w, https:\/\/impulseducacio.org\/wp-content\/uploads\/2025\/04\/0.-Portada-entrevista-Pepe-Menendez_WEB-600x300.jpg 600w, https:\/\/impulseducacio.org\/wp-content\/uploads\/2025\/04\/0.-Portada-entrevista-Pepe-Menendez_WEB-800x400.jpg 800w, https:\/\/impulseducacio.org\/wp-content\/uploads\/2025\/04\/0.-Portada-entrevista-Pepe-Menendez_WEB-1200x600.jpg 1200w, https:\/\/impulseducacio.org\/wp-content\/uploads\/2025\/04\/0.-Portada-entrevista-Pepe-Menendez_WEB-scaled.jpg 2560w\" sizes=\"(min-width: 2200px) 100vw, (min-width: 784px) 399px, (min-width: 712px) 598px, (min-width: 640px) 712px, \" \/><div class=\"fusion-rollover\">\n\t<div class=\"fusion-rollover-content\">\n\n\t\t\t\t\t\t\t\t\t\t\t\t\t\t<a class=\"fusion-rollover-link\" href=\"https:\/\/impulseducacio.org\/es\/la-escuela-ante-los-desafios-del-siglo-xxi\/\">La escuela ante los desaf\u00edos del siglo XXI<\/a>\n\t\t\t\n\t\t\t\t\t\t\t\t\t\t\t\t\t\t\n\t\t\t\t\t\t\t\t\n\t\t\t\t\t\t\t\t\t\t\t\t\t<div class=\"fusion-rollover-sep\"><\/div>\n\t\t\t\t\n\t\t\t\t\t\t\t\t\t\t\t\t\t\t\t\t\t\t<a class=\"fusion-rollover-gallery\" href=\"https:\/\/impulseducacio.org\/wp-content\/uploads\/2025\/04\/0.-Portada-entrevista-Pepe-Menendez_WEB-scaled.jpg\" data-options=\"\" data-id=\"46688\" data-rel=\"iLightbox[gallery]\" data-title=\"0.-Portada-entrevista-Pepe-Men\u00e9ndez_WEB\" data-caption=\"\">\n\t\t\t\t\t\tGallery\t\t\t\t\t<\/a>\n\t\t\t\t\t\t\t\t\t\t\t\t\t\t\n\t\t\n\t\t\t\t\t\t\t\t\n\t\t\t\t\t\t\t\t\n\t\t\n\t\t\t\t\t\t<a class=\"fusion-link-wrapper\" href=\"https:\/\/impulseducacio.org\/es\/la-escuela-ante-los-desafios-del-siglo-xxi\/\" aria-label=\"La escuela ante los desaf\u00edos del siglo XXI\"><\/a>\n\t<\/div>\n<\/div>\n<\/div>\n<\/li>\n\t\t\t\n\t\t\t\n\t\t\t\t\t\t\t\t\t\t\t\t\t\t\t\t\t\t\t\t\t\t\t\t\t\t\t\t\t\t\t\t\t\t\t\t\t\t\t\t\t\t\t\t\t\t\t\t\t\t\t\t\t\t\t\t\t\t\t\t\t\t\t\t\t\t\t\t<\/ul>\n\t<\/div>\n\t<div class=\"fusion-post-content-wrapper\" style=\"padding:30px 8% 25px 8%;\"><div class=\"fusion-post-content post-content\"><h2 class=\"blog-shortcode-post-title entry-title\"><a href=\"https:\/\/impulseducacio.org\/es\/la-escuela-ante-los-desafios-del-siglo-xxi\/\">La escuela ante los desaf\u00edos del siglo XXI<\/a><\/h2><p class=\"fusion-single-line-meta\"><span class=\"vcard\" style=\"display: none;\"><span class=\"fn\"><a href=\"https:\/\/impulseducacio.org\/es\/author\/ana-moreno\/\" title=\"Posts by Impuls Educaci\u00f3\" rel=\"author\">Impuls Educaci\u00f3<\/a><\/span><\/span><span class=\"updated\" style=\"display:none;\">2025-04-07T14:01:30+00:00<\/span><span>April 2nd, 2025<\/span><span class=\"fusion-inline-sep\">|<\/span><\/p><\/div><\/div><div class=\"fusion-clearfix\"><\/div><\/div>\n<\/article>\n<article id=\"blog-1-post-46639\" class=\"fusion-post-grid post-46639 post type-post status-publish format-gallery has-post-thumbnail hentry category-personalizacion tag-resena post_format-post-format-gallery\">\n<div class=\"fusion-post-wrapper\" style=\"background-color:rgba(246,247,247,1);border:none;\">\n\n\t\t\t<div class=\"fusion-flexslider flexslider fusion-flexslider-loading fusion-post-slideshow\" style=\"border-color:rgba(255,255,255,0);\">\n\t\t<ul class=\"slides\">\n\t\t\t\n\t\t\t\t\t\t\t\t\t\t\t\t\t\t<li><div  class=\"fusion-image-wrapper\" aria-haspopup=\"true\">\n\t\t\t\t<img decoding=\"async\" width=\"2030\" height=\"1016\" src=\"https:\/\/impulseducacio.org\/wp-content\/uploads\/2025\/03\/1.-Portada_Educar-para-la-vida_WEB.jpg\" class=\"attachment-full size-full wp-post-image\" alt=\"\" srcset=\"https:\/\/impulseducacio.org\/wp-content\/uploads\/2025\/03\/1.-Portada_Educar-para-la-vida_WEB-200x100.jpg 200w, https:\/\/impulseducacio.org\/wp-content\/uploads\/2025\/03\/1.-Portada_Educar-para-la-vida_WEB-400x200.jpg 400w, https:\/\/impulseducacio.org\/wp-content\/uploads\/2025\/03\/1.-Portada_Educar-para-la-vida_WEB-600x300.jpg 600w, https:\/\/impulseducacio.org\/wp-content\/uploads\/2025\/03\/1.-Portada_Educar-para-la-vida_WEB-800x400.jpg 800w, https:\/\/impulseducacio.org\/wp-content\/uploads\/2025\/03\/1.-Portada_Educar-para-la-vida_WEB-1200x601.jpg 1200w, https:\/\/impulseducacio.org\/wp-content\/uploads\/2025\/03\/1.-Portada_Educar-para-la-vida_WEB.jpg 2030w\" sizes=\"(min-width: 2200px) 100vw, (min-width: 784px) 399px, (min-width: 712px) 598px, (min-width: 640px) 712px, \" \/><div class=\"fusion-rollover\">\n\t<div class=\"fusion-rollover-content\">\n\n\t\t\t\t\t\t\t\t\t\t\t\t\t\t<a class=\"fusion-rollover-link\" href=\"https:\/\/impulseducacio.org\/es\/educar-para-la-vida\/\">Educar para la vida: Innovaci\u00f3n educativa y liderazgo humanizador<\/a>\n\t\t\t\n\t\t\t\t\t\t\t\t\t\t\t\t\t\t\n\t\t\t\t\t\t\t\t\n\t\t\t\t\t\t\t\t\t\t\t\t\t<div class=\"fusion-rollover-sep\"><\/div>\n\t\t\t\t\n\t\t\t\t\t\t\t\t\t\t\t\t\t\t\t\t\t\t<a class=\"fusion-rollover-gallery\" href=\"https:\/\/impulseducacio.org\/wp-content\/uploads\/2025\/03\/1.-Portada_Educar-para-la-vida_WEB.jpg\" data-options=\"\" data-id=\"46639\" data-rel=\"iLightbox[gallery]\" data-title=\"1.-Portada_Educar-para-la-vida_WEB\" data-caption=\"\">\n\t\t\t\t\t\tGallery\t\t\t\t\t<\/a>\n\t\t\t\t\t\t\t\t\t\t\t\t\t\t\n\t\t\n\t\t\t\t\t\t\t\t\n\t\t\t\t\t\t\t\t\n\t\t\n\t\t\t\t\t\t<a class=\"fusion-link-wrapper\" href=\"https:\/\/impulseducacio.org\/es\/educar-para-la-vida\/\" aria-label=\"Educar para la vida: Innovaci\u00f3n educativa y liderazgo humanizador\"><\/a>\n\t<\/div>\n<\/div>\n<\/div>\n<\/li>\n\t\t\t\n\t\t\t\n\t\t\t\t\t\t\t\t\t\t\t\t\t\t\t\t\t\t\t\t\t\t\t\t\t\t\t\t\t\t\t\t\t\t\t\t\t\t\t\t\t\t\t\t\t\t\t\t\t\t\t\t\t\t\t\t\t\t\t\t\t\t\t\t\t\t\t\t<\/ul>\n\t<\/div>\n\t<div class=\"fusion-post-content-wrapper\" style=\"padding:30px 8% 25px 8%;\"><div class=\"fusion-post-content post-content\"><h2 class=\"blog-shortcode-post-title entry-title\"><a href=\"https:\/\/impulseducacio.org\/es\/educar-para-la-vida\/\">Educar para la vida: Innovaci\u00f3n educativa y liderazgo humanizador<\/a><\/h2><p class=\"fusion-single-line-meta\"><span class=\"vcard\" style=\"display: none;\"><span class=\"fn\"><a href=\"https:\/\/impulseducacio.org\/es\/author\/ana-moreno\/\" title=\"Posts by Impuls Educaci\u00f3\" rel=\"author\">Impuls Educaci\u00f3<\/a><\/span><\/span><span class=\"updated\" style=\"display:none;\">2025-03-25T13:50:34+00:00<\/span><span>March 25th, 2025<\/span><span class=\"fusion-inline-sep\">|<\/span><\/p><\/div><\/div><div class=\"fusion-clearfix\"><\/div><\/div>\n<\/article>\n<article id=\"blog-1-post-5930\" class=\"fusion-post-grid post-5930 post type-post status-publish format-standard has-post-thumbnail hentry category-personalizacion tag-articulo-es\">\n<div class=\"fusion-post-wrapper\" style=\"background-color:rgba(246,247,247,1);border:none;\">\n\n\t\t\t<div class=\"fusion-flexslider flexslider fusion-flexslider-loading fusion-post-slideshow\" style=\"border-color:rgba(255,255,255,0);\">\n\t\t<ul class=\"slides\">\n\t\t\t\n\t\t\t\t\t\t\t\t\t\t\t\t\t\t<li><div  class=\"fusion-image-wrapper\" aria-haspopup=\"true\">\n\t\t\t\t<img decoding=\"async\" width=\"2560\" height=\"1281\" src=\"https:\/\/impulseducacio.org\/wp-content\/uploads\/2020\/06\/Portada-post-Dream-schools-scaled.jpg\" class=\"attachment-full size-full wp-post-image\" alt=\"\" srcset=\"https:\/\/impulseducacio.org\/wp-content\/uploads\/2020\/06\/Portada-post-Dream-schools-200x100.jpg 200w, https:\/\/impulseducacio.org\/wp-content\/uploads\/2020\/06\/Portada-post-Dream-schools-400x200.jpg 400w, https:\/\/impulseducacio.org\/wp-content\/uploads\/2020\/06\/Portada-post-Dream-schools-600x300.jpg 600w, https:\/\/impulseducacio.org\/wp-content\/uploads\/2020\/06\/Portada-post-Dream-schools-800x400.jpg 800w, https:\/\/impulseducacio.org\/wp-content\/uploads\/2020\/06\/Portada-post-Dream-schools-1200x600.jpg 1200w, https:\/\/impulseducacio.org\/wp-content\/uploads\/2020\/06\/Portada-post-Dream-schools-scaled.jpg 2560w\" sizes=\"(min-width: 2200px) 100vw, (min-width: 784px) 399px, (min-width: 712px) 598px, (min-width: 640px) 712px, \" \/><div class=\"fusion-rollover\">\n\t<div class=\"fusion-rollover-content\">\n\n\t\t\t\t\t\t\t\t\t\t\t\t\t\t<a class=\"fusion-rollover-link\" href=\"https:\/\/impulseducacio.org\/es\/dream-schools-un-modelo-pedagogico-personalizado-y-sostenible\/\">Dream schools, un modelo pedag\u00f3gico personalizado y sostenible<\/a>\n\t\t\t\n\t\t\t\t\t\t\t\t\t\t\t\t\t\t\n\t\t\t\t\t\t\t\t\n\t\t\t\t\t\t\t\t\t\t\t\t\t<div class=\"fusion-rollover-sep\"><\/div>\n\t\t\t\t\n\t\t\t\t\t\t\t\t\t\t\t\t\t\t\t\t\t\t<a class=\"fusion-rollover-gallery\" href=\"https:\/\/impulseducacio.org\/wp-content\/uploads\/2020\/06\/Portada-post-Dream-schools-scaled.jpg\" data-options=\"\" data-id=\"5930\" data-rel=\"iLightbox[gallery]\" data-title=\"Portada-post-Dream-schools\" data-caption=\"\">\n\t\t\t\t\t\tGallery\t\t\t\t\t<\/a>\n\t\t\t\t\t\t\t\t\t\t\t\t\t\t\n\t\t\n\t\t\t\t\t\t\t\t\n\t\t\t\t\t\t\t\t\n\t\t\n\t\t\t\t\t\t<a class=\"fusion-link-wrapper\" href=\"https:\/\/impulseducacio.org\/es\/dream-schools-un-modelo-pedagogico-personalizado-y-sostenible\/\" aria-label=\"Dream schools, un modelo pedag\u00f3gico personalizado y sostenible\"><\/a>\n\t<\/div>\n<\/div>\n<\/div>\n<\/li>\n\t\t\t\n\t\t\t\n\t\t\t\t\t\t\t\t\t\t\t\t\t\t\t\t\t\t\t\t\t\t\t\t\t\t\t\t\t\t\t\t\t\t\t\t\t\t\t\t\t\t\t\t\t\t\t\t\t\t\t\t\t\t\t\t\t\t\t\t\t\t\t\t\t\t\t\t<\/ul>\n\t<\/div>\n\t<div class=\"fusion-post-content-wrapper\" style=\"padding:30px 8% 25px 8%;\"><div class=\"fusion-post-content post-content\"><h2 class=\"blog-shortcode-post-title entry-title\"><a href=\"https:\/\/impulseducacio.org\/es\/dream-schools-un-modelo-pedagogico-personalizado-y-sostenible\/\">Dream schools, un modelo pedag\u00f3gico personalizado y sostenible<\/a><\/h2><p class=\"fusion-single-line-meta\"><span class=\"vcard\" style=\"display: none;\"><span class=\"fn\"><a href=\"https:\/\/impulseducacio.org\/es\/author\/impulseducacio\/\" title=\"Posts by Impuls Educaci\u00f3\" rel=\"author\">Impuls Educaci\u00f3<\/a><\/span><\/span><span class=\"updated\" style=\"display:none;\">2024-12-05T16:47:42+00:00<\/span><span>December 3rd, 2024<\/span><span class=\"fusion-inline-sep\">|<\/span><\/p><\/div><\/div><div class=\"fusion-clearfix\"><\/div><\/div>\n<\/article>\n<div class=\"fusion-clearfix\"><\/div><\/div><div class=\"pagination clearfix\"><span class=\"current\">1<\/span><a href=\"https:\/\/impulseducacio.org\/es\/wp-json\/wp\/v2\/posts\/18431\/page\/2\/\" class=\"inactive\">2<\/a><a class=\"pagination-next\" rel=\"next\" href=\"https:\/\/impulseducacio.org\/es\/wp-json\/wp\/v2\/posts\/18431\/page\/2\/\"><span class=\"page-text\">Next<\/span><span class=\"page-next\"><\/span><\/a><\/div><div class=\"fusion-clearfix\"><\/div><\/div><div class=\"fusion-clearfix\"><\/div><\/div><\/div><\/div><\/div><\/p>\n","protected":false},"excerpt":{"rendered":"","protected":false},"author":2,"featured_media":18446,"comment_status":"open","ping_status":"open","sticky":false,"template":"","format":"standard","meta":{"_acf_changed":false,"footnotes":""},"categories":[43],"tags":[34,47,233,234,49],"class_list":["post-18431","post","type-post","status-publish","format-standard","has-post-thumbnail","hentry","category-personalizacion","tag-article","tag-articulo","tag-educacion-emocional","tag-educacion-positiva","tag-inclusion"],"acf":[],"yoast_head":"<!-- This site is optimized with the Yoast SEO plugin v27.4 - https:\/\/yoast.com\/product\/yoast-seo-wordpress\/ -->\n<title>La educaci\u00f3n emocional nos permite estar \u201csiempre atentos\u201d a nosotros mismos y a los dem\u00e1s | Actualitat Educativa<\/title>\n<meta name=\"robots\" content=\"index, follow, max-snippet:-1, max-image-preview:large, max-video-preview:-1\" \/>\n<link rel=\"canonical\" href=\"https:\/\/impulseducacio.org\/es\/la-educacion-emocional-nos-permite-estar-siempre-atentos-a-nosotros-mismos-y-a-los-demas\/\" \/>\n<meta property=\"og:locale\" content=\"es_ES\" \/>\n<meta property=\"og:type\" content=\"article\" \/>\n<meta property=\"og:title\" content=\"La educaci\u00f3n emocional nos permite estar \u201csiempre atentos\u201d a nosotros mismos y a los dem\u00e1s | Actualitat Educativa\" \/>\n<meta property=\"og:url\" content=\"https:\/\/impulseducacio.org\/es\/la-educacion-emocional-nos-permite-estar-siempre-atentos-a-nosotros-mismos-y-a-los-demas\/\" \/>\n<meta property=\"og:site_name\" content=\"IMPULS EDUCACI\u00d3\" \/>\n<meta property=\"article:publisher\" content=\"https:\/\/www.facebook.com\/impulseducacio2020\" \/>\n<meta property=\"article:published_time\" content=\"2022-07-12T10:26:51+00:00\" \/>\n<meta property=\"article:modified_time\" content=\"2023-03-02T09:56:32+00:00\" \/>\n<meta property=\"og:image\" content=\"https:\/\/impulseducacio.org\/wp-content\/uploads\/2022\/07\/Portada-Marga-Acosta_duotono_peq-scaled.jpg\" \/>\n\t<meta property=\"og:image:width\" content=\"2560\" \/>\n\t<meta property=\"og:image:height\" content=\"1281\" \/>\n\t<meta property=\"og:image:type\" content=\"image\/jpeg\" \/>\n<meta name=\"author\" content=\"Impuls Educaci\u00f3\" \/>\n<meta name=\"twitter:card\" content=\"summary_large_image\" \/>\n<meta name=\"twitter:creator\" content=\"@ImpulsEducacio\" \/>\n<meta name=\"twitter:site\" content=\"@ImpulsEducacio\" \/>\n<meta name=\"twitter:label1\" content=\"Written by\" \/>\n\t<meta name=\"twitter:data1\" content=\"Impuls Educaci\u00f3\" \/>\n\t<meta name=\"twitter:label2\" content=\"Est. reading time\" \/>\n\t<meta name=\"twitter:data2\" content=\"16 minutes\" \/>\n<script type=\"application\/ld+json\" class=\"yoast-schema-graph\">{\"@context\":\"https:\\\/\\\/schema.org\",\"@graph\":[{\"@type\":\"Article\",\"@id\":\"https:\\\/\\\/impulseducacio.org\\\/es\\\/la-educacion-emocional-nos-permite-estar-siempre-atentos-a-nosotros-mismos-y-a-los-demas\\\/#article\",\"isPartOf\":{\"@id\":\"https:\\\/\\\/impulseducacio.org\\\/es\\\/la-educacion-emocional-nos-permite-estar-siempre-atentos-a-nosotros-mismos-y-a-los-demas\\\/\"},\"author\":{\"name\":\"Impuls Educaci\u00f3\",\"@id\":\"https:\\\/\\\/impulseducacio.org\\\/es\\\/#\\\/schema\\\/person\\\/92cf201227b1404c22691d5d1238d09a\"},\"headline\":\"La educaci\u00f3n emocional nos permite estar \u201csiempre atentos\u201d a nosotros mismos y a los dem\u00e1s\",\"datePublished\":\"2022-07-12T10:26:51+00:00\",\"dateModified\":\"2023-03-02T09:56:32+00:00\",\"mainEntityOfPage\":{\"@id\":\"https:\\\/\\\/impulseducacio.org\\\/es\\\/la-educacion-emocional-nos-permite-estar-siempre-atentos-a-nosotros-mismos-y-a-los-demas\\\/\"},\"wordCount\":5780,\"commentCount\":0,\"image\":{\"@id\":\"https:\\\/\\\/impulseducacio.org\\\/es\\\/la-educacion-emocional-nos-permite-estar-siempre-atentos-a-nosotros-mismos-y-a-los-demas\\\/#primaryimage\"},\"thumbnailUrl\":\"https:\\\/\\\/impulseducacio.org\\\/wp-content\\\/uploads\\\/2022\\\/07\\\/Portada-Marga-Acosta_duotono_peq-scaled.jpg\",\"keywords\":[\"Article\",\"Art\u00edculo\",\"Educaci\u00f3n emocional\",\"Educaci\u00f3n positiva\",\"Inclusi\u00f3n\"],\"articleSection\":[\"Personalizaci\u00f3n\"],\"inLanguage\":\"es\",\"potentialAction\":[{\"@type\":\"CommentAction\",\"name\":\"Comment\",\"target\":[\"https:\\\/\\\/impulseducacio.org\\\/es\\\/la-educacion-emocional-nos-permite-estar-siempre-atentos-a-nosotros-mismos-y-a-los-demas\\\/#respond\"]}]},{\"@type\":\"WebPage\",\"@id\":\"https:\\\/\\\/impulseducacio.org\\\/es\\\/la-educacion-emocional-nos-permite-estar-siempre-atentos-a-nosotros-mismos-y-a-los-demas\\\/\",\"url\":\"https:\\\/\\\/impulseducacio.org\\\/es\\\/la-educacion-emocional-nos-permite-estar-siempre-atentos-a-nosotros-mismos-y-a-los-demas\\\/\",\"name\":\"La educaci\u00f3n emocional nos permite estar \u201csiempre atentos\u201d a nosotros mismos y a los dem\u00e1s | Actualitat Educativa\",\"isPartOf\":{\"@id\":\"https:\\\/\\\/impulseducacio.org\\\/es\\\/#website\"},\"primaryImageOfPage\":{\"@id\":\"https:\\\/\\\/impulseducacio.org\\\/es\\\/la-educacion-emocional-nos-permite-estar-siempre-atentos-a-nosotros-mismos-y-a-los-demas\\\/#primaryimage\"},\"image\":{\"@id\":\"https:\\\/\\\/impulseducacio.org\\\/es\\\/la-educacion-emocional-nos-permite-estar-siempre-atentos-a-nosotros-mismos-y-a-los-demas\\\/#primaryimage\"},\"thumbnailUrl\":\"https:\\\/\\\/impulseducacio.org\\\/wp-content\\\/uploads\\\/2022\\\/07\\\/Portada-Marga-Acosta_duotono_peq-scaled.jpg\",\"datePublished\":\"2022-07-12T10:26:51+00:00\",\"dateModified\":\"2023-03-02T09:56:32+00:00\",\"author\":{\"@id\":\"https:\\\/\\\/impulseducacio.org\\\/es\\\/#\\\/schema\\\/person\\\/92cf201227b1404c22691d5d1238d09a\"},\"breadcrumb\":{\"@id\":\"https:\\\/\\\/impulseducacio.org\\\/es\\\/la-educacion-emocional-nos-permite-estar-siempre-atentos-a-nosotros-mismos-y-a-los-demas\\\/#breadcrumb\"},\"inLanguage\":\"es\",\"potentialAction\":[{\"@type\":\"ReadAction\",\"target\":[\"https:\\\/\\\/impulseducacio.org\\\/es\\\/la-educacion-emocional-nos-permite-estar-siempre-atentos-a-nosotros-mismos-y-a-los-demas\\\/\"]}]},{\"@type\":\"ImageObject\",\"inLanguage\":\"es\",\"@id\":\"https:\\\/\\\/impulseducacio.org\\\/es\\\/la-educacion-emocional-nos-permite-estar-siempre-atentos-a-nosotros-mismos-y-a-los-demas\\\/#primaryimage\",\"url\":\"https:\\\/\\\/impulseducacio.org\\\/wp-content\\\/uploads\\\/2022\\\/07\\\/Portada-Marga-Acosta_duotono_peq-scaled.jpg\",\"contentUrl\":\"https:\\\/\\\/impulseducacio.org\\\/wp-content\\\/uploads\\\/2022\\\/07\\\/Portada-Marga-Acosta_duotono_peq-scaled.jpg\",\"width\":2560,\"height\":1281},{\"@type\":\"BreadcrumbList\",\"@id\":\"https:\\\/\\\/impulseducacio.org\\\/es\\\/la-educacion-emocional-nos-permite-estar-siempre-atentos-a-nosotros-mismos-y-a-los-demas\\\/#breadcrumb\",\"itemListElement\":[{\"@type\":\"ListItem\",\"position\":1,\"name\":\"Inicio\",\"item\":\"https:\\\/\\\/impulseducacio.org\\\/es\\\/\"},{\"@type\":\"ListItem\",\"position\":2,\"name\":\"La educaci\u00f3n emocional nos permite estar \u201csiempre atentos\u201d a nosotros mismos y a los dem\u00e1s\"}]},{\"@type\":\"WebSite\",\"@id\":\"https:\\\/\\\/impulseducacio.org\\\/es\\\/#website\",\"url\":\"https:\\\/\\\/impulseducacio.org\\\/es\\\/\",\"name\":\"IMPULS EDUCACI\u00d3\",\"description\":\"Espai d\u2019estudi i di\u00e0leg en temes educatius\",\"potentialAction\":[{\"@type\":\"SearchAction\",\"target\":{\"@type\":\"EntryPoint\",\"urlTemplate\":\"https:\\\/\\\/impulseducacio.org\\\/es\\\/?s={search_term_string}\"},\"query-input\":{\"@type\":\"PropertyValueSpecification\",\"valueRequired\":true,\"valueName\":\"search_term_string\"}}],\"inLanguage\":\"es\"},{\"@type\":\"Person\",\"@id\":\"https:\\\/\\\/impulseducacio.org\\\/es\\\/#\\\/schema\\\/person\\\/92cf201227b1404c22691d5d1238d09a\",\"name\":\"Impuls Educaci\u00f3\"}]}<\/script>\n<!-- \/ Yoast SEO plugin. -->","yoast_head_json":{"title":"La educaci\u00f3n emocional nos permite estar \u201csiempre atentos\u201d a nosotros mismos y a los dem\u00e1s | Actualitat Educativa","robots":{"index":"index","follow":"follow","max-snippet":"max-snippet:-1","max-image-preview":"max-image-preview:large","max-video-preview":"max-video-preview:-1"},"canonical":"https:\/\/impulseducacio.org\/es\/la-educacion-emocional-nos-permite-estar-siempre-atentos-a-nosotros-mismos-y-a-los-demas\/","og_locale":"es_ES","og_type":"article","og_title":"La educaci\u00f3n emocional nos permite estar \u201csiempre atentos\u201d a nosotros mismos y a los dem\u00e1s | Actualitat Educativa","og_url":"https:\/\/impulseducacio.org\/es\/la-educacion-emocional-nos-permite-estar-siempre-atentos-a-nosotros-mismos-y-a-los-demas\/","og_site_name":"IMPULS EDUCACI\u00d3","article_publisher":"https:\/\/www.facebook.com\/impulseducacio2020","article_published_time":"2022-07-12T10:26:51+00:00","article_modified_time":"2023-03-02T09:56:32+00:00","og_image":[{"width":2560,"height":1281,"url":"https:\/\/impulseducacio.org\/wp-content\/uploads\/2022\/07\/Portada-Marga-Acosta_duotono_peq-scaled.jpg","type":"image\/jpeg"}],"author":"Impuls Educaci\u00f3","twitter_card":"summary_large_image","twitter_creator":"@ImpulsEducacio","twitter_site":"@ImpulsEducacio","twitter_misc":{"Written by":"Impuls Educaci\u00f3","Est. reading time":"16 minutes"},"schema":{"@context":"https:\/\/schema.org","@graph":[{"@type":"Article","@id":"https:\/\/impulseducacio.org\/es\/la-educacion-emocional-nos-permite-estar-siempre-atentos-a-nosotros-mismos-y-a-los-demas\/#article","isPartOf":{"@id":"https:\/\/impulseducacio.org\/es\/la-educacion-emocional-nos-permite-estar-siempre-atentos-a-nosotros-mismos-y-a-los-demas\/"},"author":{"name":"Impuls Educaci\u00f3","@id":"https:\/\/impulseducacio.org\/es\/#\/schema\/person\/92cf201227b1404c22691d5d1238d09a"},"headline":"La educaci\u00f3n emocional nos permite estar \u201csiempre atentos\u201d a nosotros mismos y a los dem\u00e1s","datePublished":"2022-07-12T10:26:51+00:00","dateModified":"2023-03-02T09:56:32+00:00","mainEntityOfPage":{"@id":"https:\/\/impulseducacio.org\/es\/la-educacion-emocional-nos-permite-estar-siempre-atentos-a-nosotros-mismos-y-a-los-demas\/"},"wordCount":5780,"commentCount":0,"image":{"@id":"https:\/\/impulseducacio.org\/es\/la-educacion-emocional-nos-permite-estar-siempre-atentos-a-nosotros-mismos-y-a-los-demas\/#primaryimage"},"thumbnailUrl":"https:\/\/impulseducacio.org\/wp-content\/uploads\/2022\/07\/Portada-Marga-Acosta_duotono_peq-scaled.jpg","keywords":["Article","Art\u00edculo","Educaci\u00f3n emocional","Educaci\u00f3n positiva","Inclusi\u00f3n"],"articleSection":["Personalizaci\u00f3n"],"inLanguage":"es","potentialAction":[{"@type":"CommentAction","name":"Comment","target":["https:\/\/impulseducacio.org\/es\/la-educacion-emocional-nos-permite-estar-siempre-atentos-a-nosotros-mismos-y-a-los-demas\/#respond"]}]},{"@type":"WebPage","@id":"https:\/\/impulseducacio.org\/es\/la-educacion-emocional-nos-permite-estar-siempre-atentos-a-nosotros-mismos-y-a-los-demas\/","url":"https:\/\/impulseducacio.org\/es\/la-educacion-emocional-nos-permite-estar-siempre-atentos-a-nosotros-mismos-y-a-los-demas\/","name":"La educaci\u00f3n emocional nos permite estar \u201csiempre atentos\u201d a nosotros mismos y a los dem\u00e1s | Actualitat Educativa","isPartOf":{"@id":"https:\/\/impulseducacio.org\/es\/#website"},"primaryImageOfPage":{"@id":"https:\/\/impulseducacio.org\/es\/la-educacion-emocional-nos-permite-estar-siempre-atentos-a-nosotros-mismos-y-a-los-demas\/#primaryimage"},"image":{"@id":"https:\/\/impulseducacio.org\/es\/la-educacion-emocional-nos-permite-estar-siempre-atentos-a-nosotros-mismos-y-a-los-demas\/#primaryimage"},"thumbnailUrl":"https:\/\/impulseducacio.org\/wp-content\/uploads\/2022\/07\/Portada-Marga-Acosta_duotono_peq-scaled.jpg","datePublished":"2022-07-12T10:26:51+00:00","dateModified":"2023-03-02T09:56:32+00:00","author":{"@id":"https:\/\/impulseducacio.org\/es\/#\/schema\/person\/92cf201227b1404c22691d5d1238d09a"},"breadcrumb":{"@id":"https:\/\/impulseducacio.org\/es\/la-educacion-emocional-nos-permite-estar-siempre-atentos-a-nosotros-mismos-y-a-los-demas\/#breadcrumb"},"inLanguage":"es","potentialAction":[{"@type":"ReadAction","target":["https:\/\/impulseducacio.org\/es\/la-educacion-emocional-nos-permite-estar-siempre-atentos-a-nosotros-mismos-y-a-los-demas\/"]}]},{"@type":"ImageObject","inLanguage":"es","@id":"https:\/\/impulseducacio.org\/es\/la-educacion-emocional-nos-permite-estar-siempre-atentos-a-nosotros-mismos-y-a-los-demas\/#primaryimage","url":"https:\/\/impulseducacio.org\/wp-content\/uploads\/2022\/07\/Portada-Marga-Acosta_duotono_peq-scaled.jpg","contentUrl":"https:\/\/impulseducacio.org\/wp-content\/uploads\/2022\/07\/Portada-Marga-Acosta_duotono_peq-scaled.jpg","width":2560,"height":1281},{"@type":"BreadcrumbList","@id":"https:\/\/impulseducacio.org\/es\/la-educacion-emocional-nos-permite-estar-siempre-atentos-a-nosotros-mismos-y-a-los-demas\/#breadcrumb","itemListElement":[{"@type":"ListItem","position":1,"name":"Inicio","item":"https:\/\/impulseducacio.org\/es\/"},{"@type":"ListItem","position":2,"name":"La educaci\u00f3n emocional nos permite estar \u201csiempre atentos\u201d a nosotros mismos y a los dem\u00e1s"}]},{"@type":"WebSite","@id":"https:\/\/impulseducacio.org\/es\/#website","url":"https:\/\/impulseducacio.org\/es\/","name":"IMPULS EDUCACI\u00d3","description":"Espai d\u2019estudi i di\u00e0leg en temes educatius","potentialAction":[{"@type":"SearchAction","target":{"@type":"EntryPoint","urlTemplate":"https:\/\/impulseducacio.org\/es\/?s={search_term_string}"},"query-input":{"@type":"PropertyValueSpecification","valueRequired":true,"valueName":"search_term_string"}}],"inLanguage":"es"},{"@type":"Person","@id":"https:\/\/impulseducacio.org\/es\/#\/schema\/person\/92cf201227b1404c22691d5d1238d09a","name":"Impuls Educaci\u00f3"}]}},"_links":{"self":[{"href":"https:\/\/impulseducacio.org\/es\/wp-json\/wp\/v2\/posts\/18431","targetHints":{"allow":["GET"]}}],"collection":[{"href":"https:\/\/impulseducacio.org\/es\/wp-json\/wp\/v2\/posts"}],"about":[{"href":"https:\/\/impulseducacio.org\/es\/wp-json\/wp\/v2\/types\/post"}],"author":[{"embeddable":true,"href":"https:\/\/impulseducacio.org\/es\/wp-json\/wp\/v2\/users\/2"}],"replies":[{"embeddable":true,"href":"https:\/\/impulseducacio.org\/es\/wp-json\/wp\/v2\/comments?post=18431"}],"version-history":[{"count":6,"href":"https:\/\/impulseducacio.org\/es\/wp-json\/wp\/v2\/posts\/18431\/revisions"}],"predecessor-version":[{"id":24202,"href":"https:\/\/impulseducacio.org\/es\/wp-json\/wp\/v2\/posts\/18431\/revisions\/24202"}],"wp:featuredmedia":[{"embeddable":true,"href":"https:\/\/impulseducacio.org\/es\/wp-json\/wp\/v2\/media\/18446"}],"wp:attachment":[{"href":"https:\/\/impulseducacio.org\/es\/wp-json\/wp\/v2\/media?parent=18431"}],"wp:term":[{"taxonomy":"category","embeddable":true,"href":"https:\/\/impulseducacio.org\/es\/wp-json\/wp\/v2\/categories?post=18431"},{"taxonomy":"post_tag","embeddable":true,"href":"https:\/\/impulseducacio.org\/es\/wp-json\/wp\/v2\/tags?post=18431"}],"curies":[{"name":"wp","href":"https:\/\/api.w.org\/{rel}","templated":true}]}}