{"id":15317,"date":"2022-02-08T13:52:57","date_gmt":"2022-02-08T13:52:57","guid":{"rendered":"https:\/\/impulseducacio.org\/?p=15317"},"modified":"2023-03-02T10:00:59","modified_gmt":"2023-03-02T10:00:59","slug":"aulas-hospitalarias-un-espacio-para-la-inclusion","status":"publish","type":"post","link":"https:\/\/impulseducacio.org\/es\/aulas-hospitalarias-un-espacio-para-la-inclusion\/","title":{"rendered":"Aulas hospitalarias, un espacio para la inclusi\u00f3n"},"content":{"rendered":"<p><div class=\"fusion-fullwidth fullwidth-box fusion-builder-row-1 fusion-parallax-none nonhundred-percent-fullwidth non-hundred-percent-height-scrolling\" style=\"--awb-background-position:right center;--awb-border-sizes-top:0px;--awb-border-sizes-bottom:0px;--awb-border-sizes-left:0px;--awb-border-sizes-right:0px;--awb-border-radius-top-left:0px;--awb-border-radius-top-right:0px;--awb-border-radius-bottom-right:0px;--awb-border-radius-bottom-left:0px;--awb-padding-top:0px;--awb-padding-bottom:0px;--awb-margin-top:0px;--awb-margin-bottom:-260px;--awb-background-color:rgba(246,247,247,0);--awb-background-image:url(&quot;https:\/\/impulseducacio.org\/wp-content\/uploads\/2022\/02\/Portada-Aulas-Hospitalarias_duotono-scaled.jpg&quot;);--awb-background-size:cover;--awb-flex-wrap:wrap;\" ><div class=\"fusion-builder-row fusion-row\"><div class=\"fusion-layout-column fusion_builder_column fusion-builder-column-0 fusion_builder_column_1_1 1_1 fusion-one-full fusion-column-first fusion-column-last fusion-animated\" style=\"--awb-overflow:hidden;--awb-bg-color:rgba(0,0,0,0);--awb-bg-color-hover:rgba(0,0,0,0);--awb-bg-size:cover;--awb-border-radius:4px 4px 4px 4px;--awb-margin-top:0px;--awb-margin-bottom:10px;\" data-animationType=\"fadeInDown\" data-animationDuration=\"0.8\" data-animationOffset=\"top-into-view\"><div class=\"fusion-column-wrapper fusion-column-has-shadow fusion-flex-column-wrapper-legacy\"><div class=\"fusion-sep-clear\"><\/div><div class=\"fusion-separator fusion-full-width-sep\" style=\"margin-left: auto;margin-right: auto;margin-top:720px;width:100%;\"><\/div><div class=\"fusion-sep-clear\"><\/div><div class=\"fusion-title title fusion-title-1 fusion-sep-none fusion-title-text fusion-title-size-one\" style=\"--awb-text-color:#ffffff;--awb-font-size:60px;\"><h1 class=\"fusion-title-heading title-heading-left fusion-responsive-typography-calculated\" style=\"font-family:&quot;Open Sans&quot;;font-style:normal;font-weight:300;margin:0;font-size:1em;--fontSize:60;line-height:1.18;\"><h1>Aulas hospitalarias, un espacio para la inclusi\u00f3n<\/h1><\/h1><\/div><div class=\"fusion-clearfix\"><\/div><\/div><\/div><div class=\"fusion-layout-column fusion_builder_column fusion-builder-column-1 fusion_builder_column_1_1 1_1 fusion-one-full fusion-column-first fusion-column-last fusion-animated\" style=\"--awb-padding-right:969px;--awb-padding-bottom:10px;--awb-bg-blend:overlay;--awb-bg-size:cover;--awb-border-color:#ffffff;--awb-border-top:1px;--awb-border-style:solid;--awb-margin-top:11px;--awb-margin-bottom:0px;\" data-animationType=\"fadeInDown\" data-animationDuration=\"0.6\" data-animationOffset=\"top-into-view\"><div class=\"fusion-column-wrapper fusion-column-has-shadow fusion-flex-column-wrapper-legacy\"><div class=\"fusion-sharing-box fusion-sharing-box-1 boxed-icons has-taglines layout-floated layout-medium-floated layout-small-floated\" style=\"background-color:rgba(246,244,245,0);padding:0;--awb-layout:row;--awb-alignment-small:space-between;\" data-title=\"Aulas hospitalarias, un espacio para la inclusi\u00f3n\" data-description=\"Aulas hospitalarias, un espacio para la inclusi\u00f3n     Your Content Goes Here  \r\nPedagog\u00eda hospitalaria como herramienta inclusiva de normalizaci\u00f3n Por To\u00f1y Castillo   \r\n\r\nLa salud es un estado de completo bienestar f\u00edsico, mental y social, y no solo la ausencia de afecciones\" data-link=\"https:\/\/impulseducacio.org\/es\/aulas-hospitalarias-un-espacio-para-la-inclusion\/\"><h4 class=\"tagline\" style=\"color:#ffffff;\">Compartir<\/h4><div class=\"fusion-social-networks sharingbox-shortcode-icon-wrapper sharingbox-shortcode-icon-wrapper-1 boxed-icons\"><span><a href=\"https:\/\/www.facebook.com\/sharer.php?u=https%3A%2F%2Fimpulseducacio.org%2Fes%2Faulas-hospitalarias-un-espacio-para-la-inclusion%2F&amp;t=Aulas%20hospitalarias%2C%20un%20espacio%20para%20la%20inclusi%C3%B3n\" target=\"_blank\" rel=\"noreferrer\" title=\"Facebook\" aria-label=\"Facebook\" data-placement=\"bottom\" data-toggle=\"tooltip\" data-title=\"Facebook\"><i class=\"fusion-social-network-icon fusion-tooltip fusion-facebook awb-icon-facebook\" style=\"color:#ffffff;background-color:#3b5998;border-color:#3b5998;border-radius:24px;\" aria-hidden=\"true\"><\/i><\/a><\/span><span><a href=\"https:\/\/x.com\/intent\/post?text=Aulas%20hospitalarias%2C%20un%20espacio%20para%20la%20inclusi%C3%B3n&amp;url=https%3A%2F%2Fimpulseducacio.org%2Fes%2Faulas-hospitalarias-un-espacio-para-la-inclusion%2F\" target=\"_blank\" rel=\"noopener noreferrer\" title=\"X\" aria-label=\"X\" data-placement=\"bottom\" data-toggle=\"tooltip\" data-title=\"X\"><i class=\"fusion-social-network-icon fusion-tooltip fusion-twitter awb-icon-twitter\" style=\"color:#ffffff;background-color:#000000;border-color:#000000;border-radius:24px;\" aria-hidden=\"true\"><\/i><\/a><\/span><span><a href=\"https:\/\/www.linkedin.com\/shareArticle?mini=true&amp;url=https%3A%2F%2Fimpulseducacio.org%2Fes%2Faulas-hospitalarias-un-espacio-para-la-inclusion%2F&amp;title=Aulas%20hospitalarias%2C%20un%20espacio%20para%20la%20inclusi%C3%B3n&amp;summary=Aulas%20hospitalarias%2C%20un%20espacio%20para%20la%20inclusi%C3%B3n%20%20%20%20%20%20%20%20%20Your%20Content%20Goes%20Here%20%20%20%0D%0APedagog%C3%ADa%20hospitalaria%20como%20herramienta%20inclusiva%20de%20normalizaci%C3%B3n%20Por%20To%C3%B1y%20Castillo%20%20%20%20%20%0D%0A%0D%0ALa%20salud%20es%20un%20estado%20de%20completo%20bienestar%20f%C3%ADsico%2C%20mental%20y%20social%2C%20y%20no%20solo%20la%20ausencia%20de%20afecciones\" target=\"_blank\" rel=\"noopener noreferrer\" title=\"LinkedIn\" aria-label=\"LinkedIn\" data-placement=\"bottom\" data-toggle=\"tooltip\" data-title=\"LinkedIn\"><i class=\"fusion-social-network-icon fusion-tooltip fusion-linkedin awb-icon-linkedin\" style=\"color:#ffffff;background-color:#0077b5;border-color:#0077b5;border-radius:24px;\" aria-hidden=\"true\"><\/i><\/a><\/span><span><a href=\"mailto:?subject=Aulas%20hospitalarias%2C%20un%20espacio%20para%20la%20inclusi%C3%B3n&amp;body=https%3A%2F%2Fimpulseducacio.org%2Fes%2Faulas-hospitalarias-un-espacio-para-la-inclusion%2F\" target=\"_self\" title=\"Email\" aria-label=\"Email\" data-placement=\"bottom\" data-toggle=\"tooltip\" data-title=\"Email\"><i class=\"fusion-social-network-icon fusion-tooltip fusion-mail awb-icon-mail\" style=\"color:#ffffff;background-color:#000000;border-color:#000000;border-radius:24px;\" aria-hidden=\"true\"><\/i><\/a><\/span><\/div><\/div><div class=\"fusion-clearfix\"><\/div><\/div><\/div><div class=\"fusion-layout-column fusion_builder_column fusion-builder-column-2 fusion_builder_column_1_1 1_1 fusion-one-full fusion-column-first fusion-column-last fusion-animated\" style=\"--awb-bg-blend:overlay;--awb-bg-size:cover;--awb-border-color:#ffffff;--awb-border-top:0;--awb-border-style:solid;--awb-margin-top:2px;--awb-margin-bottom:0px;\" data-animationType=\"fadeInDown\" data-animationDuration=\"0.6\" data-animationOffset=\"top-into-view\"><div class=\"fusion-column-wrapper fusion-column-has-shadow fusion-flex-column-wrapper-legacy\"><div class=\"fusion-sep-clear\"><\/div><div class=\"fusion-separator fusion-full-width-sep\" style=\"margin-left: auto;margin-right: auto;margin-bottom:150px;width:100%;\"><\/div><div class=\"fusion-sep-clear\"><\/div><div class=\"fusion-section-separator section-separator big-half-circle fusion-section-separator-1\" style=\"--awb-spacer-height:99px;--awb-svg-margin-left:0;--awb-svg-margin-right:0;--awb-divider-height:99px;--awb-spacer-padding-top:inherit;--awb-sep-padding:0;--awb-svg-padding:0;\"><div class=\"fusion-section-separator-svg\"><svg class=\"fusion-big-half-circle-candy\" xmlns=\"http:\/\/www.w3.org\/2000\/svg\" version=\"1.1\" width=\"100%\" height=\"100\" viewBox=\"0 0 100 100\" preserveAspectRatio=\"none\" fill=\"rgba(255,255,255,1)\"><path d=\"M0 100 C40 0 60 0 100 100 Z\"><\/path><\/svg><\/div><div class=\"fusion-section-separator-spacer\"><div class=\"fusion-section-separator-spacer-height\"><\/div><\/div><\/div><div class=\"fusion-clearfix\"><\/div><\/div><\/div><\/div><\/div><div class=\"fusion-fullwidth fullwidth-box fusion-builder-row-2 nonhundred-percent-fullwidth non-hundred-percent-height-scrolling\" style=\"--awb-border-radius-top-left:0px;--awb-border-radius-top-right:0px;--awb-border-radius-bottom-right:0px;--awb-border-radius-bottom-left:0px;--awb-padding-top:0px;--awb-padding-bottom:0px;--awb-flex-wrap:wrap;\" ><div class=\"fusion-builder-row fusion-row\"><div class=\"fusion-layout-column fusion_builder_column fusion-builder-column-3 fusion_builder_column_1_1 1_1 fusion-one-full fusion-column-first fusion-column-last\" style=\"--awb-padding-top:3%;--awb-padding-right:5%;--awb-padding-bottom:0%;--awb-padding-left:5%;--awb-overflow:hidden;--awb-bg-color:#ffffff;--awb-bg-color-hover:#ffffff;--awb-bg-size:cover;--awb-border-radius:8px 8px 8px 8px;--awb-margin-top:0px;--awb-margin-bottom:0px;\"><div class=\"fusion-column-wrapper fusion-column-has-shadow fusion-flex-column-wrapper-legacy\"><div class=\"fusion-builder-row fusion-builder-row-inner fusion-row\"><div class=\"fusion-layout-column fusion_builder_column_inner fusion-builder-nested-column-0 fusion_builder_column_inner_1_5 1_5 fusion-one-fifth fusion-column-first\" style=\"--awb-bg-size:cover;--awb-margin-top:0px;width:20%;width:calc(20% - ( ( 1% ) * 0.2 ) );margin-right: 1%;\"><div class=\"fusion-column-wrapper fusion-column-has-shadow fusion-flex-column-wrapper-legacy\"><div class=\"fusion-text fusion-text-1\"><p>8 February 2022<\/p>\n<\/div><div class=\"fusion-clearfix\"><\/div><\/div><\/div><\/div><div class=\"fusion-title title fusion-title-2 fusion-sep-none fusion-title-text fusion-title-size-two\"><h2 class=\"fusion-title-heading title-heading-left fusion-responsive-typography-calculated\" style=\"margin:0;--fontSize:48;line-height:1.18;\"><h2>Pedagog\u00eda hospitalaria como herramienta inclusiva de normalizaci\u00f3n<\/h2><\/h2><\/div><div class=\"fusion-text fusion-text-2\"><p>Por To\u00f1y Castillo<\/p>\n<\/div><div class=\"fusion-sep-clear\"><\/div><div class=\"fusion-separator fusion-full-width-sep\" style=\"margin-left: auto;margin-right: auto;margin-top:20px;width:100%;\"><\/div><div class=\"fusion-sep-clear\"><\/div><div class=\"fusion-clearfix\"><\/div><\/div><\/div><\/div><\/div><div class=\"fusion-fullwidth fullwidth-box fusion-builder-row-3 nonhundred-percent-fullwidth non-hundred-percent-height-scrolling\" style=\"--awb-border-radius-top-left:0px;--awb-border-radius-top-right:0px;--awb-border-radius-bottom-right:0px;--awb-border-radius-bottom-left:0px;--awb-padding-top:0px;--awb-padding-bottom:0px;--awb-flex-wrap:wrap;\" ><div class=\"fusion-builder-row fusion-row\"><div class=\"fusion-layout-column fusion_builder_column fusion-builder-column-4 fusion_builder_column_1_1 1_1 fusion-one-full fusion-column-first fusion-column-last\" style=\"--awb-padding-right:5%;--awb-padding-left:5%;--awb-bg-size:cover;--awb-margin-top:0px;\"><div class=\"fusion-column-wrapper fusion-column-has-shadow fusion-flex-column-wrapper-legacy\"><div class=\"fusion-text fusion-text-3\"><blockquote>\n<p>La salud es un estado de completo bienestar f\u00edsico, mental y social, y no solo la ausencia de afecciones o enfermedades. OMS<\/p>\n<\/blockquote>\n<p>Hablar de enfermedad no siempre es un tema f\u00e1cil porque cualquier situaci\u00f3n de falta de salud provoca una serie de trastornos a nivel parcial o global en la persona, pero tratar la enfermedad desde la infancia se hace todav\u00eda m\u00e1s doloroso.<\/p>\n<p>Estamos en un mundo donde parece que tener salud es lo cotidiano y que \u00fanicamente al enfermar un familiar, un amigo o nosotros mismos, tomamos conciencia de las necesidades y carencias que sufrimos por la condici\u00f3n de estar enfermos.<\/p>\n<p>Un proceso de enfermedad aguda o cr\u00f3nica, en las etapas infantojuveniles comporta modificaciones en la vida del ni\u00f1o\/a o joven y de sus familias que derivan en mecanismos de defensa y cambios de actitud, pudi\u00e9ndose producir una rotura en la estabilidad y el equilibrio emocional. En estos procesos adversos, es necesario incorporar estados de normalidad en la medida de lo posible, aportando herramientas que garanticen cubrir necesidades vitales, emocionales, afectivas y educativas en el espacio hospitalario, en caso de ingreso o en una atenci\u00f3n domiciliaria.<\/p>\n<\/div><div class=\"fusion-builder-row fusion-builder-row-inner fusion-row\"><div class=\"fusion-layout-column fusion_builder_column_inner fusion-builder-nested-column-1 fusion_builder_column_inner_1_2 1_2 fusion-one-half fusion-column-first fusion-animated\" style=\"--awb-bg-size:cover;--awb-margin-top:0px;--awb-margin-bottom:0px;width:50%;width:calc(50% - ( ( 4% ) * 0.5 ) );margin-right: 4%;\" data-animationType=\"fadeInLeft\" data-animationDuration=\"0.3\" data-animationOffset=\"top-into-view\"><div class=\"fusion-column-wrapper fusion-column-has-shadow fusion-flex-column-wrapper-legacy\"><div class=\"fusion-text fusion-text-4\"><h6 style=\"text-align: right;\"><strong>En los procesos adversos de enfermedades agudas es importante aportar herramientas que garanticen cubrir necesidades vitales, emocionales, afectivas y educativas en el espacio hospitalario<\/strong><\/h6>\n<\/div><div class=\"fusion-clearfix\"><\/div><\/div><\/div><div class=\"fusion-layout-column fusion_builder_column_inner fusion-builder-nested-column-2 fusion_builder_column_inner_1_2 1_2 fusion-one-half fusion-column-last fusion-animated\" style=\"--awb-bg-size:cover;width:50%;width:calc(50% - ( ( 4% ) * 0.5 ) );\" data-animationType=\"fadeInLeft\" data-animationDuration=\"0.3\" data-animationOffset=\"top-into-view\"><div class=\"fusion-column-wrapper fusion-column-has-shadow fusion-flex-column-wrapper-legacy\"><div class=\"fusion-image-element fusion-image-align-center in-legacy-container\" style=\"text-align:center;--awb-max-width:450px;--awb-caption-title-font-family:var(--h2_typography-font-family);--awb-caption-title-font-weight:var(--h2_typography-font-weight);--awb-caption-title-font-style:var(--h2_typography-font-style);--awb-caption-title-size:var(--h2_typography-font-size);--awb-caption-title-transform:var(--h2_typography-text-transform);--awb-caption-title-line-height:var(--h2_typography-line-height);--awb-caption-title-letter-spacing:var(--h2_typography-letter-spacing);\"><div class=\"imageframe-align-center\"><span class=\" fusion-imageframe imageframe-none imageframe-1 hover-type-none\"><img decoding=\"async\" width=\"2560\" height=\"1707\" title=\"Aulas Hospitalarias1\" src=\"https:\/\/impulseducacio.org\/wp-content\/uploads\/2022\/02\/Aulas-Hospitalarias1-scaled.jpg\" alt class=\"img-responsive wp-image-15335\" srcset=\"https:\/\/impulseducacio.org\/wp-content\/uploads\/2022\/02\/Aulas-Hospitalarias1-200x133.jpg 200w, https:\/\/impulseducacio.org\/wp-content\/uploads\/2022\/02\/Aulas-Hospitalarias1-400x267.jpg 400w, https:\/\/impulseducacio.org\/wp-content\/uploads\/2022\/02\/Aulas-Hospitalarias1-600x400.jpg 600w, https:\/\/impulseducacio.org\/wp-content\/uploads\/2022\/02\/Aulas-Hospitalarias1-800x533.jpg 800w, https:\/\/impulseducacio.org\/wp-content\/uploads\/2022\/02\/Aulas-Hospitalarias1-1200x800.jpg 1200w, https:\/\/impulseducacio.org\/wp-content\/uploads\/2022\/02\/Aulas-Hospitalarias1-scaled.jpg 2560w\" sizes=\"(max-width: 800px) 100vw, 800px\" \/><\/span><\/div><\/div><div class=\"fusion-clearfix\"><\/div><\/div><\/div><\/div><div class=\"fusion-builder-row fusion-builder-row-inner fusion-row\"><div class=\"fusion-layout-column fusion_builder_column_inner fusion-builder-nested-column-3 fusion_builder_column_inner_1_1 1_1 fusion-one-full fusion-column-first fusion-column-last\" style=\"--awb-bg-size:cover;--awb-margin-bottom:0px;\"><div class=\"fusion-column-wrapper fusion-column-has-shadow fusion-flex-column-wrapper-legacy\"><div class=\"fusion-text fusion-text-5\"><h3>Pedagog\u00eda hospitalaria, una herramienta \u00fatil<\/h3>\n<p>Desde el inicio de la enfermedad y el consecuente ingreso hospitalario, el ni\u00f1o\/a o joven puede vivir una situaci\u00f3n de estr\u00e9s, agravada por la angustia y el temor de los padres al posible diagn\u00f3stico y el consecuente tratamiento. Para tratar esta inquietud el equipo multidisciplinar del hospital debe trabajar de manera conjunta para contribuir a mejorar la calidad de las personas o grupos afectados. La pedagog\u00eda hospitalaria es una herramienta que favorece tratamientos que ayudan a la recuperaci\u00f3n, a la paliaci\u00f3n o en su defecto, al consuelo en momentos de adversidades de salud o duelos.<\/p>\n<\/div><div class=\"fusion-clearfix\"><\/div><\/div><\/div><\/div><div class=\"fusion-builder-row fusion-builder-row-inner fusion-row\"><div class=\"fusion-layout-column fusion_builder_column_inner fusion-builder-nested-column-4 fusion_builder_column_inner_1_2 1_2 fusion-one-half fusion-column-first fusion-animated\" style=\"--awb-bg-size:cover;width:50%;width:calc(50% - ( ( 4% ) * 0.5 ) );margin-right: 4%;\" data-animationType=\"fadeInLeft\" data-animationDuration=\"0.3\" data-animationOffset=\"top-into-view\"><div class=\"fusion-column-wrapper fusion-column-has-shadow fusion-flex-column-wrapper-legacy\"><div class=\"fusion-image-element fusion-image-align-center in-legacy-container\" style=\"text-align:center;--awb-max-width:450px;--awb-caption-title-font-family:var(--h2_typography-font-family);--awb-caption-title-font-weight:var(--h2_typography-font-weight);--awb-caption-title-font-style:var(--h2_typography-font-style);--awb-caption-title-size:var(--h2_typography-font-size);--awb-caption-title-transform:var(--h2_typography-text-transform);--awb-caption-title-line-height:var(--h2_typography-line-height);--awb-caption-title-letter-spacing:var(--h2_typography-letter-spacing);\"><div class=\"imageframe-align-center\"><span class=\" fusion-imageframe imageframe-none imageframe-2 hover-type-none\"><img decoding=\"async\" width=\"612\" height=\"408\" title=\"Aulas Hospitalarias 2\" src=\"https:\/\/impulseducacio.org\/wp-content\/uploads\/2022\/02\/Aulas-Hospitalarias-2.jpg\" alt class=\"img-responsive wp-image-15332\" srcset=\"https:\/\/impulseducacio.org\/wp-content\/uploads\/2022\/02\/Aulas-Hospitalarias-2-200x133.jpg 200w, https:\/\/impulseducacio.org\/wp-content\/uploads\/2022\/02\/Aulas-Hospitalarias-2-400x267.jpg 400w, https:\/\/impulseducacio.org\/wp-content\/uploads\/2022\/02\/Aulas-Hospitalarias-2-600x400.jpg 600w, https:\/\/impulseducacio.org\/wp-content\/uploads\/2022\/02\/Aulas-Hospitalarias-2.jpg 612w\" sizes=\"(max-width: 800px) 100vw, 612px\" \/><\/span><\/div><\/div><div class=\"fusion-clearfix\"><\/div><\/div><\/div><div class=\"fusion-layout-column fusion_builder_column_inner fusion-builder-nested-column-5 fusion_builder_column_inner_1_2 1_2 fusion-one-half fusion-column-last fusion-animated\" style=\"--awb-bg-size:cover;width:50%;width:calc(50% - ( ( 4% ) * 0.5 ) );\" data-animationType=\"fadeInLeft\" data-animationDuration=\"0.3\" data-animationOffset=\"top-into-view\"><div class=\"fusion-column-wrapper fusion-column-has-shadow fusion-flex-column-wrapper-legacy\"><div class=\"fusion-text fusion-text-6\"><h6><strong>La pedagog\u00eda hospitalaria es una herramienta que favorece tratamientos que ayudan a la recuperaci\u00f3n, paliaci\u00f3n o consuelo en momentos de adversidades<\/strong><\/h6>\n<\/div><div class=\"fusion-clearfix\"><\/div><\/div><\/div><\/div><div class=\"fusion-text fusion-text-7\"><p>En la actualidad, el Aula Hospitalaria Dr. Antoni Cambrod\u00ed del Hospital Universitario Arnau de Vilanova de Lleida (HUAVLL) cumple 21 a\u00f1os desde su creaci\u00f3n pionera. El Aula, dedicada a los menores que necesitan ser ingresados en el hospital, parte de una iniciativa conjunta entre el departamento de Salud y el departamento de Educaci\u00f3n de la Generalitat de Catalunya. En ella se apuesta por la salud integral, lugar donde la educaci\u00f3n adquiere dimensi\u00f3n normalizadora.<\/p>\n<p>El t\u00e9rmino \u201caula hospitalaria\u201d es el sitio donde se realiza la atenci\u00f3n educativa, no es un \u00e1rea en concreto, ya que hace referencia a la ubicaci\u00f3n del recurso dentro del hospital, siendo el espacio donde se desarrolla la actividad -ya sea en la propia sala como en las habitaciones o en las c\u00e1maras de aislamiento-. Est\u00e1 dirigida a todo el alumnado en edad escolar obligatoria que est\u00e9 hospitalizado. Dadas las caracter\u00edsticas del HUAVLL, esta aula hospitalaria atiende Educaci\u00f3n Infantil, Primaria y Secundaria, y no excluye en ning\u00fan caso a alumnos\/as de ense\u00f1anzas postobligatorias si manifiestan inter\u00e9s en participar.<\/p>\n<h3>Aulas hospitalarias, un espacio de inclusi\u00f3n<\/h3>\n<p>Nuestro ideario educativo apuesta por el trabajo en equipo de todos los agentes que intervienen en el proceso (personal sanitario, alumnos\/as, familias y centros o servicios de referencia). Se fundamenta en la inclusi\u00f3n y la creaci\u00f3n de un clima favorable que potencie la equidad.\u00a0 Se procura dar respuestas a la diversidad de necesidades que presentan los alumnos\/as, as\u00ed como el apoyo emocional individual y de grupo; para ello, se hace imprescindible el trabajo individualizado como elemento de promoci\u00f3n en ayuda del crecimiento global.<\/p>\n<\/div><div class=\"fusion-builder-row fusion-builder-row-inner fusion-row\"><div class=\"fusion-layout-column fusion_builder_column_inner fusion-builder-nested-column-6 fusion_builder_column_inner_1_2 1_2 fusion-one-half fusion-column-first fusion-animated\" style=\"--awb-bg-size:cover;width:50%;width:calc(50% - ( ( 4% ) * 0.5 ) );margin-right: 4%;\" data-animationType=\"fadeInLeft\" data-animationDuration=\"0.3\" data-animationOffset=\"top-into-view\"><div class=\"fusion-column-wrapper fusion-column-has-shadow fusion-flex-column-wrapper-legacy\"><div class=\"fusion-text fusion-text-8\"><h6 style=\"text-align: right;\">Nuestro ideario educativo se fundamenta en la inclusi\u00f3n y la creaci\u00f3n de un clima favorable que potencie la equidad<\/h6>\n<\/div><div class=\"fusion-clearfix\"><\/div><\/div><\/div><div class=\"fusion-layout-column fusion_builder_column_inner fusion-builder-nested-column-7 fusion_builder_column_inner_1_2 1_2 fusion-one-half fusion-column-last fusion-animated\" style=\"--awb-bg-size:cover;width:50%;width:calc(50% - ( ( 4% ) * 0.5 ) );\" data-animationType=\"fadeInLeft\" data-animationDuration=\"0.3\" data-animationOffset=\"top-into-view\"><div class=\"fusion-column-wrapper fusion-column-has-shadow fusion-flex-column-wrapper-legacy\"><div class=\"fusion-image-element fusion-image-align-center in-legacy-container\" style=\"text-align:center;--awb-max-width:450px;--awb-caption-title-font-family:var(--h2_typography-font-family);--awb-caption-title-font-weight:var(--h2_typography-font-weight);--awb-caption-title-font-style:var(--h2_typography-font-style);--awb-caption-title-size:var(--h2_typography-font-size);--awb-caption-title-transform:var(--h2_typography-text-transform);--awb-caption-title-line-height:var(--h2_typography-line-height);--awb-caption-title-letter-spacing:var(--h2_typography-letter-spacing);\"><div class=\"imageframe-align-center\"><span class=\" fusion-imageframe imageframe-none imageframe-3 hover-type-none\"><img decoding=\"async\" width=\"612\" height=\"419\" title=\"Aulas Hospitalarias3\" src=\"https:\/\/impulseducacio.org\/wp-content\/uploads\/2022\/02\/Aulas-Hospitalarias3.jpg\" alt class=\"img-responsive wp-image-15338\" srcset=\"https:\/\/impulseducacio.org\/wp-content\/uploads\/2022\/02\/Aulas-Hospitalarias3-200x137.jpg 200w, https:\/\/impulseducacio.org\/wp-content\/uploads\/2022\/02\/Aulas-Hospitalarias3-400x274.jpg 400w, https:\/\/impulseducacio.org\/wp-content\/uploads\/2022\/02\/Aulas-Hospitalarias3-600x411.jpg 600w, https:\/\/impulseducacio.org\/wp-content\/uploads\/2022\/02\/Aulas-Hospitalarias3.jpg 612w\" sizes=\"(max-width: 800px) 100vw, 612px\" \/><\/span><\/div><\/div><div class=\"fusion-clearfix\"><\/div><\/div><\/div><\/div><div class=\"fusion-text fusion-text-9\"><p>Las aulas hospitalarias son un ejemplo de inclusi\u00f3n de todos nuestros alumnos\/as con lo cual, es necesaria una planificaci\u00f3n educativa conjunta acorde con los distintos niveles instrumentales, actitudinales y en consonancia con las diversas condiciones de salud.<\/p>\n<p>Nuestro trabajo diario es encontrar respuestas pedag\u00f3gicas y propuestas did\u00e1cticas que ayuden a estimular y fomentar la participaci\u00f3n del alumnado en su totalidad. Nuestro objetivo es facilitar un marco favorable en pro de la igualdad de oportunidades y la completa participaci\u00f3n. Partimos de la ense\u00f1anza adaptada a los diversos niveles educativos, donde las actividades l\u00fadicas, formativas y de orientaci\u00f3n personal, juntamente con las estrategias psicopedag\u00f3gicas espec\u00edficas de intervenci\u00f3n, crean un marco global de actuaci\u00f3n, sin olvidar que trabajamos tambi\u00e9n conjuntamente con las familias.<\/p>\n<\/div><div class=\"fusion-builder-row fusion-builder-row-inner fusion-row\"><div class=\"fusion-layout-column fusion_builder_column_inner fusion-builder-nested-column-8 fusion_builder_column_inner_1_2 1_2 fusion-one-half fusion-column-first fusion-animated\" style=\"--awb-bg-size:cover;width:50%;width:calc(50% - ( ( 4% ) * 0.5 ) );margin-right: 4%;\" data-animationType=\"fadeInLeft\" data-animationDuration=\"0.3\" data-animationOffset=\"top-into-view\"><div class=\"fusion-column-wrapper fusion-column-has-shadow fusion-flex-column-wrapper-legacy\"><div class=\"fusion-image-element fusion-image-align-center in-legacy-container\" style=\"text-align:center;--awb-max-width:450px;--awb-caption-title-font-family:var(--h2_typography-font-family);--awb-caption-title-font-weight:var(--h2_typography-font-weight);--awb-caption-title-font-style:var(--h2_typography-font-style);--awb-caption-title-size:var(--h2_typography-font-size);--awb-caption-title-transform:var(--h2_typography-text-transform);--awb-caption-title-line-height:var(--h2_typography-line-height);--awb-caption-title-letter-spacing:var(--h2_typography-letter-spacing);\"><div class=\"imageframe-align-center\"><span class=\" fusion-imageframe imageframe-none imageframe-4 hover-type-none\"><img decoding=\"async\" width=\"612\" height=\"408\" title=\"Aulas Hospitalarias4\" src=\"https:\/\/impulseducacio.org\/wp-content\/uploads\/2022\/02\/Aulas-Hospitalarias4.jpg\" alt class=\"img-responsive wp-image-15341\" srcset=\"https:\/\/impulseducacio.org\/wp-content\/uploads\/2022\/02\/Aulas-Hospitalarias4-200x133.jpg 200w, https:\/\/impulseducacio.org\/wp-content\/uploads\/2022\/02\/Aulas-Hospitalarias4-400x267.jpg 400w, https:\/\/impulseducacio.org\/wp-content\/uploads\/2022\/02\/Aulas-Hospitalarias4-600x400.jpg 600w, https:\/\/impulseducacio.org\/wp-content\/uploads\/2022\/02\/Aulas-Hospitalarias4.jpg 612w\" sizes=\"(max-width: 800px) 100vw, 612px\" \/><\/span><\/div><\/div><div class=\"fusion-clearfix\"><\/div><\/div><\/div><div class=\"fusion-layout-column fusion_builder_column_inner fusion-builder-nested-column-9 fusion_builder_column_inner_1_2 1_2 fusion-one-half fusion-column-last fusion-animated\" style=\"--awb-bg-size:cover;width:50%;width:calc(50% - ( ( 4% ) * 0.5 ) );\" data-animationType=\"fadeInLeft\" data-animationDuration=\"0.3\" data-animationOffset=\"top-into-view\"><div class=\"fusion-column-wrapper fusion-column-has-shadow fusion-flex-column-wrapper-legacy\"><div class=\"fusion-text fusion-text-10\"><h6>Nuestro objetivo es facilitar un marco favorable en pro de la igualdad de oportunidades y la completa participaci\u00f3n<\/h6>\n<\/div><div class=\"fusion-clearfix\"><\/div><\/div><\/div><\/div><div class=\"fusion-text fusion-text-11\"><p>En la actualidad, la aplicaci\u00f3n de las tecnolog\u00edas de la informaci\u00f3n y la comunicaci\u00f3n nos ayudan a los docentes a mantener altos niveles de interrelaci\u00f3n con el centro de origen de los alumnos\/as ingresados\/as siendo un recurso que nos supone una ventana al mundo de los portales educativos.<\/p>\n<p>Como docente, considero que es importante mantener una rutina durante el ingreso hospitalario lo m\u00e1s normalizada posible, donde sin dejar de ser ni\u00f1o\/a o joven puedan seguir siendo ellos\/as mismos mientras entre todos\/as cuidamos de su salud. Todos los que formamos el equipo nos proponemos proyectos que van m\u00e1s all\u00e1 de la curaci\u00f3n f\u00edsica de las patolog\u00edas, ya que aportamos diversas estrategias y t\u00e9cnicas en un entorno favorecedor y motivador en el hospital -lugar donde se ha de combinar el tratamiento sanitario con el itinerario educativo-; un espacio donde el juego, la risa, la pl\u00e1stica, la m\u00fasica, el arte\u2026 deben formar parte de la humanizaci\u00f3n de cualquier centro hospitalario como elementos de calidad de vida.<\/p>\n<p>No se debe obviar que siempre y cuando las condiciones de salud lo permitan, el alumno\/a debe continuar el curr\u00edculo establecido con car\u00e1cter general en el nivel correspondiente, realizando en cada caso, las oportunas modificaciones. Para ello se fomenta la conciencia de responsabilidad mediante el desarrollo de una programaci\u00f3n individual adaptada y teniendo como referente la del curso del alumno\/a convaleciente, que ser\u00e1 proporcionada por su tutor en casos de largas estancias.<\/p>\n<p>Paliar el retraso escolar en las \u00e1reas curriculares, ocasionado por la ausencia del centro de referencia durante el tiempo de hospitalizaci\u00f3n, implica fomentar la situaci\u00f3n de continuidad en el proceso educativo elaborando programas flexibles e individualizados y estableciendo las medidas necesarias para que cada alumno\/a est\u00e9 en contacto con sus compa\u00f1eros, tutor, centro, amigos.<\/p>\n<p>As\u00ed pues, desde el aula hospitalaria se potencia el proceso de comunicaci\u00f3n entre el centro de origen y el entorno hospitalario, mediante el uso de las tecnolog\u00edas, con la intencionalidad de facilitar la estancia y la incorporaci\u00f3n al centro de referencia en el momento en el que se produzca el final de su hospitalizaci\u00f3n. De esta manera intentamos paliar la rotura de normalidad que todo ingreso supone.<\/p>\n<\/div><div class=\"fusion-builder-row fusion-builder-row-inner fusion-row\"><div class=\"fusion-layout-column fusion_builder_column_inner fusion-builder-nested-column-10 fusion_builder_column_inner_1_2 1_2 fusion-one-half fusion-column-first fusion-animated\" style=\"--awb-bg-size:cover;width:50%;width:calc(50% - ( ( 4% ) * 0.5 ) );margin-right: 4%;\" data-animationType=\"fadeInLeft\" data-animationDuration=\"0.3\" data-animationOffset=\"top-into-view\"><div class=\"fusion-column-wrapper fusion-column-has-shadow fusion-flex-column-wrapper-legacy\"><div class=\"fusion-text fusion-text-12\"><h6 style=\"text-align: right;\">Desde el aula hospitalaria se potencia el proceso de comunicaci\u00f3n entre el centro de origen y el entorno hospitalario, mediante el uso de las tecnolog\u00edas<\/h6>\n<\/div><div class=\"fusion-clearfix\"><\/div><\/div><\/div><div class=\"fusion-layout-column fusion_builder_column_inner fusion-builder-nested-column-11 fusion_builder_column_inner_1_2 1_2 fusion-one-half fusion-column-last fusion-animated\" style=\"--awb-bg-size:cover;width:50%;width:calc(50% - ( ( 4% ) * 0.5 ) );\" data-animationType=\"fadeInLeft\" data-animationDuration=\"0.3\" data-animationOffset=\"top-into-view\"><div class=\"fusion-column-wrapper fusion-column-has-shadow fusion-flex-column-wrapper-legacy\"><div class=\"fusion-image-element fusion-image-align-center in-legacy-container\" style=\"text-align:center;--awb-max-width:450px;--awb-caption-title-font-family:var(--h2_typography-font-family);--awb-caption-title-font-weight:var(--h2_typography-font-weight);--awb-caption-title-font-style:var(--h2_typography-font-style);--awb-caption-title-size:var(--h2_typography-font-size);--awb-caption-title-transform:var(--h2_typography-text-transform);--awb-caption-title-line-height:var(--h2_typography-line-height);--awb-caption-title-letter-spacing:var(--h2_typography-letter-spacing);\"><div class=\"imageframe-align-center\"><span class=\" fusion-imageframe imageframe-none imageframe-5 hover-type-none\"><img decoding=\"async\" width=\"612\" height=\"408\" title=\"Aulas Hospitalarias5\" src=\"https:\/\/impulseducacio.org\/wp-content\/uploads\/2022\/02\/Aulas-Hospitalarias5.jpg\" alt class=\"img-responsive wp-image-15344\" srcset=\"https:\/\/impulseducacio.org\/wp-content\/uploads\/2022\/02\/Aulas-Hospitalarias5-200x133.jpg 200w, https:\/\/impulseducacio.org\/wp-content\/uploads\/2022\/02\/Aulas-Hospitalarias5-400x267.jpg 400w, https:\/\/impulseducacio.org\/wp-content\/uploads\/2022\/02\/Aulas-Hospitalarias5-600x400.jpg 600w, https:\/\/impulseducacio.org\/wp-content\/uploads\/2022\/02\/Aulas-Hospitalarias5.jpg 612w\" sizes=\"(max-width: 800px) 100vw, 612px\" \/><\/span><\/div><\/div><div class=\"fusion-clearfix\"><\/div><\/div><\/div><\/div><div class=\"fusion-text fusion-text-13\"><p>En definitiva, intentamos apostar por la educaci\u00f3n integral, la equidad y la responsabilidad, ya que un hospital debe ser un centro generador de calidad de vida, un espacio donde la pedagog\u00eda y la salud trabajen de la mano para dar respuestas a las diferentes situaciones que presentan el ni\u00f1o\/a o joven.<\/p>\n<\/div><div class=\"fusion-sep-clear\"><\/div><div class=\"fusion-separator fusion-full-width-sep\" style=\"margin-left: auto;margin-right: auto;margin-top:15px;margin-bottom:15px;width:100%;\"><div class=\"fusion-separator-border sep-single sep-solid\" style=\"--awb-height:20px;--awb-amount:20px;border-color:#f6f4f5;border-top-width:1px;\"><\/div><\/div><div class=\"fusion-sep-clear\"><\/div><div class=\"fusion-text fusion-text-14\"><p>To\u00f1y Castillo es doctora en pedagog\u00eda y docente en el Aula Hospitalaria Dr. Antoni Cambrod\u00ed, Hospital Universitario Arnau de Vilanova de Lleida.<\/p>\n<\/div><div class=\"fusion-clearfix\"><\/div><\/div><\/div><\/div><\/div><div class=\"fusion-fullwidth fullwidth-box fusion-builder-row-4 nonhundred-percent-fullwidth non-hundred-percent-height-scrolling\" style=\"--awb-border-radius-top-left:0px;--awb-border-radius-top-right:0px;--awb-border-radius-bottom-right:0px;--awb-border-radius-bottom-left:0px;--awb-padding-top:0px;--awb-margin-top:0px;--awb-flex-wrap:wrap;\" ><div class=\"fusion-builder-row fusion-row\"><div class=\"fusion-layout-column fusion_builder_column fusion-builder-column-5 fusion_builder_column_3_4 3_4 fusion-three-fourth fusion-column-first\" style=\"--awb-bg-size:cover;--awb-margin-top:4px;width:75%;width:calc(75% - ( ( 4% ) * 0.75 ) );margin-right: 4%;\"><div class=\"fusion-column-wrapper fusion-column-has-shadow fusion-flex-column-wrapper-legacy\"><div class=\"fusion-text fusion-text-15\"><p>Relacionado con: <\/p>\n<\/div><div class=\"fusion-clearfix\"><\/div><\/div><\/div><div class=\"fusion-layout-column fusion_builder_column fusion-builder-column-6 fusion_builder_column_1_4 1_4 fusion-one-fourth fusion-column-last\" style=\"--awb-bg-size:cover;width:25%;width:calc(25% - ( ( 4% ) * 0.25 ) );\"><div class=\"fusion-column-wrapper fusion-column-has-shadow fusion-flex-column-wrapper-legacy\"><div class=\"fusion-clearfix\"><\/div><\/div><\/div><div class=\"fusion-layout-column fusion_builder_column fusion-builder-column-7 fusion_builder_column_1_1 1_1 fusion-one-full fusion-column-first fusion-column-last fusion-animated\" style=\"--awb-padding-right:969px;--awb-bg-blend:overlay;--awb-bg-size:cover;--awb-margin-top:11px;--awb-margin-bottom:70px;\" data-animationType=\"fadeInDown\" data-animationDuration=\"0.6\" data-animationOffset=\"top-into-view\"><div class=\"fusion-column-wrapper fusion-column-has-shadow fusion-flex-column-wrapper-legacy\"><div class=\"fusion-sharing-box fusion-sharing-box-2 boxed-icons has-taglines layout-floated layout-medium-floated layout-small-floated\" style=\"background-color:rgba(246,244,245,0);padding:0;--awb-layout:row;--awb-alignment-small:space-between;\" data-title=\"Aulas hospitalarias, un espacio para la inclusi\u00f3n\" data-description=\"Aulas hospitalarias, un espacio para la inclusi\u00f3n     Your Content Goes Here  \r\nPedagog\u00eda hospitalaria como herramienta inclusiva de normalizaci\u00f3n Por To\u00f1y Castillo   \r\n\r\nLa salud es un estado de completo bienestar f\u00edsico, mental y social, y no solo la ausencia de afecciones\" data-link=\"https:\/\/impulseducacio.org\/es\/aulas-hospitalarias-un-espacio-para-la-inclusion\/\"><h4 class=\"tagline\" style=\"color:#48626f;\">Compartir<\/h4><div class=\"fusion-social-networks sharingbox-shortcode-icon-wrapper sharingbox-shortcode-icon-wrapper-2 boxed-icons\"><span><a href=\"https:\/\/www.facebook.com\/sharer.php?u=https%3A%2F%2Fimpulseducacio.org%2Fes%2Faulas-hospitalarias-un-espacio-para-la-inclusion%2F&amp;t=Aulas%20hospitalarias%2C%20un%20espacio%20para%20la%20inclusi%C3%B3n\" target=\"_blank\" rel=\"noreferrer\" title=\"Facebook\" aria-label=\"Facebook\" data-placement=\"bottom\" data-toggle=\"tooltip\" data-title=\"Facebook\"><i class=\"fusion-social-network-icon fusion-tooltip fusion-facebook awb-icon-facebook\" style=\"color:#ffffff;background-color:#3b5998;border-color:#3b5998;border-radius:24px;\" aria-hidden=\"true\"><\/i><\/a><\/span><span><a href=\"https:\/\/x.com\/intent\/post?text=Aulas%20hospitalarias%2C%20un%20espacio%20para%20la%20inclusi%C3%B3n&amp;url=https%3A%2F%2Fimpulseducacio.org%2Fes%2Faulas-hospitalarias-un-espacio-para-la-inclusion%2F\" target=\"_blank\" rel=\"noopener noreferrer\" title=\"X\" aria-label=\"X\" data-placement=\"bottom\" data-toggle=\"tooltip\" data-title=\"X\"><i class=\"fusion-social-network-icon fusion-tooltip fusion-twitter awb-icon-twitter\" style=\"color:#ffffff;background-color:#000000;border-color:#000000;border-radius:24px;\" aria-hidden=\"true\"><\/i><\/a><\/span><span><a href=\"https:\/\/www.linkedin.com\/shareArticle?mini=true&amp;url=https%3A%2F%2Fimpulseducacio.org%2Fes%2Faulas-hospitalarias-un-espacio-para-la-inclusion%2F&amp;title=Aulas%20hospitalarias%2C%20un%20espacio%20para%20la%20inclusi%C3%B3n&amp;summary=Aulas%20hospitalarias%2C%20un%20espacio%20para%20la%20inclusi%C3%B3n%20%20%20%20%20%20%20%20%20Your%20Content%20Goes%20Here%20%20%20%0D%0APedagog%C3%ADa%20hospitalaria%20como%20herramienta%20inclusiva%20de%20normalizaci%C3%B3n%20Por%20To%C3%B1y%20Castillo%20%20%20%20%20%0D%0A%0D%0ALa%20salud%20es%20un%20estado%20de%20completo%20bienestar%20f%C3%ADsico%2C%20mental%20y%20social%2C%20y%20no%20solo%20la%20ausencia%20de%20afecciones\" target=\"_blank\" rel=\"noopener noreferrer\" title=\"LinkedIn\" aria-label=\"LinkedIn\" data-placement=\"bottom\" data-toggle=\"tooltip\" data-title=\"LinkedIn\"><i class=\"fusion-social-network-icon fusion-tooltip fusion-linkedin awb-icon-linkedin\" style=\"color:#ffffff;background-color:#0077b5;border-color:#0077b5;border-radius:24px;\" aria-hidden=\"true\"><\/i><\/a><\/span><span><a href=\"mailto:?subject=Aulas%20hospitalarias%2C%20un%20espacio%20para%20la%20inclusi%C3%B3n&amp;body=https%3A%2F%2Fimpulseducacio.org%2Fes%2Faulas-hospitalarias-un-espacio-para-la-inclusion%2F\" target=\"_self\" title=\"Email\" aria-label=\"Email\" data-placement=\"bottom\" data-toggle=\"tooltip\" data-title=\"Email\"><i class=\"fusion-social-network-icon fusion-tooltip fusion-mail awb-icon-mail\" style=\"color:#ffffff;background-color:#000000;border-color:#000000;border-radius:24px;\" aria-hidden=\"true\"><\/i><\/a><\/span><\/div><\/div><div class=\"fusion-clearfix\"><\/div><\/div><\/div><\/div><\/div><div class=\"fusion-fullwidth fullwidth-box fusion-builder-row-5 nonhundred-percent-fullwidth non-hundred-percent-height-scrolling\" style=\"--awb-border-radius-top-left:0px;--awb-border-radius-top-right:0px;--awb-border-radius-bottom-right:0px;--awb-border-radius-bottom-left:0px;--awb-padding-top:0px;--awb-padding-bottom:0px;--awb-margin-top:0px;--awb-margin-bottom:0px;--awb-flex-wrap:wrap;\" ><div class=\"fusion-builder-row fusion-row\"><div class=\"fusion-layout-column fusion_builder_column fusion-builder-column-8 fusion_builder_column_3_4 3_4 fusion-three-fourth fusion-column-first\" style=\"--awb-bg-size:cover;width:75%;width:calc(75% - ( ( 4% ) * 0.75 ) );margin-right: 4%;\"><div class=\"fusion-column-wrapper fusion-column-has-shadow fusion-flex-column-wrapper-legacy\"><div class=\"fusion-text fusion-text-16\"><p style=\"font-size: 35px; line-height: 37.4px; font-family: 'Open Sans'; font-weight: 300;\" data-fusion-font=\"true\" data-fusion-google-font=\"Open Sans\" data-fusion-google-variant=\"300\" data-fusion-google-subset=\"latin\">Te puede interesar<\/p>\n<\/div><div class=\"fusion-clearfix\"><\/div><\/div><\/div><div class=\"fusion-layout-column fusion_builder_column fusion-builder-column-9 fusion_builder_column_1_4 1_4 fusion-one-fourth fusion-column-last\" style=\"--awb-padding-left:137px;--awb-bg-size:cover;--awb-margin-top:61px;width:25%;width:calc(25% - ( ( 4% ) * 0.25 ) );\"><div class=\"fusion-column-wrapper fusion-column-has-shadow fusion-flex-column-wrapper-legacy\"><div class=\"fusion-button-wrapper\"><a class=\"fusion-button button-flat button-large button-custom fusion-button-default button-1 fusion-button-default-span fusion-button-default-type\" style=\"--button_accent_color:#ffffff;--button_accent_hover_color:#ffffff;--button_border_hover_color:#ffffff;--button_gradient_top_color:#ffad00;--button_gradient_bottom_color:#ffad00;--button_gradient_top_color_hover:#48626f;--button_gradient_bottom_color_hover:#48626f;\" target=\"lightbox\" rel=\"iLightbox\" href=\"https:\/\/institucio.ipzmarketing.com\/f\/FGIXFJ9o1O8\"><i class=\"fa-envelope fas awb-button__icon awb-button__icon--default button-icon-left\" aria-hidden=\"true\"><\/i><span class=\"fusion-button-text awb-button__text awb-button__text--default\">Subscr\u00edbete<\/span><\/a><\/div><div class=\"fusion-clearfix\"><\/div><\/div><\/div><div class=\"fusion-layout-column fusion_builder_column fusion-builder-column-10 fusion_builder_column_1_1 1_1 fusion-one-full fusion-column-first fusion-column-last\" style=\"--awb-padding-top:21px;--awb-bg-blend:overlay;--awb-bg-size:cover;--awb-margin-top:0px;--awb-margin-bottom:0px;\"><div class=\"fusion-column-wrapper fusion-column-has-shadow fusion-flex-column-wrapper-legacy\"><div class=\"fusion-blog-shortcode fusion-blog-shortcode-1 fusion-blog-archive fusion-blog-layout-grid-wrapper fusion-blog-pagination\"><style type=\"text\/css\">.fusion-blog-shortcode-1 .fusion-blog-layout-grid .fusion-post-grid{padding:21px;}.fusion-blog-shortcode-1 .fusion-posts-container{margin-left: -21px !important; margin-right:-21px !important;}<\/style><div class=\"fusion-posts-container fusion-posts-container-pagination fusion-blog-rollover fusion-blog-layout-grid fusion-blog-layout-grid-3 isotope fusion-blog-equal-heights\" data-pages=\"11\" data-grid-col-space=\"42\" style=\"margin: -21px -21px 0;min-height:500px;\"><article id=\"blog-1-post-47077\" class=\"fusion-post-grid post-47077 post type-post status-publish format-standard has-post-thumbnail hentry category-personalizacion tag-entrevista-experto\">\n<div class=\"fusion-post-wrapper\" style=\"background-color:rgba(246,247,247,1);border:none;\">\n\n\t\t\t<div class=\"fusion-flexslider flexslider fusion-flexslider-loading fusion-post-slideshow\" style=\"border-color:rgba(255,255,255,0);\">\n\t\t<ul class=\"slides\">\n\t\t\t\n\t\t\t\t\t\t\t\t\t\t\t\t\t\t<li><div  class=\"fusion-image-wrapper\" aria-haspopup=\"true\">\n\t\t\t\t<img decoding=\"async\" width=\"2560\" height=\"1280\" src=\"https:\/\/impulseducacio.org\/wp-content\/uploads\/2025\/05\/1.-Portada-entrevista-Become_WEB-scaled.jpg\" class=\"attachment-full size-full wp-post-image\" alt=\"\" srcset=\"https:\/\/impulseducacio.org\/wp-content\/uploads\/2025\/05\/1.-Portada-entrevista-Become_WEB-200x100.jpg 200w, https:\/\/impulseducacio.org\/wp-content\/uploads\/2025\/05\/1.-Portada-entrevista-Become_WEB-400x200.jpg 400w, https:\/\/impulseducacio.org\/wp-content\/uploads\/2025\/05\/1.-Portada-entrevista-Become_WEB-600x300.jpg 600w, https:\/\/impulseducacio.org\/wp-content\/uploads\/2025\/05\/1.-Portada-entrevista-Become_WEB-800x400.jpg 800w, https:\/\/impulseducacio.org\/wp-content\/uploads\/2025\/05\/1.-Portada-entrevista-Become_WEB-1200x600.jpg 1200w, https:\/\/impulseducacio.org\/wp-content\/uploads\/2025\/05\/1.-Portada-entrevista-Become_WEB-scaled.jpg 2560w\" sizes=\"(min-width: 2200px) 100vw, (min-width: 784px) 399px, (min-width: 712px) 598px, (min-width: 640px) 712px, \" \/><div class=\"fusion-rollover\">\n\t<div class=\"fusion-rollover-content\">\n\n\t\t\t\t\t\t\t\t\t\t\t\t\t\t<a class=\"fusion-rollover-link\" href=\"https:\/\/impulseducacio.org\/es\/educacion-del-caracter-liderar-comunidades-que-ponen-a-la-persona-en-el-centro\/\">Educaci\u00f3n del car\u00e1cter: liderar comunidades que ponen a la persona en el centro<\/a>\n\t\t\t\n\t\t\t\t\t\t\t\t\t\t\t\t\t\t\n\t\t\t\t\t\t\t\t\n\t\t\t\t\t\t\t\t\t\t\t\t\t<div class=\"fusion-rollover-sep\"><\/div>\n\t\t\t\t\n\t\t\t\t\t\t\t\t\t\t\t\t\t\t\t\t\t\t<a class=\"fusion-rollover-gallery\" href=\"https:\/\/impulseducacio.org\/wp-content\/uploads\/2025\/05\/1.-Portada-entrevista-Become_WEB-scaled.jpg\" data-options=\"\" data-id=\"47077\" data-rel=\"iLightbox[gallery]\" data-title=\"1.-Portada-entrevista-Become_WEB\" data-caption=\"\">\n\t\t\t\t\t\tGallery\t\t\t\t\t<\/a>\n\t\t\t\t\t\t\t\t\t\t\t\t\t\t\n\t\t\n\t\t\t\t\t\t\t\t\n\t\t\t\t\t\t\t\t\n\t\t\n\t\t\t\t\t\t<a class=\"fusion-link-wrapper\" href=\"https:\/\/impulseducacio.org\/es\/educacion-del-caracter-liderar-comunidades-que-ponen-a-la-persona-en-el-centro\/\" aria-label=\"Educaci\u00f3n del car\u00e1cter: liderar comunidades que ponen a la persona en el centro\"><\/a>\n\t<\/div>\n<\/div>\n<\/div>\n<\/li>\n\t\t\t\n\t\t\t\n\t\t\t\t\t\t\t\t\t\t\t\t\t\t\t\t\t\t\t\t\t\t\t\t\t\t\t\t\t\t\t\t\t\t\t\t\t\t\t\t\t\t\t\t\t\t\t\t\t\t\t\t\t\t\t\t\t\t\t\t\t\t\t\t\t\t\t\t<\/ul>\n\t<\/div>\n\t<div class=\"fusion-post-content-wrapper\" style=\"padding:30px 8% 25px 8%;\"><div class=\"fusion-post-content post-content\"><h2 class=\"blog-shortcode-post-title entry-title\"><a href=\"https:\/\/impulseducacio.org\/es\/educacion-del-caracter-liderar-comunidades-que-ponen-a-la-persona-en-el-centro\/\">Educaci\u00f3n del car\u00e1cter: liderar comunidades que ponen a la persona en el centro<\/a><\/h2><p class=\"fusion-single-line-meta\"><span class=\"vcard\" style=\"display: none;\"><span class=\"fn\"><a href=\"https:\/\/impulseducacio.org\/es\/author\/ana-moreno\/\" title=\"Posts by Impuls Educaci\u00f3\" rel=\"author\">Impuls Educaci\u00f3<\/a><\/span><\/span><span class=\"updated\" style=\"display:none;\">2025-05-30T08:04:35+00:00<\/span><span>May 30th, 2025<\/span><span class=\"fusion-inline-sep\">|<\/span><\/p><\/div><\/div><div class=\"fusion-clearfix\"><\/div><\/div>\n<\/article>\n<article id=\"blog-1-post-45404\" class=\"fusion-post-grid post-45404 post type-post status-publish format-gallery has-post-thumbnail hentry category-personalizacion tag-entrevista-experto post_format-post-format-gallery\">\n<div class=\"fusion-post-wrapper\" style=\"background-color:rgba(246,247,247,1);border:none;\">\n\n\t\t\t<div class=\"fusion-flexslider flexslider fusion-flexslider-loading fusion-post-slideshow\" style=\"border-color:rgba(255,255,255,0);\">\n\t\t<ul class=\"slides\">\n\t\t\t\n\t\t\t\t\t\t\t\t\t\t\t\t\t\t<li><div  class=\"fusion-image-wrapper\" aria-haspopup=\"true\">\n\t\t\t\t<img decoding=\"async\" width=\"2560\" height=\"1280\" src=\"https:\/\/impulseducacio.org\/wp-content\/uploads\/2025\/01\/00_Portada-entrevista-F-Torralba_WEB-1-scaled.jpg\" class=\"attachment-full size-full wp-post-image\" alt=\"\" srcset=\"https:\/\/impulseducacio.org\/wp-content\/uploads\/2025\/01\/00_Portada-entrevista-F-Torralba_WEB-1-200x100.jpg 200w, https:\/\/impulseducacio.org\/wp-content\/uploads\/2025\/01\/00_Portada-entrevista-F-Torralba_WEB-1-400x200.jpg 400w, https:\/\/impulseducacio.org\/wp-content\/uploads\/2025\/01\/00_Portada-entrevista-F-Torralba_WEB-1-600x300.jpg 600w, https:\/\/impulseducacio.org\/wp-content\/uploads\/2025\/01\/00_Portada-entrevista-F-Torralba_WEB-1-800x400.jpg 800w, https:\/\/impulseducacio.org\/wp-content\/uploads\/2025\/01\/00_Portada-entrevista-F-Torralba_WEB-1-1200x600.jpg 1200w, https:\/\/impulseducacio.org\/wp-content\/uploads\/2025\/01\/00_Portada-entrevista-F-Torralba_WEB-1-scaled.jpg 2560w\" sizes=\"(min-width: 2200px) 100vw, (min-width: 784px) 399px, (min-width: 712px) 598px, (min-width: 640px) 712px, \" \/><div class=\"fusion-rollover\">\n\t<div class=\"fusion-rollover-content\">\n\n\t\t\t\t\t\t\t\t\t\t\t\t\t\t<a class=\"fusion-rollover-link\" href=\"https:\/\/impulseducacio.org\/es\/educar-es-desarrollar-todo-el-potencial-humano\/\">Educar es desarrollar todo el potencial humano<\/a>\n\t\t\t\n\t\t\t\t\t\t\t\t\t\t\t\t\t\t\n\t\t\t\t\t\t\t\t\n\t\t\t\t\t\t\t\t\t\t\t\t\t<div class=\"fusion-rollover-sep\"><\/div>\n\t\t\t\t\n\t\t\t\t\t\t\t\t\t\t\t\t\t\t\t\t\t\t<a class=\"fusion-rollover-gallery\" href=\"https:\/\/impulseducacio.org\/wp-content\/uploads\/2025\/01\/00_Portada-entrevista-F-Torralba_WEB-1-scaled.jpg\" data-options=\"\" data-id=\"45404\" data-rel=\"iLightbox[gallery]\" data-title=\"00_Portada-entrevista-F-Torralba_WEB\" data-caption=\"\">\n\t\t\t\t\t\tGallery\t\t\t\t\t<\/a>\n\t\t\t\t\t\t\t\t\t\t\t\t\t\t\n\t\t\n\t\t\t\t\t\t\t\t\n\t\t\t\t\t\t\t\t\n\t\t\n\t\t\t\t\t\t<a class=\"fusion-link-wrapper\" href=\"https:\/\/impulseducacio.org\/es\/educar-es-desarrollar-todo-el-potencial-humano\/\" aria-label=\"Educar es desarrollar todo el potencial humano\"><\/a>\n\t<\/div>\n<\/div>\n<\/div>\n<\/li>\n\t\t\t\n\t\t\t\n\t\t\t\t\t\t\t\t\t\t\t\t\t\t\t\t\t\t\t\t\t\t\t\t\t\t\t\t\t\t\t\t\t\t\t\t\t\t\t\t\t\t\t\t\t\t\t\t\t\t\t\t\t\t\t\t\t\t\t\t\t\t\t\t\t\t\t\t<\/ul>\n\t<\/div>\n\t<div class=\"fusion-post-content-wrapper\" style=\"padding:30px 8% 25px 8%;\"><div class=\"fusion-post-content post-content\"><h2 class=\"blog-shortcode-post-title entry-title\"><a href=\"https:\/\/impulseducacio.org\/es\/educar-es-desarrollar-todo-el-potencial-humano\/\">Educar es desarrollar todo el potencial humano<\/a><\/h2><p class=\"fusion-single-line-meta\"><span class=\"vcard\" style=\"display: none;\"><span class=\"fn\"><a href=\"https:\/\/impulseducacio.org\/es\/author\/ana-moreno\/\" title=\"Posts by Impuls Educaci\u00f3\" rel=\"author\">Impuls Educaci\u00f3<\/a><\/span><\/span><span class=\"updated\" style=\"display:none;\">2025-06-02T07:19:44+00:00<\/span><span>May 22nd, 2025<\/span><span class=\"fusion-inline-sep\">|<\/span><\/p><\/div><\/div><div class=\"fusion-clearfix\"><\/div><\/div>\n<\/article>\n<article id=\"blog-1-post-46744\" class=\"fusion-post-grid post-46744 post type-post status-publish format-standard has-post-thumbnail hentry category-personalizacion tag-entrevista-experto\">\n<div class=\"fusion-post-wrapper\" style=\"background-color:rgba(246,247,247,1);border:none;\">\n\n\t\t\t<div class=\"fusion-flexslider flexslider fusion-flexslider-loading fusion-post-slideshow\" style=\"border-color:rgba(255,255,255,0);\">\n\t\t<ul class=\"slides\">\n\t\t\t\n\t\t\t\t\t\t\t\t\t\t\t\t\t\t<li><div  class=\"fusion-image-wrapper\" aria-haspopup=\"true\">\n\t\t\t\t<img decoding=\"async\" width=\"2560\" height=\"1280\" src=\"https:\/\/impulseducacio.org\/wp-content\/uploads\/2025\/04\/1.-Portada-entrevista-Marvin-Berkowitz_WEB-scaled.jpg\" class=\"attachment-full size-full wp-post-image\" alt=\"\" srcset=\"https:\/\/impulseducacio.org\/wp-content\/uploads\/2025\/04\/1.-Portada-entrevista-Marvin-Berkowitz_WEB-200x100.jpg 200w, https:\/\/impulseducacio.org\/wp-content\/uploads\/2025\/04\/1.-Portada-entrevista-Marvin-Berkowitz_WEB-400x200.jpg 400w, https:\/\/impulseducacio.org\/wp-content\/uploads\/2025\/04\/1.-Portada-entrevista-Marvin-Berkowitz_WEB-600x300.jpg 600w, https:\/\/impulseducacio.org\/wp-content\/uploads\/2025\/04\/1.-Portada-entrevista-Marvin-Berkowitz_WEB-800x400.jpg 800w, https:\/\/impulseducacio.org\/wp-content\/uploads\/2025\/04\/1.-Portada-entrevista-Marvin-Berkowitz_WEB-1200x600.jpg 1200w, https:\/\/impulseducacio.org\/wp-content\/uploads\/2025\/04\/1.-Portada-entrevista-Marvin-Berkowitz_WEB-scaled.jpg 2560w\" sizes=\"(min-width: 2200px) 100vw, (min-width: 784px) 399px, (min-width: 712px) 598px, (min-width: 640px) 712px, \" \/><div class=\"fusion-rollover\">\n\t<div class=\"fusion-rollover-content\">\n\n\t\t\t\t\t\t\t\t\t\t\t\t\t\t<a class=\"fusion-rollover-link\" href=\"https:\/\/impulseducacio.org\/es\/primed-un-modelo-para-transformar-la-educacion-del-caracter\/\">PRIMED: un modelo para transformar la educaci\u00f3n del car\u00e1cter<\/a>\n\t\t\t\n\t\t\t\t\t\t\t\t\t\t\t\t\t\t\n\t\t\t\t\t\t\t\t\n\t\t\t\t\t\t\t\t\t\t\t\t\t<div class=\"fusion-rollover-sep\"><\/div>\n\t\t\t\t\n\t\t\t\t\t\t\t\t\t\t\t\t\t\t\t\t\t\t<a class=\"fusion-rollover-gallery\" href=\"https:\/\/impulseducacio.org\/wp-content\/uploads\/2025\/04\/1.-Portada-entrevista-Marvin-Berkowitz_WEB-scaled.jpg\" data-options=\"\" data-id=\"46744\" data-rel=\"iLightbox[gallery]\" data-title=\"1.-Portada-entrevista-Marvin-Berkowitz_WEB\" data-caption=\"\">\n\t\t\t\t\t\tGallery\t\t\t\t\t<\/a>\n\t\t\t\t\t\t\t\t\t\t\t\t\t\t\n\t\t\n\t\t\t\t\t\t\t\t\n\t\t\t\t\t\t\t\t\n\t\t\n\t\t\t\t\t\t<a class=\"fusion-link-wrapper\" href=\"https:\/\/impulseducacio.org\/es\/primed-un-modelo-para-transformar-la-educacion-del-caracter\/\" aria-label=\"PRIMED: un modelo para transformar la educaci\u00f3n del car\u00e1cter\"><\/a>\n\t<\/div>\n<\/div>\n<\/div>\n<\/li>\n\t\t\t\n\t\t\t\n\t\t\t\t\t\t\t\t\t\t\t\t\t\t\t\t\t\t\t\t\t\t\t\t\t\t\t\t\t\t\t\t\t\t\t\t\t\t\t\t\t\t\t\t\t\t\t\t\t\t\t\t\t\t\t\t\t\t\t\t\t\t\t\t\t\t\t\t<\/ul>\n\t<\/div>\n\t<div class=\"fusion-post-content-wrapper\" style=\"padding:30px 8% 25px 8%;\"><div class=\"fusion-post-content post-content\"><h2 class=\"blog-shortcode-post-title entry-title\"><a href=\"https:\/\/impulseducacio.org\/es\/primed-un-modelo-para-transformar-la-educacion-del-caracter\/\">PRIMED: un modelo para transformar la educaci\u00f3n del car\u00e1cter<\/a><\/h2><p class=\"fusion-single-line-meta\"><span class=\"vcard\" style=\"display: none;\"><span class=\"fn\"><a href=\"https:\/\/impulseducacio.org\/es\/author\/ana-moreno\/\" title=\"Posts by Impuls Educaci\u00f3\" rel=\"author\">Impuls Educaci\u00f3<\/a><\/span><\/span><span class=\"updated\" style=\"display:none;\">2025-04-23T08:10:20+00:00<\/span><span>April 7th, 2025<\/span><span class=\"fusion-inline-sep\">|<\/span><\/p><\/div><\/div><div class=\"fusion-clearfix\"><\/div><\/div>\n<\/article>\n<article id=\"blog-1-post-46688\" class=\"fusion-post-grid post-46688 post type-post status-publish format-standard has-post-thumbnail hentry category-personalizacion category-sin-categorizar tag-entrevista-experto\">\n<div class=\"fusion-post-wrapper\" style=\"background-color:rgba(246,247,247,1);border:none;\">\n\n\t\t\t<div class=\"fusion-flexslider flexslider fusion-flexslider-loading fusion-post-slideshow\" style=\"border-color:rgba(255,255,255,0);\">\n\t\t<ul class=\"slides\">\n\t\t\t\n\t\t\t\t\t\t\t\t\t\t\t\t\t\t<li><div  class=\"fusion-image-wrapper\" aria-haspopup=\"true\">\n\t\t\t\t<img decoding=\"async\" width=\"2560\" height=\"1281\" src=\"https:\/\/impulseducacio.org\/wp-content\/uploads\/2025\/04\/0.-Portada-entrevista-Pepe-Menendez_WEB-scaled.jpg\" class=\"attachment-full size-full wp-post-image\" alt=\"\" srcset=\"https:\/\/impulseducacio.org\/wp-content\/uploads\/2025\/04\/0.-Portada-entrevista-Pepe-Menendez_WEB-200x100.jpg 200w, https:\/\/impulseducacio.org\/wp-content\/uploads\/2025\/04\/0.-Portada-entrevista-Pepe-Menendez_WEB-400x200.jpg 400w, https:\/\/impulseducacio.org\/wp-content\/uploads\/2025\/04\/0.-Portada-entrevista-Pepe-Menendez_WEB-600x300.jpg 600w, https:\/\/impulseducacio.org\/wp-content\/uploads\/2025\/04\/0.-Portada-entrevista-Pepe-Menendez_WEB-800x400.jpg 800w, https:\/\/impulseducacio.org\/wp-content\/uploads\/2025\/04\/0.-Portada-entrevista-Pepe-Menendez_WEB-1200x600.jpg 1200w, https:\/\/impulseducacio.org\/wp-content\/uploads\/2025\/04\/0.-Portada-entrevista-Pepe-Menendez_WEB-scaled.jpg 2560w\" sizes=\"(min-width: 2200px) 100vw, (min-width: 784px) 399px, (min-width: 712px) 598px, (min-width: 640px) 712px, \" \/><div class=\"fusion-rollover\">\n\t<div class=\"fusion-rollover-content\">\n\n\t\t\t\t\t\t\t\t\t\t\t\t\t\t<a class=\"fusion-rollover-link\" href=\"https:\/\/impulseducacio.org\/es\/la-escuela-ante-los-desafios-del-siglo-xxi\/\">La escuela ante los desaf\u00edos del siglo XXI<\/a>\n\t\t\t\n\t\t\t\t\t\t\t\t\t\t\t\t\t\t\n\t\t\t\t\t\t\t\t\n\t\t\t\t\t\t\t\t\t\t\t\t\t<div class=\"fusion-rollover-sep\"><\/div>\n\t\t\t\t\n\t\t\t\t\t\t\t\t\t\t\t\t\t\t\t\t\t\t<a class=\"fusion-rollover-gallery\" href=\"https:\/\/impulseducacio.org\/wp-content\/uploads\/2025\/04\/0.-Portada-entrevista-Pepe-Menendez_WEB-scaled.jpg\" data-options=\"\" data-id=\"46688\" data-rel=\"iLightbox[gallery]\" data-title=\"0.-Portada-entrevista-Pepe-Men\u00e9ndez_WEB\" data-caption=\"\">\n\t\t\t\t\t\tGallery\t\t\t\t\t<\/a>\n\t\t\t\t\t\t\t\t\t\t\t\t\t\t\n\t\t\n\t\t\t\t\t\t\t\t\n\t\t\t\t\t\t\t\t\n\t\t\n\t\t\t\t\t\t<a class=\"fusion-link-wrapper\" href=\"https:\/\/impulseducacio.org\/es\/la-escuela-ante-los-desafios-del-siglo-xxi\/\" aria-label=\"La escuela ante los desaf\u00edos del siglo XXI\"><\/a>\n\t<\/div>\n<\/div>\n<\/div>\n<\/li>\n\t\t\t\n\t\t\t\n\t\t\t\t\t\t\t\t\t\t\t\t\t\t\t\t\t\t\t\t\t\t\t\t\t\t\t\t\t\t\t\t\t\t\t\t\t\t\t\t\t\t\t\t\t\t\t\t\t\t\t\t\t\t\t\t\t\t\t\t\t\t\t\t\t\t\t\t<\/ul>\n\t<\/div>\n\t<div class=\"fusion-post-content-wrapper\" style=\"padding:30px 8% 25px 8%;\"><div class=\"fusion-post-content post-content\"><h2 class=\"blog-shortcode-post-title entry-title\"><a href=\"https:\/\/impulseducacio.org\/es\/la-escuela-ante-los-desafios-del-siglo-xxi\/\">La escuela ante los desaf\u00edos del siglo XXI<\/a><\/h2><p class=\"fusion-single-line-meta\"><span class=\"vcard\" style=\"display: none;\"><span class=\"fn\"><a href=\"https:\/\/impulseducacio.org\/es\/author\/ana-moreno\/\" title=\"Posts by Impuls Educaci\u00f3\" rel=\"author\">Impuls Educaci\u00f3<\/a><\/span><\/span><span class=\"updated\" style=\"display:none;\">2025-04-07T14:01:30+00:00<\/span><span>April 2nd, 2025<\/span><span class=\"fusion-inline-sep\">|<\/span><\/p><\/div><\/div><div class=\"fusion-clearfix\"><\/div><\/div>\n<\/article>\n<article id=\"blog-1-post-46639\" class=\"fusion-post-grid post-46639 post type-post status-publish format-gallery has-post-thumbnail hentry category-personalizacion tag-resena post_format-post-format-gallery\">\n<div class=\"fusion-post-wrapper\" style=\"background-color:rgba(246,247,247,1);border:none;\">\n\n\t\t\t<div class=\"fusion-flexslider flexslider fusion-flexslider-loading fusion-post-slideshow\" style=\"border-color:rgba(255,255,255,0);\">\n\t\t<ul class=\"slides\">\n\t\t\t\n\t\t\t\t\t\t\t\t\t\t\t\t\t\t<li><div  class=\"fusion-image-wrapper\" aria-haspopup=\"true\">\n\t\t\t\t<img decoding=\"async\" width=\"2030\" height=\"1016\" src=\"https:\/\/impulseducacio.org\/wp-content\/uploads\/2025\/03\/1.-Portada_Educar-para-la-vida_WEB.jpg\" class=\"attachment-full size-full wp-post-image\" alt=\"\" srcset=\"https:\/\/impulseducacio.org\/wp-content\/uploads\/2025\/03\/1.-Portada_Educar-para-la-vida_WEB-200x100.jpg 200w, https:\/\/impulseducacio.org\/wp-content\/uploads\/2025\/03\/1.-Portada_Educar-para-la-vida_WEB-400x200.jpg 400w, https:\/\/impulseducacio.org\/wp-content\/uploads\/2025\/03\/1.-Portada_Educar-para-la-vida_WEB-600x300.jpg 600w, https:\/\/impulseducacio.org\/wp-content\/uploads\/2025\/03\/1.-Portada_Educar-para-la-vida_WEB-800x400.jpg 800w, https:\/\/impulseducacio.org\/wp-content\/uploads\/2025\/03\/1.-Portada_Educar-para-la-vida_WEB-1200x601.jpg 1200w, https:\/\/impulseducacio.org\/wp-content\/uploads\/2025\/03\/1.-Portada_Educar-para-la-vida_WEB.jpg 2030w\" sizes=\"(min-width: 2200px) 100vw, (min-width: 784px) 399px, (min-width: 712px) 598px, (min-width: 640px) 712px, \" \/><div class=\"fusion-rollover\">\n\t<div class=\"fusion-rollover-content\">\n\n\t\t\t\t\t\t\t\t\t\t\t\t\t\t<a class=\"fusion-rollover-link\" href=\"https:\/\/impulseducacio.org\/es\/educar-para-la-vida\/\">Educar para la vida: Innovaci\u00f3n educativa y liderazgo humanizador<\/a>\n\t\t\t\n\t\t\t\t\t\t\t\t\t\t\t\t\t\t\n\t\t\t\t\t\t\t\t\n\t\t\t\t\t\t\t\t\t\t\t\t\t<div class=\"fusion-rollover-sep\"><\/div>\n\t\t\t\t\n\t\t\t\t\t\t\t\t\t\t\t\t\t\t\t\t\t\t<a class=\"fusion-rollover-gallery\" href=\"https:\/\/impulseducacio.org\/wp-content\/uploads\/2025\/03\/1.-Portada_Educar-para-la-vida_WEB.jpg\" data-options=\"\" data-id=\"46639\" data-rel=\"iLightbox[gallery]\" data-title=\"1.-Portada_Educar-para-la-vida_WEB\" data-caption=\"\">\n\t\t\t\t\t\tGallery\t\t\t\t\t<\/a>\n\t\t\t\t\t\t\t\t\t\t\t\t\t\t\n\t\t\n\t\t\t\t\t\t\t\t\n\t\t\t\t\t\t\t\t\n\t\t\n\t\t\t\t\t\t<a class=\"fusion-link-wrapper\" href=\"https:\/\/impulseducacio.org\/es\/educar-para-la-vida\/\" aria-label=\"Educar para la vida: Innovaci\u00f3n educativa y liderazgo humanizador\"><\/a>\n\t<\/div>\n<\/div>\n<\/div>\n<\/li>\n\t\t\t\n\t\t\t\n\t\t\t\t\t\t\t\t\t\t\t\t\t\t\t\t\t\t\t\t\t\t\t\t\t\t\t\t\t\t\t\t\t\t\t\t\t\t\t\t\t\t\t\t\t\t\t\t\t\t\t\t\t\t\t\t\t\t\t\t\t\t\t\t\t\t\t\t<\/ul>\n\t<\/div>\n\t<div class=\"fusion-post-content-wrapper\" style=\"padding:30px 8% 25px 8%;\"><div class=\"fusion-post-content post-content\"><h2 class=\"blog-shortcode-post-title entry-title\"><a href=\"https:\/\/impulseducacio.org\/es\/educar-para-la-vida\/\">Educar para la vida: Innovaci\u00f3n educativa y liderazgo humanizador<\/a><\/h2><p class=\"fusion-single-line-meta\"><span class=\"vcard\" style=\"display: none;\"><span class=\"fn\"><a href=\"https:\/\/impulseducacio.org\/es\/author\/ana-moreno\/\" title=\"Posts by Impuls Educaci\u00f3\" rel=\"author\">Impuls Educaci\u00f3<\/a><\/span><\/span><span class=\"updated\" style=\"display:none;\">2025-03-25T13:50:34+00:00<\/span><span>March 25th, 2025<\/span><span class=\"fusion-inline-sep\">|<\/span><\/p><\/div><\/div><div class=\"fusion-clearfix\"><\/div><\/div>\n<\/article>\n<article id=\"blog-1-post-5930\" class=\"fusion-post-grid post-5930 post type-post status-publish format-standard has-post-thumbnail hentry category-personalizacion tag-articulo-es\">\n<div class=\"fusion-post-wrapper\" style=\"background-color:rgba(246,247,247,1);border:none;\">\n\n\t\t\t<div class=\"fusion-flexslider flexslider fusion-flexslider-loading fusion-post-slideshow\" style=\"border-color:rgba(255,255,255,0);\">\n\t\t<ul class=\"slides\">\n\t\t\t\n\t\t\t\t\t\t\t\t\t\t\t\t\t\t<li><div  class=\"fusion-image-wrapper\" aria-haspopup=\"true\">\n\t\t\t\t<img decoding=\"async\" width=\"2560\" height=\"1281\" src=\"https:\/\/impulseducacio.org\/wp-content\/uploads\/2020\/06\/Portada-post-Dream-schools-scaled.jpg\" class=\"attachment-full size-full wp-post-image\" alt=\"\" srcset=\"https:\/\/impulseducacio.org\/wp-content\/uploads\/2020\/06\/Portada-post-Dream-schools-200x100.jpg 200w, https:\/\/impulseducacio.org\/wp-content\/uploads\/2020\/06\/Portada-post-Dream-schools-400x200.jpg 400w, https:\/\/impulseducacio.org\/wp-content\/uploads\/2020\/06\/Portada-post-Dream-schools-600x300.jpg 600w, https:\/\/impulseducacio.org\/wp-content\/uploads\/2020\/06\/Portada-post-Dream-schools-800x400.jpg 800w, https:\/\/impulseducacio.org\/wp-content\/uploads\/2020\/06\/Portada-post-Dream-schools-1200x600.jpg 1200w, https:\/\/impulseducacio.org\/wp-content\/uploads\/2020\/06\/Portada-post-Dream-schools-scaled.jpg 2560w\" sizes=\"(min-width: 2200px) 100vw, (min-width: 784px) 399px, (min-width: 712px) 598px, (min-width: 640px) 712px, \" \/><div class=\"fusion-rollover\">\n\t<div class=\"fusion-rollover-content\">\n\n\t\t\t\t\t\t\t\t\t\t\t\t\t\t<a class=\"fusion-rollover-link\" href=\"https:\/\/impulseducacio.org\/es\/dream-schools-un-modelo-pedagogico-personalizado-y-sostenible\/\">Dream schools, un modelo pedag\u00f3gico personalizado y sostenible<\/a>\n\t\t\t\n\t\t\t\t\t\t\t\t\t\t\t\t\t\t\n\t\t\t\t\t\t\t\t\n\t\t\t\t\t\t\t\t\t\t\t\t\t<div class=\"fusion-rollover-sep\"><\/div>\n\t\t\t\t\n\t\t\t\t\t\t\t\t\t\t\t\t\t\t\t\t\t\t<a class=\"fusion-rollover-gallery\" href=\"https:\/\/impulseducacio.org\/wp-content\/uploads\/2020\/06\/Portada-post-Dream-schools-scaled.jpg\" data-options=\"\" data-id=\"5930\" data-rel=\"iLightbox[gallery]\" data-title=\"Portada-post-Dream-schools\" data-caption=\"\">\n\t\t\t\t\t\tGallery\t\t\t\t\t<\/a>\n\t\t\t\t\t\t\t\t\t\t\t\t\t\t\n\t\t\n\t\t\t\t\t\t\t\t\n\t\t\t\t\t\t\t\t\n\t\t\n\t\t\t\t\t\t<a class=\"fusion-link-wrapper\" href=\"https:\/\/impulseducacio.org\/es\/dream-schools-un-modelo-pedagogico-personalizado-y-sostenible\/\" aria-label=\"Dream schools, un modelo pedag\u00f3gico personalizado y sostenible\"><\/a>\n\t<\/div>\n<\/div>\n<\/div>\n<\/li>\n\t\t\t\n\t\t\t\n\t\t\t\t\t\t\t\t\t\t\t\t\t\t\t\t\t\t\t\t\t\t\t\t\t\t\t\t\t\t\t\t\t\t\t\t\t\t\t\t\t\t\t\t\t\t\t\t\t\t\t\t\t\t\t\t\t\t\t\t\t\t\t\t\t\t\t\t<\/ul>\n\t<\/div>\n\t<div class=\"fusion-post-content-wrapper\" style=\"padding:30px 8% 25px 8%;\"><div class=\"fusion-post-content post-content\"><h2 class=\"blog-shortcode-post-title entry-title\"><a href=\"https:\/\/impulseducacio.org\/es\/dream-schools-un-modelo-pedagogico-personalizado-y-sostenible\/\">Dream schools, un modelo pedag\u00f3gico personalizado y sostenible<\/a><\/h2><p class=\"fusion-single-line-meta\"><span class=\"vcard\" style=\"display: none;\"><span class=\"fn\"><a href=\"https:\/\/impulseducacio.org\/es\/author\/impulseducacio\/\" title=\"Posts by Impuls Educaci\u00f3\" rel=\"author\">Impuls Educaci\u00f3<\/a><\/span><\/span><span class=\"updated\" style=\"display:none;\">2024-12-05T16:47:42+00:00<\/span><span>December 3rd, 2024<\/span><span class=\"fusion-inline-sep\">|<\/span><\/p><\/div><\/div><div class=\"fusion-clearfix\"><\/div><\/div>\n<\/article>\n<div class=\"fusion-clearfix\"><\/div><\/div><div class=\"pagination clearfix\"><span class=\"current\">1<\/span><a href=\"https:\/\/impulseducacio.org\/es\/wp-json\/wp\/v2\/posts\/15317\/page\/2\/\" class=\"inactive\">2<\/a><a class=\"pagination-next\" rel=\"next\" href=\"https:\/\/impulseducacio.org\/es\/wp-json\/wp\/v2\/posts\/15317\/page\/2\/\"><span class=\"page-text\">Next<\/span><span class=\"page-next\"><\/span><\/a><\/div><div class=\"fusion-clearfix\"><\/div><\/div><div class=\"fusion-clearfix\"><\/div><\/div><\/div><\/div><\/div><\/p>\n","protected":false},"excerpt":{"rendered":"","protected":false},"author":2,"featured_media":15323,"comment_status":"open","ping_status":"open","sticky":false,"template":"","format":"standard","meta":{"_acf_changed":false,"footnotes":""},"categories":[43],"tags":[47,49],"class_list":["post-15317","post","type-post","status-publish","format-standard","has-post-thumbnail","hentry","category-personalizacion","tag-articulo","tag-inclusion"],"acf":[],"yoast_head":"<!-- This site is optimized with the Yoast SEO plugin v27.4 - https:\/\/yoast.com\/product\/yoast-seo-wordpress\/ -->\n<title>Aulas hospitalarias, un espacio para la inclusi\u00f3n | Actualitat Educativa<\/title>\n<meta name=\"robots\" content=\"index, follow, max-snippet:-1, max-image-preview:large, max-video-preview:-1\" \/>\n<link rel=\"canonical\" href=\"https:\/\/impulseducacio.org\/es\/aulas-hospitalarias-un-espacio-para-la-inclusion\/\" \/>\n<meta property=\"og:locale\" content=\"es_ES\" \/>\n<meta property=\"og:type\" content=\"article\" \/>\n<meta property=\"og:title\" content=\"Aulas hospitalarias, un espacio para la inclusi\u00f3n | Actualitat Educativa\" \/>\n<meta property=\"og:url\" content=\"https:\/\/impulseducacio.org\/es\/aulas-hospitalarias-un-espacio-para-la-inclusion\/\" \/>\n<meta property=\"og:site_name\" content=\"IMPULS EDUCACI\u00d3\" \/>\n<meta property=\"article:publisher\" content=\"https:\/\/www.facebook.com\/impulseducacio2020\" \/>\n<meta property=\"article:published_time\" content=\"2022-02-08T13:52:57+00:00\" \/>\n<meta property=\"article:modified_time\" content=\"2023-03-02T10:00:59+00:00\" \/>\n<meta property=\"og:image\" content=\"https:\/\/impulseducacio.org\/wp-content\/uploads\/2022\/02\/Portada-Aulas-Hospitalarias_small-scaled.jpg\" \/>\n\t<meta property=\"og:image:width\" content=\"2560\" \/>\n\t<meta property=\"og:image:height\" content=\"1291\" \/>\n\t<meta property=\"og:image:type\" content=\"image\/jpeg\" \/>\n<meta name=\"author\" content=\"Impuls Educaci\u00f3\" \/>\n<meta name=\"twitter:card\" content=\"summary_large_image\" \/>\n<meta name=\"twitter:creator\" content=\"@ImpulsEducacio\" \/>\n<meta name=\"twitter:site\" content=\"@ImpulsEducacio\" \/>\n<meta name=\"twitter:label1\" content=\"Written by\" \/>\n\t<meta name=\"twitter:data1\" content=\"Impuls Educaci\u00f3\" \/>\n\t<meta name=\"twitter:label2\" content=\"Est. reading time\" \/>\n\t<meta name=\"twitter:data2\" content=\"17 minutes\" \/>\n<script type=\"application\/ld+json\" class=\"yoast-schema-graph\">{\"@context\":\"https:\\\/\\\/schema.org\",\"@graph\":[{\"@type\":\"Article\",\"@id\":\"https:\\\/\\\/impulseducacio.org\\\/es\\\/aulas-hospitalarias-un-espacio-para-la-inclusion\\\/#article\",\"isPartOf\":{\"@id\":\"https:\\\/\\\/impulseducacio.org\\\/es\\\/aulas-hospitalarias-un-espacio-para-la-inclusion\\\/\"},\"author\":{\"name\":\"Impuls Educaci\u00f3\",\"@id\":\"https:\\\/\\\/impulseducacio.org\\\/es\\\/#\\\/schema\\\/person\\\/92cf201227b1404c22691d5d1238d09a\"},\"headline\":\"Aulas hospitalarias, un espacio para la inclusi\u00f3n\",\"datePublished\":\"2022-02-08T13:52:57+00:00\",\"dateModified\":\"2023-03-02T10:00:59+00:00\",\"mainEntityOfPage\":{\"@id\":\"https:\\\/\\\/impulseducacio.org\\\/es\\\/aulas-hospitalarias-un-espacio-para-la-inclusion\\\/\"},\"wordCount\":6190,\"commentCount\":0,\"image\":{\"@id\":\"https:\\\/\\\/impulseducacio.org\\\/es\\\/aulas-hospitalarias-un-espacio-para-la-inclusion\\\/#primaryimage\"},\"thumbnailUrl\":\"https:\\\/\\\/impulseducacio.org\\\/wp-content\\\/uploads\\\/2022\\\/02\\\/Portada-Aulas-Hospitalarias_small-scaled.jpg\",\"keywords\":[\"Art\u00edculo\",\"Inclusi\u00f3n\"],\"articleSection\":[\"Personalizaci\u00f3n\"],\"inLanguage\":\"es\",\"potentialAction\":[{\"@type\":\"CommentAction\",\"name\":\"Comment\",\"target\":[\"https:\\\/\\\/impulseducacio.org\\\/es\\\/aulas-hospitalarias-un-espacio-para-la-inclusion\\\/#respond\"]}]},{\"@type\":\"WebPage\",\"@id\":\"https:\\\/\\\/impulseducacio.org\\\/es\\\/aulas-hospitalarias-un-espacio-para-la-inclusion\\\/\",\"url\":\"https:\\\/\\\/impulseducacio.org\\\/es\\\/aulas-hospitalarias-un-espacio-para-la-inclusion\\\/\",\"name\":\"Aulas hospitalarias, un espacio para la inclusi\u00f3n | Actualitat Educativa\",\"isPartOf\":{\"@id\":\"https:\\\/\\\/impulseducacio.org\\\/es\\\/#website\"},\"primaryImageOfPage\":{\"@id\":\"https:\\\/\\\/impulseducacio.org\\\/es\\\/aulas-hospitalarias-un-espacio-para-la-inclusion\\\/#primaryimage\"},\"image\":{\"@id\":\"https:\\\/\\\/impulseducacio.org\\\/es\\\/aulas-hospitalarias-un-espacio-para-la-inclusion\\\/#primaryimage\"},\"thumbnailUrl\":\"https:\\\/\\\/impulseducacio.org\\\/wp-content\\\/uploads\\\/2022\\\/02\\\/Portada-Aulas-Hospitalarias_small-scaled.jpg\",\"datePublished\":\"2022-02-08T13:52:57+00:00\",\"dateModified\":\"2023-03-02T10:00:59+00:00\",\"author\":{\"@id\":\"https:\\\/\\\/impulseducacio.org\\\/es\\\/#\\\/schema\\\/person\\\/92cf201227b1404c22691d5d1238d09a\"},\"breadcrumb\":{\"@id\":\"https:\\\/\\\/impulseducacio.org\\\/es\\\/aulas-hospitalarias-un-espacio-para-la-inclusion\\\/#breadcrumb\"},\"inLanguage\":\"es\",\"potentialAction\":[{\"@type\":\"ReadAction\",\"target\":[\"https:\\\/\\\/impulseducacio.org\\\/es\\\/aulas-hospitalarias-un-espacio-para-la-inclusion\\\/\"]}]},{\"@type\":\"ImageObject\",\"inLanguage\":\"es\",\"@id\":\"https:\\\/\\\/impulseducacio.org\\\/es\\\/aulas-hospitalarias-un-espacio-para-la-inclusion\\\/#primaryimage\",\"url\":\"https:\\\/\\\/impulseducacio.org\\\/wp-content\\\/uploads\\\/2022\\\/02\\\/Portada-Aulas-Hospitalarias_small-scaled.jpg\",\"contentUrl\":\"https:\\\/\\\/impulseducacio.org\\\/wp-content\\\/uploads\\\/2022\\\/02\\\/Portada-Aulas-Hospitalarias_small-scaled.jpg\",\"width\":2560,\"height\":1291},{\"@type\":\"BreadcrumbList\",\"@id\":\"https:\\\/\\\/impulseducacio.org\\\/es\\\/aulas-hospitalarias-un-espacio-para-la-inclusion\\\/#breadcrumb\",\"itemListElement\":[{\"@type\":\"ListItem\",\"position\":1,\"name\":\"Inicio\",\"item\":\"https:\\\/\\\/impulseducacio.org\\\/es\\\/\"},{\"@type\":\"ListItem\",\"position\":2,\"name\":\"Aulas hospitalarias, un espacio para la inclusi\u00f3n\"}]},{\"@type\":\"WebSite\",\"@id\":\"https:\\\/\\\/impulseducacio.org\\\/es\\\/#website\",\"url\":\"https:\\\/\\\/impulseducacio.org\\\/es\\\/\",\"name\":\"IMPULS EDUCACI\u00d3\",\"description\":\"Espai d\u2019estudi i di\u00e0leg en temes educatius\",\"potentialAction\":[{\"@type\":\"SearchAction\",\"target\":{\"@type\":\"EntryPoint\",\"urlTemplate\":\"https:\\\/\\\/impulseducacio.org\\\/es\\\/?s={search_term_string}\"},\"query-input\":{\"@type\":\"PropertyValueSpecification\",\"valueRequired\":true,\"valueName\":\"search_term_string\"}}],\"inLanguage\":\"es\"},{\"@type\":\"Person\",\"@id\":\"https:\\\/\\\/impulseducacio.org\\\/es\\\/#\\\/schema\\\/person\\\/92cf201227b1404c22691d5d1238d09a\",\"name\":\"Impuls Educaci\u00f3\"}]}<\/script>\n<!-- \/ Yoast SEO plugin. -->","yoast_head_json":{"title":"Aulas hospitalarias, un espacio para la inclusi\u00f3n | Actualitat Educativa","robots":{"index":"index","follow":"follow","max-snippet":"max-snippet:-1","max-image-preview":"max-image-preview:large","max-video-preview":"max-video-preview:-1"},"canonical":"https:\/\/impulseducacio.org\/es\/aulas-hospitalarias-un-espacio-para-la-inclusion\/","og_locale":"es_ES","og_type":"article","og_title":"Aulas hospitalarias, un espacio para la inclusi\u00f3n | Actualitat Educativa","og_url":"https:\/\/impulseducacio.org\/es\/aulas-hospitalarias-un-espacio-para-la-inclusion\/","og_site_name":"IMPULS EDUCACI\u00d3","article_publisher":"https:\/\/www.facebook.com\/impulseducacio2020","article_published_time":"2022-02-08T13:52:57+00:00","article_modified_time":"2023-03-02T10:00:59+00:00","og_image":[{"width":2560,"height":1291,"url":"https:\/\/impulseducacio.org\/wp-content\/uploads\/2022\/02\/Portada-Aulas-Hospitalarias_small-scaled.jpg","type":"image\/jpeg"}],"author":"Impuls Educaci\u00f3","twitter_card":"summary_large_image","twitter_creator":"@ImpulsEducacio","twitter_site":"@ImpulsEducacio","twitter_misc":{"Written by":"Impuls Educaci\u00f3","Est. reading time":"17 minutes"},"schema":{"@context":"https:\/\/schema.org","@graph":[{"@type":"Article","@id":"https:\/\/impulseducacio.org\/es\/aulas-hospitalarias-un-espacio-para-la-inclusion\/#article","isPartOf":{"@id":"https:\/\/impulseducacio.org\/es\/aulas-hospitalarias-un-espacio-para-la-inclusion\/"},"author":{"name":"Impuls Educaci\u00f3","@id":"https:\/\/impulseducacio.org\/es\/#\/schema\/person\/92cf201227b1404c22691d5d1238d09a"},"headline":"Aulas hospitalarias, un espacio para la inclusi\u00f3n","datePublished":"2022-02-08T13:52:57+00:00","dateModified":"2023-03-02T10:00:59+00:00","mainEntityOfPage":{"@id":"https:\/\/impulseducacio.org\/es\/aulas-hospitalarias-un-espacio-para-la-inclusion\/"},"wordCount":6190,"commentCount":0,"image":{"@id":"https:\/\/impulseducacio.org\/es\/aulas-hospitalarias-un-espacio-para-la-inclusion\/#primaryimage"},"thumbnailUrl":"https:\/\/impulseducacio.org\/wp-content\/uploads\/2022\/02\/Portada-Aulas-Hospitalarias_small-scaled.jpg","keywords":["Art\u00edculo","Inclusi\u00f3n"],"articleSection":["Personalizaci\u00f3n"],"inLanguage":"es","potentialAction":[{"@type":"CommentAction","name":"Comment","target":["https:\/\/impulseducacio.org\/es\/aulas-hospitalarias-un-espacio-para-la-inclusion\/#respond"]}]},{"@type":"WebPage","@id":"https:\/\/impulseducacio.org\/es\/aulas-hospitalarias-un-espacio-para-la-inclusion\/","url":"https:\/\/impulseducacio.org\/es\/aulas-hospitalarias-un-espacio-para-la-inclusion\/","name":"Aulas hospitalarias, un espacio para la inclusi\u00f3n | Actualitat Educativa","isPartOf":{"@id":"https:\/\/impulseducacio.org\/es\/#website"},"primaryImageOfPage":{"@id":"https:\/\/impulseducacio.org\/es\/aulas-hospitalarias-un-espacio-para-la-inclusion\/#primaryimage"},"image":{"@id":"https:\/\/impulseducacio.org\/es\/aulas-hospitalarias-un-espacio-para-la-inclusion\/#primaryimage"},"thumbnailUrl":"https:\/\/impulseducacio.org\/wp-content\/uploads\/2022\/02\/Portada-Aulas-Hospitalarias_small-scaled.jpg","datePublished":"2022-02-08T13:52:57+00:00","dateModified":"2023-03-02T10:00:59+00:00","author":{"@id":"https:\/\/impulseducacio.org\/es\/#\/schema\/person\/92cf201227b1404c22691d5d1238d09a"},"breadcrumb":{"@id":"https:\/\/impulseducacio.org\/es\/aulas-hospitalarias-un-espacio-para-la-inclusion\/#breadcrumb"},"inLanguage":"es","potentialAction":[{"@type":"ReadAction","target":["https:\/\/impulseducacio.org\/es\/aulas-hospitalarias-un-espacio-para-la-inclusion\/"]}]},{"@type":"ImageObject","inLanguage":"es","@id":"https:\/\/impulseducacio.org\/es\/aulas-hospitalarias-un-espacio-para-la-inclusion\/#primaryimage","url":"https:\/\/impulseducacio.org\/wp-content\/uploads\/2022\/02\/Portada-Aulas-Hospitalarias_small-scaled.jpg","contentUrl":"https:\/\/impulseducacio.org\/wp-content\/uploads\/2022\/02\/Portada-Aulas-Hospitalarias_small-scaled.jpg","width":2560,"height":1291},{"@type":"BreadcrumbList","@id":"https:\/\/impulseducacio.org\/es\/aulas-hospitalarias-un-espacio-para-la-inclusion\/#breadcrumb","itemListElement":[{"@type":"ListItem","position":1,"name":"Inicio","item":"https:\/\/impulseducacio.org\/es\/"},{"@type":"ListItem","position":2,"name":"Aulas hospitalarias, un espacio para la inclusi\u00f3n"}]},{"@type":"WebSite","@id":"https:\/\/impulseducacio.org\/es\/#website","url":"https:\/\/impulseducacio.org\/es\/","name":"IMPULS EDUCACI\u00d3","description":"Espai d\u2019estudi i di\u00e0leg en temes educatius","potentialAction":[{"@type":"SearchAction","target":{"@type":"EntryPoint","urlTemplate":"https:\/\/impulseducacio.org\/es\/?s={search_term_string}"},"query-input":{"@type":"PropertyValueSpecification","valueRequired":true,"valueName":"search_term_string"}}],"inLanguage":"es"},{"@type":"Person","@id":"https:\/\/impulseducacio.org\/es\/#\/schema\/person\/92cf201227b1404c22691d5d1238d09a","name":"Impuls Educaci\u00f3"}]}},"_links":{"self":[{"href":"https:\/\/impulseducacio.org\/es\/wp-json\/wp\/v2\/posts\/15317","targetHints":{"allow":["GET"]}}],"collection":[{"href":"https:\/\/impulseducacio.org\/es\/wp-json\/wp\/v2\/posts"}],"about":[{"href":"https:\/\/impulseducacio.org\/es\/wp-json\/wp\/v2\/types\/post"}],"author":[{"embeddable":true,"href":"https:\/\/impulseducacio.org\/es\/wp-json\/wp\/v2\/users\/2"}],"replies":[{"embeddable":true,"href":"https:\/\/impulseducacio.org\/es\/wp-json\/wp\/v2\/comments?post=15317"}],"version-history":[{"count":8,"href":"https:\/\/impulseducacio.org\/es\/wp-json\/wp\/v2\/posts\/15317\/revisions"}],"predecessor-version":[{"id":24210,"href":"https:\/\/impulseducacio.org\/es\/wp-json\/wp\/v2\/posts\/15317\/revisions\/24210"}],"wp:featuredmedia":[{"embeddable":true,"href":"https:\/\/impulseducacio.org\/es\/wp-json\/wp\/v2\/media\/15323"}],"wp:attachment":[{"href":"https:\/\/impulseducacio.org\/es\/wp-json\/wp\/v2\/media?parent=15317"}],"wp:term":[{"taxonomy":"category","embeddable":true,"href":"https:\/\/impulseducacio.org\/es\/wp-json\/wp\/v2\/categories?post=15317"},{"taxonomy":"post_tag","embeddable":true,"href":"https:\/\/impulseducacio.org\/es\/wp-json\/wp\/v2\/tags?post=15317"}],"curies":[{"name":"wp","href":"https:\/\/api.w.org\/{rel}","templated":true}]}}