{"id":11758,"date":"2021-10-06T06:58:19","date_gmt":"2021-10-06T06:58:19","guid":{"rendered":"https:\/\/impulseducacio.org\/?p=11758"},"modified":"2023-03-02T10:08:29","modified_gmt":"2023-03-02T10:08:29","slug":"transformar-la-cultura-escolar-pasa-por-la-educacion-hibrida","status":"publish","type":"post","link":"https:\/\/impulseducacio.org\/es\/transformar-la-cultura-escolar-pasa-por-la-educacion-hibrida\/","title":{"rendered":"Transformar la cultura escolar pasa por la educaci\u00f3n h\u00edbrida"},"content":{"rendered":"<p><div class=\"fusion-fullwidth fullwidth-box fusion-builder-row-1 fusion-parallax-none nonhundred-percent-fullwidth non-hundred-percent-height-scrolling\" style=\"--awb-background-position:right center;--awb-border-sizes-top:0px;--awb-border-sizes-bottom:0px;--awb-border-sizes-left:0px;--awb-border-sizes-right:0px;--awb-border-radius-top-left:0px;--awb-border-radius-top-right:0px;--awb-border-radius-bottom-right:0px;--awb-border-radius-bottom-left:0px;--awb-padding-top:0px;--awb-padding-bottom:0px;--awb-margin-top:0px;--awb-margin-bottom:-260px;--awb-background-color:rgba(246,247,247,0);--awb-background-image:url(&quot;https:\/\/impulseducacio.org\/wp-content\/uploads\/2021\/10\/educacion-hibrida-1-scaled.jpg&quot;);--awb-background-size:cover;--awb-flex-wrap:wrap;\" ><div class=\"fusion-builder-row fusion-row\"><div class=\"fusion-layout-column fusion_builder_column fusion-builder-column-0 fusion_builder_column_1_1 1_1 fusion-one-full fusion-column-first fusion-column-last fusion-animated\" style=\"--awb-overflow:hidden;--awb-bg-color:rgba(0,0,0,0);--awb-bg-color-hover:rgba(0,0,0,0);--awb-bg-size:cover;--awb-border-radius:4px 4px 4px 4px;--awb-margin-top:0px;--awb-margin-bottom:10px;\" data-animationType=\"fadeInDown\" data-animationDuration=\"0.8\" data-animationOffset=\"top-into-view\"><div class=\"fusion-column-wrapper fusion-column-has-shadow fusion-flex-column-wrapper-legacy\"><div class=\"fusion-sep-clear\"><\/div><div class=\"fusion-separator fusion-full-width-sep\" style=\"margin-left: auto;margin-right: auto;margin-top:720px;width:100%;\"><\/div><div class=\"fusion-sep-clear\"><\/div><div class=\"fusion-title title fusion-title-1 fusion-sep-none fusion-title-text fusion-title-size-one\" style=\"--awb-text-color:#ffffff;--awb-font-size:60px;\"><h1 class=\"fusion-title-heading title-heading-left fusion-responsive-typography-calculated\" style=\"font-family:&quot;Open Sans&quot;;font-style:normal;font-weight:300;margin:0;font-size:1em;--fontSize:60;line-height:1.18;\"><h1>Transformar la cultura escolar pasa por la educaci\u00f3n h\u00edbrida<\/h1><\/h1><\/div><div class=\"fusion-clearfix\"><\/div><\/div><\/div><div class=\"fusion-layout-column fusion_builder_column fusion-builder-column-1 fusion_builder_column_1_1 1_1 fusion-one-full fusion-column-first fusion-column-last fusion-animated\" style=\"--awb-padding-right:969px;--awb-padding-bottom:10px;--awb-bg-blend:overlay;--awb-bg-size:cover;--awb-border-color:#ffffff;--awb-border-top:1px;--awb-border-style:solid;--awb-margin-top:11px;--awb-margin-bottom:0px;\" data-animationType=\"fadeInDown\" data-animationDuration=\"0.6\" data-animationOffset=\"top-into-view\"><div class=\"fusion-column-wrapper fusion-column-has-shadow fusion-flex-column-wrapper-legacy\"><div class=\"fusion-sharing-box fusion-sharing-box-1 boxed-icons has-taglines layout-floated layout-medium-floated layout-small-floated\" style=\"background-color:rgba(246,244,245,0);padding:0;--awb-layout:row;--awb-alignment-small:space-between;\" data-title=\"Transformar la cultura escolar pasa por la educaci\u00f3n h\u00edbrida\" data-description=\"Transformar la cultura escolar pasa por la educaci\u00f3n h\u00edbrida     Your Content Goes Here  \r\nEstamos ante una urgencia innovadora que comportar\u00e1 un cambio de paradigma, sin olvidar las dimensiones humanas de la educaci\u00f3n Por Jordi Viladrosa i Clua \r\nLos aprendizajes que hemos adquirido como consecuencia\" data-link=\"https:\/\/impulseducacio.org\/es\/transformar-la-cultura-escolar-pasa-por-la-educacion-hibrida\/\"><h4 class=\"tagline\" style=\"color:#ffffff;\">Compartir<\/h4><div class=\"fusion-social-networks sharingbox-shortcode-icon-wrapper sharingbox-shortcode-icon-wrapper-1 boxed-icons\"><span><a href=\"https:\/\/www.facebook.com\/sharer.php?u=https%3A%2F%2Fimpulseducacio.org%2Fes%2Ftransformar-la-cultura-escolar-pasa-por-la-educacion-hibrida%2F&amp;t=Transformar%20la%20cultura%20escolar%20pasa%20por%20la%20educaci%C3%B3n%20h%C3%ADbrida\" target=\"_blank\" rel=\"noreferrer\" title=\"Facebook\" aria-label=\"Facebook\" data-placement=\"bottom\" data-toggle=\"tooltip\" data-title=\"Facebook\"><i class=\"fusion-social-network-icon fusion-tooltip fusion-facebook awb-icon-facebook\" style=\"color:#ffffff;background-color:#3b5998;border-color:#3b5998;border-radius:24px;\" aria-hidden=\"true\"><\/i><\/a><\/span><span><a href=\"https:\/\/x.com\/intent\/post?text=Transformar%20la%20cultura%20escolar%20pasa%20por%20la%20educaci%C3%B3n%20h%C3%ADbrida&amp;url=https%3A%2F%2Fimpulseducacio.org%2Fes%2Ftransformar-la-cultura-escolar-pasa-por-la-educacion-hibrida%2F\" target=\"_blank\" rel=\"noopener noreferrer\" title=\"X\" aria-label=\"X\" data-placement=\"bottom\" data-toggle=\"tooltip\" data-title=\"X\"><i class=\"fusion-social-network-icon fusion-tooltip fusion-twitter awb-icon-twitter\" style=\"color:#ffffff;background-color:#000000;border-color:#000000;border-radius:24px;\" aria-hidden=\"true\"><\/i><\/a><\/span><span><a href=\"https:\/\/www.linkedin.com\/shareArticle?mini=true&amp;url=https%3A%2F%2Fimpulseducacio.org%2Fes%2Ftransformar-la-cultura-escolar-pasa-por-la-educacion-hibrida%2F&amp;title=Transformar%20la%20cultura%20escolar%20pasa%20por%20la%20educaci%C3%B3n%20h%C3%ADbrida&amp;summary=Transformar%20la%20cultura%20escolar%20pasa%20por%20la%20educaci%C3%B3n%20h%C3%ADbrida%20%20%20%20%20%20%20%20%20Your%20Content%20Goes%20Here%20%20%20%0D%0AEstamos%20ante%20una%20urgencia%20innovadora%20que%20comportar%C3%A1%20un%20cambio%20de%20paradigma%2C%20sin%20olvidar%20las%20dimensiones%20humanas%20de%20la%20educaci%C3%B3n%20Por%20Jordi%20Viladrosa%20i%20Clua%20%0D%0ALos%20aprendizajes%20que%20hemos%20adquirido%20como%20consecuencia\" target=\"_blank\" rel=\"noopener noreferrer\" title=\"LinkedIn\" aria-label=\"LinkedIn\" data-placement=\"bottom\" data-toggle=\"tooltip\" data-title=\"LinkedIn\"><i class=\"fusion-social-network-icon fusion-tooltip fusion-linkedin awb-icon-linkedin\" style=\"color:#ffffff;background-color:#0077b5;border-color:#0077b5;border-radius:24px;\" aria-hidden=\"true\"><\/i><\/a><\/span><span><a href=\"mailto:?subject=Transformar%20la%20cultura%20escolar%20pasa%20por%20la%20educaci%C3%B3n%20h%C3%ADbrida&amp;body=https%3A%2F%2Fimpulseducacio.org%2Fes%2Ftransformar-la-cultura-escolar-pasa-por-la-educacion-hibrida%2F\" target=\"_self\" title=\"Email\" aria-label=\"Email\" data-placement=\"bottom\" data-toggle=\"tooltip\" data-title=\"Email\"><i class=\"fusion-social-network-icon fusion-tooltip fusion-mail awb-icon-mail\" style=\"color:#ffffff;background-color:#000000;border-color:#000000;border-radius:24px;\" aria-hidden=\"true\"><\/i><\/a><\/span><\/div><\/div><div class=\"fusion-clearfix\"><\/div><\/div><\/div><div class=\"fusion-layout-column fusion_builder_column fusion-builder-column-2 fusion_builder_column_1_1 1_1 fusion-one-full fusion-column-first fusion-column-last fusion-animated\" style=\"--awb-bg-blend:overlay;--awb-bg-size:cover;--awb-border-color:#ffffff;--awb-border-top:0px;--awb-border-style:solid;--awb-margin-top:2px;--awb-margin-bottom:0px;\" data-animationType=\"fadeInDown\" data-animationDuration=\"0.6\" data-animationOffset=\"top-into-view\"><div class=\"fusion-column-wrapper fusion-column-has-shadow fusion-flex-column-wrapper-legacy\"><div class=\"fusion-sep-clear\"><\/div><div class=\"fusion-separator fusion-full-width-sep\" style=\"margin-left: auto;margin-right: auto;margin-bottom:150px;width:100%;\"><\/div><div class=\"fusion-sep-clear\"><\/div><div class=\"fusion-section-separator section-separator big-half-circle fusion-section-separator-1\" style=\"--awb-spacer-height:99px;--awb-svg-margin-left:0;--awb-svg-margin-right:0;--awb-divider-height:99px;--awb-spacer-padding-top:inherit;--awb-sep-padding:0;--awb-svg-padding:0;\"><div class=\"fusion-section-separator-svg\"><svg class=\"fusion-big-half-circle-candy\" xmlns=\"http:\/\/www.w3.org\/2000\/svg\" version=\"1.1\" width=\"100%\" height=\"100\" viewBox=\"0 0 100 100\" preserveAspectRatio=\"none\" fill=\"rgba(255,255,255,1)\"><path d=\"M0 100 C40 0 60 0 100 100 Z\"><\/path><\/svg><\/div><div class=\"fusion-section-separator-spacer\"><div class=\"fusion-section-separator-spacer-height\"><\/div><\/div><\/div><div class=\"fusion-clearfix\"><\/div><\/div><\/div><\/div><\/div><div class=\"fusion-fullwidth fullwidth-box fusion-builder-row-2 nonhundred-percent-fullwidth non-hundred-percent-height-scrolling\" style=\"--awb-border-radius-top-left:0px;--awb-border-radius-top-right:0px;--awb-border-radius-bottom-right:0px;--awb-border-radius-bottom-left:0px;--awb-padding-top:0px;--awb-padding-bottom:0px;--awb-flex-wrap:wrap;\" ><div class=\"fusion-builder-row fusion-row\"><div class=\"fusion-layout-column fusion_builder_column fusion-builder-column-3 fusion_builder_column_1_1 1_1 fusion-one-full fusion-column-first fusion-column-last\" style=\"--awb-padding-top:3%;--awb-padding-right:5%;--awb-padding-bottom:0%;--awb-padding-left:5%;--awb-overflow:hidden;--awb-bg-color:#ffffff;--awb-bg-color-hover:#ffffff;--awb-bg-size:cover;--awb-border-radius:8px 8px 8px 8px;--awb-margin-top:0px;--awb-margin-bottom:0px;\"><div class=\"fusion-column-wrapper fusion-column-has-shadow fusion-flex-column-wrapper-legacy\"><div class=\"fusion-builder-row fusion-builder-row-inner fusion-row\"><div class=\"fusion-layout-column fusion_builder_column_inner fusion-builder-nested-column-0 fusion_builder_column_inner_1_5 1_5 fusion-one-fifth fusion-column-first\" style=\"--awb-bg-size:cover;--awb-margin-top:0px;width:20%;width:calc(20% - ( ( 1% ) * 0.2 ) );margin-right: 1%;\"><div class=\"fusion-column-wrapper fusion-column-has-shadow fusion-flex-column-wrapper-legacy\"><div class=\"fusion-text fusion-text-1\"><p>6 October 2021<\/p>\n<\/div><div class=\"fusion-clearfix\"><\/div><\/div><\/div><\/div><div class=\"fusion-title title fusion-title-2 fusion-sep-none fusion-title-text fusion-title-size-two\"><h2 class=\"fusion-title-heading title-heading-left fusion-responsive-typography-calculated\" style=\"margin:0;--fontSize:48;line-height:1.18;\"><h2>Estamos ante una urgencia innovadora que comportar\u00e1 un cambio de paradigma, sin olvidar las dimensiones humanas de la educaci\u00f3n<\/h2><\/h2><\/div><div class=\"fusion-text fusion-text-2\"><p>Por Jordi Viladrosa i Clua<\/p>\n<\/div><div class=\"fusion-text fusion-text-3\"><p>Los aprendizajes que hemos adquirido como consecuencia de la crisis generada en todo el mundo por la COVID-19, han abierto una brecha en el sistema educativo formal basado en un dise\u00f1o curricular que necesita del modelo presencial para funcionar. Tener que contar con herramientas digitales y tecnol\u00f3gicas sin estar suficientemente preparados abre una oportunidad de mejora que no podemos rehuir.<\/p>\n<p>El reto es global en todo el Planeta, pero afecta de manera desigual a los pa\u00edses, a los gobiernos, a los l\u00edderes escolares, a los centros educativos, al profesorado, a las familias y, por supuesto, a los alumnos que son, precisamente, quienes hay que poner en el centro de cualquier plan de acci\u00f3n que se quiera llevar a cabo.<\/p>\n<p>Los cambios que ha provocado la pandemia han hecho incuestionable que la transformaci\u00f3n digital la veamos m\u00e1s necesaria que nunca y, adem\u00e1s, todo hace pensar que nos encontramos ante una urgencia innovadora que comportar\u00e1 un cambio de paradigma que no puede olvidar las dimensiones m\u00e1s humanas de la educaci\u00f3n. En esta l\u00ednea, Juan Luis Moreno, director de innovaci\u00f3n de <em>The Valley<\/em>, afirma: <em>En un mundo complejo y lleno de matices, la tradici\u00f3n humanista y el pensamiento cr\u00edtico son una gu\u00eda democr\u00e1tica para trazar los caminos que queremos recorrer<\/em>.<sup>[1]<\/sup><\/p>\n<\/div><div class=\"fusion-sep-clear\"><\/div><div class=\"fusion-separator fusion-full-width-sep\" style=\"margin-left: auto;margin-right: auto;margin-bottom:20px;width:100%;\"><\/div><div class=\"fusion-sep-clear\"><\/div><div class=\"fusion-clearfix\"><\/div><\/div><\/div><\/div><\/div><div class=\"fusion-fullwidth fullwidth-box fusion-builder-row-3 nonhundred-percent-fullwidth non-hundred-percent-height-scrolling\" style=\"--awb-border-radius-top-left:0px;--awb-border-radius-top-right:0px;--awb-border-radius-bottom-right:0px;--awb-border-radius-bottom-left:0px;--awb-padding-top:0%;--awb-padding-bottom:2%;--awb-flex-wrap:wrap;\" ><div class=\"fusion-builder-row fusion-row\"><div class=\"fusion-layout-column fusion_builder_column fusion-builder-column-4 fusion_builder_column_1_2 1_2 fusion-one-half fusion-column-first\" style=\"--awb-bg-size:cover;width:50%;width:calc(50% - ( ( 4% ) * 0.5 ) );margin-right: 4%;\"><div class=\"fusion-column-wrapper fusion-column-has-shadow fusion-flex-column-wrapper-legacy\"><div class=\"fusion-image-element fusion-image-align-center in-legacy-container\" style=\"text-align:center;--awb-max-width:450px;--awb-caption-title-font-family:var(--h2_typography-font-family);--awb-caption-title-font-weight:var(--h2_typography-font-weight);--awb-caption-title-font-style:var(--h2_typography-font-style);--awb-caption-title-size:var(--h2_typography-font-size);--awb-caption-title-transform:var(--h2_typography-text-transform);--awb-caption-title-line-height:var(--h2_typography-line-height);--awb-caption-title-letter-spacing:var(--h2_typography-letter-spacing);\"><div class=\"imageframe-align-center\"><span class=\" fusion-imageframe imageframe-none imageframe-1 hover-type-none\"><img decoding=\"async\" width=\"2560\" height=\"1707\" title=\"destacado 1_clases online\" src=\"https:\/\/impulseducacio.org\/wp-content\/uploads\/2021\/10\/destacado-1_clases-online-scaled.jpg\" alt class=\"img-responsive wp-image-11771\" srcset=\"https:\/\/impulseducacio.org\/wp-content\/uploads\/2021\/10\/destacado-1_clases-online-200x133.jpg 200w, https:\/\/impulseducacio.org\/wp-content\/uploads\/2021\/10\/destacado-1_clases-online-400x267.jpg 400w, https:\/\/impulseducacio.org\/wp-content\/uploads\/2021\/10\/destacado-1_clases-online-600x400.jpg 600w, https:\/\/impulseducacio.org\/wp-content\/uploads\/2021\/10\/destacado-1_clases-online-800x533.jpg 800w, https:\/\/impulseducacio.org\/wp-content\/uploads\/2021\/10\/destacado-1_clases-online-1200x800.jpg 1200w, https:\/\/impulseducacio.org\/wp-content\/uploads\/2021\/10\/destacado-1_clases-online-scaled.jpg 2560w\" sizes=\"(max-width: 800px) 100vw, 800px\" \/><\/span><\/div><\/div><div class=\"fusion-clearfix\"><\/div><\/div><\/div><div class=\"fusion-layout-column fusion_builder_column fusion-builder-column-5 fusion_builder_column_1_2 1_2 fusion-one-half fusion-column-last\" style=\"--awb-bg-size:cover;width:50%;width:calc(50% - ( ( 4% ) * 0.5 ) );\"><div class=\"fusion-column-wrapper fusion-column-has-shadow fusion-flex-column-wrapper-legacy\"><div class=\"fusion-text fusion-text-4\"><h6>Los cambios que ha provocado la pandemia han hecho incuestionable que la transformaci\u00f3n digital comportar\u00e1 un cambio de paradigma que no puede olvidar las dimensiones m\u00e1s humanas de la educaci\u00f3n.<\/h6>\n<\/div><div class=\"fusion-clearfix\"><\/div><\/div><\/div><\/div><\/div><div class=\"fusion-fullwidth fullwidth-box fusion-builder-row-4 nonhundred-percent-fullwidth non-hundred-percent-height-scrolling\" style=\"--awb-border-radius-top-left:0px;--awb-border-radius-top-right:0px;--awb-border-radius-bottom-right:0px;--awb-border-radius-bottom-left:0px;--awb-padding-top:0px;--awb-padding-bottom:0px;--awb-flex-wrap:wrap;\" ><div class=\"fusion-builder-row fusion-row\"><div class=\"fusion-layout-column fusion_builder_column fusion-builder-column-6 fusion_builder_column_1_1 1_1 fusion-one-full fusion-column-first fusion-column-last\" style=\"--awb-padding-right:5%;--awb-padding-left:5%;--awb-bg-size:cover;--awb-margin-top:0px;\"><div class=\"fusion-column-wrapper fusion-column-has-shadow fusion-flex-column-wrapper-legacy\"><div class=\"fusion-text fusion-text-5\"><h3>Hacia una ciudadan\u00eda digital a trav\u00e9s de modelos h\u00edbridos<\/h3>\n<p>\u00daltimamente, se tiene cada vez m\u00e1s asumido que el ejercicio de una ciudadan\u00eda digital responsable y cr\u00edtica comporta una formaci\u00f3n de calidad a lo largo de toda la vida y no solamente durante un periodo determinado limitado a la etapa de ense\u00f1anza obligatoria. Es esta necesidad la que promueve un replanteamiento del modelo educativo actual que abre la puerta, como afirma Juan I. Pozo, a un <em>nuevo escenario de \u2019educaci\u00f3n h\u00edbrida\u2019 que mezcla lo presencial con lo virtual [&#8230;] sobre todo como una manera de relacionarse con los dem\u00e1s y con el conocimiento que no pueda ser reducida a los formatos did\u00e1cticos m\u00e1s tradicionales<\/em>.<sup>[2]<\/sup><\/p>\n<p>El auge del uso de la tecnolog\u00eda como parte intr\u00ednseca y transversal del curr\u00edculum facilita a quien sabe utilizarla y sabe generar las condiciones oportunas, que funcionen algunas opciones metodol\u00f3gicas y est\u00e9n realmente al servicio del aprendizaje de todos los alumnos y no solamente de algunos de ellos. Nadie puede quedar atr\u00e1s en un contexto donde es imprescindible que la escuela inclusiva sea mucho m\u00e1s real que lo que prev\u00e9n las normas legales.<\/p>\n<\/div><div class=\"fusion-clearfix\"><\/div><\/div><\/div><\/div><\/div><div class=\"fusion-fullwidth fullwidth-box fusion-builder-row-5 nonhundred-percent-fullwidth non-hundred-percent-height-scrolling\" style=\"--awb-border-radius-top-left:0px;--awb-border-radius-top-right:0px;--awb-border-radius-bottom-right:0px;--awb-border-radius-bottom-left:0px;--awb-padding-top:0%;--awb-padding-bottom:2%;--awb-flex-wrap:wrap;\" ><div class=\"fusion-builder-row fusion-row\"><div class=\"fusion-layout-column fusion_builder_column fusion-builder-column-7 fusion_builder_column_1_2 1_2 fusion-one-half fusion-column-first\" style=\"--awb-bg-size:cover;width:50%;width:calc(50% - ( ( 4% ) * 0.5 ) );margin-right: 4%;\"><div class=\"fusion-column-wrapper fusion-column-has-shadow fusion-flex-column-wrapper-legacy\"><div class=\"fusion-text fusion-text-6\"><h6 style=\"text-align: right;\">Nadie puede quedar atr\u00e1s en un contexto donde es imprescindible que la escuela inclusiva sea mucho m\u00e1s real que lo que prev\u00e9n las normas legales.<\/h6>\n<\/div><div class=\"fusion-clearfix\"><\/div><\/div><\/div><div class=\"fusion-layout-column fusion_builder_column fusion-builder-column-8 fusion_builder_column_1_2 1_2 fusion-one-half fusion-column-last\" style=\"--awb-bg-size:cover;width:50%;width:calc(50% - ( ( 4% ) * 0.5 ) );\"><div class=\"fusion-column-wrapper fusion-column-has-shadow fusion-flex-column-wrapper-legacy\"><div class=\"fusion-image-element fusion-image-align-center in-legacy-container\" style=\"text-align:center;--awb-max-width:450px;--awb-caption-title-font-family:var(--h2_typography-font-family);--awb-caption-title-font-weight:var(--h2_typography-font-weight);--awb-caption-title-font-style:var(--h2_typography-font-style);--awb-caption-title-size:var(--h2_typography-font-size);--awb-caption-title-transform:var(--h2_typography-text-transform);--awb-caption-title-line-height:var(--h2_typography-line-height);--awb-caption-title-letter-spacing:var(--h2_typography-letter-spacing);\"><div class=\"imageframe-align-center\"><span class=\" fusion-imageframe imageframe-none imageframe-2 hover-type-none\"><img decoding=\"async\" width=\"2560\" height=\"1707\" title=\"destcado 2_inclusion ni\u00f1os\" src=\"https:\/\/impulseducacio.org\/wp-content\/uploads\/2021\/10\/destcado-2_inclusion-ninos-scaled.jpg\" alt class=\"img-responsive wp-image-11781\" srcset=\"https:\/\/impulseducacio.org\/wp-content\/uploads\/2021\/10\/destcado-2_inclusion-ninos-200x133.jpg 200w, https:\/\/impulseducacio.org\/wp-content\/uploads\/2021\/10\/destcado-2_inclusion-ninos-400x267.jpg 400w, https:\/\/impulseducacio.org\/wp-content\/uploads\/2021\/10\/destcado-2_inclusion-ninos-600x400.jpg 600w, https:\/\/impulseducacio.org\/wp-content\/uploads\/2021\/10\/destcado-2_inclusion-ninos-800x533.jpg 800w, https:\/\/impulseducacio.org\/wp-content\/uploads\/2021\/10\/destcado-2_inclusion-ninos-1200x800.jpg 1200w, https:\/\/impulseducacio.org\/wp-content\/uploads\/2021\/10\/destcado-2_inclusion-ninos-scaled.jpg 2560w\" sizes=\"(max-width: 800px) 100vw, 800px\" \/><\/span><\/div><\/div><div class=\"fusion-clearfix\"><\/div><\/div><\/div><\/div><\/div><div class=\"fusion-fullwidth fullwidth-box fusion-builder-row-6 nonhundred-percent-fullwidth non-hundred-percent-height-scrolling\" style=\"--awb-border-radius-top-left:0px;--awb-border-radius-top-right:0px;--awb-border-radius-bottom-right:0px;--awb-border-radius-bottom-left:0px;--awb-padding-top:0px;--awb-padding-bottom:0px;--awb-flex-wrap:wrap;\" ><div class=\"fusion-builder-row fusion-row\"><div class=\"fusion-layout-column fusion_builder_column fusion-builder-column-9 fusion_builder_column_1_1 1_1 fusion-one-full fusion-column-first fusion-column-last\" style=\"--awb-padding-right:5%;--awb-padding-left:5%;--awb-bg-size:cover;--awb-margin-top:0px;\"><div class=\"fusion-column-wrapper fusion-column-has-shadow fusion-flex-column-wrapper-legacy\"><div class=\"fusion-text fusion-text-7\"><p>La competencia digital del alumnado se puede adquirir en un entorno virtual de aprendizaje que est\u00e9 muy bien dise\u00f1ado y que cuente con docentes que han recibido una buena formaci\u00f3n digital y en TIC. Y hay que hacerlo pensando en su entorno actual y no solo pensando en el futuro. El desarrollo de esta competencia tiene lugar, en paralelo, con la transformaci\u00f3n digital que impulsa la innovaci\u00f3n en el \u00e1mbito tecnol\u00f3gico, lo cual tiene una influencia innegable en el mercado laboral y en el conjunto de la sociedad.<\/p>\n<p>Seg\u00fan Miquel \u00c0. Prats y Elena Sintes (2021), <em>Una escuela h\u00edbrida es aquella escuela que concibe de forma muy diferente los espacios y los tiempos de aprendizaje, haci\u00e9ndolos extensivos y continuos<\/em>. El modelo de aprendizaje que proponen implica dos grandes objetivos: el primero, <em>avanzar en calidad y transformaci\u00f3n educativa<\/em> y el segundo <em>garantizar la equidad y la inclusi\u00f3n digital<\/em>, desarrollados en ocho \u00e1mbitos estrat\u00e9gicos de actuaci\u00f3n:<\/p>\n<ol>\n<li>Centros y equipos docentes organizados para la educaci\u00f3n h\u00edbrida.<\/li>\n<li>Dise\u00f1ar experiencias de aprendizaje aut\u00e9nticas.<\/li>\n<li>Personalizar los entornos virtuales de aprendizaje.<\/li>\n<li>Evaluaci\u00f3n diversificada y feedback continuado.<\/li>\n<li>Seguimiento, comunicaci\u00f3n y tutorizaci\u00f3n constantes.<\/li>\n<li>Bienestar, seguridad y autonom\u00eda digital.<\/li>\n<li>Formaci\u00f3n, acompa\u00f1amiento y capacitaci\u00f3n del profesorado, el alumnado, las familias y la comunidad.<\/li>\n<li>Garantizar equipamiento tecnol\u00f3gico, conectividad y recursos y materiales educativos al alumnado, las familias y al personal educador.<sup>[3]<\/sup><\/li>\n<\/ol>\n<p>Otra iniciativa en este \u00e1mbito es la que promueve el departamento de Educaci\u00f3n de la Generalitat de Catalu\u00f1a que est\u00e1 llevando a cabo un proyecto piloto que tiene por finalidad\u00a0<em>promover la educaci\u00f3n h\u00edbrida como respuesta de calidad y equidad educativa ante escenarios cambiantes y complejos, en el marco del Plan de educaci\u00f3n digital de Catalu\u00f1a<\/em>.<sup>[4]<\/sup><\/p>\n<p>Hay que apostar por una educaci\u00f3n h\u00edbrida, en definitiva, que tiene que incorporar la cultura digital, pero no para mantener los formatos docentes tradicionales, sino para fomentar un aprendizaje aut\u00f3nomo y cooperativo que requiere poner el foco de inter\u00e9s prioritario en los estudiantes m\u00e1s que no en la docencia.<\/p>\n<h3>Transformar la educaci\u00f3n es transitar un camino que no tiene fin<\/h3>\n<p>De todas maneras, a pesar de que todo ello parece muy s\u00f3lido, y probablemente sea as\u00ed, no se tendr\u00eda que obviar la necesidad de incorporar un proceso de evaluaci\u00f3n riguroso para cada una de las fases por las cuales vaya pasando la implementaci\u00f3n de este modelo de innovaci\u00f3n centrado en la educaci\u00f3n h\u00edbrida. No hacerlo o hacerlo superficialmente nos puede conducir a encontrarnos con un <em>neuromito<\/em> m\u00e1s. Las innovaciones -que, a veces, no lo son tanto- no consisten a implantar un cambio del tipo que sea, sino en integrarlo en un proceso global de cambio permanente, acompa\u00f1ado de la b\u00fasqueda educativa pertinente que nos confirme si se trata de un cambio eficaz y eficiente.<\/p>\n<p>Aun as\u00ed, si no se cuenta con la implicaci\u00f3n de un elevado porcentaje del profesorado y no se vincula con su desarrollo profesional, la mencionada transformaci\u00f3n acabar\u00e1 en fracaso, como ya ha pasado tantas veces. No basta con que lo establezcan las administraciones educativas a trav\u00e9s de las diversas normativas ni que lo decidan los l\u00edderes de las instituciones educativas. Se tienen al alcance las herramientas tecnol\u00f3gicas que se pueden adaptar al grado de preparaci\u00f3n de cada profesor o de cada equipo docente y se conocen m\u00faltiples iniciativas o ejemplos de buenas pr\u00e1cticas educativas que pueden resultar \u00fatiles.<\/p>\n<\/div><div class=\"fusion-clearfix\"><\/div><\/div><\/div><\/div><\/div><div class=\"fusion-fullwidth fullwidth-box fusion-builder-row-7 nonhundred-percent-fullwidth non-hundred-percent-height-scrolling\" style=\"--awb-border-radius-top-left:0px;--awb-border-radius-top-right:0px;--awb-border-radius-bottom-right:0px;--awb-border-radius-bottom-left:0px;--awb-padding-top:0%;--awb-padding-bottom:2%;--awb-flex-wrap:wrap;\" ><div class=\"fusion-builder-row fusion-row\"><div class=\"fusion-layout-column fusion_builder_column fusion-builder-column-10 fusion_builder_column_1_2 1_2 fusion-one-half fusion-column-first\" style=\"--awb-bg-size:cover;width:50%;width:calc(50% - ( ( 4% ) * 0.5 ) );margin-right: 4%;\"><div class=\"fusion-column-wrapper fusion-column-has-shadow fusion-flex-column-wrapper-legacy\"><div class=\"fusion-image-element in-legacy-container\" style=\"--awb-caption-title-font-family:var(--h2_typography-font-family);--awb-caption-title-font-weight:var(--h2_typography-font-weight);--awb-caption-title-font-style:var(--h2_typography-font-style);--awb-caption-title-size:var(--h2_typography-font-size);--awb-caption-title-transform:var(--h2_typography-text-transform);--awb-caption-title-line-height:var(--h2_typography-line-height);--awb-caption-title-letter-spacing:var(--h2_typography-letter-spacing);\"><span class=\" fusion-imageframe imageframe-none imageframe-3 hover-type-none\"><img decoding=\"async\" width=\"2560\" height=\"1707\" title=\"destacado 3_profesores\" src=\"https:\/\/impulseducacio.org\/wp-content\/uploads\/2021\/10\/destacado-3_profesores-scaled.jpg\" alt class=\"img-responsive wp-image-11785\" srcset=\"https:\/\/impulseducacio.org\/wp-content\/uploads\/2021\/10\/destacado-3_profesores-200x133.jpg 200w, https:\/\/impulseducacio.org\/wp-content\/uploads\/2021\/10\/destacado-3_profesores-400x267.jpg 400w, https:\/\/impulseducacio.org\/wp-content\/uploads\/2021\/10\/destacado-3_profesores-600x400.jpg 600w, https:\/\/impulseducacio.org\/wp-content\/uploads\/2021\/10\/destacado-3_profesores-800x533.jpg 800w, https:\/\/impulseducacio.org\/wp-content\/uploads\/2021\/10\/destacado-3_profesores-1200x800.jpg 1200w, https:\/\/impulseducacio.org\/wp-content\/uploads\/2021\/10\/destacado-3_profesores-scaled.jpg 2560w\" sizes=\"(max-width: 800px) 100vw, 800px\" \/><\/span><\/div><div class=\"fusion-clearfix\"><\/div><\/div><\/div><div class=\"fusion-layout-column fusion_builder_column fusion-builder-column-11 fusion_builder_column_1_2 1_2 fusion-one-half fusion-column-last\" style=\"--awb-bg-size:cover;width:50%;width:calc(50% - ( ( 4% ) * 0.5 ) );\"><div class=\"fusion-column-wrapper fusion-column-has-shadow fusion-flex-column-wrapper-legacy\"><div class=\"fusion-text fusion-text-8\"><h6>Si no se cuenta con la implicaci\u00f3n de un elevado porcentaje del profesorado y no se vincula con su desarrollo profesional, la mencionada transformaci\u00f3n acabar\u00e1 en fracaso.<\/h6>\n<\/div><div class=\"fusion-clearfix\"><\/div><\/div><\/div><\/div><\/div><div class=\"fusion-fullwidth fullwidth-box fusion-builder-row-8 nonhundred-percent-fullwidth non-hundred-percent-height-scrolling\" style=\"--awb-border-radius-top-left:0px;--awb-border-radius-top-right:0px;--awb-border-radius-bottom-right:0px;--awb-border-radius-bottom-left:0px;--awb-padding-top:0px;--awb-padding-bottom:0px;--awb-flex-wrap:wrap;\" ><div class=\"fusion-builder-row fusion-row\"><div class=\"fusion-layout-column fusion_builder_column fusion-builder-column-12 fusion_builder_column_1_1 1_1 fusion-one-full fusion-column-first fusion-column-last\" style=\"--awb-padding-right:5%;--awb-padding-left:5%;--awb-bg-size:cover;--awb-margin-top:0px;\"><div class=\"fusion-column-wrapper fusion-column-has-shadow fusion-flex-column-wrapper-legacy\"><div class=\"fusion-text fusion-text-9\"><p>En algunas ocasiones, las inercias pesan mucho. Conseguir que el profesorado las cambie no es nada f\u00e1cil. Se lo preguntaban en una entrevista a Coral Reg\u00ed<sup>[5]<\/sup>, que fue directora de la escuela Virolai de Barcelona, y respond\u00eda que <em>en una fase inicial, hicieron formaciones globales por etapas sobre trabajo cooperativo, aprendizaje entre iguales, metodolog\u00edas de aprendizaje, entre otros. Con esto lo que conseguimos es revolucionar y mover la estructura. A partir de aqu\u00ed hemos fomentado nuestro trabajo en la evaluaci\u00f3n profesional entre iguales. [&#8230;] Esto nos ha facilitado la implantaci\u00f3n de planes de mejora personalizados<\/em>. Es un ejemplo posible a considerar.<\/p>\n<p>Como conclusi\u00f3n<strong>, la crisis generada por la COVID-19<\/strong> ha provocado un cambio de perspectiva a todos los niveles por parte de los agentes implicados en el sector educativo y de la formaci\u00f3n; se han hecho m\u00e1s visibles las carencias del sistema y de la formaci\u00f3n docente en el uso de las herramientas digitales; y han dejado al descubierto que la ense\u00f1anza y el aprendizaje tienen que ser m\u00e1s accesibles, asequibles e inclusivos. La era digital hace que el reto que todos juntos tenemos entre manos sea enorme, aunque es vital e inevitable lograrlo.<\/p>\n<\/div><div class=\"fusion-sep-clear\"><\/div><div class=\"fusion-separator fusion-full-width-sep\" style=\"margin-left: auto;margin-right: auto;margin-top:15px;width:100%;\"><div class=\"fusion-separator-border sep-single sep-solid\" style=\"--awb-height:20px;--awb-amount:20px;--awb-sep-color:#48626f;border-color:#48626f;border-top-width:1px;\"><\/div><\/div><div class=\"fusion-sep-clear\"><\/div><div class=\"fusion-clearfix\"><\/div><\/div><\/div><\/div><\/div><div class=\"fusion-fullwidth fullwidth-box fusion-builder-row-9 nonhundred-percent-fullwidth non-hundred-percent-height-scrolling\" style=\"--awb-border-radius-top-left:0px;--awb-border-radius-top-right:0px;--awb-border-radius-bottom-right:0px;--awb-border-radius-bottom-left:0px;--awb-padding-top:0px;--awb-padding-bottom:0px;--awb-flex-wrap:wrap;\" ><div class=\"fusion-builder-row fusion-row\"><div class=\"fusion-layout-column fusion_builder_column fusion-builder-column-13 fusion_builder_column_1_1 1_1 fusion-one-full fusion-column-first fusion-column-last\" style=\"--awb-padding-right:5%;--awb-padding-left:5%;--awb-bg-size:cover;--awb-margin-top:0px;\"><div class=\"fusion-column-wrapper fusion-column-has-shadow fusion-flex-column-wrapper-legacy\"><div class=\"fusion-text fusion-text-10\"><h3>Referencias<\/h3>\n<p>[1] Durante la presentaci\u00f3n del informe\u00a0<em>Rethink Education. C\u00f3mo construir la singularidad humana. <\/em>The Valley, 2021<\/p>\n<p>[2] <em>L\u2019escola h\u00edbrida com a oportunitat per a transformar l\u2019educaci\u00f3<\/em>. Di\u00e0legs, Volum 1<em>,\u00a0<\/em>30-35.\u00a0<span style=\"color: #33cccc;\"><a style=\"color: #33cccc;\" href=\"https:\/\/impulseducacio.org\/es\/revista-dialegs\/\">https:\/\/impulseducacio.org\/revista-dialegs\/<\/a><\/span><\/p>\n<p>[3]PRATS, M.A.; SINTES, E. (2021). <em>Educaci\u00f3 h\u00edbrida. Com impulsar la transformaci\u00f3 digital de l\u2019escola. <\/em>Informes Breus, n\u00fam. 71. Fundaci\u00f3 Jaume Bofill.<\/p>\n<p>[4] V\u00e9ase: <a href=\"https:\/\/projectes.xtec.cat\/transformacioenxarxa\/projecte-pilot-deducacio-hibrida\/\"><span style=\"color: #33cccc;\">https:\/\/projectes.xtec.cat\/transformacioenxarxa\/projecte-pilot-deducacio-hibrida\/<\/span><\/a> [Consultado el 1\/10\/2021]\n[5] V\u00e9ase: <span style=\"color: #33cccc;\"><a style=\"color: #33cccc;\" href=\"https:\/\/pepemenendez.wordpress.com\/2021\/09\/30\/transformar-la-educacion-ha-de-ser-un-proceso-permanente-y-sostenible\/\">https:\/\/pepemenendez.wordpress.com\/2021\/09\/30\/transformar-la-educacion-ha-de-ser-un-proceso-permanente-y-sostenible\/<\/a><\/span> [Consultado el 1\/10\/2021]<\/p>\n<\/div><div class=\"fusion-clearfix\"><\/div><\/div><\/div><\/div><\/div><div class=\"fusion-fullwidth fullwidth-box fusion-builder-row-10 nonhundred-percent-fullwidth non-hundred-percent-height-scrolling\" style=\"--awb-border-radius-top-left:0px;--awb-border-radius-top-right:0px;--awb-border-radius-bottom-right:0px;--awb-border-radius-bottom-left:0px;--awb-padding-top:0px;--awb-margin-top:0px;--awb-flex-wrap:wrap;\" ><div class=\"fusion-builder-row fusion-row\"><div class=\"fusion-layout-column fusion_builder_column fusion-builder-column-14 fusion_builder_column_3_4 3_4 fusion-three-fourth fusion-column-first\" style=\"--awb-bg-size:cover;--awb-margin-top:4px;width:75%;width:calc(75% - ( ( 4% ) * 0.75 ) );margin-right: 4%;\"><div class=\"fusion-column-wrapper fusion-column-has-shadow fusion-flex-column-wrapper-legacy\"><div class=\"fusion-text fusion-text-11\"><p>Relacionado con: <\/p>\n<\/div><div class=\"fusion-clearfix\"><\/div><\/div><\/div><div class=\"fusion-layout-column fusion_builder_column fusion-builder-column-15 fusion_builder_column_1_4 1_4 fusion-one-fourth fusion-column-last\" style=\"--awb-bg-size:cover;width:25%;width:calc(25% - ( ( 4% ) * 0.25 ) );\"><div class=\"fusion-column-wrapper fusion-column-has-shadow fusion-flex-column-wrapper-legacy\"><div class=\"fusion-clearfix\"><\/div><\/div><\/div><div class=\"fusion-layout-column fusion_builder_column fusion-builder-column-16 fusion_builder_column_1_1 1_1 fusion-one-full fusion-column-first fusion-column-last fusion-animated\" style=\"--awb-padding-right:969px;--awb-bg-blend:overlay;--awb-bg-size:cover;--awb-margin-top:11px;--awb-margin-bottom:70px;\" data-animationType=\"fadeInDown\" data-animationDuration=\"0.6\" data-animationOffset=\"top-into-view\"><div class=\"fusion-column-wrapper fusion-column-has-shadow fusion-flex-column-wrapper-legacy\"><div class=\"fusion-sharing-box fusion-sharing-box-2 boxed-icons has-taglines layout-floated layout-medium-floated layout-small-floated\" style=\"background-color:rgba(246,244,245,0);padding:0;--awb-layout:row;--awb-alignment-small:space-between;\" data-title=\"Transformar la cultura escolar pasa por la educaci\u00f3n h\u00edbrida\" data-description=\"Transformar la cultura escolar pasa por la educaci\u00f3n h\u00edbrida     Your Content Goes Here  \r\nEstamos ante una urgencia innovadora que comportar\u00e1 un cambio de paradigma, sin olvidar las dimensiones humanas de la educaci\u00f3n Por Jordi Viladrosa i Clua \r\nLos aprendizajes que hemos adquirido como consecuencia\" data-link=\"https:\/\/impulseducacio.org\/es\/transformar-la-cultura-escolar-pasa-por-la-educacion-hibrida\/\"><h4 class=\"tagline\" style=\"color:#48626f;\">Compartir<\/h4><div class=\"fusion-social-networks sharingbox-shortcode-icon-wrapper sharingbox-shortcode-icon-wrapper-2 boxed-icons\"><span><a href=\"https:\/\/www.facebook.com\/sharer.php?u=https%3A%2F%2Fimpulseducacio.org%2Fes%2Ftransformar-la-cultura-escolar-pasa-por-la-educacion-hibrida%2F&amp;t=Transformar%20la%20cultura%20escolar%20pasa%20por%20la%20educaci%C3%B3n%20h%C3%ADbrida\" target=\"_blank\" rel=\"noreferrer\" title=\"Facebook\" aria-label=\"Facebook\" data-placement=\"bottom\" data-toggle=\"tooltip\" data-title=\"Facebook\"><i class=\"fusion-social-network-icon fusion-tooltip fusion-facebook awb-icon-facebook\" style=\"color:#ffffff;background-color:#3b5998;border-color:#3b5998;border-radius:24px;\" aria-hidden=\"true\"><\/i><\/a><\/span><span><a href=\"https:\/\/x.com\/intent\/post?text=Transformar%20la%20cultura%20escolar%20pasa%20por%20la%20educaci%C3%B3n%20h%C3%ADbrida&amp;url=https%3A%2F%2Fimpulseducacio.org%2Fes%2Ftransformar-la-cultura-escolar-pasa-por-la-educacion-hibrida%2F\" target=\"_blank\" rel=\"noopener noreferrer\" title=\"X\" aria-label=\"X\" data-placement=\"bottom\" data-toggle=\"tooltip\" data-title=\"X\"><i class=\"fusion-social-network-icon fusion-tooltip fusion-twitter awb-icon-twitter\" style=\"color:#ffffff;background-color:#000000;border-color:#000000;border-radius:24px;\" aria-hidden=\"true\"><\/i><\/a><\/span><span><a href=\"https:\/\/www.linkedin.com\/shareArticle?mini=true&amp;url=https%3A%2F%2Fimpulseducacio.org%2Fes%2Ftransformar-la-cultura-escolar-pasa-por-la-educacion-hibrida%2F&amp;title=Transformar%20la%20cultura%20escolar%20pasa%20por%20la%20educaci%C3%B3n%20h%C3%ADbrida&amp;summary=Transformar%20la%20cultura%20escolar%20pasa%20por%20la%20educaci%C3%B3n%20h%C3%ADbrida%20%20%20%20%20%20%20%20%20Your%20Content%20Goes%20Here%20%20%20%0D%0AEstamos%20ante%20una%20urgencia%20innovadora%20que%20comportar%C3%A1%20un%20cambio%20de%20paradigma%2C%20sin%20olvidar%20las%20dimensiones%20humanas%20de%20la%20educaci%C3%B3n%20Por%20Jordi%20Viladrosa%20i%20Clua%20%0D%0ALos%20aprendizajes%20que%20hemos%20adquirido%20como%20consecuencia\" target=\"_blank\" rel=\"noopener noreferrer\" title=\"LinkedIn\" aria-label=\"LinkedIn\" data-placement=\"bottom\" data-toggle=\"tooltip\" data-title=\"LinkedIn\"><i class=\"fusion-social-network-icon fusion-tooltip fusion-linkedin awb-icon-linkedin\" style=\"color:#ffffff;background-color:#0077b5;border-color:#0077b5;border-radius:24px;\" aria-hidden=\"true\"><\/i><\/a><\/span><span><a href=\"mailto:?subject=Transformar%20la%20cultura%20escolar%20pasa%20por%20la%20educaci%C3%B3n%20h%C3%ADbrida&amp;body=https%3A%2F%2Fimpulseducacio.org%2Fes%2Ftransformar-la-cultura-escolar-pasa-por-la-educacion-hibrida%2F\" target=\"_self\" title=\"Email\" aria-label=\"Email\" data-placement=\"bottom\" data-toggle=\"tooltip\" data-title=\"Email\"><i class=\"fusion-social-network-icon fusion-tooltip fusion-mail awb-icon-mail\" style=\"color:#ffffff;background-color:#000000;border-color:#000000;border-radius:24px;\" aria-hidden=\"true\"><\/i><\/a><\/span><\/div><\/div><div class=\"fusion-clearfix\"><\/div><\/div><\/div><\/div><\/div><div class=\"fusion-fullwidth fullwidth-box fusion-builder-row-11 nonhundred-percent-fullwidth non-hundred-percent-height-scrolling\" style=\"--awb-border-radius-top-left:0px;--awb-border-radius-top-right:0px;--awb-border-radius-bottom-right:0px;--awb-border-radius-bottom-left:0px;--awb-padding-top:0px;--awb-padding-bottom:0px;--awb-margin-top:0px;--awb-margin-bottom:0px;--awb-flex-wrap:wrap;\" ><div class=\"fusion-builder-row fusion-row\"><div class=\"fusion-layout-column fusion_builder_column fusion-builder-column-17 fusion_builder_column_3_4 3_4 fusion-three-fourth fusion-column-first\" style=\"--awb-bg-size:cover;width:75%;width:calc(75% - ( ( 4% ) * 0.75 ) );margin-right: 4%;\"><div class=\"fusion-column-wrapper fusion-column-has-shadow fusion-flex-column-wrapper-legacy\"><div class=\"fusion-text fusion-text-12\"><p style=\"font-size: 35px; line-height: 37.4px; font-family: 'Open Sans'; font-weight: 300;\" data-fusion-font=\"true\" data-fusion-google-font=\"Open Sans\" data-fusion-google-variant=\"300\" data-fusion-google-subset=\"latin\">Te puede interesar<\/p>\n<\/div><div class=\"fusion-clearfix\"><\/div><\/div><\/div><div class=\"fusion-layout-column fusion_builder_column fusion-builder-column-18 fusion_builder_column_1_4 1_4 fusion-one-fourth fusion-column-last\" style=\"--awb-padding-left:137px;--awb-bg-size:cover;--awb-margin-top:61px;width:25%;width:calc(25% - ( ( 4% ) * 0.25 ) );\"><div class=\"fusion-column-wrapper fusion-column-has-shadow fusion-flex-column-wrapper-legacy\"><div class=\"fusion-button-wrapper\"><a class=\"fusion-button button-flat button-large button-custom fusion-button-default button-1 fusion-button-default-span fusion-button-default-type\" style=\"--button_accent_color:#ffffff;--button_accent_hover_color:#ffffff;--button_border_hover_color:#ffffff;--button_gradient_top_color:#ffad00;--button_gradient_bottom_color:#ffad00;--button_gradient_top_color_hover:#48626f;--button_gradient_bottom_color_hover:#48626f;\" target=\"lightbox\" rel=\"iLightbox\" href=\"https:\/\/institucio.ipzmarketing.com\/f\/FGIXFJ9o1O8\"><i class=\"fa-envelope fas awb-button__icon awb-button__icon--default button-icon-left\" aria-hidden=\"true\"><\/i><span class=\"fusion-button-text awb-button__text awb-button__text--default\">Subscr\u00edbete<\/span><\/a><\/div><div class=\"fusion-clearfix\"><\/div><\/div><\/div><div class=\"fusion-layout-column fusion_builder_column fusion-builder-column-19 fusion_builder_column_1_1 1_1 fusion-one-full fusion-column-first fusion-column-last\" style=\"--awb-padding-top:21px;--awb-bg-blend:overlay;--awb-bg-size:cover;--awb-margin-top:0px;--awb-margin-bottom:0px;\"><div class=\"fusion-column-wrapper fusion-column-has-shadow fusion-flex-column-wrapper-legacy\"><div class=\"fusion-blog-shortcode fusion-blog-shortcode-1 fusion-blog-archive fusion-blog-layout-grid-wrapper fusion-blog-pagination\"><style type=\"text\/css\">.fusion-blog-shortcode-1 .fusion-blog-layout-grid .fusion-post-grid{padding:21px;}.fusion-blog-shortcode-1 .fusion-posts-container{margin-left: -21px !important; margin-right:-21px !important;}<\/style><div class=\"fusion-posts-container fusion-posts-container-pagination fusion-blog-rollover fusion-blog-layout-grid fusion-blog-layout-grid-3 isotope fusion-blog-equal-heights\" data-pages=\"6\" data-grid-col-space=\"42\" style=\"margin: -21px -21px 0;min-height:500px;\"><article id=\"blog-1-post-46978\" class=\"fusion-post-grid post-46978 post type-post status-publish format-standard has-post-thumbnail hentry category-tecnologia-es tag-entrevista-experto tag-ia\">\n<div class=\"fusion-post-wrapper\" style=\"background-color:rgba(246,247,247,1);border:none;\">\n\n\t\t\t<div class=\"fusion-flexslider flexslider fusion-flexslider-loading fusion-post-slideshow\" style=\"border-color:rgba(255,255,255,0);\">\n\t\t<ul class=\"slides\">\n\t\t\t\n\t\t\t\t\t\t\t\t\t\t\t\t\t\t<li><div  class=\"fusion-image-wrapper\" aria-haspopup=\"true\">\n\t\t\t\t<img decoding=\"async\" width=\"2560\" height=\"1279\" src=\"https:\/\/impulseducacio.org\/wp-content\/uploads\/2025\/05\/1.-Portada-entrevista-Carlos-Magro_WEB-scaled.jpg\" class=\"attachment-full size-full wp-post-image\" alt=\"\" srcset=\"https:\/\/impulseducacio.org\/wp-content\/uploads\/2025\/05\/1.-Portada-entrevista-Carlos-Magro_WEB-200x100.jpg 200w, https:\/\/impulseducacio.org\/wp-content\/uploads\/2025\/05\/1.-Portada-entrevista-Carlos-Magro_WEB-400x200.jpg 400w, https:\/\/impulseducacio.org\/wp-content\/uploads\/2025\/05\/1.-Portada-entrevista-Carlos-Magro_WEB-600x300.jpg 600w, https:\/\/impulseducacio.org\/wp-content\/uploads\/2025\/05\/1.-Portada-entrevista-Carlos-Magro_WEB-800x400.jpg 800w, https:\/\/impulseducacio.org\/wp-content\/uploads\/2025\/05\/1.-Portada-entrevista-Carlos-Magro_WEB-1200x600.jpg 1200w, https:\/\/impulseducacio.org\/wp-content\/uploads\/2025\/05\/1.-Portada-entrevista-Carlos-Magro_WEB-scaled.jpg 2560w\" sizes=\"(min-width: 2200px) 100vw, (min-width: 784px) 399px, (min-width: 712px) 598px, (min-width: 640px) 712px, \" \/><div class=\"fusion-rollover\">\n\t<div class=\"fusion-rollover-content\">\n\n\t\t\t\t\t\t\t\t\t\t\t\t\t\t<a class=\"fusion-rollover-link\" href=\"https:\/\/impulseducacio.org\/es\/educar-con-sentido-en-tiempos-de-inteligencia-artificial\/\">Educar con sentido en tiempos de inteligencia artificial<\/a>\n\t\t\t\n\t\t\t\t\t\t\t\t\t\t\t\t\t\t\n\t\t\t\t\t\t\t\t\n\t\t\t\t\t\t\t\t\t\t\t\t\t<div class=\"fusion-rollover-sep\"><\/div>\n\t\t\t\t\n\t\t\t\t\t\t\t\t\t\t\t\t\t\t\t\t\t\t<a class=\"fusion-rollover-gallery\" href=\"https:\/\/impulseducacio.org\/wp-content\/uploads\/2025\/05\/1.-Portada-entrevista-Carlos-Magro_WEB-scaled.jpg\" data-options=\"\" data-id=\"46978\" data-rel=\"iLightbox[gallery]\" data-title=\"1.-Portada-entrevista-Carlos-Magro_WEB\" data-caption=\"\">\n\t\t\t\t\t\tGallery\t\t\t\t\t<\/a>\n\t\t\t\t\t\t\t\t\t\t\t\t\t\t\n\t\t\n\t\t\t\t\t\t\t\t\n\t\t\t\t\t\t\t\t\n\t\t\n\t\t\t\t\t\t<a class=\"fusion-link-wrapper\" href=\"https:\/\/impulseducacio.org\/es\/educar-con-sentido-en-tiempos-de-inteligencia-artificial\/\" aria-label=\"Educar con sentido en tiempos de inteligencia artificial\"><\/a>\n\t<\/div>\n<\/div>\n<\/div>\n<\/li>\n\t\t\t\n\t\t\t\n\t\t\t\t\t\t\t\t\t\t\t\t\t\t\t\t\t\t\t\t\t\t\t\t\t\t\t\t\t\t\t\t\t\t\t\t\t\t\t\t\t\t\t\t\t\t\t\t\t\t\t\t\t\t\t\t\t\t\t\t\t\t\t\t\t\t\t\t<\/ul>\n\t<\/div>\n\t<div class=\"fusion-post-content-wrapper\" style=\"padding:30px 8% 25px 8%;\"><div class=\"fusion-post-content post-content\"><h2 class=\"blog-shortcode-post-title entry-title\"><a href=\"https:\/\/impulseducacio.org\/es\/educar-con-sentido-en-tiempos-de-inteligencia-artificial\/\">Educar con sentido en tiempos de inteligencia artificial<\/a><\/h2><p class=\"fusion-single-line-meta\"><span class=\"vcard\" style=\"display: none;\"><span class=\"fn\"><a href=\"https:\/\/impulseducacio.org\/es\/author\/ana-moreno\/\" title=\"Posts by Impuls Educaci\u00f3\" rel=\"author\">Impuls Educaci\u00f3<\/a><\/span><\/span><span class=\"updated\" style=\"display:none;\">2025-05-13T09:25:58+00:00<\/span><span>May 8th, 2025<\/span><span class=\"fusion-inline-sep\">|<\/span><\/p><\/div><\/div><div class=\"fusion-clearfix\"><\/div><\/div>\n<\/article>\n<article id=\"blog-1-post-46911\" class=\"fusion-post-grid post-46911 post type-post status-publish format-standard has-post-thumbnail hentry category-tecnologia-es tag-inteligencia-artificial\">\n<div class=\"fusion-post-wrapper\" style=\"background-color:rgba(246,247,247,1);border:none;\">\n\n\t\t\t<div class=\"fusion-flexslider flexslider fusion-flexslider-loading fusion-post-slideshow\" style=\"border-color:rgba(255,255,255,0);\">\n\t\t<ul class=\"slides\">\n\t\t\t\n\t\t\t\t\t\t\t\t\t\t\t\t\t\t<li><div  class=\"fusion-image-wrapper\" aria-haspopup=\"true\">\n\t\t\t\t<img decoding=\"async\" width=\"2560\" height=\"1279\" src=\"https:\/\/impulseducacio.org\/wp-content\/uploads\/2025\/04\/1.-Portada-articulo-Manel-Soengas_WEB-scaled.jpg\" class=\"attachment-full size-full wp-post-image\" alt=\"\" srcset=\"https:\/\/impulseducacio.org\/wp-content\/uploads\/2025\/04\/1.-Portada-articulo-Manel-Soengas_WEB-200x100.jpg 200w, https:\/\/impulseducacio.org\/wp-content\/uploads\/2025\/04\/1.-Portada-articulo-Manel-Soengas_WEB-400x200.jpg 400w, https:\/\/impulseducacio.org\/wp-content\/uploads\/2025\/04\/1.-Portada-articulo-Manel-Soengas_WEB-600x300.jpg 600w, https:\/\/impulseducacio.org\/wp-content\/uploads\/2025\/04\/1.-Portada-articulo-Manel-Soengas_WEB-800x400.jpg 800w, https:\/\/impulseducacio.org\/wp-content\/uploads\/2025\/04\/1.-Portada-articulo-Manel-Soengas_WEB-1200x600.jpg 1200w, https:\/\/impulseducacio.org\/wp-content\/uploads\/2025\/04\/1.-Portada-articulo-Manel-Soengas_WEB-scaled.jpg 2560w\" sizes=\"(min-width: 2200px) 100vw, (min-width: 784px) 399px, (min-width: 712px) 598px, (min-width: 640px) 712px, \" \/><div class=\"fusion-rollover\">\n\t<div class=\"fusion-rollover-content\">\n\n\t\t\t\t\t\t\t\t\t\t\t\t\t\t<a class=\"fusion-rollover-link\" href=\"https:\/\/impulseducacio.org\/es\/educacion-e-inteligencia-artificial\/\">Educaci\u00f3n e inteligencia artificial: qu\u00e9 cambia con la nueva ley europea<\/a>\n\t\t\t\n\t\t\t\t\t\t\t\t\t\t\t\t\t\t\n\t\t\t\t\t\t\t\t\n\t\t\t\t\t\t\t\t\t\t\t\t\t<div class=\"fusion-rollover-sep\"><\/div>\n\t\t\t\t\n\t\t\t\t\t\t\t\t\t\t\t\t\t\t\t\t\t\t<a class=\"fusion-rollover-gallery\" href=\"https:\/\/impulseducacio.org\/wp-content\/uploads\/2025\/04\/1.-Portada-articulo-Manel-Soengas_WEB-scaled.jpg\" data-options=\"\" data-id=\"46911\" data-rel=\"iLightbox[gallery]\" data-title=\"1.-Portada-art\u00edculo-Manel-Soengas_WEB\" data-caption=\"\">\n\t\t\t\t\t\tGallery\t\t\t\t\t<\/a>\n\t\t\t\t\t\t\t\t\t\t\t\t\t\t\n\t\t\n\t\t\t\t\t\t\t\t\n\t\t\t\t\t\t\t\t\n\t\t\n\t\t\t\t\t\t<a class=\"fusion-link-wrapper\" href=\"https:\/\/impulseducacio.org\/es\/educacion-e-inteligencia-artificial\/\" aria-label=\"Educaci\u00f3n e inteligencia artificial: qu\u00e9 cambia con la nueva ley europea\"><\/a>\n\t<\/div>\n<\/div>\n<\/div>\n<\/li>\n\t\t\t\n\t\t\t\n\t\t\t\t\t\t\t\t\t\t\t\t\t\t\t\t\t\t\t\t\t\t\t\t\t\t\t\t\t\t\t\t\t\t\t\t\t\t\t\t\t\t\t\t\t\t\t\t\t\t\t\t\t\t\t\t\t\t\t\t\t\t\t\t\t\t\t\t<\/ul>\n\t<\/div>\n\t<div class=\"fusion-post-content-wrapper\" style=\"padding:30px 8% 25px 8%;\"><div class=\"fusion-post-content post-content\"><h2 class=\"blog-shortcode-post-title entry-title\"><a href=\"https:\/\/impulseducacio.org\/es\/educacion-e-inteligencia-artificial\/\">Educaci\u00f3n e inteligencia artificial: qu\u00e9 cambia con la nueva ley europea<\/a><\/h2><p class=\"fusion-single-line-meta\"><span class=\"vcard\" style=\"display: none;\"><span class=\"fn\"><a href=\"https:\/\/impulseducacio.org\/es\/author\/ana-moreno\/\" title=\"Posts by Impuls Educaci\u00f3\" rel=\"author\">Impuls Educaci\u00f3<\/a><\/span><\/span><span class=\"updated\" style=\"display:none;\">2025-04-29T10:06:30+00:00<\/span><span>April 29th, 2025<\/span><span class=\"fusion-inline-sep\">|<\/span><\/p><\/div><\/div><div class=\"fusion-clearfix\"><\/div><\/div>\n<\/article>\n<article id=\"blog-1-post-46875\" class=\"fusion-post-grid post-46875 post type-post status-publish format-standard has-post-thumbnail hentry category-tecnologia-es\">\n<div class=\"fusion-post-wrapper\" style=\"background-color:rgba(246,247,247,1);border:none;\">\n\n\t\t\t<div class=\"fusion-flexslider flexslider fusion-flexslider-loading fusion-post-slideshow\" style=\"border-color:rgba(255,255,255,0);\">\n\t\t<ul class=\"slides\">\n\t\t\t\n\t\t\t\t\t\t\t\t\t\t\t\t\t\t<li><div  class=\"fusion-image-wrapper\" aria-haspopup=\"true\">\n\t\t\t\t<img decoding=\"async\" width=\"2560\" height=\"1282\" src=\"https:\/\/impulseducacio.org\/wp-content\/uploads\/2025\/04\/1.-Portada-Articulo-JM-Ruiz_WEB-scaled.jpg\" class=\"attachment-full size-full wp-post-image\" alt=\"\" srcset=\"https:\/\/impulseducacio.org\/wp-content\/uploads\/2025\/04\/1.-Portada-Articulo-JM-Ruiz_WEB-200x100.jpg 200w, https:\/\/impulseducacio.org\/wp-content\/uploads\/2025\/04\/1.-Portada-Articulo-JM-Ruiz_WEB-400x200.jpg 400w, https:\/\/impulseducacio.org\/wp-content\/uploads\/2025\/04\/1.-Portada-Articulo-JM-Ruiz_WEB-600x300.jpg 600w, https:\/\/impulseducacio.org\/wp-content\/uploads\/2025\/04\/1.-Portada-Articulo-JM-Ruiz_WEB-800x401.jpg 800w, https:\/\/impulseducacio.org\/wp-content\/uploads\/2025\/04\/1.-Portada-Articulo-JM-Ruiz_WEB-1200x601.jpg 1200w, https:\/\/impulseducacio.org\/wp-content\/uploads\/2025\/04\/1.-Portada-Articulo-JM-Ruiz_WEB-scaled.jpg 2560w\" sizes=\"(min-width: 2200px) 100vw, (min-width: 784px) 399px, (min-width: 712px) 598px, (min-width: 640px) 712px, \" \/><div class=\"fusion-rollover\">\n\t<div class=\"fusion-rollover-content\">\n\n\t\t\t\t\t\t\t\t\t\t\t\t\t\t<a class=\"fusion-rollover-link\" href=\"https:\/\/impulseducacio.org\/es\/transformar-la-escuela-desde-dentro-el-modelo-del-ies-cartima\/\">Transformar la escuela desde dentro: el modelo del IES Cartima<\/a>\n\t\t\t\n\t\t\t\t\t\t\t\t\t\t\t\t\t\t\n\t\t\t\t\t\t\t\t\n\t\t\t\t\t\t\t\t\t\t\t\t\t<div class=\"fusion-rollover-sep\"><\/div>\n\t\t\t\t\n\t\t\t\t\t\t\t\t\t\t\t\t\t\t\t\t\t\t<a class=\"fusion-rollover-gallery\" href=\"https:\/\/impulseducacio.org\/wp-content\/uploads\/2025\/04\/1.-Portada-Articulo-JM-Ruiz_WEB-scaled.jpg\" data-options=\"\" data-id=\"46875\" data-rel=\"iLightbox[gallery]\" data-title=\"1.-Portada-Art\u00edculo-JM-Ruiz_WEB\" data-caption=\"\">\n\t\t\t\t\t\tGallery\t\t\t\t\t<\/a>\n\t\t\t\t\t\t\t\t\t\t\t\t\t\t\n\t\t\n\t\t\t\t\t\t\t\t\n\t\t\t\t\t\t\t\t\n\t\t\n\t\t\t\t\t\t<a class=\"fusion-link-wrapper\" href=\"https:\/\/impulseducacio.org\/es\/transformar-la-escuela-desde-dentro-el-modelo-del-ies-cartima\/\" aria-label=\"Transformar la escuela desde dentro: el modelo del IES Cartima\"><\/a>\n\t<\/div>\n<\/div>\n<\/div>\n<\/li>\n\t\t\t\n\t\t\t\n\t\t\t\t\t\t\t\t\t\t\t\t\t\t\t\t\t\t\t\t\t\t\t\t\t\t\t\t\t\t\t\t\t\t\t\t\t\t\t\t\t\t\t\t\t\t\t\t\t\t\t\t\t\t\t\t\t\t\t\t\t\t\t\t\t\t\t\t<\/ul>\n\t<\/div>\n\t<div class=\"fusion-post-content-wrapper\" style=\"padding:30px 8% 25px 8%;\"><div class=\"fusion-post-content post-content\"><h2 class=\"blog-shortcode-post-title entry-title\"><a href=\"https:\/\/impulseducacio.org\/es\/transformar-la-escuela-desde-dentro-el-modelo-del-ies-cartima\/\">Transformar la escuela desde dentro: el modelo del IES Cartima<\/a><\/h2><p class=\"fusion-single-line-meta\"><span class=\"vcard\" style=\"display: none;\"><span class=\"fn\"><a href=\"https:\/\/impulseducacio.org\/es\/author\/ana-moreno\/\" title=\"Posts by Impuls Educaci\u00f3\" rel=\"author\">Impuls Educaci\u00f3<\/a><\/span><\/span><span class=\"updated\" style=\"display:none;\">2025-04-24T08:05:29+00:00<\/span><span>April 24th, 2025<\/span><span class=\"fusion-inline-sep\">|<\/span><\/p><\/div><\/div><div class=\"fusion-clearfix\"><\/div><\/div>\n<\/article>\n<article id=\"blog-1-post-46196\" class=\"fusion-post-grid post-46196 post type-post status-publish format-gallery has-post-thumbnail hentry category-tecnologia-es tag-articulo-es tag-competencia-digital post_format-post-format-gallery\">\n<div class=\"fusion-post-wrapper\" style=\"background-color:rgba(246,247,247,1);border:none;\">\n\n\t\t\t<div class=\"fusion-flexslider flexslider fusion-flexslider-loading fusion-post-slideshow\" style=\"border-color:rgba(255,255,255,0);\">\n\t\t<ul class=\"slides\">\n\t\t\t\n\t\t\t\t\t\t\t\t\t\t\t\t\t\t<li><div  class=\"fusion-image-wrapper\" aria-haspopup=\"true\">\n\t\t\t\t<img decoding=\"async\" width=\"2560\" height=\"1280\" src=\"https:\/\/impulseducacio.org\/wp-content\/uploads\/2025\/02\/0.-Portada-estudio-ICILS_WEB-scaled.jpg\" class=\"attachment-full size-full wp-post-image\" alt=\"\" srcset=\"https:\/\/impulseducacio.org\/wp-content\/uploads\/2025\/02\/0.-Portada-estudio-ICILS_WEB-200x100.jpg 200w, https:\/\/impulseducacio.org\/wp-content\/uploads\/2025\/02\/0.-Portada-estudio-ICILS_WEB-400x200.jpg 400w, https:\/\/impulseducacio.org\/wp-content\/uploads\/2025\/02\/0.-Portada-estudio-ICILS_WEB-600x300.jpg 600w, https:\/\/impulseducacio.org\/wp-content\/uploads\/2025\/02\/0.-Portada-estudio-ICILS_WEB-800x400.jpg 800w, https:\/\/impulseducacio.org\/wp-content\/uploads\/2025\/02\/0.-Portada-estudio-ICILS_WEB-1200x600.jpg 1200w, https:\/\/impulseducacio.org\/wp-content\/uploads\/2025\/02\/0.-Portada-estudio-ICILS_WEB-scaled.jpg 2560w\" sizes=\"(min-width: 2200px) 100vw, (min-width: 784px) 399px, (min-width: 712px) 598px, (min-width: 640px) 712px, \" \/><div class=\"fusion-rollover\">\n\t<div class=\"fusion-rollover-content\">\n\n\t\t\t\t\t\t\t\t\t\t\t\t\t\t<a class=\"fusion-rollover-link\" href=\"https:\/\/impulseducacio.org\/es\/educacion-digital-en-transicion-claves-y-desafios-del-icils-2023\/\">Educaci\u00f3n digital en transici\u00f3n: Claves y desaf\u00edos del ICILS 2023<\/a>\n\t\t\t\n\t\t\t\t\t\t\t\t\t\t\t\t\t\t\n\t\t\t\t\t\t\t\t\n\t\t\t\t\t\t\t\t\t\t\t\t\t<div class=\"fusion-rollover-sep\"><\/div>\n\t\t\t\t\n\t\t\t\t\t\t\t\t\t\t\t\t\t\t\t\t\t\t<a class=\"fusion-rollover-gallery\" href=\"https:\/\/impulseducacio.org\/wp-content\/uploads\/2025\/02\/0.-Portada-estudio-ICILS_WEB-scaled.jpg\" data-options=\"\" data-id=\"46196\" data-rel=\"iLightbox[gallery]\" data-title=\"0.-Portada-estudio-ICILS_WEB\" data-caption=\"\">\n\t\t\t\t\t\tGallery\t\t\t\t\t<\/a>\n\t\t\t\t\t\t\t\t\t\t\t\t\t\t\n\t\t\n\t\t\t\t\t\t\t\t\n\t\t\t\t\t\t\t\t\n\t\t\n\t\t\t\t\t\t<a class=\"fusion-link-wrapper\" href=\"https:\/\/impulseducacio.org\/es\/educacion-digital-en-transicion-claves-y-desafios-del-icils-2023\/\" aria-label=\"Educaci\u00f3n digital en transici\u00f3n: Claves y desaf\u00edos del ICILS 2023\"><\/a>\n\t<\/div>\n<\/div>\n<\/div>\n<\/li>\n\t\t\t\n\t\t\t\n\t\t\t\t\t\t\t\t\t\t\t\t\t\t\t\t\t\t\t\t\t\t\t\t\t\t\t\t\t\t\t\t\t\t\t\t\t\t\t\t\t\t\t\t\t\t\t\t\t\t\t\t\t\t\t\t\t\t\t\t\t\t\t\t\t\t\t\t<\/ul>\n\t<\/div>\n\t<div class=\"fusion-post-content-wrapper\" style=\"padding:30px 8% 25px 8%;\"><div class=\"fusion-post-content post-content\"><h2 class=\"blog-shortcode-post-title entry-title\"><a href=\"https:\/\/impulseducacio.org\/es\/educacion-digital-en-transicion-claves-y-desafios-del-icils-2023\/\">Educaci\u00f3n digital en transici\u00f3n: Claves y desaf\u00edos del ICILS 2023<\/a><\/h2><p class=\"fusion-single-line-meta\"><span class=\"vcard\" style=\"display: none;\"><span class=\"fn\"><a href=\"https:\/\/impulseducacio.org\/es\/author\/ana-moreno\/\" title=\"Posts by Impuls Educaci\u00f3\" rel=\"author\">Impuls Educaci\u00f3<\/a><\/span><\/span><span class=\"updated\" style=\"display:none;\">2025-02-25T10:56:04+00:00<\/span><span>February 24th, 2025<\/span><span class=\"fusion-inline-sep\">|<\/span><\/p><\/div><\/div><div class=\"fusion-clearfix\"><\/div><\/div>\n<\/article>\n<article id=\"blog-1-post-44659\" class=\"fusion-post-grid post-44659 post type-post status-publish format-gallery has-post-thumbnail hentry category-tecnologia-es tag-resena post_format-post-format-gallery\">\n<div class=\"fusion-post-wrapper\" style=\"background-color:rgba(246,247,247,1);border:none;\">\n\n\t\t\t<div class=\"fusion-flexslider flexslider fusion-flexslider-loading fusion-post-slideshow\" style=\"border-color:rgba(255,255,255,0);\">\n\t\t<ul class=\"slides\">\n\t\t\t\n\t\t\t\t\t\t\t\t\t\t\t\t\t\t<li><div  class=\"fusion-image-wrapper\" aria-haspopup=\"true\">\n\t\t\t\t<img decoding=\"async\" width=\"2560\" height=\"1280\" src=\"https:\/\/impulseducacio.org\/wp-content\/uploads\/2024\/12\/0.-Portada_resena-etica-algoritmica_duotono-scaled.jpg\" class=\"attachment-full size-full wp-post-image\" alt=\"\" srcset=\"https:\/\/impulseducacio.org\/wp-content\/uploads\/2024\/12\/0.-Portada_resena-etica-algoritmica_duotono-200x100.jpg 200w, https:\/\/impulseducacio.org\/wp-content\/uploads\/2024\/12\/0.-Portada_resena-etica-algoritmica_duotono-400x200.jpg 400w, https:\/\/impulseducacio.org\/wp-content\/uploads\/2024\/12\/0.-Portada_resena-etica-algoritmica_duotono-600x300.jpg 600w, https:\/\/impulseducacio.org\/wp-content\/uploads\/2024\/12\/0.-Portada_resena-etica-algoritmica_duotono-800x400.jpg 800w, https:\/\/impulseducacio.org\/wp-content\/uploads\/2024\/12\/0.-Portada_resena-etica-algoritmica_duotono-1200x600.jpg 1200w, https:\/\/impulseducacio.org\/wp-content\/uploads\/2024\/12\/0.-Portada_resena-etica-algoritmica_duotono-scaled.jpg 2560w\" sizes=\"(min-width: 2200px) 100vw, (min-width: 784px) 399px, (min-width: 712px) 598px, (min-width: 640px) 712px, \" \/><div class=\"fusion-rollover\">\n\t<div class=\"fusion-rollover-content\">\n\n\t\t\t\t\t\t\t\t\t\t\t\t\t\t<a class=\"fusion-rollover-link\" href=\"https:\/\/impulseducacio.org\/es\/desafios-eticos-de-la-inteligencia-artificial-y-la-robotica\/\">Desaf\u00edos \u00e9ticos de la inteligencia artificial y la rob\u00f3tica<\/a>\n\t\t\t\n\t\t\t\t\t\t\t\t\t\t\t\t\t\t\n\t\t\t\t\t\t\t\t\n\t\t\t\t\t\t\t\t\t\t\t\t\t<div class=\"fusion-rollover-sep\"><\/div>\n\t\t\t\t\n\t\t\t\t\t\t\t\t\t\t\t\t\t\t\t\t\t\t<a class=\"fusion-rollover-gallery\" href=\"https:\/\/impulseducacio.org\/wp-content\/uploads\/2024\/12\/0.-Portada_resena-etica-algoritmica_duotono-scaled.jpg\" data-options=\"\" data-id=\"44659\" data-rel=\"iLightbox[gallery]\" data-title=\"0.-Portada_rese\u00f1a-\u00e8tica-algor\u00edtmica_duotono\" data-caption=\"\">\n\t\t\t\t\t\tGallery\t\t\t\t\t<\/a>\n\t\t\t\t\t\t\t\t\t\t\t\t\t\t\n\t\t\n\t\t\t\t\t\t\t\t\n\t\t\t\t\t\t\t\t\n\t\t\n\t\t\t\t\t\t<a class=\"fusion-link-wrapper\" href=\"https:\/\/impulseducacio.org\/es\/desafios-eticos-de-la-inteligencia-artificial-y-la-robotica\/\" aria-label=\"Desaf\u00edos \u00e9ticos de la inteligencia artificial y la rob\u00f3tica\"><\/a>\n\t<\/div>\n<\/div>\n<\/div>\n<\/li>\n\t\t\t\n\t\t\t\n\t\t\t\t\t\t\t\t\t\t\t\t\t\t\t\t\t\t\t\t\t\t\t\t\t\t\t\t\t\t\t\t\t\t\t\t\t\t\t\t\t\t\t\t\t\t\t\t\t\t\t\t\t\t\t\t\t\t\t\t\t\t\t\t\t\t\t\t<\/ul>\n\t<\/div>\n\t<div class=\"fusion-post-content-wrapper\" style=\"padding:30px 8% 25px 8%;\"><div class=\"fusion-post-content post-content\"><h2 class=\"blog-shortcode-post-title entry-title\"><a href=\"https:\/\/impulseducacio.org\/es\/desafios-eticos-de-la-inteligencia-artificial-y-la-robotica\/\">Desaf\u00edos \u00e9ticos de la inteligencia artificial y la rob\u00f3tica<\/a><\/h2><p class=\"fusion-single-line-meta\"><span class=\"vcard\" style=\"display: none;\"><span class=\"fn\"><a href=\"https:\/\/impulseducacio.org\/es\/author\/ana-moreno\/\" title=\"Posts by Impuls Educaci\u00f3\" rel=\"author\">Impuls Educaci\u00f3<\/a><\/span><\/span><span class=\"updated\" style=\"display:none;\">2025-03-06T08:32:06+00:00<\/span><span>February 11th, 2025<\/span><span class=\"fusion-inline-sep\">|<\/span><\/p><\/div><\/div><div class=\"fusion-clearfix\"><\/div><\/div>\n<\/article>\n<article id=\"blog-1-post-41821\" class=\"fusion-post-grid post-41821 post type-post status-publish format-gallery has-post-thumbnail hentry category-tecnologia-es tag-articulo-es tag-inteligencia-artificial post_format-post-format-gallery\">\n<div class=\"fusion-post-wrapper\" style=\"background-color:rgba(246,247,247,1);border:none;\">\n\n\t\t\t<div class=\"fusion-flexslider flexslider fusion-flexslider-loading fusion-post-slideshow\" style=\"border-color:rgba(255,255,255,0);\">\n\t\t<ul class=\"slides\">\n\t\t\t\n\t\t\t\t\t\t\t\t\t\t\t\t\t\t<li><div  class=\"fusion-image-wrapper\" aria-haspopup=\"true\">\n\t\t\t\t<img decoding=\"async\" width=\"1792\" height=\"897\" src=\"https:\/\/impulseducacio.org\/wp-content\/uploads\/2024\/09\/0.-Portada-IA-en-la-educacion.jpg\" class=\"attachment-full size-full wp-post-image\" alt=\"\" srcset=\"https:\/\/impulseducacio.org\/wp-content\/uploads\/2024\/09\/0.-Portada-IA-en-la-educacion-200x100.jpg 200w, https:\/\/impulseducacio.org\/wp-content\/uploads\/2024\/09\/0.-Portada-IA-en-la-educacion-400x200.jpg 400w, https:\/\/impulseducacio.org\/wp-content\/uploads\/2024\/09\/0.-Portada-IA-en-la-educacion-600x300.jpg 600w, https:\/\/impulseducacio.org\/wp-content\/uploads\/2024\/09\/0.-Portada-IA-en-la-educacion-800x400.jpg 800w, https:\/\/impulseducacio.org\/wp-content\/uploads\/2024\/09\/0.-Portada-IA-en-la-educacion-1200x601.jpg 1200w, https:\/\/impulseducacio.org\/wp-content\/uploads\/2024\/09\/0.-Portada-IA-en-la-educacion.jpg 1792w\" sizes=\"(min-width: 2200px) 100vw, (min-width: 784px) 399px, (min-width: 712px) 598px, (min-width: 640px) 712px, \" \/><div class=\"fusion-rollover\">\n\t<div class=\"fusion-rollover-content\">\n\n\t\t\t\t\t\t\t\t\t\t\t\t\t\t<a class=\"fusion-rollover-link\" href=\"https:\/\/impulseducacio.org\/es\/el-futuro-de-la-inteligencia-artificial-en-la-educacion\/\">El futuro de la Inteligencia Artificial en la educaci\u00f3n<\/a>\n\t\t\t\n\t\t\t\t\t\t\t\t\t\t\t\t\t\t\n\t\t\t\t\t\t\t\t\n\t\t\t\t\t\t\t\t\t\t\t\t\t<div class=\"fusion-rollover-sep\"><\/div>\n\t\t\t\t\n\t\t\t\t\t\t\t\t\t\t\t\t\t\t\t\t\t\t<a class=\"fusion-rollover-gallery\" href=\"https:\/\/impulseducacio.org\/wp-content\/uploads\/2024\/09\/0.-Portada-IA-en-la-educacion.jpg\" data-options=\"\" data-id=\"41821\" data-rel=\"iLightbox[gallery]\" data-title=\"0. Portada IA en la educaci\u00f3n\" data-caption=\"\">\n\t\t\t\t\t\tGallery\t\t\t\t\t<\/a>\n\t\t\t\t\t\t\t\t\t\t\t\t\t\t\n\t\t\n\t\t\t\t\t\t\t\t\n\t\t\t\t\t\t\t\t\n\t\t\n\t\t\t\t\t\t<a class=\"fusion-link-wrapper\" href=\"https:\/\/impulseducacio.org\/es\/el-futuro-de-la-inteligencia-artificial-en-la-educacion\/\" aria-label=\"El futuro de la Inteligencia Artificial en la educaci\u00f3n\"><\/a>\n\t<\/div>\n<\/div>\n<\/div>\n<\/li>\n\t\t\t\n\t\t\t\n\t\t\t\t\t\t\t\t\t\t\t\t\t\t\t\t\t\t\t\t\t\t\t\t\t\t\t\t\t\t\t\t\t\t\t\t\t\t\t\t\t\t\t\t\t\t\t\t\t\t\t\t\t\t\t\t\t\t\t\t\t\t\t\t\t\t\t\t<\/ul>\n\t<\/div>\n\t<div class=\"fusion-post-content-wrapper\" style=\"padding:30px 8% 25px 8%;\"><div class=\"fusion-post-content post-content\"><h2 class=\"blog-shortcode-post-title entry-title\"><a href=\"https:\/\/impulseducacio.org\/es\/el-futuro-de-la-inteligencia-artificial-en-la-educacion\/\">El futuro de la Inteligencia Artificial en la educaci\u00f3n<\/a><\/h2><p class=\"fusion-single-line-meta\"><span class=\"vcard\" style=\"display: none;\"><span class=\"fn\"><a href=\"https:\/\/impulseducacio.org\/es\/author\/ana-moreno\/\" title=\"Posts by Impuls Educaci\u00f3\" rel=\"author\">Impuls Educaci\u00f3<\/a><\/span><\/span><span class=\"updated\" style=\"display:none;\">2024-09-12T14:42:36+00:00<\/span><span>September 10th, 2024<\/span><span class=\"fusion-inline-sep\">|<\/span><\/p><\/div><\/div><div class=\"fusion-clearfix\"><\/div><\/div>\n<\/article>\n<div class=\"fusion-clearfix\"><\/div><\/div><div class=\"pagination clearfix\"><span class=\"current\">1<\/span><a href=\"https:\/\/impulseducacio.org\/es\/wp-json\/wp\/v2\/posts\/11758\/page\/2\/\" class=\"inactive\">2<\/a><a class=\"pagination-next\" rel=\"next\" href=\"https:\/\/impulseducacio.org\/es\/wp-json\/wp\/v2\/posts\/11758\/page\/2\/\"><span class=\"page-text\">Next<\/span><span class=\"page-next\"><\/span><\/a><\/div><div class=\"fusion-clearfix\"><\/div><\/div><div class=\"fusion-clearfix\"><\/div><\/div><\/div><\/div><\/div><\/p>\n","protected":false},"excerpt":{"rendered":"","protected":false},"author":2,"featured_media":11875,"comment_status":"open","ping_status":"open","sticky":false,"template":"","format":"standard","meta":{"_acf_changed":false,"footnotes":""},"categories":[44],"tags":[34,47,100,131,49],"class_list":["post-11758","post","type-post","status-publish","format-standard","has-post-thumbnail","hentry","category-tecnologia-es","tag-article","tag-articulo","tag-covid-19-es","tag-escuela-hibrida","tag-inclusion"],"acf":[],"yoast_head":"<!-- This site is optimized with the Yoast SEO plugin v27.4 - https:\/\/yoast.com\/product\/yoast-seo-wordpress\/ -->\n<title>Transformar la cultura escolar pasa por la educaci\u00f3n h\u00edbrida | Actualitat Educativa<\/title>\n<meta name=\"robots\" content=\"index, follow, max-snippet:-1, max-image-preview:large, max-video-preview:-1\" \/>\n<link rel=\"canonical\" href=\"https:\/\/impulseducacio.org\/es\/transformar-la-cultura-escolar-pasa-por-la-educacion-hibrida\/\" \/>\n<meta property=\"og:locale\" content=\"es_ES\" \/>\n<meta property=\"og:type\" content=\"article\" \/>\n<meta property=\"og:title\" content=\"Transformar la cultura escolar pasa por la educaci\u00f3n h\u00edbrida | Actualitat Educativa\" \/>\n<meta property=\"og:url\" content=\"https:\/\/impulseducacio.org\/es\/transformar-la-cultura-escolar-pasa-por-la-educacion-hibrida\/\" \/>\n<meta property=\"og:site_name\" content=\"IMPULS EDUCACI\u00d3\" \/>\n<meta property=\"article:publisher\" content=\"https:\/\/www.facebook.com\/impulseducacio2020\" \/>\n<meta property=\"article:published_time\" content=\"2021-10-06T06:58:19+00:00\" \/>\n<meta property=\"article:modified_time\" content=\"2023-03-02T10:08:29+00:00\" \/>\n<meta property=\"og:image\" content=\"https:\/\/impulseducacio.org\/wp-content\/uploads\/2021\/10\/educacion-hibrida_peq-1-scaled.jpg\" \/>\n\t<meta property=\"og:image:width\" content=\"2560\" \/>\n\t<meta property=\"og:image:height\" content=\"1283\" \/>\n\t<meta property=\"og:image:type\" content=\"image\/jpeg\" \/>\n<meta name=\"author\" content=\"Impuls Educaci\u00f3\" \/>\n<meta name=\"twitter:card\" content=\"summary_large_image\" \/>\n<meta name=\"twitter:creator\" content=\"@ImpulsEducacio\" \/>\n<meta name=\"twitter:site\" content=\"@ImpulsEducacio\" \/>\n<meta name=\"twitter:label1\" content=\"Written by\" \/>\n\t<meta name=\"twitter:data1\" content=\"Impuls Educaci\u00f3\" \/>\n\t<meta name=\"twitter:label2\" content=\"Est. reading time\" \/>\n\t<meta name=\"twitter:data2\" content=\"18 minutes\" \/>\n<script type=\"application\/ld+json\" class=\"yoast-schema-graph\">{\"@context\":\"https:\\\/\\\/schema.org\",\"@graph\":[{\"@type\":\"Article\",\"@id\":\"https:\\\/\\\/impulseducacio.org\\\/es\\\/transformar-la-cultura-escolar-pasa-por-la-educacion-hibrida\\\/#article\",\"isPartOf\":{\"@id\":\"https:\\\/\\\/impulseducacio.org\\\/es\\\/transformar-la-cultura-escolar-pasa-por-la-educacion-hibrida\\\/\"},\"author\":{\"name\":\"Impuls Educaci\u00f3\",\"@id\":\"https:\\\/\\\/impulseducacio.org\\\/es\\\/#\\\/schema\\\/person\\\/92cf201227b1404c22691d5d1238d09a\"},\"headline\":\"Transformar la cultura escolar pasa por la educaci\u00f3n h\u00edbrida\",\"datePublished\":\"2021-10-06T06:58:19+00:00\",\"dateModified\":\"2023-03-02T10:08:29+00:00\",\"mainEntityOfPage\":{\"@id\":\"https:\\\/\\\/impulseducacio.org\\\/es\\\/transformar-la-cultura-escolar-pasa-por-la-educacion-hibrida\\\/\"},\"wordCount\":6580,\"commentCount\":0,\"image\":{\"@id\":\"https:\\\/\\\/impulseducacio.org\\\/es\\\/transformar-la-cultura-escolar-pasa-por-la-educacion-hibrida\\\/#primaryimage\"},\"thumbnailUrl\":\"https:\\\/\\\/impulseducacio.org\\\/wp-content\\\/uploads\\\/2021\\\/10\\\/educacion-hibrida_peq-1-scaled.jpg\",\"keywords\":[\"Article\",\"Art\u00edculo\",\"Covid-19\",\"Escuela h\u00edbrida\",\"Inclusi\u00f3n\"],\"articleSection\":[\"Tecnolog\u00eda\"],\"inLanguage\":\"es\",\"potentialAction\":[{\"@type\":\"CommentAction\",\"name\":\"Comment\",\"target\":[\"https:\\\/\\\/impulseducacio.org\\\/es\\\/transformar-la-cultura-escolar-pasa-por-la-educacion-hibrida\\\/#respond\"]}]},{\"@type\":\"WebPage\",\"@id\":\"https:\\\/\\\/impulseducacio.org\\\/es\\\/transformar-la-cultura-escolar-pasa-por-la-educacion-hibrida\\\/\",\"url\":\"https:\\\/\\\/impulseducacio.org\\\/es\\\/transformar-la-cultura-escolar-pasa-por-la-educacion-hibrida\\\/\",\"name\":\"Transformar la cultura escolar pasa por la educaci\u00f3n h\u00edbrida | Actualitat Educativa\",\"isPartOf\":{\"@id\":\"https:\\\/\\\/impulseducacio.org\\\/es\\\/#website\"},\"primaryImageOfPage\":{\"@id\":\"https:\\\/\\\/impulseducacio.org\\\/es\\\/transformar-la-cultura-escolar-pasa-por-la-educacion-hibrida\\\/#primaryimage\"},\"image\":{\"@id\":\"https:\\\/\\\/impulseducacio.org\\\/es\\\/transformar-la-cultura-escolar-pasa-por-la-educacion-hibrida\\\/#primaryimage\"},\"thumbnailUrl\":\"https:\\\/\\\/impulseducacio.org\\\/wp-content\\\/uploads\\\/2021\\\/10\\\/educacion-hibrida_peq-1-scaled.jpg\",\"datePublished\":\"2021-10-06T06:58:19+00:00\",\"dateModified\":\"2023-03-02T10:08:29+00:00\",\"author\":{\"@id\":\"https:\\\/\\\/impulseducacio.org\\\/es\\\/#\\\/schema\\\/person\\\/92cf201227b1404c22691d5d1238d09a\"},\"breadcrumb\":{\"@id\":\"https:\\\/\\\/impulseducacio.org\\\/es\\\/transformar-la-cultura-escolar-pasa-por-la-educacion-hibrida\\\/#breadcrumb\"},\"inLanguage\":\"es\",\"potentialAction\":[{\"@type\":\"ReadAction\",\"target\":[\"https:\\\/\\\/impulseducacio.org\\\/es\\\/transformar-la-cultura-escolar-pasa-por-la-educacion-hibrida\\\/\"]}]},{\"@type\":\"ImageObject\",\"inLanguage\":\"es\",\"@id\":\"https:\\\/\\\/impulseducacio.org\\\/es\\\/transformar-la-cultura-escolar-pasa-por-la-educacion-hibrida\\\/#primaryimage\",\"url\":\"https:\\\/\\\/impulseducacio.org\\\/wp-content\\\/uploads\\\/2021\\\/10\\\/educacion-hibrida_peq-1-scaled.jpg\",\"contentUrl\":\"https:\\\/\\\/impulseducacio.org\\\/wp-content\\\/uploads\\\/2021\\\/10\\\/educacion-hibrida_peq-1-scaled.jpg\",\"width\":2560,\"height\":1283},{\"@type\":\"BreadcrumbList\",\"@id\":\"https:\\\/\\\/impulseducacio.org\\\/es\\\/transformar-la-cultura-escolar-pasa-por-la-educacion-hibrida\\\/#breadcrumb\",\"itemListElement\":[{\"@type\":\"ListItem\",\"position\":1,\"name\":\"Inicio\",\"item\":\"https:\\\/\\\/impulseducacio.org\\\/es\\\/\"},{\"@type\":\"ListItem\",\"position\":2,\"name\":\"Transformar la cultura escolar pasa por la educaci\u00f3n h\u00edbrida\"}]},{\"@type\":\"WebSite\",\"@id\":\"https:\\\/\\\/impulseducacio.org\\\/es\\\/#website\",\"url\":\"https:\\\/\\\/impulseducacio.org\\\/es\\\/\",\"name\":\"IMPULS EDUCACI\u00d3\",\"description\":\"Espai d\u2019estudi i di\u00e0leg en temes educatius\",\"potentialAction\":[{\"@type\":\"SearchAction\",\"target\":{\"@type\":\"EntryPoint\",\"urlTemplate\":\"https:\\\/\\\/impulseducacio.org\\\/es\\\/?s={search_term_string}\"},\"query-input\":{\"@type\":\"PropertyValueSpecification\",\"valueRequired\":true,\"valueName\":\"search_term_string\"}}],\"inLanguage\":\"es\"},{\"@type\":\"Person\",\"@id\":\"https:\\\/\\\/impulseducacio.org\\\/es\\\/#\\\/schema\\\/person\\\/92cf201227b1404c22691d5d1238d09a\",\"name\":\"Impuls Educaci\u00f3\"}]}<\/script>\n<!-- \/ Yoast SEO plugin. -->","yoast_head_json":{"title":"Transformar la cultura escolar pasa por la educaci\u00f3n h\u00edbrida | Actualitat Educativa","robots":{"index":"index","follow":"follow","max-snippet":"max-snippet:-1","max-image-preview":"max-image-preview:large","max-video-preview":"max-video-preview:-1"},"canonical":"https:\/\/impulseducacio.org\/es\/transformar-la-cultura-escolar-pasa-por-la-educacion-hibrida\/","og_locale":"es_ES","og_type":"article","og_title":"Transformar la cultura escolar pasa por la educaci\u00f3n h\u00edbrida | Actualitat Educativa","og_url":"https:\/\/impulseducacio.org\/es\/transformar-la-cultura-escolar-pasa-por-la-educacion-hibrida\/","og_site_name":"IMPULS EDUCACI\u00d3","article_publisher":"https:\/\/www.facebook.com\/impulseducacio2020","article_published_time":"2021-10-06T06:58:19+00:00","article_modified_time":"2023-03-02T10:08:29+00:00","og_image":[{"width":2560,"height":1283,"url":"https:\/\/impulseducacio.org\/wp-content\/uploads\/2021\/10\/educacion-hibrida_peq-1-scaled.jpg","type":"image\/jpeg"}],"author":"Impuls Educaci\u00f3","twitter_card":"summary_large_image","twitter_creator":"@ImpulsEducacio","twitter_site":"@ImpulsEducacio","twitter_misc":{"Written by":"Impuls Educaci\u00f3","Est. reading time":"18 minutes"},"schema":{"@context":"https:\/\/schema.org","@graph":[{"@type":"Article","@id":"https:\/\/impulseducacio.org\/es\/transformar-la-cultura-escolar-pasa-por-la-educacion-hibrida\/#article","isPartOf":{"@id":"https:\/\/impulseducacio.org\/es\/transformar-la-cultura-escolar-pasa-por-la-educacion-hibrida\/"},"author":{"name":"Impuls Educaci\u00f3","@id":"https:\/\/impulseducacio.org\/es\/#\/schema\/person\/92cf201227b1404c22691d5d1238d09a"},"headline":"Transformar la cultura escolar pasa por la educaci\u00f3n h\u00edbrida","datePublished":"2021-10-06T06:58:19+00:00","dateModified":"2023-03-02T10:08:29+00:00","mainEntityOfPage":{"@id":"https:\/\/impulseducacio.org\/es\/transformar-la-cultura-escolar-pasa-por-la-educacion-hibrida\/"},"wordCount":6580,"commentCount":0,"image":{"@id":"https:\/\/impulseducacio.org\/es\/transformar-la-cultura-escolar-pasa-por-la-educacion-hibrida\/#primaryimage"},"thumbnailUrl":"https:\/\/impulseducacio.org\/wp-content\/uploads\/2021\/10\/educacion-hibrida_peq-1-scaled.jpg","keywords":["Article","Art\u00edculo","Covid-19","Escuela h\u00edbrida","Inclusi\u00f3n"],"articleSection":["Tecnolog\u00eda"],"inLanguage":"es","potentialAction":[{"@type":"CommentAction","name":"Comment","target":["https:\/\/impulseducacio.org\/es\/transformar-la-cultura-escolar-pasa-por-la-educacion-hibrida\/#respond"]}]},{"@type":"WebPage","@id":"https:\/\/impulseducacio.org\/es\/transformar-la-cultura-escolar-pasa-por-la-educacion-hibrida\/","url":"https:\/\/impulseducacio.org\/es\/transformar-la-cultura-escolar-pasa-por-la-educacion-hibrida\/","name":"Transformar la cultura escolar pasa por la educaci\u00f3n h\u00edbrida | Actualitat Educativa","isPartOf":{"@id":"https:\/\/impulseducacio.org\/es\/#website"},"primaryImageOfPage":{"@id":"https:\/\/impulseducacio.org\/es\/transformar-la-cultura-escolar-pasa-por-la-educacion-hibrida\/#primaryimage"},"image":{"@id":"https:\/\/impulseducacio.org\/es\/transformar-la-cultura-escolar-pasa-por-la-educacion-hibrida\/#primaryimage"},"thumbnailUrl":"https:\/\/impulseducacio.org\/wp-content\/uploads\/2021\/10\/educacion-hibrida_peq-1-scaled.jpg","datePublished":"2021-10-06T06:58:19+00:00","dateModified":"2023-03-02T10:08:29+00:00","author":{"@id":"https:\/\/impulseducacio.org\/es\/#\/schema\/person\/92cf201227b1404c22691d5d1238d09a"},"breadcrumb":{"@id":"https:\/\/impulseducacio.org\/es\/transformar-la-cultura-escolar-pasa-por-la-educacion-hibrida\/#breadcrumb"},"inLanguage":"es","potentialAction":[{"@type":"ReadAction","target":["https:\/\/impulseducacio.org\/es\/transformar-la-cultura-escolar-pasa-por-la-educacion-hibrida\/"]}]},{"@type":"ImageObject","inLanguage":"es","@id":"https:\/\/impulseducacio.org\/es\/transformar-la-cultura-escolar-pasa-por-la-educacion-hibrida\/#primaryimage","url":"https:\/\/impulseducacio.org\/wp-content\/uploads\/2021\/10\/educacion-hibrida_peq-1-scaled.jpg","contentUrl":"https:\/\/impulseducacio.org\/wp-content\/uploads\/2021\/10\/educacion-hibrida_peq-1-scaled.jpg","width":2560,"height":1283},{"@type":"BreadcrumbList","@id":"https:\/\/impulseducacio.org\/es\/transformar-la-cultura-escolar-pasa-por-la-educacion-hibrida\/#breadcrumb","itemListElement":[{"@type":"ListItem","position":1,"name":"Inicio","item":"https:\/\/impulseducacio.org\/es\/"},{"@type":"ListItem","position":2,"name":"Transformar la cultura escolar pasa por la educaci\u00f3n h\u00edbrida"}]},{"@type":"WebSite","@id":"https:\/\/impulseducacio.org\/es\/#website","url":"https:\/\/impulseducacio.org\/es\/","name":"IMPULS EDUCACI\u00d3","description":"Espai d\u2019estudi i di\u00e0leg en temes educatius","potentialAction":[{"@type":"SearchAction","target":{"@type":"EntryPoint","urlTemplate":"https:\/\/impulseducacio.org\/es\/?s={search_term_string}"},"query-input":{"@type":"PropertyValueSpecification","valueRequired":true,"valueName":"search_term_string"}}],"inLanguage":"es"},{"@type":"Person","@id":"https:\/\/impulseducacio.org\/es\/#\/schema\/person\/92cf201227b1404c22691d5d1238d09a","name":"Impuls Educaci\u00f3"}]}},"_links":{"self":[{"href":"https:\/\/impulseducacio.org\/es\/wp-json\/wp\/v2\/posts\/11758","targetHints":{"allow":["GET"]}}],"collection":[{"href":"https:\/\/impulseducacio.org\/es\/wp-json\/wp\/v2\/posts"}],"about":[{"href":"https:\/\/impulseducacio.org\/es\/wp-json\/wp\/v2\/types\/post"}],"author":[{"embeddable":true,"href":"https:\/\/impulseducacio.org\/es\/wp-json\/wp\/v2\/users\/2"}],"replies":[{"embeddable":true,"href":"https:\/\/impulseducacio.org\/es\/wp-json\/wp\/v2\/comments?post=11758"}],"version-history":[{"count":15,"href":"https:\/\/impulseducacio.org\/es\/wp-json\/wp\/v2\/posts\/11758\/revisions"}],"predecessor-version":[{"id":24227,"href":"https:\/\/impulseducacio.org\/es\/wp-json\/wp\/v2\/posts\/11758\/revisions\/24227"}],"wp:featuredmedia":[{"embeddable":true,"href":"https:\/\/impulseducacio.org\/es\/wp-json\/wp\/v2\/media\/11875"}],"wp:attachment":[{"href":"https:\/\/impulseducacio.org\/es\/wp-json\/wp\/v2\/media?parent=11758"}],"wp:term":[{"taxonomy":"category","embeddable":true,"href":"https:\/\/impulseducacio.org\/es\/wp-json\/wp\/v2\/categories?post=11758"},{"taxonomy":"post_tag","embeddable":true,"href":"https:\/\/impulseducacio.org\/es\/wp-json\/wp\/v2\/tags?post=11758"}],"curies":[{"name":"wp","href":"https:\/\/api.w.org\/{rel}","templated":true}]}}