{"id":11023,"date":"2021-07-06T08:30:48","date_gmt":"2021-07-06T08:30:48","guid":{"rendered":"https:\/\/impulseducacio.org\/?p=11023"},"modified":"2023-03-02T10:10:01","modified_gmt":"2023-03-02T10:10:01","slug":"la-escuela-necesita-la-etica-como-la-necesita-toda-la-sociedad","status":"publish","type":"post","link":"https:\/\/impulseducacio.org\/es\/la-escuela-necesita-la-etica-como-la-necesita-toda-la-sociedad\/","title":{"rendered":"La escuela necesita la \u00e9tica como la necesita toda la sociedad"},"content":{"rendered":"<p><div class=\"fusion-fullwidth fullwidth-box fusion-builder-row-1 fusion-parallax-none nonhundred-percent-fullwidth non-hundred-percent-height-scrolling\" style=\"--awb-background-position:right center;--awb-border-sizes-top:0px;--awb-border-sizes-bottom:0px;--awb-border-sizes-left:0px;--awb-border-sizes-right:0px;--awb-border-radius-top-left:0px;--awb-border-radius-top-right:0px;--awb-border-radius-bottom-right:0px;--awb-border-radius-bottom-left:0px;--awb-padding-top:0px;--awb-padding-bottom:0px;--awb-margin-top:0px;--awb-margin-bottom:-260px;--awb-background-color:rgba(246,247,247,0);--awb-background-image:url(&quot;https:\/\/impulseducacio.org\/wp-content\/uploads\/2021\/07\/Portada_La-escula-desmoralizada-2-scaled.jpg&quot;);--awb-background-size:cover;--awb-flex-wrap:wrap;\" ><div class=\"fusion-builder-row fusion-row\"><div class=\"fusion-layout-column fusion_builder_column fusion-builder-column-0 fusion_builder_column_1_1 1_1 fusion-one-full fusion-column-first fusion-column-last fusion-animated\" style=\"--awb-overflow:hidden;--awb-bg-color:rgba(0,0,0,0);--awb-bg-color-hover:rgba(0,0,0,0);--awb-bg-size:cover;--awb-border-radius:4px 4px 4px 4px;--awb-margin-top:0px;--awb-margin-bottom:10px;\" data-animationType=\"fadeInDown\" data-animationDuration=\"0.8\" data-animationOffset=\"top-into-view\"><div class=\"fusion-column-wrapper fusion-column-has-shadow fusion-flex-column-wrapper-legacy\"><div class=\"fusion-sep-clear\"><\/div><div class=\"fusion-separator fusion-full-width-sep\" style=\"margin-left: auto;margin-right: auto;margin-top:720px;width:100%;\"><\/div><div class=\"fusion-sep-clear\"><\/div><div class=\"fusion-title title fusion-title-1 fusion-sep-none fusion-title-text fusion-title-size-one\" style=\"--awb-text-color:#ffffff;--awb-font-size:60px;\"><h1 class=\"fusion-title-heading title-heading-left fusion-responsive-typography-calculated\" style=\"font-family:&quot;Open Sans&quot;;font-style:normal;font-weight:300;margin:0;font-size:1em;--fontSize:60;line-height:1.18;\"><h1>La escuela necesita la \u00e9tica como la necesita toda la sociedad<\/h1><\/h1><\/div><div class=\"fusion-clearfix\"><\/div><\/div><\/div><div class=\"fusion-layout-column fusion_builder_column fusion-builder-column-1 fusion_builder_column_1_1 1_1 fusion-one-full fusion-column-first fusion-column-last fusion-animated\" style=\"--awb-padding-right:969px;--awb-padding-bottom:10px;--awb-bg-blend:overlay;--awb-bg-size:cover;--awb-border-color:#ffffff;--awb-border-top:1px;--awb-border-style:solid;--awb-margin-top:11px;--awb-margin-bottom:0px;\" data-animationType=\"fadeInDown\" data-animationDuration=\"0.6\" data-animationOffset=\"top-into-view\"><div class=\"fusion-column-wrapper fusion-column-has-shadow fusion-flex-column-wrapper-legacy\"><div class=\"fusion-sharing-box fusion-sharing-box-1 boxed-icons has-taglines layout-floated layout-medium-floated layout-small-floated\" style=\"background-color:rgba(246,244,245,0);padding:0;--awb-layout:row;--awb-alignment-small:space-between;\" data-title=\"La escuela necesita la \u00e9tica como la necesita toda la sociedad\" data-description=\"La escuela necesita la \u00e9tica como la necesita toda la sociedad     Your Content Goes Here  \r\nSi la \u00e9tica desaparece de las aulas, los alumnos se quedan sin la oportunidad de reflexionar sobre las cuestiones morales que les rodean Por Carlos Go\u00f1i \r\nCarlos Go\u00f1i\" data-link=\"https:\/\/impulseducacio.org\/es\/la-escuela-necesita-la-etica-como-la-necesita-toda-la-sociedad\/\"><h4 class=\"tagline\" style=\"color:#ffffff;\">Compartir<\/h4><div class=\"fusion-social-networks sharingbox-shortcode-icon-wrapper sharingbox-shortcode-icon-wrapper-1 boxed-icons\"><span><a href=\"https:\/\/www.facebook.com\/sharer.php?u=https%3A%2F%2Fimpulseducacio.org%2Fes%2Fla-escuela-necesita-la-etica-como-la-necesita-toda-la-sociedad%2F&amp;t=La%20escuela%20necesita%20la%20%C3%A9tica%20como%20la%20necesita%20toda%20la%20sociedad\" target=\"_blank\" rel=\"noreferrer\" title=\"Facebook\" aria-label=\"Facebook\" data-placement=\"bottom\" data-toggle=\"tooltip\" data-title=\"Facebook\"><i class=\"fusion-social-network-icon fusion-tooltip fusion-facebook awb-icon-facebook\" style=\"color:#ffffff;background-color:#3b5998;border-color:#3b5998;border-radius:24px;\" aria-hidden=\"true\"><\/i><\/a><\/span><span><a href=\"https:\/\/x.com\/intent\/post?text=La%20escuela%20necesita%20la%20%C3%A9tica%20como%20la%20necesita%20toda%20la%20sociedad&amp;url=https%3A%2F%2Fimpulseducacio.org%2Fes%2Fla-escuela-necesita-la-etica-como-la-necesita-toda-la-sociedad%2F\" target=\"_blank\" rel=\"noopener noreferrer\" title=\"X\" aria-label=\"X\" data-placement=\"bottom\" data-toggle=\"tooltip\" data-title=\"X\"><i class=\"fusion-social-network-icon fusion-tooltip fusion-twitter awb-icon-twitter\" style=\"color:#ffffff;background-color:#000000;border-color:#000000;border-radius:24px;\" aria-hidden=\"true\"><\/i><\/a><\/span><span><a href=\"https:\/\/www.linkedin.com\/shareArticle?mini=true&amp;url=https%3A%2F%2Fimpulseducacio.org%2Fes%2Fla-escuela-necesita-la-etica-como-la-necesita-toda-la-sociedad%2F&amp;title=La%20escuela%20necesita%20la%20%C3%A9tica%20como%20la%20necesita%20toda%20la%20sociedad&amp;summary=La%20escuela%20necesita%20la%20%C3%A9tica%20como%20la%20necesita%20toda%20la%20sociedad%20%20%20%20%20%20%20%20%20Your%20Content%20Goes%20Here%20%20%20%0D%0ASi%20la%20%C3%A9tica%20desaparece%20de%20las%20aulas%2C%20los%20alumnos%20se%20quedan%20sin%20la%20oportunidad%20de%20reflexionar%20sobre%20las%20cuestiones%20morales%20que%20les%20rodean%20Por%20Carlos%20Go%C3%B1i%20%20%0D%0ACarlos%20Go%C3%B1i\" target=\"_blank\" rel=\"noopener noreferrer\" title=\"LinkedIn\" aria-label=\"LinkedIn\" data-placement=\"bottom\" data-toggle=\"tooltip\" data-title=\"LinkedIn\"><i class=\"fusion-social-network-icon fusion-tooltip fusion-linkedin awb-icon-linkedin\" style=\"color:#ffffff;background-color:#0077b5;border-color:#0077b5;border-radius:24px;\" aria-hidden=\"true\"><\/i><\/a><\/span><span><a href=\"mailto:?subject=La%20escuela%20necesita%20la%20%C3%A9tica%20como%20la%20necesita%20toda%20la%20sociedad&amp;body=https%3A%2F%2Fimpulseducacio.org%2Fes%2Fla-escuela-necesita-la-etica-como-la-necesita-toda-la-sociedad%2F\" target=\"_self\" title=\"Email\" aria-label=\"Email\" data-placement=\"bottom\" data-toggle=\"tooltip\" data-title=\"Email\"><i class=\"fusion-social-network-icon fusion-tooltip fusion-mail awb-icon-mail\" style=\"color:#ffffff;background-color:#000000;border-color:#000000;border-radius:24px;\" aria-hidden=\"true\"><\/i><\/a><\/span><\/div><\/div><div class=\"fusion-clearfix\"><\/div><\/div><\/div><div class=\"fusion-layout-column fusion_builder_column fusion-builder-column-2 fusion_builder_column_1_1 1_1 fusion-one-full fusion-column-first fusion-column-last fusion-animated\" style=\"--awb-bg-blend:overlay;--awb-bg-size:cover;--awb-border-color:#ffffff;--awb-border-top:0px;--awb-border-style:solid;--awb-margin-top:2px;--awb-margin-bottom:0px;\" data-animationType=\"fadeInDown\" data-animationDuration=\"0.6\" data-animationOffset=\"top-into-view\"><div class=\"fusion-column-wrapper fusion-column-has-shadow fusion-flex-column-wrapper-legacy\"><div class=\"fusion-sep-clear\"><\/div><div class=\"fusion-separator fusion-full-width-sep\" style=\"margin-left: auto;margin-right: auto;margin-bottom:150px;width:100%;\"><\/div><div class=\"fusion-sep-clear\"><\/div><div class=\"fusion-section-separator section-separator big-half-circle fusion-section-separator-1\" style=\"--awb-spacer-height:99px;--awb-svg-margin-left:0;--awb-svg-margin-right:0;--awb-divider-height:99px;--awb-spacer-padding-top:inherit;--awb-sep-padding:0;--awb-svg-padding:0;\"><div class=\"fusion-section-separator-svg\"><svg class=\"fusion-big-half-circle-candy\" xmlns=\"http:\/\/www.w3.org\/2000\/svg\" version=\"1.1\" width=\"100%\" height=\"100\" viewBox=\"0 0 100 100\" preserveAspectRatio=\"none\" fill=\"rgba(255,255,255,1)\"><path d=\"M0 100 C40 0 60 0 100 100 Z\"><\/path><\/svg><\/div><div class=\"fusion-section-separator-spacer\"><div class=\"fusion-section-separator-spacer-height\"><\/div><\/div><\/div><div class=\"fusion-clearfix\"><\/div><\/div><\/div><\/div><\/div><div class=\"fusion-fullwidth fullwidth-box fusion-builder-row-2 nonhundred-percent-fullwidth non-hundred-percent-height-scrolling\" style=\"--awb-border-radius-top-left:0px;--awb-border-radius-top-right:0px;--awb-border-radius-bottom-right:0px;--awb-border-radius-bottom-left:0px;--awb-padding-top:0px;--awb-padding-bottom:0px;--awb-flex-wrap:wrap;\" ><div class=\"fusion-builder-row fusion-row\"><div class=\"fusion-layout-column fusion_builder_column fusion-builder-column-3 fusion_builder_column_1_1 1_1 fusion-one-full fusion-column-first fusion-column-last\" style=\"--awb-padding-top:3%;--awb-padding-right:5%;--awb-padding-bottom:0%;--awb-padding-left:5%;--awb-overflow:hidden;--awb-bg-color:#ffffff;--awb-bg-color-hover:#ffffff;--awb-bg-size:cover;--awb-border-radius:8px 8px 8px 8px;--awb-margin-top:0px;--awb-margin-bottom:0px;\"><div class=\"fusion-column-wrapper fusion-column-has-shadow fusion-flex-column-wrapper-legacy\"><div class=\"fusion-builder-row fusion-builder-row-inner fusion-row\"><div class=\"fusion-layout-column fusion_builder_column_inner fusion-builder-nested-column-0 fusion_builder_column_inner_1_5 1_5 fusion-one-fifth fusion-column-first\" style=\"--awb-bg-size:cover;--awb-margin-top:0px;width:16.8%; margin-right: 1%;\"><div class=\"fusion-column-wrapper fusion-column-has-shadow fusion-flex-column-wrapper-legacy\"><div class=\"fusion-text fusion-text-1\"><p>6 July 2021<\/p>\n<\/div><div class=\"fusion-clearfix\"><\/div><\/div><\/div><\/div><div class=\"fusion-title title fusion-title-2 fusion-sep-none fusion-title-text fusion-title-size-two\"><h2 class=\"fusion-title-heading title-heading-left fusion-responsive-typography-calculated\" style=\"margin:0;--fontSize:48;line-height:1.18;\"><h2>Si la \u00e9tica desaparece de las aulas, los alumnos se quedan sin la oportunidad de reflexionar sobre las cuestiones morales que les rodean<\/h2><\/h2><\/div><div class=\"fusion-text fusion-text-2\"><p>Por Carlos Go\u00f1i<\/p>\n<\/div><div class=\"fusion-builder-row fusion-builder-row-inner fusion-row\"><div class=\"fusion-layout-column fusion_builder_column_inner fusion-builder-nested-column-1 fusion_builder_column_inner_1_2 1_2 fusion-one-half fusion-column-first\" style=\"--awb-bg-size:cover;width:50%;width:calc(50% - ( ( 4% ) * 0.5 ) );margin-right: 4%;\"><div class=\"fusion-column-wrapper fusion-column-has-shadow fusion-flex-column-wrapper-legacy\"><div class=\"fusion-image-element fusion-image-align-center in-legacy-container\" style=\"text-align:center;--awb-caption-title-font-family:var(--h2_typography-font-family);--awb-caption-title-font-weight:var(--h2_typography-font-weight);--awb-caption-title-font-style:var(--h2_typography-font-style);--awb-caption-title-size:var(--h2_typography-font-size);--awb-caption-title-transform:var(--h2_typography-text-transform);--awb-caption-title-line-height:var(--h2_typography-line-height);--awb-caption-title-letter-spacing:var(--h2_typography-letter-spacing);\"><div class=\"imageframe-align-center\"><span class=\" fusion-imageframe imageframe-none imageframe-1 hover-type-none\"><img decoding=\"async\" width=\"296\" height=\"300\" title=\"Carlos Go\u00f1i\" src=\"https:\/\/impulseducacio.org\/wp-content\/uploads\/2021\/07\/Carlos-Goni-2-296x300.jpg\" alt class=\"img-responsive wp-image-11152\" srcset=\"https:\/\/impulseducacio.org\/wp-content\/uploads\/2021\/07\/Carlos-Goni-2-200x203.jpg 200w, https:\/\/impulseducacio.org\/wp-content\/uploads\/2021\/07\/Carlos-Goni-2-400x405.jpg 400w, https:\/\/impulseducacio.org\/wp-content\/uploads\/2021\/07\/Carlos-Goni-2-600x608.jpg 600w, https:\/\/impulseducacio.org\/wp-content\/uploads\/2021\/07\/Carlos-Goni-2-800x811.jpg 800w, https:\/\/impulseducacio.org\/wp-content\/uploads\/2021\/07\/Carlos-Goni-2.jpg 1066w\" sizes=\"(max-width: 800px) 100vw, 800px\" \/><\/span><\/div><\/div><div class=\"fusion-clearfix\"><\/div><\/div><\/div><div class=\"fusion-layout-column fusion_builder_column_inner fusion-builder-nested-column-2 fusion_builder_column_inner_1_2 1_2 fusion-one-half fusion-column-last\" style=\"--awb-bg-size:cover;width:50%;width:calc(50% - ( ( 4% ) * 0.5 ) );\"><div class=\"fusion-column-wrapper fusion-column-has-shadow fusion-flex-column-wrapper-legacy\"><div class=\"fusion-text fusion-text-3\"><p><strong>Carlos Go\u00f1i Zubieta<\/strong> es Doctor en Filosof\u00eda por la Universidad de Barcelona, profesor de bachillerato y como escritor abarca tem\u00e1ticas diversas como filosof\u00eda, historia antigua, mitolog\u00eda o educaci\u00f3n, y diferentes g\u00e9neros: ensayo, divulgaci\u00f3n, novela o autoayuda.<br \/>\nEntre sus numerosas publicaciones destacamos <em>Pico della Mirandola: el fil\u00f3sofo de la concordia <\/em>(2020),\u00a0 <em>Educar con filosof\u00eda<\/em> (2019) y <em>Es que soy adolescente&#8230; y nadie me comprende<\/em> (2015).<\/p>\n<\/div><div class=\"fusion-clearfix\"><\/div><\/div><\/div><\/div><div class=\"fusion-text fusion-text-4\"><p>Evidentemente, el debate sobre la conveniencia o no de impartir \u00c9tica en la escuela es un debate \u00e9tico. Con esto est\u00e1 casi todo dicho. Del mismo modo, la decisi\u00f3n de eliminar o sustituir la \u00c9tica, como pretende la nueva Ley de Educaci\u00f3n \u2013Lomloe\u2013, es tambi\u00e9n una decisi\u00f3n \u00e9tica. Con lo que queda claro que estamos ante una norma que rezuma cinismo por los cuatro costados.<\/p>\n<p>Habr\u00eda que acudir a la historia de la \u00c9tica, la misma que el cinismo oficial no quiere que nuestros alumnos conozcan, para descubrir qui\u00e9nes eran los c\u00ednicos y qu\u00e9 ense\u00f1aban. Entonces lo entenderemos, porque la \u00e9tica nos ayuda justamente a eso: a entender por qu\u00e9 actuamos como actuamos y por qu\u00e9 tomamos las decisiones que tomamos. Un c\u00ednico es aquel capaz de mantener algo aun a sabiendas de que es falso, porque para \u00e9l la verdad es un constructo social en el que no quiere tomar parte; no cree en las instituciones y solo le preocupa, como al viejo Di\u00f3genes, que no le tapen el sol.<\/p>\n<h3>Escuela y \u00e9tica<\/h3>\n<p>La escuela necesita la \u00e9tica como la necesita toda la sociedad. Negar la obviedad solo puede hacerse desde el cinismo. Pero en el caso que nos ocupa resulta m\u00e1s insolente todav\u00eda por el hecho de que la \u00e9tica es m\u00e1s necesaria en el aula que en las dem\u00e1s esferas sociales. Esto se debe a que la escuela tiene una funci\u00f3n efusiva, es decir, lo que en ella sembremos ser\u00e1 lo que recogeremos en las instituciones secundarias, lo que pongamos en ella acabar\u00e1 filtr\u00e1ndose en la comunidad.<\/p>\n<p>La escuela, como la sociedad, est\u00e1 desmoralizada, y lo est\u00e1 en el doble sentido que le podemos dar a la palabra. Le falta moral, \u00e1nimo, ganas, optimismo\u2026 Y no extra\u00f1a, porque se le exige m\u00e1s de lo que se le da, se la utiliza como arma arrojadiza en las cronificadas campa\u00f1as electorales y se la somete a todo tipo de experimentos pedag\u00f3gicos y pol\u00edticos. Y est\u00e1 desmoralizada tambi\u00e9n en el sentido de que la escuela ha de ser el \u00e1mbito adecuado para que los alumnos aprendan a ejercer una reflexi\u00f3n moral y puedan formarse un criterio \u00e9tico que les permita vivir como ciudadanos en una sociedad democr\u00e1tica. Como era de esperar, una desmoralizaci\u00f3n lleva a la otra.<\/p>\n<\/div><div class=\"fusion-sep-clear\"><\/div><div class=\"fusion-separator fusion-full-width-sep\" style=\"margin-left: auto;margin-right: auto;margin-bottom:20px;width:100%;\"><\/div><div class=\"fusion-sep-clear\"><\/div><div class=\"fusion-builder-row fusion-builder-row-inner fusion-row\"><div class=\"fusion-layout-column fusion_builder_column_inner fusion-builder-nested-column-3 fusion_builder_column_inner_1_2 1_2 fusion-one-half fusion-column-first fusion-animated\" style=\"--awb-bg-size:cover;width:50%;width:calc(50% - ( ( 4% ) * 0.5 ) );margin-right: 4%;\" data-animationType=\"fadeInLeft\" data-animationDuration=\"0.3\" data-animationOffset=\"top-into-view\"><div class=\"fusion-column-wrapper fusion-column-has-shadow fusion-flex-column-wrapper-legacy\"><div class=\"fusion-text fusion-text-5\"><h6 style=\"text-align: right;\">La escuela ha de ser el \u00e1mbito adecuado para que los alumnos aprendan a ejercer una reflexi\u00f3n moral y puedan formarse un criterio \u00e9tico que les permita vivir como ciudadanos en una sociedad democr\u00e1tica.<\/h6>\n<\/div><div class=\"fusion-clearfix\"><\/div><\/div><\/div><div class=\"fusion-layout-column fusion_builder_column_inner fusion-builder-nested-column-4 fusion_builder_column_inner_1_2 1_2 fusion-one-half fusion-column-last\" style=\"--awb-bg-size:cover;width:50%;width:calc(50% - ( ( 4% ) * 0.5 ) );\"><div class=\"fusion-column-wrapper fusion-column-has-shadow fusion-flex-column-wrapper-legacy\"><div class=\"fusion-image-element in-legacy-container\" style=\"--awb-caption-title-font-family:var(--h2_typography-font-family);--awb-caption-title-font-weight:var(--h2_typography-font-weight);--awb-caption-title-font-style:var(--h2_typography-font-style);--awb-caption-title-size:var(--h2_typography-font-size);--awb-caption-title-transform:var(--h2_typography-text-transform);--awb-caption-title-line-height:var(--h2_typography-line-height);--awb-caption-title-letter-spacing:var(--h2_typography-letter-spacing);\"><span class=\" fusion-imageframe imageframe-none imageframe-2 hover-type-none\"><img decoding=\"async\" width=\"2560\" height=\"1709\" title=\"pexels-anastasia-shuraeva-8466159\" src=\"https:\/\/impulseducacio.org\/wp-content\/uploads\/2021\/07\/pexels-anastasia-shuraeva-8466159-scaled.jpg\" alt class=\"img-responsive wp-image-10963\" srcset=\"https:\/\/impulseducacio.org\/wp-content\/uploads\/2021\/07\/pexels-anastasia-shuraeva-8466159-200x134.jpg 200w, https:\/\/impulseducacio.org\/wp-content\/uploads\/2021\/07\/pexels-anastasia-shuraeva-8466159-400x267.jpg 400w, https:\/\/impulseducacio.org\/wp-content\/uploads\/2021\/07\/pexels-anastasia-shuraeva-8466159-600x401.jpg 600w, https:\/\/impulseducacio.org\/wp-content\/uploads\/2021\/07\/pexels-anastasia-shuraeva-8466159-800x534.jpg 800w, https:\/\/impulseducacio.org\/wp-content\/uploads\/2021\/07\/pexels-anastasia-shuraeva-8466159-1200x801.jpg 1200w, https:\/\/impulseducacio.org\/wp-content\/uploads\/2021\/07\/pexels-anastasia-shuraeva-8466159-scaled.jpg 2560w\" sizes=\"(max-width: 800px) 100vw, 800px\" \/><\/span><\/div><div class=\"fusion-clearfix\"><\/div><\/div><\/div><\/div><div class=\"fusion-clearfix\"><\/div><\/div><\/div><\/div><\/div><div class=\"fusion-fullwidth fullwidth-box fusion-builder-row-3 nonhundred-percent-fullwidth non-hundred-percent-height-scrolling\" style=\"--awb-border-radius-top-left:0px;--awb-border-radius-top-right:0px;--awb-border-radius-bottom-right:0px;--awb-border-radius-bottom-left:0px;--awb-padding-top:0px;--awb-padding-bottom:0px;--awb-flex-wrap:wrap;\" ><div class=\"fusion-builder-row fusion-row\"><div class=\"fusion-layout-column fusion_builder_column fusion-builder-column-4 fusion_builder_column_1_1 1_1 fusion-one-full fusion-column-first fusion-column-last\" style=\"--awb-padding-right:5%;--awb-padding-left:5%;--awb-bg-size:cover;--awb-margin-top:0px;\"><div class=\"fusion-column-wrapper fusion-column-has-shadow fusion-flex-column-wrapper-legacy\"><div class=\"fusion-text fusion-text-6\"><p>Enti\u00e9ndase que en la escuela no hace falta moral, sino \u00e9tica. Es decir, como acabamos de comentar, los alumnos, sobre todo adolescentes, necesitan aprender a reflexionar sobre las cuestiones morales que les rodean. Cada alumno lleva a la escuela, como en una mochila, la moral recibida en su entorno, un entorno que es por definici\u00f3n particular y reducido. Si no se ense\u00f1a \u00e9tica en la escuela, esta, por su propia inercia, tiende a potenciar los estereotipos morales y, en consecuencia, las diferencias sociales. Por eso, se hace imprescindible que los alumnos aprendan \u00e9tica, que reflexionen sobre la carga moral (casi en sentido nietzscheano) que llevan encima. Solo as\u00ed podr\u00e1n eliminar los estereotipos y alcanzar la visi\u00f3n de una \u00e9tica universal com\u00fan, necesaria para ser ciudadanos en una sociedad democr\u00e1tica.<\/p>\n<p>En cierto modo, la escuela debe proponer a cada alumno algo parecido al <em>velo de la ignorancia<\/em> (<em>veil of ignorance<\/em>) que propuso hace medio siglo el fil\u00f3sofo estadounidense John Rawls. La funci\u00f3n de la \u00e9tica en la escuela es la de procurar que cada alumno pueda situarse, abstrayendo su situaci\u00f3n actual, en un hipot\u00e9tico futuro en el que ignora su posici\u00f3n, si ser\u00e1 hombre o mujer, blanco o negro, pobre o rico, agresor o agredido, joven o viejo\u2026 y que, desde ese futuro tome decisiones morales. A la escuela le corresponde el cometido m\u00e1s trascendental: universalizar la moral a trav\u00e9s del estudio de la \u00e9tica en las aulas. De lo contrario, corremos el riesgo de sumergirnos en una moral identitaria que puede ser muy peligrosa para la convivencia.<\/p>\n<\/div><div class=\"fusion-builder-row fusion-builder-row-inner fusion-row\"><div class=\"fusion-layout-column fusion_builder_column_inner fusion-builder-nested-column-5 fusion_builder_column_inner_1_2 1_2 fusion-one-half fusion-column-first fusion-animated\" style=\"--awb-bg-size:cover;width:50%;width:calc(50% - ( ( 4% ) * 0.5 ) );margin-right: 4%;\" data-animationType=\"fadeInLeft\" data-animationDuration=\"0.3\" data-animationOffset=\"top-into-view\"><div class=\"fusion-column-wrapper fusion-column-has-shadow fusion-flex-column-wrapper-legacy\"><div class=\"fusion-image-element in-legacy-container\" style=\"--awb-caption-title-font-family:var(--h2_typography-font-family);--awb-caption-title-font-weight:var(--h2_typography-font-weight);--awb-caption-title-font-style:var(--h2_typography-font-style);--awb-caption-title-size:var(--h2_typography-font-size);--awb-caption-title-transform:var(--h2_typography-text-transform);--awb-caption-title-line-height:var(--h2_typography-line-height);--awb-caption-title-letter-spacing:var(--h2_typography-letter-spacing);\"><span class=\" fusion-imageframe imageframe-none imageframe-3 hover-type-none\"><img decoding=\"async\" width=\"1920\" height=\"1280\" title=\"child-865116_1920\" src=\"https:\/\/impulseducacio.org\/wp-content\/uploads\/2021\/07\/child-865116_1920.jpg\" alt class=\"img-responsive wp-image-10966\" srcset=\"https:\/\/impulseducacio.org\/wp-content\/uploads\/2021\/07\/child-865116_1920-200x133.jpg 200w, https:\/\/impulseducacio.org\/wp-content\/uploads\/2021\/07\/child-865116_1920-400x267.jpg 400w, https:\/\/impulseducacio.org\/wp-content\/uploads\/2021\/07\/child-865116_1920-600x400.jpg 600w, https:\/\/impulseducacio.org\/wp-content\/uploads\/2021\/07\/child-865116_1920-800x533.jpg 800w, https:\/\/impulseducacio.org\/wp-content\/uploads\/2021\/07\/child-865116_1920-1200x800.jpg 1200w, https:\/\/impulseducacio.org\/wp-content\/uploads\/2021\/07\/child-865116_1920.jpg 1920w\" sizes=\"(max-width: 800px) 100vw, 800px\" \/><\/span><\/div><div class=\"fusion-clearfix\"><\/div><\/div><\/div><div class=\"fusion-layout-column fusion_builder_column_inner fusion-builder-nested-column-6 fusion_builder_column_inner_1_2 1_2 fusion-one-half fusion-column-last fusion-animated\" style=\"--awb-bg-size:cover;width:50%;width:calc(50% - ( ( 4% ) * 0.5 ) );\" data-animationType=\"fadeInLeft\" data-animationDuration=\"0.3\" data-animationOffset=\"top-into-view\"><div class=\"fusion-column-wrapper fusion-column-has-shadow fusion-flex-column-wrapper-legacy\"><div class=\"fusion-text fusion-text-7\"><h6>A la escuela le corresponde el cometido m\u00e1s trascendental: universalizar la moral a trav\u00e9s del estudio de la \u00e9tica en las aulas.<\/h6>\n<\/div><div class=\"fusion-clearfix\"><\/div><\/div><\/div><\/div><div class=\"fusion-builder-row fusion-builder-row-inner fusion-row\"><div class=\"fusion-layout-column fusion_builder_column_inner fusion-builder-nested-column-7 fusion_builder_column_inner_1_1 1_1 fusion-one-full fusion-column-last\" style=\"--awb-bg-size:cover;\"><div class=\"fusion-column-wrapper fusion-column-has-shadow fusion-flex-column-wrapper-legacy\"><div class=\"fusion-text fusion-text-8\"><p>La \u00e9tica, como el coronavirus, no entiende de fronteras ni hace acepci\u00f3n de personas. Si para algo nos ha servido esta pandemia ha sido justamente para sacudirnos las diferencias y ponernos en el lugar de todos, porque afecta, como la \u00e9tica, a todos. La \u00e9tica nos ayuda a establecer evidencias morales que pesan siempre y en todo lugar. Si no lo hace la escuela, habr\u00e1 incumplido una de sus funciones primordiales, se habr\u00e1 desmoralizado.<\/p>\n<\/div><div class=\"fusion-clearfix\"><\/div><\/div><\/div><\/div><div class=\"fusion-clearfix\"><\/div><\/div><\/div><\/div><\/div><div class=\"fusion-fullwidth fullwidth-box fusion-builder-row-4 nonhundred-percent-fullwidth non-hundred-percent-height-scrolling\" style=\"--awb-border-radius-top-left:0px;--awb-border-radius-top-right:0px;--awb-border-radius-bottom-right:0px;--awb-border-radius-bottom-left:0px;--awb-padding-top:0px;--awb-margin-top:0px;--awb-flex-wrap:wrap;\" ><div class=\"fusion-builder-row fusion-row\"><div class=\"fusion-layout-column fusion_builder_column fusion-builder-column-5 fusion_builder_column_3_4 3_4 fusion-three-fourth fusion-column-first\" style=\"--awb-bg-size:cover;--awb-margin-top:4px;width:75%;width:calc(75% - ( ( 4% ) * 0.75 ) );margin-right: 4%;\"><div class=\"fusion-column-wrapper fusion-column-has-shadow fusion-flex-column-wrapper-legacy\"><div class=\"fusion-text fusion-text-9\"><p>Relacionado con: <\/p>\n<\/div><div class=\"fusion-clearfix\"><\/div><\/div><\/div><div class=\"fusion-layout-column fusion_builder_column fusion-builder-column-6 fusion_builder_column_1_4 1_4 fusion-one-fourth fusion-column-last\" style=\"--awb-bg-size:cover;width:25%;width:calc(25% - ( ( 4% ) * 0.25 ) );\"><div class=\"fusion-column-wrapper fusion-column-has-shadow fusion-flex-column-wrapper-legacy\"><div class=\"fusion-clearfix\"><\/div><\/div><\/div><div class=\"fusion-layout-column fusion_builder_column fusion-builder-column-7 fusion_builder_column_1_1 1_1 fusion-one-full fusion-column-first fusion-column-last fusion-animated\" style=\"--awb-padding-right:969px;--awb-bg-blend:overlay;--awb-bg-size:cover;--awb-margin-top:11px;--awb-margin-bottom:70px;\" data-animationType=\"fadeInDown\" data-animationDuration=\"0.6\" data-animationOffset=\"top-into-view\"><div class=\"fusion-column-wrapper fusion-column-has-shadow fusion-flex-column-wrapper-legacy\"><div class=\"fusion-sharing-box fusion-sharing-box-2 boxed-icons has-taglines layout-floated layout-medium-floated layout-small-floated\" style=\"background-color:rgba(246,244,245,0);padding:0;--awb-layout:row;--awb-alignment-small:space-between;\" data-title=\"La escuela necesita la \u00e9tica como la necesita toda la sociedad\" data-description=\"La escuela necesita la \u00e9tica como la necesita toda la sociedad     Your Content Goes Here  \r\nSi la \u00e9tica desaparece de las aulas, los alumnos se quedan sin la oportunidad de reflexionar sobre las cuestiones morales que les rodean Por Carlos Go\u00f1i \r\nCarlos Go\u00f1i\" data-link=\"https:\/\/impulseducacio.org\/es\/la-escuela-necesita-la-etica-como-la-necesita-toda-la-sociedad\/\"><h4 class=\"tagline\" style=\"color:#48626f;\">Compartir<\/h4><div class=\"fusion-social-networks sharingbox-shortcode-icon-wrapper sharingbox-shortcode-icon-wrapper-2 boxed-icons\"><span><a href=\"https:\/\/www.facebook.com\/sharer.php?u=https%3A%2F%2Fimpulseducacio.org%2Fes%2Fla-escuela-necesita-la-etica-como-la-necesita-toda-la-sociedad%2F&amp;t=La%20escuela%20necesita%20la%20%C3%A9tica%20como%20la%20necesita%20toda%20la%20sociedad\" target=\"_blank\" rel=\"noreferrer\" title=\"Facebook\" aria-label=\"Facebook\" data-placement=\"bottom\" data-toggle=\"tooltip\" data-title=\"Facebook\"><i class=\"fusion-social-network-icon fusion-tooltip fusion-facebook awb-icon-facebook\" style=\"color:#ffffff;background-color:#3b5998;border-color:#3b5998;border-radius:24px;\" aria-hidden=\"true\"><\/i><\/a><\/span><span><a href=\"https:\/\/x.com\/intent\/post?text=La%20escuela%20necesita%20la%20%C3%A9tica%20como%20la%20necesita%20toda%20la%20sociedad&amp;url=https%3A%2F%2Fimpulseducacio.org%2Fes%2Fla-escuela-necesita-la-etica-como-la-necesita-toda-la-sociedad%2F\" target=\"_blank\" rel=\"noopener noreferrer\" title=\"X\" aria-label=\"X\" data-placement=\"bottom\" data-toggle=\"tooltip\" data-title=\"X\"><i class=\"fusion-social-network-icon fusion-tooltip fusion-twitter awb-icon-twitter\" style=\"color:#ffffff;background-color:#000000;border-color:#000000;border-radius:24px;\" aria-hidden=\"true\"><\/i><\/a><\/span><span><a href=\"https:\/\/www.linkedin.com\/shareArticle?mini=true&amp;url=https%3A%2F%2Fimpulseducacio.org%2Fes%2Fla-escuela-necesita-la-etica-como-la-necesita-toda-la-sociedad%2F&amp;title=La%20escuela%20necesita%20la%20%C3%A9tica%20como%20la%20necesita%20toda%20la%20sociedad&amp;summary=La%20escuela%20necesita%20la%20%C3%A9tica%20como%20la%20necesita%20toda%20la%20sociedad%20%20%20%20%20%20%20%20%20Your%20Content%20Goes%20Here%20%20%20%0D%0ASi%20la%20%C3%A9tica%20desaparece%20de%20las%20aulas%2C%20los%20alumnos%20se%20quedan%20sin%20la%20oportunidad%20de%20reflexionar%20sobre%20las%20cuestiones%20morales%20que%20les%20rodean%20Por%20Carlos%20Go%C3%B1i%20%20%0D%0ACarlos%20Go%C3%B1i\" target=\"_blank\" rel=\"noopener noreferrer\" title=\"LinkedIn\" aria-label=\"LinkedIn\" data-placement=\"bottom\" data-toggle=\"tooltip\" data-title=\"LinkedIn\"><i class=\"fusion-social-network-icon fusion-tooltip fusion-linkedin awb-icon-linkedin\" style=\"color:#ffffff;background-color:#0077b5;border-color:#0077b5;border-radius:24px;\" aria-hidden=\"true\"><\/i><\/a><\/span><span><a href=\"mailto:?subject=La%20escuela%20necesita%20la%20%C3%A9tica%20como%20la%20necesita%20toda%20la%20sociedad&amp;body=https%3A%2F%2Fimpulseducacio.org%2Fes%2Fla-escuela-necesita-la-etica-como-la-necesita-toda-la-sociedad%2F\" target=\"_self\" title=\"Email\" aria-label=\"Email\" data-placement=\"bottom\" data-toggle=\"tooltip\" data-title=\"Email\"><i class=\"fusion-social-network-icon fusion-tooltip fusion-mail awb-icon-mail\" style=\"color:#ffffff;background-color:#000000;border-color:#000000;border-radius:24px;\" aria-hidden=\"true\"><\/i><\/a><\/span><\/div><\/div><div class=\"fusion-clearfix\"><\/div><\/div><\/div><\/div><\/div><div class=\"fusion-fullwidth fullwidth-box fusion-builder-row-5 nonhundred-percent-fullwidth non-hundred-percent-height-scrolling\" style=\"--awb-border-radius-top-left:0px;--awb-border-radius-top-right:0px;--awb-border-radius-bottom-right:0px;--awb-border-radius-bottom-left:0px;--awb-padding-top:0px;--awb-padding-bottom:0px;--awb-margin-top:0px;--awb-margin-bottom:0px;--awb-flex-wrap:wrap;\" ><div class=\"fusion-builder-row fusion-row\"><div class=\"fusion-layout-column fusion_builder_column fusion-builder-column-8 fusion_builder_column_3_4 3_4 fusion-three-fourth fusion-column-first\" style=\"--awb-bg-size:cover;width:75%;width:calc(75% - ( ( 4% ) * 0.75 ) );margin-right: 4%;\"><div class=\"fusion-column-wrapper fusion-column-has-shadow fusion-flex-column-wrapper-legacy\"><div class=\"fusion-text fusion-text-10\"><p style=\"font-size: 35px; line-height: 37.4px; font-family: 'Open Sans'; font-weight: 300;\" data-fusion-font=\"true\" data-fusion-google-font=\"Open Sans\" data-fusion-google-variant=\"300\" data-fusion-google-subset=\"latin\">Te puede interesar<\/p>\n<\/div><div class=\"fusion-clearfix\"><\/div><\/div><\/div><div class=\"fusion-layout-column fusion_builder_column fusion-builder-column-9 fusion_builder_column_1_4 1_4 fusion-one-fourth fusion-column-last\" style=\"--awb-padding-left:137px;--awb-bg-size:cover;--awb-margin-top:61px;width:25%;width:calc(25% - ( ( 4% ) * 0.25 ) );\"><div class=\"fusion-column-wrapper fusion-column-has-shadow fusion-flex-column-wrapper-legacy\"><div class=\"fusion-button-wrapper\"><a class=\"fusion-button button-flat button-large button-custom fusion-button-default button-1 fusion-button-default-span fusion-button-default-type\" style=\"--button_accent_color:#ffffff;--button_accent_hover_color:#ffffff;--button_border_hover_color:#ffffff;--button_gradient_top_color:#ffad00;--button_gradient_bottom_color:#ffad00;--button_gradient_top_color_hover:#48626f;--button_gradient_bottom_color_hover:#48626f;\" target=\"lightbox\" rel=\"iLightbox\" href=\"https:\/\/institucio.ipzmarketing.com\/f\/FGIXFJ9o1O8\"><i class=\"fa-envelope fas awb-button__icon awb-button__icon--default button-icon-left\" aria-hidden=\"true\"><\/i><span class=\"fusion-button-text awb-button__text awb-button__text--default\">Subscr\u00edbete<\/span><\/a><\/div><div class=\"fusion-clearfix\"><\/div><\/div><\/div><div class=\"fusion-layout-column fusion_builder_column fusion-builder-column-10 fusion_builder_column_1_1 1_1 fusion-one-full fusion-column-first fusion-column-last\" style=\"--awb-padding-top:21px;--awb-bg-blend:overlay;--awb-bg-size:cover;--awb-margin-top:0px;--awb-margin-bottom:0px;\"><div class=\"fusion-column-wrapper fusion-column-has-shadow fusion-flex-column-wrapper-legacy\"><div class=\"fusion-blog-shortcode fusion-blog-shortcode-1 fusion-blog-archive fusion-blog-layout-grid-wrapper fusion-blog-pagination\"><style type=\"text\/css\">.fusion-blog-shortcode-1 .fusion-blog-layout-grid .fusion-post-grid{padding:21px;}.fusion-blog-shortcode-1 .fusion-posts-container{margin-left: -21px !important; margin-right:-21px !important;}<\/style><div class=\"fusion-posts-container fusion-posts-container-pagination fusion-blog-rollover fusion-blog-layout-grid fusion-blog-layout-grid-3 isotope fusion-blog-equal-heights\" data-pages=\"11\" data-grid-col-space=\"42\" style=\"margin: -21px -21px 0;min-height:500px;\"><article id=\"blog-1-post-47077\" class=\"fusion-post-grid post-47077 post type-post status-publish format-standard has-post-thumbnail hentry category-personalizacion tag-entrevista-experto\">\n<div class=\"fusion-post-wrapper\" style=\"background-color:rgba(246,247,247,1);border:none;\">\n\n\t\t\t<div class=\"fusion-flexslider flexslider fusion-flexslider-loading fusion-post-slideshow\" style=\"border-color:rgba(255,255,255,0);\">\n\t\t<ul class=\"slides\">\n\t\t\t\n\t\t\t\t\t\t\t\t\t\t\t\t\t\t<li><div  class=\"fusion-image-wrapper\" aria-haspopup=\"true\">\n\t\t\t\t<img decoding=\"async\" width=\"2560\" height=\"1280\" src=\"https:\/\/impulseducacio.org\/wp-content\/uploads\/2025\/05\/1.-Portada-entrevista-Become_WEB-scaled.jpg\" class=\"attachment-full size-full wp-post-image\" alt=\"\" srcset=\"https:\/\/impulseducacio.org\/wp-content\/uploads\/2025\/05\/1.-Portada-entrevista-Become_WEB-200x100.jpg 200w, https:\/\/impulseducacio.org\/wp-content\/uploads\/2025\/05\/1.-Portada-entrevista-Become_WEB-400x200.jpg 400w, https:\/\/impulseducacio.org\/wp-content\/uploads\/2025\/05\/1.-Portada-entrevista-Become_WEB-600x300.jpg 600w, https:\/\/impulseducacio.org\/wp-content\/uploads\/2025\/05\/1.-Portada-entrevista-Become_WEB-800x400.jpg 800w, https:\/\/impulseducacio.org\/wp-content\/uploads\/2025\/05\/1.-Portada-entrevista-Become_WEB-1200x600.jpg 1200w, https:\/\/impulseducacio.org\/wp-content\/uploads\/2025\/05\/1.-Portada-entrevista-Become_WEB-scaled.jpg 2560w\" sizes=\"(min-width: 2200px) 100vw, (min-width: 784px) 399px, (min-width: 712px) 598px, (min-width: 640px) 712px, \" \/><div class=\"fusion-rollover\">\n\t<div class=\"fusion-rollover-content\">\n\n\t\t\t\t\t\t\t\t\t\t\t\t\t\t<a class=\"fusion-rollover-link\" href=\"https:\/\/impulseducacio.org\/es\/educacion-del-caracter-liderar-comunidades-que-ponen-a-la-persona-en-el-centro\/\">Educaci\u00f3n del car\u00e1cter: liderar comunidades que ponen a la persona en el centro<\/a>\n\t\t\t\n\t\t\t\t\t\t\t\t\t\t\t\t\t\t\n\t\t\t\t\t\t\t\t\n\t\t\t\t\t\t\t\t\t\t\t\t\t<div class=\"fusion-rollover-sep\"><\/div>\n\t\t\t\t\n\t\t\t\t\t\t\t\t\t\t\t\t\t\t\t\t\t\t<a class=\"fusion-rollover-gallery\" href=\"https:\/\/impulseducacio.org\/wp-content\/uploads\/2025\/05\/1.-Portada-entrevista-Become_WEB-scaled.jpg\" data-options=\"\" data-id=\"47077\" data-rel=\"iLightbox[gallery]\" data-title=\"1.-Portada-entrevista-Become_WEB\" data-caption=\"\">\n\t\t\t\t\t\tGallery\t\t\t\t\t<\/a>\n\t\t\t\t\t\t\t\t\t\t\t\t\t\t\n\t\t\n\t\t\t\t\t\t\t\t\n\t\t\t\t\t\t\t\t\n\t\t\n\t\t\t\t\t\t<a class=\"fusion-link-wrapper\" href=\"https:\/\/impulseducacio.org\/es\/educacion-del-caracter-liderar-comunidades-que-ponen-a-la-persona-en-el-centro\/\" aria-label=\"Educaci\u00f3n del car\u00e1cter: liderar comunidades que ponen a la persona en el centro\"><\/a>\n\t<\/div>\n<\/div>\n<\/div>\n<\/li>\n\t\t\t\n\t\t\t\n\t\t\t\t\t\t\t\t\t\t\t\t\t\t\t\t\t\t\t\t\t\t\t\t\t\t\t\t\t\t\t\t\t\t\t\t\t\t\t\t\t\t\t\t\t\t\t\t\t\t\t\t\t\t\t\t\t\t\t\t\t\t\t\t\t\t\t\t<\/ul>\n\t<\/div>\n\t<div class=\"fusion-post-content-wrapper\" style=\"padding:30px 8% 25px 8%;\"><div class=\"fusion-post-content post-content\"><h2 class=\"blog-shortcode-post-title entry-title\"><a href=\"https:\/\/impulseducacio.org\/es\/educacion-del-caracter-liderar-comunidades-que-ponen-a-la-persona-en-el-centro\/\">Educaci\u00f3n del car\u00e1cter: liderar comunidades que ponen a la persona en el centro<\/a><\/h2><p class=\"fusion-single-line-meta\"><span class=\"vcard\" style=\"display: none;\"><span class=\"fn\"><a href=\"https:\/\/impulseducacio.org\/es\/author\/ana-moreno\/\" title=\"Posts by Impuls Educaci\u00f3\" rel=\"author\">Impuls Educaci\u00f3<\/a><\/span><\/span><span class=\"updated\" style=\"display:none;\">2025-05-30T08:04:35+00:00<\/span><span>May 30th, 2025<\/span><span class=\"fusion-inline-sep\">|<\/span><\/p><\/div><\/div><div class=\"fusion-clearfix\"><\/div><\/div>\n<\/article>\n<article id=\"blog-1-post-45404\" class=\"fusion-post-grid post-45404 post type-post status-publish format-gallery has-post-thumbnail hentry category-personalizacion tag-entrevista-experto post_format-post-format-gallery\">\n<div class=\"fusion-post-wrapper\" style=\"background-color:rgba(246,247,247,1);border:none;\">\n\n\t\t\t<div class=\"fusion-flexslider flexslider fusion-flexslider-loading fusion-post-slideshow\" style=\"border-color:rgba(255,255,255,0);\">\n\t\t<ul class=\"slides\">\n\t\t\t\n\t\t\t\t\t\t\t\t\t\t\t\t\t\t<li><div  class=\"fusion-image-wrapper\" aria-haspopup=\"true\">\n\t\t\t\t<img decoding=\"async\" width=\"2560\" height=\"1280\" src=\"https:\/\/impulseducacio.org\/wp-content\/uploads\/2025\/01\/00_Portada-entrevista-F-Torralba_WEB-1-scaled.jpg\" class=\"attachment-full size-full wp-post-image\" alt=\"\" srcset=\"https:\/\/impulseducacio.org\/wp-content\/uploads\/2025\/01\/00_Portada-entrevista-F-Torralba_WEB-1-200x100.jpg 200w, https:\/\/impulseducacio.org\/wp-content\/uploads\/2025\/01\/00_Portada-entrevista-F-Torralba_WEB-1-400x200.jpg 400w, https:\/\/impulseducacio.org\/wp-content\/uploads\/2025\/01\/00_Portada-entrevista-F-Torralba_WEB-1-600x300.jpg 600w, https:\/\/impulseducacio.org\/wp-content\/uploads\/2025\/01\/00_Portada-entrevista-F-Torralba_WEB-1-800x400.jpg 800w, https:\/\/impulseducacio.org\/wp-content\/uploads\/2025\/01\/00_Portada-entrevista-F-Torralba_WEB-1-1200x600.jpg 1200w, https:\/\/impulseducacio.org\/wp-content\/uploads\/2025\/01\/00_Portada-entrevista-F-Torralba_WEB-1-scaled.jpg 2560w\" sizes=\"(min-width: 2200px) 100vw, (min-width: 784px) 399px, (min-width: 712px) 598px, (min-width: 640px) 712px, \" \/><div class=\"fusion-rollover\">\n\t<div class=\"fusion-rollover-content\">\n\n\t\t\t\t\t\t\t\t\t\t\t\t\t\t<a class=\"fusion-rollover-link\" href=\"https:\/\/impulseducacio.org\/es\/educar-es-desarrollar-todo-el-potencial-humano\/\">Educar es desarrollar todo el potencial humano<\/a>\n\t\t\t\n\t\t\t\t\t\t\t\t\t\t\t\t\t\t\n\t\t\t\t\t\t\t\t\n\t\t\t\t\t\t\t\t\t\t\t\t\t<div class=\"fusion-rollover-sep\"><\/div>\n\t\t\t\t\n\t\t\t\t\t\t\t\t\t\t\t\t\t\t\t\t\t\t<a class=\"fusion-rollover-gallery\" href=\"https:\/\/impulseducacio.org\/wp-content\/uploads\/2025\/01\/00_Portada-entrevista-F-Torralba_WEB-1-scaled.jpg\" data-options=\"\" data-id=\"45404\" data-rel=\"iLightbox[gallery]\" data-title=\"00_Portada-entrevista-F-Torralba_WEB\" data-caption=\"\">\n\t\t\t\t\t\tGallery\t\t\t\t\t<\/a>\n\t\t\t\t\t\t\t\t\t\t\t\t\t\t\n\t\t\n\t\t\t\t\t\t\t\t\n\t\t\t\t\t\t\t\t\n\t\t\n\t\t\t\t\t\t<a class=\"fusion-link-wrapper\" href=\"https:\/\/impulseducacio.org\/es\/educar-es-desarrollar-todo-el-potencial-humano\/\" aria-label=\"Educar es desarrollar todo el potencial humano\"><\/a>\n\t<\/div>\n<\/div>\n<\/div>\n<\/li>\n\t\t\t\n\t\t\t\n\t\t\t\t\t\t\t\t\t\t\t\t\t\t\t\t\t\t\t\t\t\t\t\t\t\t\t\t\t\t\t\t\t\t\t\t\t\t\t\t\t\t\t\t\t\t\t\t\t\t\t\t\t\t\t\t\t\t\t\t\t\t\t\t\t\t\t\t<\/ul>\n\t<\/div>\n\t<div class=\"fusion-post-content-wrapper\" style=\"padding:30px 8% 25px 8%;\"><div class=\"fusion-post-content post-content\"><h2 class=\"blog-shortcode-post-title entry-title\"><a href=\"https:\/\/impulseducacio.org\/es\/educar-es-desarrollar-todo-el-potencial-humano\/\">Educar es desarrollar todo el potencial humano<\/a><\/h2><p class=\"fusion-single-line-meta\"><span class=\"vcard\" style=\"display: none;\"><span class=\"fn\"><a href=\"https:\/\/impulseducacio.org\/es\/author\/ana-moreno\/\" title=\"Posts by Impuls Educaci\u00f3\" rel=\"author\">Impuls Educaci\u00f3<\/a><\/span><\/span><span class=\"updated\" style=\"display:none;\">2025-06-02T07:19:44+00:00<\/span><span>May 22nd, 2025<\/span><span class=\"fusion-inline-sep\">|<\/span><\/p><\/div><\/div><div class=\"fusion-clearfix\"><\/div><\/div>\n<\/article>\n<article id=\"blog-1-post-46744\" class=\"fusion-post-grid post-46744 post type-post status-publish format-standard has-post-thumbnail hentry category-personalizacion tag-entrevista-experto\">\n<div class=\"fusion-post-wrapper\" style=\"background-color:rgba(246,247,247,1);border:none;\">\n\n\t\t\t<div class=\"fusion-flexslider flexslider fusion-flexslider-loading fusion-post-slideshow\" style=\"border-color:rgba(255,255,255,0);\">\n\t\t<ul class=\"slides\">\n\t\t\t\n\t\t\t\t\t\t\t\t\t\t\t\t\t\t<li><div  class=\"fusion-image-wrapper\" aria-haspopup=\"true\">\n\t\t\t\t<img decoding=\"async\" width=\"2560\" height=\"1280\" src=\"https:\/\/impulseducacio.org\/wp-content\/uploads\/2025\/04\/1.-Portada-entrevista-Marvin-Berkowitz_WEB-scaled.jpg\" class=\"attachment-full size-full wp-post-image\" alt=\"\" srcset=\"https:\/\/impulseducacio.org\/wp-content\/uploads\/2025\/04\/1.-Portada-entrevista-Marvin-Berkowitz_WEB-200x100.jpg 200w, https:\/\/impulseducacio.org\/wp-content\/uploads\/2025\/04\/1.-Portada-entrevista-Marvin-Berkowitz_WEB-400x200.jpg 400w, https:\/\/impulseducacio.org\/wp-content\/uploads\/2025\/04\/1.-Portada-entrevista-Marvin-Berkowitz_WEB-600x300.jpg 600w, https:\/\/impulseducacio.org\/wp-content\/uploads\/2025\/04\/1.-Portada-entrevista-Marvin-Berkowitz_WEB-800x400.jpg 800w, https:\/\/impulseducacio.org\/wp-content\/uploads\/2025\/04\/1.-Portada-entrevista-Marvin-Berkowitz_WEB-1200x600.jpg 1200w, https:\/\/impulseducacio.org\/wp-content\/uploads\/2025\/04\/1.-Portada-entrevista-Marvin-Berkowitz_WEB-scaled.jpg 2560w\" sizes=\"(min-width: 2200px) 100vw, (min-width: 784px) 399px, (min-width: 712px) 598px, (min-width: 640px) 712px, \" \/><div class=\"fusion-rollover\">\n\t<div class=\"fusion-rollover-content\">\n\n\t\t\t\t\t\t\t\t\t\t\t\t\t\t<a class=\"fusion-rollover-link\" href=\"https:\/\/impulseducacio.org\/es\/primed-un-modelo-para-transformar-la-educacion-del-caracter\/\">PRIMED: un modelo para transformar la educaci\u00f3n del car\u00e1cter<\/a>\n\t\t\t\n\t\t\t\t\t\t\t\t\t\t\t\t\t\t\n\t\t\t\t\t\t\t\t\n\t\t\t\t\t\t\t\t\t\t\t\t\t<div class=\"fusion-rollover-sep\"><\/div>\n\t\t\t\t\n\t\t\t\t\t\t\t\t\t\t\t\t\t\t\t\t\t\t<a class=\"fusion-rollover-gallery\" href=\"https:\/\/impulseducacio.org\/wp-content\/uploads\/2025\/04\/1.-Portada-entrevista-Marvin-Berkowitz_WEB-scaled.jpg\" data-options=\"\" data-id=\"46744\" data-rel=\"iLightbox[gallery]\" data-title=\"1.-Portada-entrevista-Marvin-Berkowitz_WEB\" data-caption=\"\">\n\t\t\t\t\t\tGallery\t\t\t\t\t<\/a>\n\t\t\t\t\t\t\t\t\t\t\t\t\t\t\n\t\t\n\t\t\t\t\t\t\t\t\n\t\t\t\t\t\t\t\t\n\t\t\n\t\t\t\t\t\t<a class=\"fusion-link-wrapper\" href=\"https:\/\/impulseducacio.org\/es\/primed-un-modelo-para-transformar-la-educacion-del-caracter\/\" aria-label=\"PRIMED: un modelo para transformar la educaci\u00f3n del car\u00e1cter\"><\/a>\n\t<\/div>\n<\/div>\n<\/div>\n<\/li>\n\t\t\t\n\t\t\t\n\t\t\t\t\t\t\t\t\t\t\t\t\t\t\t\t\t\t\t\t\t\t\t\t\t\t\t\t\t\t\t\t\t\t\t\t\t\t\t\t\t\t\t\t\t\t\t\t\t\t\t\t\t\t\t\t\t\t\t\t\t\t\t\t\t\t\t\t<\/ul>\n\t<\/div>\n\t<div class=\"fusion-post-content-wrapper\" style=\"padding:30px 8% 25px 8%;\"><div class=\"fusion-post-content post-content\"><h2 class=\"blog-shortcode-post-title entry-title\"><a href=\"https:\/\/impulseducacio.org\/es\/primed-un-modelo-para-transformar-la-educacion-del-caracter\/\">PRIMED: un modelo para transformar la educaci\u00f3n del car\u00e1cter<\/a><\/h2><p class=\"fusion-single-line-meta\"><span class=\"vcard\" style=\"display: none;\"><span class=\"fn\"><a href=\"https:\/\/impulseducacio.org\/es\/author\/ana-moreno\/\" title=\"Posts by Impuls Educaci\u00f3\" rel=\"author\">Impuls Educaci\u00f3<\/a><\/span><\/span><span class=\"updated\" style=\"display:none;\">2025-04-23T08:10:20+00:00<\/span><span>April 7th, 2025<\/span><span class=\"fusion-inline-sep\">|<\/span><\/p><\/div><\/div><div class=\"fusion-clearfix\"><\/div><\/div>\n<\/article>\n<article id=\"blog-1-post-46688\" class=\"fusion-post-grid post-46688 post type-post status-publish format-standard has-post-thumbnail hentry category-personalizacion category-sin-categorizar tag-entrevista-experto\">\n<div class=\"fusion-post-wrapper\" style=\"background-color:rgba(246,247,247,1);border:none;\">\n\n\t\t\t<div class=\"fusion-flexslider flexslider fusion-flexslider-loading fusion-post-slideshow\" style=\"border-color:rgba(255,255,255,0);\">\n\t\t<ul class=\"slides\">\n\t\t\t\n\t\t\t\t\t\t\t\t\t\t\t\t\t\t<li><div  class=\"fusion-image-wrapper\" aria-haspopup=\"true\">\n\t\t\t\t<img decoding=\"async\" width=\"2560\" height=\"1281\" src=\"https:\/\/impulseducacio.org\/wp-content\/uploads\/2025\/04\/0.-Portada-entrevista-Pepe-Menendez_WEB-scaled.jpg\" class=\"attachment-full size-full wp-post-image\" alt=\"\" srcset=\"https:\/\/impulseducacio.org\/wp-content\/uploads\/2025\/04\/0.-Portada-entrevista-Pepe-Menendez_WEB-200x100.jpg 200w, https:\/\/impulseducacio.org\/wp-content\/uploads\/2025\/04\/0.-Portada-entrevista-Pepe-Menendez_WEB-400x200.jpg 400w, https:\/\/impulseducacio.org\/wp-content\/uploads\/2025\/04\/0.-Portada-entrevista-Pepe-Menendez_WEB-600x300.jpg 600w, https:\/\/impulseducacio.org\/wp-content\/uploads\/2025\/04\/0.-Portada-entrevista-Pepe-Menendez_WEB-800x400.jpg 800w, https:\/\/impulseducacio.org\/wp-content\/uploads\/2025\/04\/0.-Portada-entrevista-Pepe-Menendez_WEB-1200x600.jpg 1200w, https:\/\/impulseducacio.org\/wp-content\/uploads\/2025\/04\/0.-Portada-entrevista-Pepe-Menendez_WEB-scaled.jpg 2560w\" sizes=\"(min-width: 2200px) 100vw, (min-width: 784px) 399px, (min-width: 712px) 598px, (min-width: 640px) 712px, \" \/><div class=\"fusion-rollover\">\n\t<div class=\"fusion-rollover-content\">\n\n\t\t\t\t\t\t\t\t\t\t\t\t\t\t<a class=\"fusion-rollover-link\" href=\"https:\/\/impulseducacio.org\/es\/la-escuela-ante-los-desafios-del-siglo-xxi\/\">La escuela ante los desaf\u00edos del siglo XXI<\/a>\n\t\t\t\n\t\t\t\t\t\t\t\t\t\t\t\t\t\t\n\t\t\t\t\t\t\t\t\n\t\t\t\t\t\t\t\t\t\t\t\t\t<div class=\"fusion-rollover-sep\"><\/div>\n\t\t\t\t\n\t\t\t\t\t\t\t\t\t\t\t\t\t\t\t\t\t\t<a class=\"fusion-rollover-gallery\" href=\"https:\/\/impulseducacio.org\/wp-content\/uploads\/2025\/04\/0.-Portada-entrevista-Pepe-Menendez_WEB-scaled.jpg\" data-options=\"\" data-id=\"46688\" data-rel=\"iLightbox[gallery]\" data-title=\"0.-Portada-entrevista-Pepe-Men\u00e9ndez_WEB\" data-caption=\"\">\n\t\t\t\t\t\tGallery\t\t\t\t\t<\/a>\n\t\t\t\t\t\t\t\t\t\t\t\t\t\t\n\t\t\n\t\t\t\t\t\t\t\t\n\t\t\t\t\t\t\t\t\n\t\t\n\t\t\t\t\t\t<a class=\"fusion-link-wrapper\" href=\"https:\/\/impulseducacio.org\/es\/la-escuela-ante-los-desafios-del-siglo-xxi\/\" aria-label=\"La escuela ante los desaf\u00edos del siglo XXI\"><\/a>\n\t<\/div>\n<\/div>\n<\/div>\n<\/li>\n\t\t\t\n\t\t\t\n\t\t\t\t\t\t\t\t\t\t\t\t\t\t\t\t\t\t\t\t\t\t\t\t\t\t\t\t\t\t\t\t\t\t\t\t\t\t\t\t\t\t\t\t\t\t\t\t\t\t\t\t\t\t\t\t\t\t\t\t\t\t\t\t\t\t\t\t<\/ul>\n\t<\/div>\n\t<div class=\"fusion-post-content-wrapper\" style=\"padding:30px 8% 25px 8%;\"><div class=\"fusion-post-content post-content\"><h2 class=\"blog-shortcode-post-title entry-title\"><a href=\"https:\/\/impulseducacio.org\/es\/la-escuela-ante-los-desafios-del-siglo-xxi\/\">La escuela ante los desaf\u00edos del siglo XXI<\/a><\/h2><p class=\"fusion-single-line-meta\"><span class=\"vcard\" style=\"display: none;\"><span class=\"fn\"><a href=\"https:\/\/impulseducacio.org\/es\/author\/ana-moreno\/\" title=\"Posts by Impuls Educaci\u00f3\" rel=\"author\">Impuls Educaci\u00f3<\/a><\/span><\/span><span class=\"updated\" style=\"display:none;\">2025-04-07T14:01:30+00:00<\/span><span>April 2nd, 2025<\/span><span class=\"fusion-inline-sep\">|<\/span><\/p><\/div><\/div><div class=\"fusion-clearfix\"><\/div><\/div>\n<\/article>\n<article id=\"blog-1-post-46639\" class=\"fusion-post-grid post-46639 post type-post status-publish format-gallery has-post-thumbnail hentry category-personalizacion tag-resena post_format-post-format-gallery\">\n<div class=\"fusion-post-wrapper\" style=\"background-color:rgba(246,247,247,1);border:none;\">\n\n\t\t\t<div class=\"fusion-flexslider flexslider fusion-flexslider-loading fusion-post-slideshow\" style=\"border-color:rgba(255,255,255,0);\">\n\t\t<ul class=\"slides\">\n\t\t\t\n\t\t\t\t\t\t\t\t\t\t\t\t\t\t<li><div  class=\"fusion-image-wrapper\" aria-haspopup=\"true\">\n\t\t\t\t<img decoding=\"async\" width=\"2030\" height=\"1016\" src=\"https:\/\/impulseducacio.org\/wp-content\/uploads\/2025\/03\/1.-Portada_Educar-para-la-vida_WEB.jpg\" class=\"attachment-full size-full wp-post-image\" alt=\"\" srcset=\"https:\/\/impulseducacio.org\/wp-content\/uploads\/2025\/03\/1.-Portada_Educar-para-la-vida_WEB-200x100.jpg 200w, https:\/\/impulseducacio.org\/wp-content\/uploads\/2025\/03\/1.-Portada_Educar-para-la-vida_WEB-400x200.jpg 400w, https:\/\/impulseducacio.org\/wp-content\/uploads\/2025\/03\/1.-Portada_Educar-para-la-vida_WEB-600x300.jpg 600w, https:\/\/impulseducacio.org\/wp-content\/uploads\/2025\/03\/1.-Portada_Educar-para-la-vida_WEB-800x400.jpg 800w, https:\/\/impulseducacio.org\/wp-content\/uploads\/2025\/03\/1.-Portada_Educar-para-la-vida_WEB-1200x601.jpg 1200w, https:\/\/impulseducacio.org\/wp-content\/uploads\/2025\/03\/1.-Portada_Educar-para-la-vida_WEB.jpg 2030w\" sizes=\"(min-width: 2200px) 100vw, (min-width: 784px) 399px, (min-width: 712px) 598px, (min-width: 640px) 712px, \" \/><div class=\"fusion-rollover\">\n\t<div class=\"fusion-rollover-content\">\n\n\t\t\t\t\t\t\t\t\t\t\t\t\t\t<a class=\"fusion-rollover-link\" href=\"https:\/\/impulseducacio.org\/es\/educar-para-la-vida\/\">Educar para la vida: Innovaci\u00f3n educativa y liderazgo humanizador<\/a>\n\t\t\t\n\t\t\t\t\t\t\t\t\t\t\t\t\t\t\n\t\t\t\t\t\t\t\t\n\t\t\t\t\t\t\t\t\t\t\t\t\t<div class=\"fusion-rollover-sep\"><\/div>\n\t\t\t\t\n\t\t\t\t\t\t\t\t\t\t\t\t\t\t\t\t\t\t<a class=\"fusion-rollover-gallery\" href=\"https:\/\/impulseducacio.org\/wp-content\/uploads\/2025\/03\/1.-Portada_Educar-para-la-vida_WEB.jpg\" data-options=\"\" data-id=\"46639\" data-rel=\"iLightbox[gallery]\" data-title=\"1.-Portada_Educar-para-la-vida_WEB\" data-caption=\"\">\n\t\t\t\t\t\tGallery\t\t\t\t\t<\/a>\n\t\t\t\t\t\t\t\t\t\t\t\t\t\t\n\t\t\n\t\t\t\t\t\t\t\t\n\t\t\t\t\t\t\t\t\n\t\t\n\t\t\t\t\t\t<a class=\"fusion-link-wrapper\" href=\"https:\/\/impulseducacio.org\/es\/educar-para-la-vida\/\" aria-label=\"Educar para la vida: Innovaci\u00f3n educativa y liderazgo humanizador\"><\/a>\n\t<\/div>\n<\/div>\n<\/div>\n<\/li>\n\t\t\t\n\t\t\t\n\t\t\t\t\t\t\t\t\t\t\t\t\t\t\t\t\t\t\t\t\t\t\t\t\t\t\t\t\t\t\t\t\t\t\t\t\t\t\t\t\t\t\t\t\t\t\t\t\t\t\t\t\t\t\t\t\t\t\t\t\t\t\t\t\t\t\t\t<\/ul>\n\t<\/div>\n\t<div class=\"fusion-post-content-wrapper\" style=\"padding:30px 8% 25px 8%;\"><div class=\"fusion-post-content post-content\"><h2 class=\"blog-shortcode-post-title entry-title\"><a href=\"https:\/\/impulseducacio.org\/es\/educar-para-la-vida\/\">Educar para la vida: Innovaci\u00f3n educativa y liderazgo humanizador<\/a><\/h2><p class=\"fusion-single-line-meta\"><span class=\"vcard\" style=\"display: none;\"><span class=\"fn\"><a href=\"https:\/\/impulseducacio.org\/es\/author\/ana-moreno\/\" title=\"Posts by Impuls Educaci\u00f3\" rel=\"author\">Impuls Educaci\u00f3<\/a><\/span><\/span><span class=\"updated\" style=\"display:none;\">2025-03-25T13:50:34+00:00<\/span><span>March 25th, 2025<\/span><span class=\"fusion-inline-sep\">|<\/span><\/p><\/div><\/div><div class=\"fusion-clearfix\"><\/div><\/div>\n<\/article>\n<article id=\"blog-1-post-5930\" class=\"fusion-post-grid post-5930 post type-post status-publish format-standard has-post-thumbnail hentry category-personalizacion tag-articulo-es\">\n<div class=\"fusion-post-wrapper\" style=\"background-color:rgba(246,247,247,1);border:none;\">\n\n\t\t\t<div class=\"fusion-flexslider flexslider fusion-flexslider-loading fusion-post-slideshow\" style=\"border-color:rgba(255,255,255,0);\">\n\t\t<ul class=\"slides\">\n\t\t\t\n\t\t\t\t\t\t\t\t\t\t\t\t\t\t<li><div  class=\"fusion-image-wrapper\" aria-haspopup=\"true\">\n\t\t\t\t<img decoding=\"async\" width=\"2560\" height=\"1281\" src=\"https:\/\/impulseducacio.org\/wp-content\/uploads\/2020\/06\/Portada-post-Dream-schools-scaled.jpg\" class=\"attachment-full size-full wp-post-image\" alt=\"\" srcset=\"https:\/\/impulseducacio.org\/wp-content\/uploads\/2020\/06\/Portada-post-Dream-schools-200x100.jpg 200w, https:\/\/impulseducacio.org\/wp-content\/uploads\/2020\/06\/Portada-post-Dream-schools-400x200.jpg 400w, https:\/\/impulseducacio.org\/wp-content\/uploads\/2020\/06\/Portada-post-Dream-schools-600x300.jpg 600w, https:\/\/impulseducacio.org\/wp-content\/uploads\/2020\/06\/Portada-post-Dream-schools-800x400.jpg 800w, https:\/\/impulseducacio.org\/wp-content\/uploads\/2020\/06\/Portada-post-Dream-schools-1200x600.jpg 1200w, https:\/\/impulseducacio.org\/wp-content\/uploads\/2020\/06\/Portada-post-Dream-schools-scaled.jpg 2560w\" sizes=\"(min-width: 2200px) 100vw, (min-width: 784px) 399px, (min-width: 712px) 598px, (min-width: 640px) 712px, \" \/><div class=\"fusion-rollover\">\n\t<div class=\"fusion-rollover-content\">\n\n\t\t\t\t\t\t\t\t\t\t\t\t\t\t<a class=\"fusion-rollover-link\" href=\"https:\/\/impulseducacio.org\/es\/dream-schools-un-modelo-pedagogico-personalizado-y-sostenible\/\">Dream schools, un modelo pedag\u00f3gico personalizado y sostenible<\/a>\n\t\t\t\n\t\t\t\t\t\t\t\t\t\t\t\t\t\t\n\t\t\t\t\t\t\t\t\n\t\t\t\t\t\t\t\t\t\t\t\t\t<div class=\"fusion-rollover-sep\"><\/div>\n\t\t\t\t\n\t\t\t\t\t\t\t\t\t\t\t\t\t\t\t\t\t\t<a class=\"fusion-rollover-gallery\" href=\"https:\/\/impulseducacio.org\/wp-content\/uploads\/2020\/06\/Portada-post-Dream-schools-scaled.jpg\" data-options=\"\" data-id=\"5930\" data-rel=\"iLightbox[gallery]\" data-title=\"Portada-post-Dream-schools\" data-caption=\"\">\n\t\t\t\t\t\tGallery\t\t\t\t\t<\/a>\n\t\t\t\t\t\t\t\t\t\t\t\t\t\t\n\t\t\n\t\t\t\t\t\t\t\t\n\t\t\t\t\t\t\t\t\n\t\t\n\t\t\t\t\t\t<a class=\"fusion-link-wrapper\" href=\"https:\/\/impulseducacio.org\/es\/dream-schools-un-modelo-pedagogico-personalizado-y-sostenible\/\" aria-label=\"Dream schools, un modelo pedag\u00f3gico personalizado y sostenible\"><\/a>\n\t<\/div>\n<\/div>\n<\/div>\n<\/li>\n\t\t\t\n\t\t\t\n\t\t\t\t\t\t\t\t\t\t\t\t\t\t\t\t\t\t\t\t\t\t\t\t\t\t\t\t\t\t\t\t\t\t\t\t\t\t\t\t\t\t\t\t\t\t\t\t\t\t\t\t\t\t\t\t\t\t\t\t\t\t\t\t\t\t\t\t<\/ul>\n\t<\/div>\n\t<div class=\"fusion-post-content-wrapper\" style=\"padding:30px 8% 25px 8%;\"><div class=\"fusion-post-content post-content\"><h2 class=\"blog-shortcode-post-title entry-title\"><a href=\"https:\/\/impulseducacio.org\/es\/dream-schools-un-modelo-pedagogico-personalizado-y-sostenible\/\">Dream schools, un modelo pedag\u00f3gico personalizado y sostenible<\/a><\/h2><p class=\"fusion-single-line-meta\"><span class=\"vcard\" style=\"display: none;\"><span class=\"fn\"><a href=\"https:\/\/impulseducacio.org\/es\/author\/impulseducacio\/\" title=\"Posts by Impuls Educaci\u00f3\" rel=\"author\">Impuls Educaci\u00f3<\/a><\/span><\/span><span class=\"updated\" style=\"display:none;\">2024-12-05T16:47:42+00:00<\/span><span>December 3rd, 2024<\/span><span class=\"fusion-inline-sep\">|<\/span><\/p><\/div><\/div><div class=\"fusion-clearfix\"><\/div><\/div>\n<\/article>\n<div class=\"fusion-clearfix\"><\/div><\/div><div class=\"pagination clearfix\"><span class=\"current\">1<\/span><a href=\"https:\/\/impulseducacio.org\/es\/wp-json\/wp\/v2\/posts\/11023\/page\/2\/\" class=\"inactive\">2<\/a><a class=\"pagination-next\" rel=\"next\" href=\"https:\/\/impulseducacio.org\/es\/wp-json\/wp\/v2\/posts\/11023\/page\/2\/\"><span class=\"page-text\">Next<\/span><span class=\"page-next\"><\/span><\/a><\/div><div class=\"fusion-clearfix\"><\/div><\/div><div class=\"fusion-clearfix\"><\/div><\/div><\/div><\/div><\/div><\/p>\n","protected":false},"excerpt":{"rendered":"","protected":false},"author":2,"featured_media":11011,"comment_status":"open","ping_status":"open","sticky":false,"template":"","format":"standard","meta":{"_acf_changed":false,"footnotes":""},"categories":[43],"tags":[47],"class_list":["post-11023","post","type-post","status-publish","format-standard","has-post-thumbnail","hentry","category-personalizacion","tag-articulo"],"acf":[],"yoast_head":"<!-- This site is optimized with the Yoast SEO plugin v27.5 - https:\/\/yoast.com\/product\/yoast-seo-wordpress\/ -->\n<title>La escuela necesita la \u00e9tica como la necesita toda la sociedad | Actualitat Educativa<\/title>\n<meta name=\"robots\" content=\"index, follow, max-snippet:-1, max-image-preview:large, max-video-preview:-1\" \/>\n<link rel=\"canonical\" href=\"https:\/\/impulseducacio.org\/es\/la-escuela-necesita-la-etica-como-la-necesita-toda-la-sociedad\/\" \/>\n<meta property=\"og:locale\" content=\"es_ES\" \/>\n<meta property=\"og:type\" content=\"article\" \/>\n<meta property=\"og:title\" content=\"La escuela necesita la \u00e9tica como la necesita toda la sociedad | Actualitat Educativa\" \/>\n<meta property=\"og:url\" content=\"https:\/\/impulseducacio.org\/es\/la-escuela-necesita-la-etica-como-la-necesita-toda-la-sociedad\/\" \/>\n<meta property=\"og:site_name\" content=\"IMPULS EDUCACI\u00d3\" \/>\n<meta property=\"article:publisher\" content=\"https:\/\/www.facebook.com\/impulseducacio2020\" \/>\n<meta property=\"article:published_time\" content=\"2021-07-06T08:30:48+00:00\" \/>\n<meta property=\"article:modified_time\" content=\"2023-03-02T10:10:01+00:00\" \/>\n<meta property=\"og:image\" content=\"https:\/\/impulseducacio.org\/wp-content\/uploads\/2021\/07\/Portada-miniatura_La-esuela-desmoralizada-2-scaled.jpg\" \/>\n\t<meta property=\"og:image:width\" content=\"2560\" \/>\n\t<meta property=\"og:image:height\" content=\"1283\" \/>\n\t<meta property=\"og:image:type\" content=\"image\/jpeg\" \/>\n<meta name=\"author\" content=\"Impuls Educaci\u00f3\" \/>\n<meta name=\"twitter:card\" content=\"summary_large_image\" \/>\n<meta name=\"twitter:creator\" content=\"@ImpulsEducacio\" \/>\n<meta name=\"twitter:site\" content=\"@ImpulsEducacio\" \/>\n<meta name=\"twitter:label1\" content=\"Written by\" \/>\n\t<meta name=\"twitter:data1\" content=\"Impuls Educaci\u00f3\" \/>\n\t<meta name=\"twitter:label2\" content=\"Est. reading time\" \/>\n\t<meta name=\"twitter:data2\" content=\"13 minutes\" \/>\n<script type=\"application\/ld+json\" class=\"yoast-schema-graph\">{\"@context\":\"https:\\\/\\\/schema.org\",\"@graph\":[{\"@type\":\"Article\",\"@id\":\"https:\\\/\\\/impulseducacio.org\\\/es\\\/la-escuela-necesita-la-etica-como-la-necesita-toda-la-sociedad\\\/#article\",\"isPartOf\":{\"@id\":\"https:\\\/\\\/impulseducacio.org\\\/es\\\/la-escuela-necesita-la-etica-como-la-necesita-toda-la-sociedad\\\/\"},\"author\":{\"name\":\"Impuls Educaci\u00f3\",\"@id\":\"https:\\\/\\\/impulseducacio.org\\\/es\\\/#\\\/schema\\\/person\\\/92cf201227b1404c22691d5d1238d09a\"},\"headline\":\"La escuela necesita la \u00e9tica como la necesita toda la sociedad\",\"datePublished\":\"2021-07-06T08:30:48+00:00\",\"dateModified\":\"2023-03-02T10:10:01+00:00\",\"mainEntityOfPage\":{\"@id\":\"https:\\\/\\\/impulseducacio.org\\\/es\\\/la-escuela-necesita-la-etica-como-la-necesita-toda-la-sociedad\\\/\"},\"wordCount\":4916,\"commentCount\":0,\"image\":{\"@id\":\"https:\\\/\\\/impulseducacio.org\\\/es\\\/la-escuela-necesita-la-etica-como-la-necesita-toda-la-sociedad\\\/#primaryimage\"},\"thumbnailUrl\":\"https:\\\/\\\/impulseducacio.org\\\/wp-content\\\/uploads\\\/2021\\\/07\\\/Portada-miniatura_La-esuela-desmoralizada-2-scaled.jpg\",\"keywords\":[\"Art\u00edculo\"],\"articleSection\":[\"Personalizaci\u00f3n\"],\"inLanguage\":\"es\",\"potentialAction\":[{\"@type\":\"CommentAction\",\"name\":\"Comment\",\"target\":[\"https:\\\/\\\/impulseducacio.org\\\/es\\\/la-escuela-necesita-la-etica-como-la-necesita-toda-la-sociedad\\\/#respond\"]}]},{\"@type\":\"WebPage\",\"@id\":\"https:\\\/\\\/impulseducacio.org\\\/es\\\/la-escuela-necesita-la-etica-como-la-necesita-toda-la-sociedad\\\/\",\"url\":\"https:\\\/\\\/impulseducacio.org\\\/es\\\/la-escuela-necesita-la-etica-como-la-necesita-toda-la-sociedad\\\/\",\"name\":\"La escuela necesita la \u00e9tica como la necesita toda la sociedad | Actualitat Educativa\",\"isPartOf\":{\"@id\":\"https:\\\/\\\/impulseducacio.org\\\/es\\\/#website\"},\"primaryImageOfPage\":{\"@id\":\"https:\\\/\\\/impulseducacio.org\\\/es\\\/la-escuela-necesita-la-etica-como-la-necesita-toda-la-sociedad\\\/#primaryimage\"},\"image\":{\"@id\":\"https:\\\/\\\/impulseducacio.org\\\/es\\\/la-escuela-necesita-la-etica-como-la-necesita-toda-la-sociedad\\\/#primaryimage\"},\"thumbnailUrl\":\"https:\\\/\\\/impulseducacio.org\\\/wp-content\\\/uploads\\\/2021\\\/07\\\/Portada-miniatura_La-esuela-desmoralizada-2-scaled.jpg\",\"datePublished\":\"2021-07-06T08:30:48+00:00\",\"dateModified\":\"2023-03-02T10:10:01+00:00\",\"author\":{\"@id\":\"https:\\\/\\\/impulseducacio.org\\\/es\\\/#\\\/schema\\\/person\\\/92cf201227b1404c22691d5d1238d09a\"},\"breadcrumb\":{\"@id\":\"https:\\\/\\\/impulseducacio.org\\\/es\\\/la-escuela-necesita-la-etica-como-la-necesita-toda-la-sociedad\\\/#breadcrumb\"},\"inLanguage\":\"es\",\"potentialAction\":[{\"@type\":\"ReadAction\",\"target\":[\"https:\\\/\\\/impulseducacio.org\\\/es\\\/la-escuela-necesita-la-etica-como-la-necesita-toda-la-sociedad\\\/\"]}]},{\"@type\":\"ImageObject\",\"inLanguage\":\"es\",\"@id\":\"https:\\\/\\\/impulseducacio.org\\\/es\\\/la-escuela-necesita-la-etica-como-la-necesita-toda-la-sociedad\\\/#primaryimage\",\"url\":\"https:\\\/\\\/impulseducacio.org\\\/wp-content\\\/uploads\\\/2021\\\/07\\\/Portada-miniatura_La-esuela-desmoralizada-2-scaled.jpg\",\"contentUrl\":\"https:\\\/\\\/impulseducacio.org\\\/wp-content\\\/uploads\\\/2021\\\/07\\\/Portada-miniatura_La-esuela-desmoralizada-2-scaled.jpg\",\"width\":2560,\"height\":1283},{\"@type\":\"BreadcrumbList\",\"@id\":\"https:\\\/\\\/impulseducacio.org\\\/es\\\/la-escuela-necesita-la-etica-como-la-necesita-toda-la-sociedad\\\/#breadcrumb\",\"itemListElement\":[{\"@type\":\"ListItem\",\"position\":1,\"name\":\"Inicio\",\"item\":\"https:\\\/\\\/impulseducacio.org\\\/es\\\/\"},{\"@type\":\"ListItem\",\"position\":2,\"name\":\"La escuela necesita la \u00e9tica como la necesita toda la sociedad\"}]},{\"@type\":\"WebSite\",\"@id\":\"https:\\\/\\\/impulseducacio.org\\\/es\\\/#website\",\"url\":\"https:\\\/\\\/impulseducacio.org\\\/es\\\/\",\"name\":\"IMPULS EDUCACI\u00d3\",\"description\":\"Espai d\u2019estudi i di\u00e0leg en temes educatius\",\"potentialAction\":[{\"@type\":\"SearchAction\",\"target\":{\"@type\":\"EntryPoint\",\"urlTemplate\":\"https:\\\/\\\/impulseducacio.org\\\/es\\\/?s={search_term_string}\"},\"query-input\":{\"@type\":\"PropertyValueSpecification\",\"valueRequired\":true,\"valueName\":\"search_term_string\"}}],\"inLanguage\":\"es\"},{\"@type\":\"Person\",\"@id\":\"https:\\\/\\\/impulseducacio.org\\\/es\\\/#\\\/schema\\\/person\\\/92cf201227b1404c22691d5d1238d09a\",\"name\":\"Impuls Educaci\u00f3\"}]}<\/script>\n<!-- \/ Yoast SEO plugin. -->","yoast_head_json":{"title":"La escuela necesita la \u00e9tica como la necesita toda la sociedad | Actualitat Educativa","robots":{"index":"index","follow":"follow","max-snippet":"max-snippet:-1","max-image-preview":"max-image-preview:large","max-video-preview":"max-video-preview:-1"},"canonical":"https:\/\/impulseducacio.org\/es\/la-escuela-necesita-la-etica-como-la-necesita-toda-la-sociedad\/","og_locale":"es_ES","og_type":"article","og_title":"La escuela necesita la \u00e9tica como la necesita toda la sociedad | Actualitat Educativa","og_url":"https:\/\/impulseducacio.org\/es\/la-escuela-necesita-la-etica-como-la-necesita-toda-la-sociedad\/","og_site_name":"IMPULS EDUCACI\u00d3","article_publisher":"https:\/\/www.facebook.com\/impulseducacio2020","article_published_time":"2021-07-06T08:30:48+00:00","article_modified_time":"2023-03-02T10:10:01+00:00","og_image":[{"width":2560,"height":1283,"url":"https:\/\/impulseducacio.org\/wp-content\/uploads\/2021\/07\/Portada-miniatura_La-esuela-desmoralizada-2-scaled.jpg","type":"image\/jpeg"}],"author":"Impuls Educaci\u00f3","twitter_card":"summary_large_image","twitter_creator":"@ImpulsEducacio","twitter_site":"@ImpulsEducacio","twitter_misc":{"Written by":"Impuls Educaci\u00f3","Est. reading time":"13 minutes"},"schema":{"@context":"https:\/\/schema.org","@graph":[{"@type":"Article","@id":"https:\/\/impulseducacio.org\/es\/la-escuela-necesita-la-etica-como-la-necesita-toda-la-sociedad\/#article","isPartOf":{"@id":"https:\/\/impulseducacio.org\/es\/la-escuela-necesita-la-etica-como-la-necesita-toda-la-sociedad\/"},"author":{"name":"Impuls Educaci\u00f3","@id":"https:\/\/impulseducacio.org\/es\/#\/schema\/person\/92cf201227b1404c22691d5d1238d09a"},"headline":"La escuela necesita la \u00e9tica como la necesita toda la sociedad","datePublished":"2021-07-06T08:30:48+00:00","dateModified":"2023-03-02T10:10:01+00:00","mainEntityOfPage":{"@id":"https:\/\/impulseducacio.org\/es\/la-escuela-necesita-la-etica-como-la-necesita-toda-la-sociedad\/"},"wordCount":4916,"commentCount":0,"image":{"@id":"https:\/\/impulseducacio.org\/es\/la-escuela-necesita-la-etica-como-la-necesita-toda-la-sociedad\/#primaryimage"},"thumbnailUrl":"https:\/\/impulseducacio.org\/wp-content\/uploads\/2021\/07\/Portada-miniatura_La-esuela-desmoralizada-2-scaled.jpg","keywords":["Art\u00edculo"],"articleSection":["Personalizaci\u00f3n"],"inLanguage":"es","potentialAction":[{"@type":"CommentAction","name":"Comment","target":["https:\/\/impulseducacio.org\/es\/la-escuela-necesita-la-etica-como-la-necesita-toda-la-sociedad\/#respond"]}]},{"@type":"WebPage","@id":"https:\/\/impulseducacio.org\/es\/la-escuela-necesita-la-etica-como-la-necesita-toda-la-sociedad\/","url":"https:\/\/impulseducacio.org\/es\/la-escuela-necesita-la-etica-como-la-necesita-toda-la-sociedad\/","name":"La escuela necesita la \u00e9tica como la necesita toda la sociedad | Actualitat Educativa","isPartOf":{"@id":"https:\/\/impulseducacio.org\/es\/#website"},"primaryImageOfPage":{"@id":"https:\/\/impulseducacio.org\/es\/la-escuela-necesita-la-etica-como-la-necesita-toda-la-sociedad\/#primaryimage"},"image":{"@id":"https:\/\/impulseducacio.org\/es\/la-escuela-necesita-la-etica-como-la-necesita-toda-la-sociedad\/#primaryimage"},"thumbnailUrl":"https:\/\/impulseducacio.org\/wp-content\/uploads\/2021\/07\/Portada-miniatura_La-esuela-desmoralizada-2-scaled.jpg","datePublished":"2021-07-06T08:30:48+00:00","dateModified":"2023-03-02T10:10:01+00:00","author":{"@id":"https:\/\/impulseducacio.org\/es\/#\/schema\/person\/92cf201227b1404c22691d5d1238d09a"},"breadcrumb":{"@id":"https:\/\/impulseducacio.org\/es\/la-escuela-necesita-la-etica-como-la-necesita-toda-la-sociedad\/#breadcrumb"},"inLanguage":"es","potentialAction":[{"@type":"ReadAction","target":["https:\/\/impulseducacio.org\/es\/la-escuela-necesita-la-etica-como-la-necesita-toda-la-sociedad\/"]}]},{"@type":"ImageObject","inLanguage":"es","@id":"https:\/\/impulseducacio.org\/es\/la-escuela-necesita-la-etica-como-la-necesita-toda-la-sociedad\/#primaryimage","url":"https:\/\/impulseducacio.org\/wp-content\/uploads\/2021\/07\/Portada-miniatura_La-esuela-desmoralizada-2-scaled.jpg","contentUrl":"https:\/\/impulseducacio.org\/wp-content\/uploads\/2021\/07\/Portada-miniatura_La-esuela-desmoralizada-2-scaled.jpg","width":2560,"height":1283},{"@type":"BreadcrumbList","@id":"https:\/\/impulseducacio.org\/es\/la-escuela-necesita-la-etica-como-la-necesita-toda-la-sociedad\/#breadcrumb","itemListElement":[{"@type":"ListItem","position":1,"name":"Inicio","item":"https:\/\/impulseducacio.org\/es\/"},{"@type":"ListItem","position":2,"name":"La escuela necesita la \u00e9tica como la necesita toda la sociedad"}]},{"@type":"WebSite","@id":"https:\/\/impulseducacio.org\/es\/#website","url":"https:\/\/impulseducacio.org\/es\/","name":"IMPULS EDUCACI\u00d3","description":"Espai d\u2019estudi i di\u00e0leg en temes educatius","potentialAction":[{"@type":"SearchAction","target":{"@type":"EntryPoint","urlTemplate":"https:\/\/impulseducacio.org\/es\/?s={search_term_string}"},"query-input":{"@type":"PropertyValueSpecification","valueRequired":true,"valueName":"search_term_string"}}],"inLanguage":"es"},{"@type":"Person","@id":"https:\/\/impulseducacio.org\/es\/#\/schema\/person\/92cf201227b1404c22691d5d1238d09a","name":"Impuls Educaci\u00f3"}]}},"_links":{"self":[{"href":"https:\/\/impulseducacio.org\/es\/wp-json\/wp\/v2\/posts\/11023","targetHints":{"allow":["GET"]}}],"collection":[{"href":"https:\/\/impulseducacio.org\/es\/wp-json\/wp\/v2\/posts"}],"about":[{"href":"https:\/\/impulseducacio.org\/es\/wp-json\/wp\/v2\/types\/post"}],"author":[{"embeddable":true,"href":"https:\/\/impulseducacio.org\/es\/wp-json\/wp\/v2\/users\/2"}],"replies":[{"embeddable":true,"href":"https:\/\/impulseducacio.org\/es\/wp-json\/wp\/v2\/comments?post=11023"}],"version-history":[{"count":13,"href":"https:\/\/impulseducacio.org\/es\/wp-json\/wp\/v2\/posts\/11023\/revisions"}],"predecessor-version":[{"id":24231,"href":"https:\/\/impulseducacio.org\/es\/wp-json\/wp\/v2\/posts\/11023\/revisions\/24231"}],"wp:featuredmedia":[{"embeddable":true,"href":"https:\/\/impulseducacio.org\/es\/wp-json\/wp\/v2\/media\/11011"}],"wp:attachment":[{"href":"https:\/\/impulseducacio.org\/es\/wp-json\/wp\/v2\/media?parent=11023"}],"wp:term":[{"taxonomy":"category","embeddable":true,"href":"https:\/\/impulseducacio.org\/es\/wp-json\/wp\/v2\/categories?post=11023"},{"taxonomy":"post_tag","embeddable":true,"href":"https:\/\/impulseducacio.org\/es\/wp-json\/wp\/v2\/tags?post=11023"}],"curies":[{"name":"wp","href":"https:\/\/api.w.org\/{rel}","templated":true}]}}