{"id":10428,"date":"2021-05-20T06:12:14","date_gmt":"2021-05-20T06:12:14","guid":{"rendered":"https:\/\/impulseducacio.org\/?p=10428"},"modified":"2023-03-02T10:10:43","modified_gmt":"2023-03-02T10:10:43","slug":"la-oratoria-y-el-discurso-oral-piden-tener-mas-peso-en-las-escuelas","status":"publish","type":"post","link":"https:\/\/impulseducacio.org\/es\/la-oratoria-y-el-discurso-oral-piden-tener-mas-peso-en-las-escuelas\/","title":{"rendered":"La oratoria y el discurso oral piden tener m\u00e1s peso en las escuelas"},"content":{"rendered":"<p><div class=\"fusion-fullwidth fullwidth-box fusion-builder-row-1 fusion-parallax-none nonhundred-percent-fullwidth non-hundred-percent-height-scrolling\" style=\"--awb-background-position:right center;--awb-border-sizes-top:0px;--awb-border-sizes-bottom:0px;--awb-border-sizes-left:0px;--awb-border-sizes-right:0px;--awb-border-radius-top-left:0px;--awb-border-radius-top-right:0px;--awb-border-radius-bottom-right:0px;--awb-border-radius-bottom-left:0px;--awb-padding-top:0px;--awb-padding-bottom:0px;--awb-margin-top:0px;--awb-margin-bottom:-260px;--awb-background-color:rgba(246,247,247,0);--awb-background-image:url(&quot;https:\/\/impulseducacio.org\/wp-content\/uploads\/2021\/05\/foto-portada-7-scaled.jpg&quot;);--awb-background-size:cover;--awb-flex-wrap:wrap;\" ><div class=\"fusion-builder-row fusion-row\"><div class=\"fusion-layout-column fusion_builder_column fusion-builder-column-0 fusion_builder_column_1_1 1_1 fusion-one-full fusion-column-first fusion-column-last fusion-animated\" style=\"--awb-overflow:hidden;--awb-bg-color:rgba(0,0,0,0);--awb-bg-color-hover:rgba(0,0,0,0);--awb-bg-size:cover;--awb-border-radius:4px 4px 4px 4px;--awb-margin-top:0px;--awb-margin-bottom:10px;\" data-animationType=\"fadeInDown\" data-animationDuration=\"0.8\" data-animationOffset=\"top-into-view\"><div class=\"fusion-column-wrapper fusion-column-has-shadow fusion-flex-column-wrapper-legacy\"><div class=\"fusion-sep-clear\"><\/div><div class=\"fusion-separator fusion-full-width-sep\" style=\"margin-left: auto;margin-right: auto;margin-top:720px;width:100%;\"><\/div><div class=\"fusion-sep-clear\"><\/div><div class=\"fusion-title title fusion-title-1 fusion-sep-none fusion-title-text fusion-title-size-one\" style=\"--awb-text-color:#ffffff;--awb-font-size:60px;\"><h1 class=\"fusion-title-heading title-heading-left fusion-responsive-typography-calculated\" style=\"font-family:&quot;Open Sans&quot;;font-style:normal;font-weight:300;margin:0;font-size:1em;--fontSize:60;line-height:1.18;\"><h1>La oratoria y el discurso oral piden tener m\u00e1s peso en las escuelas<\/h1><\/h1><\/div><div class=\"fusion-clearfix\"><\/div><\/div><\/div><div class=\"fusion-layout-column fusion_builder_column fusion-builder-column-1 fusion_builder_column_1_1 1_1 fusion-one-full fusion-column-first fusion-column-last fusion-animated\" style=\"--awb-padding-right:969px;--awb-padding-bottom:10px;--awb-bg-blend:overlay;--awb-bg-size:cover;--awb-border-color:#ffffff;--awb-border-top:1px;--awb-border-style:solid;--awb-margin-top:11px;--awb-margin-bottom:0px;\" data-animationType=\"fadeInDown\" data-animationDuration=\"0.6\" data-animationOffset=\"top-into-view\"><div class=\"fusion-column-wrapper fusion-column-has-shadow fusion-flex-column-wrapper-legacy\"><div class=\"fusion-sharing-box fusion-sharing-box-1 boxed-icons has-taglines layout-floated layout-medium-floated layout-small-floated\" style=\"background-color:rgba(246,244,245,0);padding:0;--awb-layout:row;--awb-alignment-small:space-between;\" data-title=\"La oratoria y el discurso oral piden tener m\u00e1s peso en las escuelas\" data-description=\"La oratoria y el discurso oral piden tener m\u00e1s peso en las escuelas     Your Content Goes Here  \r\nAprender a inspirar ideas creativas y buenas, ayuda a los j\u00f3venes a contribuir a los retos del mundo actual Por Jordi Viladrosa i Clua \r\nLa importancia de\" data-link=\"https:\/\/impulseducacio.org\/es\/la-oratoria-y-el-discurso-oral-piden-tener-mas-peso-en-las-escuelas\/\"><h4 class=\"tagline\" style=\"color:#ffffff;\">Compartir<\/h4><div class=\"fusion-social-networks sharingbox-shortcode-icon-wrapper sharingbox-shortcode-icon-wrapper-1 boxed-icons\"><span><a href=\"https:\/\/www.facebook.com\/sharer.php?u=https%3A%2F%2Fimpulseducacio.org%2Fes%2Fla-oratoria-y-el-discurso-oral-piden-tener-mas-peso-en-las-escuelas%2F&amp;t=La%20oratoria%20y%20el%20discurso%20oral%20piden%20tener%20m%C3%A1s%20peso%20en%20las%20escuelas\" target=\"_blank\" rel=\"noreferrer\" title=\"Facebook\" aria-label=\"Facebook\" data-placement=\"bottom\" data-toggle=\"tooltip\" data-title=\"Facebook\"><i class=\"fusion-social-network-icon fusion-tooltip fusion-facebook awb-icon-facebook\" style=\"color:#ffffff;background-color:#3b5998;border-color:#3b5998;border-radius:24px;\" aria-hidden=\"true\"><\/i><\/a><\/span><span><a href=\"https:\/\/x.com\/intent\/post?text=La%20oratoria%20y%20el%20discurso%20oral%20piden%20tener%20m%C3%A1s%20peso%20en%20las%20escuelas&amp;url=https%3A%2F%2Fimpulseducacio.org%2Fes%2Fla-oratoria-y-el-discurso-oral-piden-tener-mas-peso-en-las-escuelas%2F\" target=\"_blank\" rel=\"noopener noreferrer\" title=\"X\" aria-label=\"X\" data-placement=\"bottom\" data-toggle=\"tooltip\" data-title=\"X\"><i class=\"fusion-social-network-icon fusion-tooltip fusion-twitter awb-icon-twitter\" style=\"color:#ffffff;background-color:#000000;border-color:#000000;border-radius:24px;\" aria-hidden=\"true\"><\/i><\/a><\/span><span><a href=\"https:\/\/www.linkedin.com\/shareArticle?mini=true&amp;url=https%3A%2F%2Fimpulseducacio.org%2Fes%2Fla-oratoria-y-el-discurso-oral-piden-tener-mas-peso-en-las-escuelas%2F&amp;title=La%20oratoria%20y%20el%20discurso%20oral%20piden%20tener%20m%C3%A1s%20peso%20en%20las%20escuelas&amp;summary=La%20oratoria%20y%20el%20discurso%20oral%20piden%20tener%20m%C3%A1s%20peso%20en%20las%20escuelas%20%20%20%20%20%20%20%20%20Your%20Content%20Goes%20Here%20%20%20%0D%0AAprender%20a%20inspirar%20ideas%20creativas%20y%20buenas%2C%20ayuda%20a%20los%20j%C3%B3venes%20a%20contribuir%20a%20los%20retos%20del%20mundo%20actual%20Por%20Jordi%20Viladrosa%20i%20Clua%20%0D%0ALa%20importancia%20de\" target=\"_blank\" rel=\"noopener noreferrer\" title=\"LinkedIn\" aria-label=\"LinkedIn\" data-placement=\"bottom\" data-toggle=\"tooltip\" data-title=\"LinkedIn\"><i class=\"fusion-social-network-icon fusion-tooltip fusion-linkedin awb-icon-linkedin\" style=\"color:#ffffff;background-color:#0077b5;border-color:#0077b5;border-radius:24px;\" aria-hidden=\"true\"><\/i><\/a><\/span><span><a href=\"mailto:?subject=La%20oratoria%20y%20el%20discurso%20oral%20piden%20tener%20m%C3%A1s%20peso%20en%20las%20escuelas&amp;body=https%3A%2F%2Fimpulseducacio.org%2Fes%2Fla-oratoria-y-el-discurso-oral-piden-tener-mas-peso-en-las-escuelas%2F\" target=\"_self\" title=\"Email\" aria-label=\"Email\" data-placement=\"bottom\" data-toggle=\"tooltip\" data-title=\"Email\"><i class=\"fusion-social-network-icon fusion-tooltip fusion-mail awb-icon-mail\" style=\"color:#ffffff;background-color:#000000;border-color:#000000;border-radius:24px;\" aria-hidden=\"true\"><\/i><\/a><\/span><\/div><\/div><div class=\"fusion-clearfix\"><\/div><\/div><\/div><div class=\"fusion-layout-column fusion_builder_column fusion-builder-column-2 fusion_builder_column_1_1 1_1 fusion-one-full fusion-column-first fusion-column-last fusion-animated\" style=\"--awb-bg-blend:overlay;--awb-bg-size:cover;--awb-border-color:#ffffff;--awb-border-top:0;--awb-border-style:solid;--awb-margin-top:2px;--awb-margin-bottom:0px;\" data-animationType=\"fadeInDown\" data-animationDuration=\"0.6\" data-animationOffset=\"top-into-view\"><div class=\"fusion-column-wrapper fusion-column-has-shadow fusion-flex-column-wrapper-legacy\"><div class=\"fusion-sep-clear\"><\/div><div class=\"fusion-separator fusion-full-width-sep\" style=\"margin-left: auto;margin-right: auto;margin-bottom:150px;width:100%;\"><\/div><div class=\"fusion-sep-clear\"><\/div><div class=\"fusion-section-separator section-separator big-half-circle fusion-section-separator-1\" style=\"--awb-spacer-height:99px;--awb-svg-margin-left:0;--awb-svg-margin-right:0;--awb-divider-height:99px;--awb-spacer-padding-top:inherit;--awb-sep-padding:0;--awb-svg-padding:0;\"><div class=\"fusion-section-separator-svg\"><svg class=\"fusion-big-half-circle-candy\" xmlns=\"http:\/\/www.w3.org\/2000\/svg\" version=\"1.1\" width=\"100%\" height=\"100\" viewBox=\"0 0 100 100\" preserveAspectRatio=\"none\" fill=\"rgba(255,255,255,1)\"><path d=\"M0 100 C40 0 60 0 100 100 Z\"><\/path><\/svg><\/div><div class=\"fusion-section-separator-spacer\"><div class=\"fusion-section-separator-spacer-height\"><\/div><\/div><\/div><div class=\"fusion-clearfix\"><\/div><\/div><\/div><\/div><\/div><div class=\"fusion-fullwidth fullwidth-box fusion-builder-row-2 nonhundred-percent-fullwidth non-hundred-percent-height-scrolling\" style=\"--awb-border-radius-top-left:0px;--awb-border-radius-top-right:0px;--awb-border-radius-bottom-right:0px;--awb-border-radius-bottom-left:0px;--awb-padding-top:0px;--awb-padding-bottom:0px;--awb-flex-wrap:wrap;\" ><div class=\"fusion-builder-row fusion-row\"><div class=\"fusion-layout-column fusion_builder_column fusion-builder-column-3 fusion_builder_column_1_1 1_1 fusion-one-full fusion-column-first fusion-column-last\" style=\"--awb-padding-top:3%;--awb-padding-right:5%;--awb-padding-bottom:0%;--awb-padding-left:5%;--awb-overflow:hidden;--awb-bg-color:#ffffff;--awb-bg-color-hover:#ffffff;--awb-bg-size:cover;--awb-border-radius:8px 8px 8px 8px;--awb-margin-top:0px;--awb-margin-bottom:0px;\"><div class=\"fusion-column-wrapper fusion-column-has-shadow fusion-flex-column-wrapper-legacy\"><div class=\"fusion-builder-row fusion-builder-row-inner fusion-row\"><div class=\"fusion-layout-column fusion_builder_column_inner fusion-builder-nested-column-0 fusion_builder_column_inner_1_5 1_5 fusion-one-fifth fusion-column-first\" style=\"--awb-bg-size:cover;--awb-margin-top:0px;width:16.8%; margin-right: 1%;\"><div class=\"fusion-column-wrapper fusion-column-has-shadow fusion-flex-column-wrapper-legacy\"><div class=\"fusion-text fusion-text-1\"><p>20 May 2021<\/p>\n<\/div><div class=\"fusion-clearfix\"><\/div><\/div><\/div><\/div><div class=\"fusion-title title fusion-title-2 fusion-sep-none fusion-title-text fusion-title-size-two\"><h2 class=\"fusion-title-heading title-heading-left fusion-responsive-typography-calculated\" style=\"margin:0;--fontSize:48;line-height:1.18;\"><h2>Aprender a inspirar ideas creativas y buenas, ayuda a los j\u00f3venes a contribuir a los retos del mundo actual<\/h2><\/h2><\/div><div class=\"fusion-text fusion-text-2\"><p>Por Jordi Viladrosa i Clua<\/p>\n<\/div><div class=\"fusion-text fusion-text-3\"><h3>La importancia de la expresi\u00f3n oral<\/h3>\n<p>Tradicionalmente la escuela ha dado prioridad a la ense\u00f1anza y aprendizaje del registro escrito de la lengua. Leer y escribir eran y son, naturalmente, dos dimensiones important\u00edsimas de las competencias b\u00e1sicas del \u00e1mbito ling\u00fc\u00edstico. La comunicaci\u00f3n oral procura <em>obtener informaci\u00f3n, interpretar y valorar textos orales de la vida cotidiana, de los medios de comunicaci\u00f3n y acad\u00e9micos, incluyendo los elementos pros\u00f3dicos y no verbales<\/em>.<\/p>\n<p>Formar a los ciudadanos del futuro significa tambi\u00e9n otorgar m\u00e1s importancia a esta habilidad, puesto que la interacci\u00f3n oral con nuestros conciudadanos es la que m\u00e1s se utiliza en todos los campos: personal, social y profesional; y la que nos permite expresar habitualmente aquello que pensamos, de contrastar maneras diferentes de ver las cosas y de desarrollar el sentido cr\u00edtico. Pensamos, por ejemplo, lo importante que es para los juristas, los profesores, los pol\u00edticos, los comerciales y tantas otras profesiones.<\/p>\n<p>A pesar de que vivimos en la era de la imagen, la ret\u00f3rica contin\u00faa siendo una v\u00eda \u00fatil a trav\u00e9s de la cual hacemos un uso del lenguaje con voluntad de persuadir o conmover a los interlocutores o los oyentes. Con este trasfondo te\u00f3rico aparece la oratoria, la aplicaci\u00f3n pr\u00e1ctica de la ret\u00f3rica a trav\u00e9s de un discurso concreto, de un g\u00e9nero espec\u00edfico como el discurso o la conferencia, por ejemplo. El hecho de contar con apoyos comunicativos audiovisuales lo que hace, precisamente, es amplificar el mensaje y facilitar que llegue mejor a sus potenciales receptores.<\/p>\n<h3>La oratoria en la escuela: una t\u00e9cnica y algo m\u00e1s<\/h3>\n<p>El discurso oral no se basa solo en los aspectos productivos de la lengua, sino que tambi\u00e9n tiene en cuenta todas las sutilezas comunicativas que aporta el lenguaje no verbal: la gestualidad, la expresi\u00f3n facial, el comportamiento&#8230; Como que nadie nace ense\u00f1ado, tenemos que aprender a adaptar nuestra expresi\u00f3n verbal y corporal a cada situaci\u00f3n comunicativa en funci\u00f3n tambi\u00e9n de nuestros objetivos de comunicaci\u00f3n. El profesorado tiene un papel destacado en este aspecto porque, tanto si es consciente de ello como si no, es un modelo de referencia. Un detalle no menor que quiz\u00e1s no est\u00e1 suficientemente contemplado en los planes de estudio de las facultades de educaci\u00f3n.<\/p>\n<p><a href=\"#_ftnref1\" name=\"_ftn1\"><\/a><\/p>\n<\/div><div class=\"fusion-sep-clear\"><\/div><div class=\"fusion-separator fusion-full-width-sep\" style=\"margin-left: auto;margin-right: auto;margin-bottom:20px;width:100%;\"><\/div><div class=\"fusion-sep-clear\"><\/div><div class=\"fusion-builder-row fusion-builder-row-inner fusion-row\"><div class=\"fusion-layout-column fusion_builder_column_inner fusion-builder-nested-column-1 fusion_builder_column_inner_1_2 1_2 fusion-one-half fusion-column-first fusion-animated\" style=\"--awb-bg-size:cover;width:50%;width:calc(50% - ( ( 4% ) * 0.5 ) );margin-right: 4%;\" data-animationType=\"fadeInLeft\" data-animationDuration=\"0.3\" data-animationOffset=\"top-into-view\"><div class=\"fusion-column-wrapper fusion-column-has-shadow fusion-flex-column-wrapper-legacy\"><div class=\"fusion-text fusion-text-4\"><h6 style=\"text-align: right;\">El profesorado tiene un papel destacado en este aspecto porque, tanto si es consciente de ello como si no, es un modelo de referencia<\/h6>\n<\/div><div class=\"fusion-clearfix\"><\/div><\/div><\/div><div class=\"fusion-layout-column fusion_builder_column_inner fusion-builder-nested-column-2 fusion_builder_column_inner_1_2 1_2 fusion-one-half fusion-column-last\" style=\"--awb-bg-size:cover;width:50%;width:calc(50% - ( ( 4% ) * 0.5 ) );\"><div class=\"fusion-column-wrapper fusion-column-has-shadow fusion-flex-column-wrapper-legacy\"><div class=\"fusion-image-element in-legacy-container\" style=\"--awb-caption-title-font-family:var(--h2_typography-font-family);--awb-caption-title-font-weight:var(--h2_typography-font-weight);--awb-caption-title-font-style:var(--h2_typography-font-style);--awb-caption-title-size:var(--h2_typography-font-size);--awb-caption-title-transform:var(--h2_typography-text-transform);--awb-caption-title-line-height:var(--h2_typography-line-height);--awb-caption-title-letter-spacing:var(--h2_typography-letter-spacing);\"><span class=\" fusion-imageframe imageframe-none imageframe-1 hover-type-none\"><img decoding=\"async\" width=\"2560\" height=\"1920\" title=\"foto 3\" src=\"https:\/\/impulseducacio.org\/wp-content\/uploads\/2021\/05\/foto-3-1-scaled.jpg\" alt class=\"img-responsive wp-image-10464\" srcset=\"https:\/\/impulseducacio.org\/wp-content\/uploads\/2021\/05\/foto-3-1-200x150.jpg 200w, https:\/\/impulseducacio.org\/wp-content\/uploads\/2021\/05\/foto-3-1-400x300.jpg 400w, https:\/\/impulseducacio.org\/wp-content\/uploads\/2021\/05\/foto-3-1-600x450.jpg 600w, https:\/\/impulseducacio.org\/wp-content\/uploads\/2021\/05\/foto-3-1-800x600.jpg 800w, https:\/\/impulseducacio.org\/wp-content\/uploads\/2021\/05\/foto-3-1-1200x900.jpg 1200w, https:\/\/impulseducacio.org\/wp-content\/uploads\/2021\/05\/foto-3-1-scaled.jpg 2560w\" sizes=\"(max-width: 800px) 100vw, 800px\" \/><\/span><\/div><div class=\"fusion-clearfix\"><\/div><\/div><\/div><\/div><div class=\"fusion-clearfix\"><\/div><\/div><\/div><\/div><\/div><div class=\"fusion-fullwidth fullwidth-box fusion-builder-row-3 nonhundred-percent-fullwidth non-hundred-percent-height-scrolling\" style=\"--awb-border-radius-top-left:0px;--awb-border-radius-top-right:0px;--awb-border-radius-bottom-right:0px;--awb-border-radius-bottom-left:0px;--awb-padding-top:0px;--awb-padding-bottom:0px;--awb-flex-wrap:wrap;\" ><div class=\"fusion-builder-row fusion-row\"><div class=\"fusion-layout-column fusion_builder_column fusion-builder-column-4 fusion_builder_column_1_1 1_1 fusion-one-full fusion-column-first fusion-column-last\" style=\"--awb-padding-right:5%;--awb-padding-left:5%;--awb-bg-size:cover;--awb-margin-top:0px;\"><div class=\"fusion-column-wrapper fusion-column-has-shadow fusion-flex-column-wrapper-legacy\"><div class=\"fusion-text fusion-text-5\"><p>El curr\u00edculo espa\u00f1ol (catal\u00e1n) de la etapa de ense\u00f1anza secundaria en el \u00e1mbito ling\u00fc\u00edstico prev\u00e9 que los alumnos sean competentes a la hora de <em>producir textos orales de tipolog\u00eda diversa con adecuaci\u00f3n, coherencia, cohesi\u00f3n y correcci\u00f3n ling\u00fc\u00edstica, empleando los elementos pros\u00f3dicos y no verbales pertinentes<\/em>.\u00a0 \u00bfPor qu\u00e9 motivo no se le dedica suficiente tiempo? Una de las razones habituales es que venimos de una tradici\u00f3n acad\u00e9mica donde la lengua escrita es el elemento prioritario; pero tambi\u00e9n porque se considera que trabajar la lengua oral es una tarea que se puede improvisar, que sirve para complementar las otras dimensiones. Un enfoque err\u00f3neo, desde mi punto de vista.<\/p>\n<p>La planificaci\u00f3n y la producci\u00f3n de textos orales para expresar las propias ideas de manera clara y rigurosa parte de haber hecho una buena selecci\u00f3n e interpretaci\u00f3n de las fuentes de informaci\u00f3n consultadas, prever el registro ling\u00fc\u00edstico que habr\u00e1 que emplear, trabajar los aspectos propios de la prosodia (pronunciaci\u00f3n, entonaci\u00f3n, fluidez&#8230;), procurar la correcci\u00f3n ling\u00fc\u00edstica correspondiente, estructurar bien lo que se quiere comunicar, etc. El uso de una base de orientaci\u00f3n o de una r\u00fabrica adaptada a cada ciclo, etapa o tipolog\u00eda puede ser una buena herramienta para tener claros los criterios de realizaci\u00f3n que hay que contemplar.<\/p>\n<p>Para trabajarlo en el aula tenemos m\u00faltiples posibilidades; entre otras, aprovechar las tareas acad\u00e9micas ordinarias, pedir que hagan presentaciones de los trabajos de las diversas asignaturas, comentar o debatir temas a partir de los contenidos curriculares, llevar a cabo un programa de radio escolar, exponer un tema preparado previamente, etc. Debe tenerse en cuenta que el trabajo de esta competencia no es una tarea exclusiva del profesorado de lengua, sino que ser\u00eda mucho m\u00e1s \u00fatil y productivo planificarlo de manera coordinada entre todo el equipo docente. Tampoco podemos olvidar que las herramientas propias de la comunicaci\u00f3n audiovisual y las tecnolog\u00edas de la informaci\u00f3n y de la comunicaci\u00f3n facilitan que la oralidad se exprese tambi\u00e9n a trav\u00e9s de estos lenguajes y apoyos.<\/p>\n<\/div><div class=\"fusion-builder-row fusion-builder-row-inner fusion-row\"><div class=\"fusion-layout-column fusion_builder_column_inner fusion-builder-nested-column-3 fusion_builder_column_inner_1_2 1_2 fusion-one-half fusion-column-first fusion-animated\" style=\"--awb-bg-size:cover;width:50%;width:calc(50% - ( ( 4% ) * 0.5 ) );margin-right: 4%;\" data-animationType=\"fadeInLeft\" data-animationDuration=\"0.3\" data-animationOffset=\"top-into-view\"><div class=\"fusion-column-wrapper fusion-column-has-shadow fusion-flex-column-wrapper-legacy\"><div class=\"fusion-image-element in-legacy-container\" style=\"--awb-caption-title-font-family:var(--h2_typography-font-family);--awb-caption-title-font-weight:var(--h2_typography-font-weight);--awb-caption-title-font-style:var(--h2_typography-font-style);--awb-caption-title-size:var(--h2_typography-font-size);--awb-caption-title-transform:var(--h2_typography-text-transform);--awb-caption-title-line-height:var(--h2_typography-line-height);--awb-caption-title-letter-spacing:var(--h2_typography-letter-spacing);\"><span class=\" fusion-imageframe imageframe-none imageframe-2 hover-type-none\"><img decoding=\"async\" width=\"2016\" height=\"980\" title=\"foto 2\" src=\"https:\/\/impulseducacio.org\/wp-content\/uploads\/2021\/05\/foto-2.jpg\" alt class=\"img-responsive wp-image-10441\" srcset=\"https:\/\/impulseducacio.org\/wp-content\/uploads\/2021\/05\/foto-2-200x97.jpg 200w, https:\/\/impulseducacio.org\/wp-content\/uploads\/2021\/05\/foto-2-400x194.jpg 400w, https:\/\/impulseducacio.org\/wp-content\/uploads\/2021\/05\/foto-2-600x292.jpg 600w, https:\/\/impulseducacio.org\/wp-content\/uploads\/2021\/05\/foto-2-800x389.jpg 800w, https:\/\/impulseducacio.org\/wp-content\/uploads\/2021\/05\/foto-2-1200x583.jpg 1200w, https:\/\/impulseducacio.org\/wp-content\/uploads\/2021\/05\/foto-2.jpg 2016w\" sizes=\"(max-width: 800px) 100vw, 800px\" \/><\/span><\/div><div class=\"fusion-clearfix\"><\/div><\/div><\/div><div class=\"fusion-layout-column fusion_builder_column_inner fusion-builder-nested-column-4 fusion_builder_column_inner_1_2 1_2 fusion-one-half fusion-column-last fusion-animated\" style=\"--awb-bg-size:cover;width:50%;width:calc(50% - ( ( 4% ) * 0.5 ) );\" data-animationType=\"fadeInLeft\" data-animationDuration=\"0.3\" data-animationOffset=\"top-into-view\"><div class=\"fusion-column-wrapper fusion-column-has-shadow fusion-flex-column-wrapper-legacy\"><div class=\"fusion-text fusion-text-6\"><h6>El trabajo de esta competencia no es una tarea exclusiva del profesorado de lengua<\/h6>\n<\/div><div class=\"fusion-clearfix\"><\/div><\/div><\/div><\/div><div class=\"fusion-builder-row fusion-builder-row-inner fusion-row\"><div class=\"fusion-layout-column fusion_builder_column_inner fusion-builder-nested-column-5 fusion_builder_column_inner_1_1 1_1 fusion-one-full fusion-column-last\" style=\"--awb-bg-size:cover;\"><div class=\"fusion-column-wrapper fusion-column-has-shadow fusion-flex-column-wrapper-legacy\"><div class=\"fusion-text fusion-text-7\"><p>Se trata, pues, de hacer posible que el alumnado participe en tareas comunicativas reales, contextualizadas, en las cuales la interacci\u00f3n con sus compa\u00f1eros de clase le permita incorporar a su carpeta de aprendizaje las destrezas verbales y no verbales que le facilitar\u00e1n una comunicaci\u00f3n efectiva y \u00fatil para el ejercicio de la ciudadan\u00eda en una sociedad compleja y plural como la nuestra. Siempre es un buen momento para volver a reivindicar la importancia de las humanidades (Filolog\u00eda, Arte, Filosof\u00eda\u2026) en el sistema educativo y de este modo evitaremos, entre otras consecuencias, el desprecio del uso correcto del lenguaje, que es el aliado esencial del pensamiento.<\/p>\n<h3>Expresi\u00f3n oral y pensamiento<\/h3>\n<p>La expresi\u00f3n oral facilita la elaboraci\u00f3n y la expresi\u00f3n de las ideas y opiniones, sin olvidar su relaci\u00f3n intr\u00ednseca con todo el campo de las emociones; adem\u00e1s, es un factor importante a la hora de construir el propio pensamiento. Como ya sabemos, el pensamiento es un aspecto central que nos caracteriza como especie y, en el hecho que nos ocupa, la comunicaci\u00f3n oral, tiene mucho que ver tambi\u00e9n con qu\u00e9 repertorio l\u00e9xico tienen los estudiantes, porque tenemos la experiencia que cuanto m\u00e1s rico es el vocabulario del que se dispone, m\u00e1s l\u00facido y comprensible puede ser el mensaje que se quiere transmitir. Dec\u00eda el ateniense Pericles que:<\/p>\n<blockquote>\n<p>El que sabe pensar pero no sabe expresar lo que piensa, est\u00e1 al mismo nivel del que no sabe pensar.<\/p>\n<\/blockquote>\n<p>Sabemos que el lenguaje es una herramienta necesaria en la adquisici\u00f3n de los saberes de las diversas disciplinas y que el trabajo en comunicaci\u00f3n oral ayuda a la construcci\u00f3n de argumentos, el pensamiento cr\u00edtico, distinguir hechos de opiniones, la toma de decisiones, hacerse preguntas y que, en el \u00e1mbito educativo, tiene un peso espec\u00edfico en el aprendizaje; especialmente en todo aquello que tiene que ver con la comprensi\u00f3n de los contenidos y su correspondiente reflexi\u00f3n cr\u00edtica.<\/p>\n<\/div><div class=\"fusion-clearfix\"><\/div><\/div><\/div><\/div><div class=\"fusion-clearfix\"><\/div><\/div><\/div><\/div><\/div><div class=\"fusion-fullwidth fullwidth-box fusion-builder-row-4 nonhundred-percent-fullwidth non-hundred-percent-height-scrolling\" style=\"--awb-border-radius-top-left:0px;--awb-border-radius-top-right:0px;--awb-border-radius-bottom-right:0px;--awb-border-radius-bottom-left:0px;--awb-padding-top:0px;--awb-padding-right:5%;--awb-padding-bottom:0px;--awb-padding-left:5%;--awb-flex-wrap:wrap;\" ><div class=\"fusion-builder-row fusion-row\"><div class=\"fusion-layout-column fusion_builder_column fusion-builder-column-5 fusion_builder_column_1_2 1_2 fusion-one-half fusion-column-first fusion-animated\" style=\"--awb-padding-left:67px;--awb-bg-size:cover;--awb-margin-top:0px;width:50%;width:calc(50% - ( ( 4% ) * 0.5 ) );margin-right: 4%;\" data-animationType=\"fadeInLeft\" data-animationDuration=\"0.3\" data-animationOffset=\"top-into-view\"><div class=\"fusion-column-wrapper fusion-column-has-shadow fusion-flex-column-wrapper-legacy\"><div class=\"fusion-text fusion-text-8\"><h6 style=\"text-align: right;\">El trabajo en comunicaci\u00f3n oral ayuda a la construcci\u00f3n de argumentos, el pensamiento cr\u00edtico, distinguir hechos de opiniones, la toma de decisiones.<\/h6>\n<\/div><div class=\"fusion-clearfix\"><\/div><\/div><\/div><div class=\"fusion-layout-column fusion_builder_column fusion-builder-column-6 fusion_builder_column_1_2 1_2 fusion-one-half fusion-column-last fusion-animated\" style=\"--awb-padding-right:5%;--awb-padding-left:11%;--awb-bg-size:cover;--awb-margin-top:0px;width:50%;width:calc(50% - ( ( 4% ) * 0.5 ) );\" data-animationType=\"fadeInLeft\" data-animationDuration=\"0.3\" data-animationOffset=\"top-into-view\"><div class=\"fusion-column-wrapper fusion-column-has-shadow fusion-flex-column-wrapper-legacy\"><div class=\"fusion-image-element in-legacy-container\" style=\"--awb-caption-title-font-family:var(--h2_typography-font-family);--awb-caption-title-font-weight:var(--h2_typography-font-weight);--awb-caption-title-font-style:var(--h2_typography-font-style);--awb-caption-title-size:var(--h2_typography-font-size);--awb-caption-title-transform:var(--h2_typography-text-transform);--awb-caption-title-line-height:var(--h2_typography-line-height);--awb-caption-title-letter-spacing:var(--h2_typography-letter-spacing);\"><span class=\" fusion-imageframe imageframe-none imageframe-3 hover-type-none\"><img decoding=\"async\" width=\"2560\" height=\"1920\" title=\"foto 1\" src=\"https:\/\/impulseducacio.org\/wp-content\/uploads\/2021\/05\/foto-1-scaled.jpg\" alt class=\"img-responsive wp-image-10438\" srcset=\"https:\/\/impulseducacio.org\/wp-content\/uploads\/2021\/05\/foto-1-200x150.jpg 200w, https:\/\/impulseducacio.org\/wp-content\/uploads\/2021\/05\/foto-1-400x300.jpg 400w, https:\/\/impulseducacio.org\/wp-content\/uploads\/2021\/05\/foto-1-600x450.jpg 600w, https:\/\/impulseducacio.org\/wp-content\/uploads\/2021\/05\/foto-1-800x600.jpg 800w, https:\/\/impulseducacio.org\/wp-content\/uploads\/2021\/05\/foto-1-1200x900.jpg 1200w, https:\/\/impulseducacio.org\/wp-content\/uploads\/2021\/05\/foto-1-scaled.jpg 2560w\" sizes=\"(max-width: 800px) 100vw, 600px\" \/><\/span><\/div><div class=\"fusion-clearfix\"><\/div><\/div><\/div><\/div><\/div><div class=\"fusion-fullwidth fullwidth-box fusion-builder-row-5 nonhundred-percent-fullwidth non-hundred-percent-height-scrolling\" style=\"--awb-border-radius-top-left:0px;--awb-border-radius-top-right:0px;--awb-border-radius-bottom-right:0px;--awb-border-radius-bottom-left:0px;--awb-padding-top:0px;--awb-padding-bottom:0px;--awb-flex-wrap:wrap;\" ><div class=\"fusion-builder-row fusion-row\"><div class=\"fusion-layout-column fusion_builder_column fusion-builder-column-7 fusion_builder_column_1_1 1_1 fusion-one-full fusion-column-first fusion-column-last\" style=\"--awb-padding-right:5%;--awb-padding-left:5%;--awb-bg-size:cover;--awb-margin-top:0px;\"><div class=\"fusion-column-wrapper fusion-column-has-shadow fusion-flex-column-wrapper-legacy\"><div class=\"fusion-text fusion-text-9\"><h3>TEDIS: algo m\u00e1s que un concurso de oratoria<\/h3>\n<p><span style=\"color: #00a1e4;\"><a style=\"color: #00a1e4;\" href=\"https:\/\/impulseducacio.org\/es\/\">Impuls Educaci\u00f3<\/a><\/span>, consciente de la importancia que tiene esta habilidad para los j\u00f3venes, organiza anualmente el <span style=\"color: #00a1e4;\"><a style=\"color: #00a1e4;\" href=\"https:\/\/youtu.be\/u-6PkinB9ic\">concurso TEDIS<\/a><\/span> que en 2017 estren\u00f3 su primera convocatoria en formato presencial. Sus lemas han sido relacionados con alguno de los diecisiete <em><span style=\"color: #00a1e4;\"><a style=\"color: #00a1e4;\" href=\"https:\/\/www.un.org\/sustainabledevelopment\/es\/objetivos-de-desarrollo-sostenible\/\">Objetivos de Desarrollo Sostenible<\/a><\/span><\/em> de la Agenda 2030 aprobada por la ONU; el de este curso, concretamente, ha sido el siguiente: <em>Impacto de una educaci\u00f3n de calidad en el futuro de ni\u00f1os y j\u00f3venes<\/em> (ODS4). Vincular este concurso con la <span style=\"color: #00a1e4;\"><a style=\"color: #00a1e4;\" href=\"https:\/\/impulseducacio.org\/2021\/05\/20\/institucio-lleida-5-anos-de-experiencia-impulsando-la-expresion-oral\/?lang=es\">escuela<\/a>,<\/span> seg\u00fan la organizaci\u00f3n, tiene su raz\u00f3n de ser porque se considera que:<\/p>\n<blockquote>\n<p>Hablar y escribir con habilidad, escuchar con empat\u00eda, aprender de los dem\u00e1s, abrirse a las diferentes mentalidades y saber dialogar con todo el mundo, junto con una buena formaci\u00f3n humanista se convierten en una necesidad para el aprendizaje.<\/p>\n<\/blockquote>\n<p>El proyecto, por ahora, se centra en el discurso, pero el objetivo es avanzar hacia una liga de debate entre alumnos de secundaria. Para hacerlo posible, el centro de estudios ofrece recursos espec\u00edficos dirigidos al profesorado que les pueda servir de gu\u00eda del proceso y para poderlo incorporar en el curr\u00edculum de cada uno de los cursos. La expresi\u00f3n corporal, la modulaci\u00f3n y volumen de la voz o la argumentaci\u00f3n son algunos de los criterios que tiene en cuenta el jurado de cada edici\u00f3n para hacer las valoraciones y que se pueden consultar en esta <span style=\"color: #00a1e4;\"><a style=\"color: #00a1e4;\" href=\"https:\/\/drive.google.com\/file\/d\/1KUy83ib_F13h0CjCo9chgiOs7D8nC-SQ\/view\">r\u00fabrica<\/a><\/span>.<\/p>\n<\/div><div class=\"fusion-builder-row fusion-builder-row-inner fusion-row\"><div class=\"fusion-layout-column fusion_builder_column_inner fusion-builder-nested-column-6 fusion_builder_column_inner_1_2 1_2 fusion-one-half fusion-column-first fusion-animated\" style=\"--awb-bg-size:cover;width:50%;width:calc(50% - ( ( 4% ) * 0.5 ) );margin-right: 4%;\" data-animationType=\"fadeInLeft\" data-animationDuration=\"0.3\" data-animationOffset=\"top-into-view\"><div class=\"fusion-column-wrapper fusion-column-has-shadow fusion-flex-column-wrapper-legacy\"><div class=\"fusion-image-element in-legacy-container\" style=\"--awb-caption-title-font-family:var(--h2_typography-font-family);--awb-caption-title-font-weight:var(--h2_typography-font-weight);--awb-caption-title-font-style:var(--h2_typography-font-style);--awb-caption-title-size:var(--h2_typography-font-size);--awb-caption-title-transform:var(--h2_typography-text-transform);--awb-caption-title-line-height:var(--h2_typography-line-height);--awb-caption-title-letter-spacing:var(--h2_typography-letter-spacing);\"><span class=\" fusion-imageframe imageframe-none imageframe-4 hover-type-none\"><img decoding=\"async\" width=\"2560\" height=\"1920\" title=\"equipo ganadores (1)\" src=\"https:\/\/impulseducacio.org\/wp-content\/uploads\/2021\/05\/equipo-ganadores-1-scaled.jpg\" alt class=\"img-responsive wp-image-10471\" srcset=\"https:\/\/impulseducacio.org\/wp-content\/uploads\/2021\/05\/equipo-ganadores-1-200x150.jpg 200w, https:\/\/impulseducacio.org\/wp-content\/uploads\/2021\/05\/equipo-ganadores-1-400x300.jpg 400w, https:\/\/impulseducacio.org\/wp-content\/uploads\/2021\/05\/equipo-ganadores-1-600x450.jpg 600w, https:\/\/impulseducacio.org\/wp-content\/uploads\/2021\/05\/equipo-ganadores-1-800x600.jpg 800w, https:\/\/impulseducacio.org\/wp-content\/uploads\/2021\/05\/equipo-ganadores-1-1200x900.jpg 1200w, https:\/\/impulseducacio.org\/wp-content\/uploads\/2021\/05\/equipo-ganadores-1-scaled.jpg 2560w\" sizes=\"(max-width: 800px) 100vw, 800px\" \/><\/span><\/div><div class=\"fusion-clearfix\"><\/div><\/div><\/div><div class=\"fusion-layout-column fusion_builder_column_inner fusion-builder-nested-column-7 fusion_builder_column_inner_1_2 1_2 fusion-one-half fusion-column-last fusion-animated\" style=\"--awb-bg-size:cover;width:50%;width:calc(50% - ( ( 4% ) * 0.5 ) );\" data-animationType=\"fadeInLeft\" data-animationDuration=\"0.3\" data-animationOffset=\"top-into-view\"><div class=\"fusion-column-wrapper fusion-column-has-shadow fusion-flex-column-wrapper-legacy\"><div class=\"fusion-text fusion-text-10\"><h6>La expresi\u00f3n corporal, la modulaci\u00f3n y volumen de la voz o la argumentaci\u00f3n son algunos de los criterios que tiene en cuenta el jurado de cada edici\u00f3n<\/h6>\n<\/div><div class=\"fusion-clearfix\"><\/div><\/div><\/div><\/div><div class=\"fusion-sep-clear\"><\/div><div class=\"fusion-separator fusion-full-width-sep\" style=\"margin-left: auto;margin-right: auto;margin-top:15px;width:100%;\"><\/div><div class=\"fusion-sep-clear\"><\/div><div class=\"fusion-text fusion-text-11\"><h3>Consejos pr\u00e1cticos para un discurso efectivo<\/h3>\n<p>Antes de hacer la exposici\u00f3n oral de un tema tenemos que tener claro que no podemos improvisar, algo que Mark Twain ten\u00eda muy claro al parecer cuando afirmaba:<\/p>\n<blockquote>\n<p>Normalmente me lleva m\u00e1s de tres semanas preparar un buen discurso improvisado.<\/p>\n<\/blockquote>\n<p>Los siguientes consejos nos pueden ser \u00fatiles:<\/p>\n<ul>\n<li>Informarnos bien sobre la tem\u00e1tica central de nuestro discurso. Decidir qu\u00e9 fuentes de informaci\u00f3n consultadas son fiables y qu\u00e9 no.<\/li>\n<li>Pensar una buena presentaci\u00f3n que vaya m\u00e1s all\u00e1 del saludo antes de la introducci\u00f3n del tema. Hay que tener clara la idea central del mensaje adaptada al p\u00fablico al cual nos dirigimos.<\/li>\n<li>Captar la atenci\u00f3n del auditorio habiendo seleccionado cuidadosamente las palabras que se utilizan, que tienen que ser comprensibles, amenas y concretas.<\/li>\n<li>Controlar el tiempo disponible.<\/li>\n<li>Seleccionar muy bien las estrategias ling\u00fc\u00edsticas, las citas, los datos o las an\u00e9cdotas y utilizarlas en el contexto adecuado y solo si ayudan a hacer que el mensaje sea m\u00e1s atractivo y entendedor. Esto facilitar\u00e1 hablar con naturalidad.<\/li>\n<li>Buscar una f\u00f3rmula de despedida que no sea del tipo: <em>Esto es todo. \u00a1Muchas gracias!<\/em><\/li>\n<\/ul>\n<\/div><div class=\"fusion-sep-clear\"><\/div><div class=\"fusion-separator fusion-full-width-sep\" style=\"margin-left: auto;margin-right: auto;margin-top:15px;width:100%;\"><\/div><div class=\"fusion-sep-clear\"><\/div><div class=\"fusion-text fusion-text-12\"><h3>Referencias<\/h3>\n<p>Generalitat de Catalunya. Departament d&#8217;Educaci\u00f3. Compet\u00e8ncia 7 de l\u2019\u00e0mbit ling\u00fc\u00edstic. Curr\u00edculum de l\u2019ESO. 2015.<\/p>\n<p>Generalitat de Catalunya. Departament d&#8217;Educaci\u00f3. Compet\u00e8ncia 8 de l\u2019\u00e0mbit ling\u00fc\u00edstic. Curr\u00edculum de l\u2019ESO. 2015.<\/p>\n<p><span style=\"color: #00a1e4;\">TEDIS:<\/span> Torneo Escolar de Discurso<\/p>\n<p>Proyecto AUDE. <span style=\"color: #00a1e4;\"><a style=\"color: #00a1e4;\" href=\"https:\/\/www.aude.cat\/linies\/competencia-global\/\">https:\/\/www.aude.cat\/linies\/competencia-global\/<\/a><\/span> [Consultado: 18\/05\/2021]<\/p>\n<p>R\u00fabrica disponible en: <a href=\"https:\/\/impulseducacio.org\/2021\/01\/19\/tedis-online-2021-educacion-de-calidad-por-que-es-importante\/?lang=es\"><span style=\"color: #00a1e4;\">https:\/\/impulseducacio.org\/2021\/01\/19\/tedis-online-2021-educacion-de-calidad-por-que-es-importante\/?lang=es<\/span><\/a> [Consultado: 18\/5\/2021]<\/p>\n<\/div><div class=\"fusion-clearfix\"><\/div><\/div><\/div><\/div><\/div><div class=\"fusion-fullwidth fullwidth-box fusion-builder-row-6 nonhundred-percent-fullwidth non-hundred-percent-height-scrolling\" style=\"--awb-border-radius-top-left:0px;--awb-border-radius-top-right:0px;--awb-border-radius-bottom-right:0px;--awb-border-radius-bottom-left:0px;--awb-padding-top:0px;--awb-margin-top:0px;--awb-flex-wrap:wrap;\" ><div class=\"fusion-builder-row fusion-row\"><div class=\"fusion-layout-column fusion_builder_column fusion-builder-column-8 fusion_builder_column_3_4 3_4 fusion-three-fourth fusion-column-first\" style=\"--awb-bg-size:cover;--awb-margin-top:4px;width:75%;width:calc(75% - ( ( 4% ) * 0.75 ) );margin-right: 4%;\"><div class=\"fusion-column-wrapper fusion-column-has-shadow fusion-flex-column-wrapper-legacy\"><div class=\"fusion-text fusion-text-13\"><p>Relacionado con: <\/p>\n<\/div><div class=\"fusion-clearfix\"><\/div><\/div><\/div><div class=\"fusion-layout-column fusion_builder_column fusion-builder-column-9 fusion_builder_column_1_4 1_4 fusion-one-fourth fusion-column-last\" style=\"--awb-bg-size:cover;width:25%;width:calc(25% - ( ( 4% ) * 0.25 ) );\"><div class=\"fusion-column-wrapper fusion-column-has-shadow fusion-flex-column-wrapper-legacy\"><div class=\"fusion-clearfix\"><\/div><\/div><\/div><div class=\"fusion-layout-column fusion_builder_column fusion-builder-column-10 fusion_builder_column_1_1 1_1 fusion-one-full fusion-column-first fusion-column-last fusion-animated\" style=\"--awb-padding-right:969px;--awb-bg-blend:overlay;--awb-bg-size:cover;--awb-margin-top:11px;--awb-margin-bottom:70px;\" data-animationType=\"fadeInDown\" data-animationDuration=\"0.6\" data-animationOffset=\"top-into-view\"><div class=\"fusion-column-wrapper fusion-column-has-shadow fusion-flex-column-wrapper-legacy\"><div class=\"fusion-sharing-box fusion-sharing-box-2 boxed-icons has-taglines layout-floated layout-medium-floated layout-small-floated\" style=\"background-color:rgba(246,244,245,0);padding:0;--awb-layout:row;--awb-alignment-small:space-between;\" data-title=\"La oratoria y el discurso oral piden tener m\u00e1s peso en las escuelas\" data-description=\"La oratoria y el discurso oral piden tener m\u00e1s peso en las escuelas     Your Content Goes Here  \r\nAprender a inspirar ideas creativas y buenas, ayuda a los j\u00f3venes a contribuir a los retos del mundo actual Por Jordi Viladrosa i Clua \r\nLa importancia de\" data-link=\"https:\/\/impulseducacio.org\/es\/la-oratoria-y-el-discurso-oral-piden-tener-mas-peso-en-las-escuelas\/\"><h4 class=\"tagline\" style=\"color:#48626f;\">Compartir<\/h4><div class=\"fusion-social-networks sharingbox-shortcode-icon-wrapper sharingbox-shortcode-icon-wrapper-2 boxed-icons\"><span><a href=\"https:\/\/www.facebook.com\/sharer.php?u=https%3A%2F%2Fimpulseducacio.org%2Fes%2Fla-oratoria-y-el-discurso-oral-piden-tener-mas-peso-en-las-escuelas%2F&amp;t=La%20oratoria%20y%20el%20discurso%20oral%20piden%20tener%20m%C3%A1s%20peso%20en%20las%20escuelas\" target=\"_blank\" rel=\"noreferrer\" title=\"Facebook\" aria-label=\"Facebook\" data-placement=\"bottom\" data-toggle=\"tooltip\" data-title=\"Facebook\"><i class=\"fusion-social-network-icon fusion-tooltip fusion-facebook awb-icon-facebook\" style=\"color:#ffffff;background-color:#3b5998;border-color:#3b5998;border-radius:24px;\" aria-hidden=\"true\"><\/i><\/a><\/span><span><a href=\"https:\/\/x.com\/intent\/post?text=La%20oratoria%20y%20el%20discurso%20oral%20piden%20tener%20m%C3%A1s%20peso%20en%20las%20escuelas&amp;url=https%3A%2F%2Fimpulseducacio.org%2Fes%2Fla-oratoria-y-el-discurso-oral-piden-tener-mas-peso-en-las-escuelas%2F\" target=\"_blank\" rel=\"noopener noreferrer\" title=\"X\" aria-label=\"X\" data-placement=\"bottom\" data-toggle=\"tooltip\" data-title=\"X\"><i class=\"fusion-social-network-icon fusion-tooltip fusion-twitter awb-icon-twitter\" style=\"color:#ffffff;background-color:#000000;border-color:#000000;border-radius:24px;\" aria-hidden=\"true\"><\/i><\/a><\/span><span><a href=\"https:\/\/www.linkedin.com\/shareArticle?mini=true&amp;url=https%3A%2F%2Fimpulseducacio.org%2Fes%2Fla-oratoria-y-el-discurso-oral-piden-tener-mas-peso-en-las-escuelas%2F&amp;title=La%20oratoria%20y%20el%20discurso%20oral%20piden%20tener%20m%C3%A1s%20peso%20en%20las%20escuelas&amp;summary=La%20oratoria%20y%20el%20discurso%20oral%20piden%20tener%20m%C3%A1s%20peso%20en%20las%20escuelas%20%20%20%20%20%20%20%20%20Your%20Content%20Goes%20Here%20%20%20%0D%0AAprender%20a%20inspirar%20ideas%20creativas%20y%20buenas%2C%20ayuda%20a%20los%20j%C3%B3venes%20a%20contribuir%20a%20los%20retos%20del%20mundo%20actual%20Por%20Jordi%20Viladrosa%20i%20Clua%20%0D%0ALa%20importancia%20de\" target=\"_blank\" rel=\"noopener noreferrer\" title=\"LinkedIn\" aria-label=\"LinkedIn\" data-placement=\"bottom\" data-toggle=\"tooltip\" data-title=\"LinkedIn\"><i class=\"fusion-social-network-icon fusion-tooltip fusion-linkedin awb-icon-linkedin\" style=\"color:#ffffff;background-color:#0077b5;border-color:#0077b5;border-radius:24px;\" aria-hidden=\"true\"><\/i><\/a><\/span><span><a href=\"mailto:?subject=La%20oratoria%20y%20el%20discurso%20oral%20piden%20tener%20m%C3%A1s%20peso%20en%20las%20escuelas&amp;body=https%3A%2F%2Fimpulseducacio.org%2Fes%2Fla-oratoria-y-el-discurso-oral-piden-tener-mas-peso-en-las-escuelas%2F\" target=\"_self\" title=\"Email\" aria-label=\"Email\" data-placement=\"bottom\" data-toggle=\"tooltip\" data-title=\"Email\"><i class=\"fusion-social-network-icon fusion-tooltip fusion-mail awb-icon-mail\" style=\"color:#ffffff;background-color:#000000;border-color:#000000;border-radius:24px;\" aria-hidden=\"true\"><\/i><\/a><\/span><\/div><\/div><div class=\"fusion-clearfix\"><\/div><\/div><\/div><\/div><\/div><div class=\"fusion-fullwidth fullwidth-box fusion-builder-row-7 nonhundred-percent-fullwidth non-hundred-percent-height-scrolling\" style=\"--awb-border-radius-top-left:0px;--awb-border-radius-top-right:0px;--awb-border-radius-bottom-right:0px;--awb-border-radius-bottom-left:0px;--awb-padding-top:0px;--awb-padding-bottom:0px;--awb-margin-top:0px;--awb-margin-bottom:0px;--awb-flex-wrap:wrap;\" ><div class=\"fusion-builder-row fusion-row\"><div class=\"fusion-layout-column fusion_builder_column fusion-builder-column-11 fusion_builder_column_3_4 3_4 fusion-three-fourth fusion-column-first\" style=\"--awb-bg-size:cover;width:75%;width:calc(75% - ( ( 4% ) * 0.75 ) );margin-right: 4%;\"><div class=\"fusion-column-wrapper fusion-column-has-shadow fusion-flex-column-wrapper-legacy\"><div class=\"fusion-text fusion-text-14\"><p style=\"font-size: 35px; line-height: 37.4px; font-family: 'Open Sans'; font-weight: 300;\" data-fusion-font=\"true\" data-fusion-google-font=\"Open Sans\" data-fusion-google-variant=\"300\" data-fusion-google-subset=\"latin\">Te puede interesar<\/p>\n<\/div><div class=\"fusion-clearfix\"><\/div><\/div><\/div><div class=\"fusion-layout-column fusion_builder_column fusion-builder-column-12 fusion_builder_column_1_4 1_4 fusion-one-fourth fusion-column-last\" style=\"--awb-padding-left:137px;--awb-bg-size:cover;--awb-margin-top:61px;width:25%;width:calc(25% - ( ( 4% ) * 0.25 ) );\"><div class=\"fusion-column-wrapper fusion-column-has-shadow fusion-flex-column-wrapper-legacy\"><div class=\"fusion-button-wrapper\"><a class=\"fusion-button button-flat button-large button-custom fusion-button-default button-1 fusion-button-default-span fusion-button-default-type\" style=\"--button_accent_color:#ffffff;--button_accent_hover_color:#ffffff;--button_border_hover_color:#ffffff;--button_gradient_top_color:#ffad00;--button_gradient_bottom_color:#ffad00;--button_gradient_top_color_hover:#48626f;--button_gradient_bottom_color_hover:#48626f;\" target=\"lightbox\" rel=\"iLightbox\" href=\"https:\/\/institucio.ipzmarketing.com\/f\/FGIXFJ9o1O8\"><i class=\"fa-envelope fas awb-button__icon awb-button__icon--default button-icon-left\" aria-hidden=\"true\"><\/i><span class=\"fusion-button-text awb-button__text awb-button__text--default\">Subscr\u00edbete<\/span><\/a><\/div><div class=\"fusion-clearfix\"><\/div><\/div><\/div><div class=\"fusion-layout-column fusion_builder_column fusion-builder-column-13 fusion_builder_column_1_1 1_1 fusion-one-full fusion-column-first fusion-column-last\" style=\"--awb-padding-top:21px;--awb-bg-blend:overlay;--awb-bg-size:cover;--awb-margin-top:0px;--awb-margin-bottom:0px;\"><div class=\"fusion-column-wrapper fusion-column-has-shadow fusion-flex-column-wrapper-legacy\"><div class=\"fusion-blog-shortcode fusion-blog-shortcode-1 fusion-blog-archive fusion-blog-layout-grid-wrapper fusion-blog-pagination\"><style type=\"text\/css\">.fusion-blog-shortcode-1 .fusion-blog-layout-grid .fusion-post-grid{padding:21px;}.fusion-blog-shortcode-1 .fusion-posts-container{margin-left: -21px !important; margin-right:-21px !important;}<\/style><div class=\"fusion-posts-container fusion-posts-container-pagination fusion-blog-rollover fusion-blog-layout-grid fusion-blog-layout-grid-3 isotope fusion-blog-equal-heights\" data-pages=\"9\" data-grid-col-space=\"42\" style=\"margin: -21px -21px 0;min-height:500px;\"><article id=\"blog-1-post-48675\" class=\"fusion-post-grid post-48675 post type-post status-publish format-standard has-post-thumbnail hentry category-competencia-oral category-pensamiento category-tedis-2 category-tedis tag-tedis-es\">\n<div class=\"fusion-post-wrapper\" style=\"background-color:rgba(246,247,247,1);border:none;\">\n\n\t\t\t<div class=\"fusion-flexslider flexslider fusion-flexslider-loading fusion-post-slideshow\" style=\"border-color:rgba(255,255,255,0);\">\n\t\t<ul class=\"slides\">\n\t\t\t\n\t\t\t\t\t\t\t\t\t\t\t\t\t\t<li><div  class=\"fusion-image-wrapper\" aria-haspopup=\"true\">\n\t\t\t\t<img decoding=\"async\" width=\"2228\" height=\"1114\" src=\"https:\/\/impulseducacio.org\/wp-content\/uploads\/2025\/12\/portada-TEDIS-2026-adolescente-chica-dando-discurso-1-scaled-e1777295008198.jpg\" class=\"attachment-full size-full wp-post-image\" alt=\"\" srcset=\"https:\/\/impulseducacio.org\/wp-content\/uploads\/2025\/12\/portada-TEDIS-2026-adolescente-chica-dando-discurso-1-scaled-e1777295008198-200x100.jpg 200w, https:\/\/impulseducacio.org\/wp-content\/uploads\/2025\/12\/portada-TEDIS-2026-adolescente-chica-dando-discurso-1-scaled-e1777295008198-400x200.jpg 400w, https:\/\/impulseducacio.org\/wp-content\/uploads\/2025\/12\/portada-TEDIS-2026-adolescente-chica-dando-discurso-1-scaled-e1777295008198-600x300.jpg 600w, https:\/\/impulseducacio.org\/wp-content\/uploads\/2025\/12\/portada-TEDIS-2026-adolescente-chica-dando-discurso-1-scaled-e1777295008198-800x400.jpg 800w, https:\/\/impulseducacio.org\/wp-content\/uploads\/2025\/12\/portada-TEDIS-2026-adolescente-chica-dando-discurso-1-scaled-e1777295008198-1200x600.jpg 1200w, https:\/\/impulseducacio.org\/wp-content\/uploads\/2025\/12\/portada-TEDIS-2026-adolescente-chica-dando-discurso-1-scaled-e1777295008198.jpg 2228w\" sizes=\"(min-width: 2200px) 100vw, (min-width: 784px) 399px, (min-width: 712px) 598px, (min-width: 640px) 712px, \" \/><div class=\"fusion-rollover\">\n\t<div class=\"fusion-rollover-content\">\n\n\t\t\t\t\t\t\t\t\t\t\t\t\t\t<a class=\"fusion-rollover-link\" href=\"https:\/\/impulseducacio.org\/es\/tedis-2026\/\">TEDIS 2026<\/a>\n\t\t\t\n\t\t\t\t\t\t\t\t\t\t\t\t\t\t\n\t\t\t\t\t\t\t\t\n\t\t\t\t\t\t\t\t\t\t\t\t\t<div class=\"fusion-rollover-sep\"><\/div>\n\t\t\t\t\n\t\t\t\t\t\t\t\t\t\t\t\t\t\t\t\t\t\t<a class=\"fusion-rollover-gallery\" href=\"https:\/\/impulseducacio.org\/wp-content\/uploads\/2025\/12\/portada-TEDIS-2026-adolescente-chica-dando-discurso-1-scaled-e1777295008198.jpg\" data-options=\"\" data-id=\"48675\" data-rel=\"iLightbox[gallery]\" data-title=\"portada-TEDIS-2026-adolescente-chica-dando-discurso\" data-caption=\"\">\n\t\t\t\t\t\tGallery\t\t\t\t\t<\/a>\n\t\t\t\t\t\t\t\t\t\t\t\t\t\t\n\t\t\n\t\t\t\t\t\t\t\t\n\t\t\t\t\t\t\t\t\n\t\t\n\t\t\t\t\t\t<a class=\"fusion-link-wrapper\" href=\"https:\/\/impulseducacio.org\/es\/tedis-2026\/\" aria-label=\"TEDIS 2026\"><\/a>\n\t<\/div>\n<\/div>\n<\/div>\n<\/li>\n\t\t\t\n\t\t\t\n\t\t\t\t\t\t\t\t\t\t\t\t\t\t\t\t\t\t\t\t\t\t\t\t\t\t\t\t\t\t\t\t\t\t\t\t\t\t\t\t\t\t\t\t\t\t\t\t\t\t\t\t\t\t\t\t\t\t\t\t\t\t\t\t\t\t\t\t<\/ul>\n\t<\/div>\n\t<div class=\"fusion-post-content-wrapper\" style=\"padding:30px 8% 25px 8%;\"><div class=\"fusion-post-content post-content\"><h2 class=\"blog-shortcode-post-title entry-title\"><a href=\"https:\/\/impulseducacio.org\/es\/tedis-2026\/\">TEDIS 2026<\/a><\/h2><p class=\"fusion-single-line-meta\"><span class=\"vcard\" style=\"display: none;\"><span class=\"fn\"><a href=\"https:\/\/impulseducacio.org\/es\/author\/ana-moreno\/\" title=\"Posts by Impuls Educaci\u00f3\" rel=\"author\">Impuls Educaci\u00f3<\/a><\/span><\/span><span class=\"updated\" style=\"display:none;\">2026-04-27T13:03:45+00:00<\/span><span>December 14th, 2025<\/span><span class=\"fusion-inline-sep\">|<\/span><\/p><\/div><\/div><div class=\"fusion-clearfix\"><\/div><\/div>\n<\/article>\n<article id=\"blog-1-post-47240\" class=\"fusion-post-grid post-47240 post type-post status-publish format-standard has-post-thumbnail hentry category-pensamiento tag-entrevista-experto\">\n<div class=\"fusion-post-wrapper\" style=\"background-color:rgba(246,247,247,1);border:none;\">\n\n\t\t\t<div class=\"fusion-flexslider flexslider fusion-flexslider-loading fusion-post-slideshow\" style=\"border-color:rgba(255,255,255,0);\">\n\t\t<ul class=\"slides\">\n\t\t\t\n\t\t\t\t\t\t\t\t\t\t\t\t\t\t<li><div  class=\"fusion-image-wrapper\" aria-haspopup=\"true\">\n\t\t\t\t<img decoding=\"async\" width=\"2560\" height=\"1283\" src=\"https:\/\/impulseducacio.org\/wp-content\/uploads\/2025\/06\/1.-Portada-entrevista-Edward-Brooks_WEB-scaled.jpg\" class=\"attachment-full size-full wp-post-image\" alt=\"\" srcset=\"https:\/\/impulseducacio.org\/wp-content\/uploads\/2025\/06\/1.-Portada-entrevista-Edward-Brooks_WEB-200x100.jpg 200w, https:\/\/impulseducacio.org\/wp-content\/uploads\/2025\/06\/1.-Portada-entrevista-Edward-Brooks_WEB-400x201.jpg 400w, https:\/\/impulseducacio.org\/wp-content\/uploads\/2025\/06\/1.-Portada-entrevista-Edward-Brooks_WEB-600x301.jpg 600w, https:\/\/impulseducacio.org\/wp-content\/uploads\/2025\/06\/1.-Portada-entrevista-Edward-Brooks_WEB-800x401.jpg 800w, https:\/\/impulseducacio.org\/wp-content\/uploads\/2025\/06\/1.-Portada-entrevista-Edward-Brooks_WEB-1200x602.jpg 1200w, https:\/\/impulseducacio.org\/wp-content\/uploads\/2025\/06\/1.-Portada-entrevista-Edward-Brooks_WEB-scaled.jpg 2560w\" sizes=\"(min-width: 2200px) 100vw, (min-width: 784px) 399px, (min-width: 712px) 598px, (min-width: 640px) 712px, \" \/><div class=\"fusion-rollover\">\n\t<div class=\"fusion-rollover-content\">\n\n\t\t\t\t\t\t\t\t\t\t\t\t\t\t<a class=\"fusion-rollover-link\" href=\"https:\/\/impulseducacio.org\/es\/educar-el-caracter-para-un-liderazgo-global-con-impacto\/\">Educar el car\u00e1cter para un liderazgo global con impacto<\/a>\n\t\t\t\n\t\t\t\t\t\t\t\t\t\t\t\t\t\t\n\t\t\t\t\t\t\t\t\n\t\t\t\t\t\t\t\t\t\t\t\t\t<div class=\"fusion-rollover-sep\"><\/div>\n\t\t\t\t\n\t\t\t\t\t\t\t\t\t\t\t\t\t\t\t\t\t\t<a class=\"fusion-rollover-gallery\" href=\"https:\/\/impulseducacio.org\/wp-content\/uploads\/2025\/06\/1.-Portada-entrevista-Edward-Brooks_WEB-scaled.jpg\" data-options=\"\" data-id=\"47240\" data-rel=\"iLightbox[gallery]\" data-title=\"1.-Portada-entrevista-Edward-Brooks_WEB\" data-caption=\"\">\n\t\t\t\t\t\tGallery\t\t\t\t\t<\/a>\n\t\t\t\t\t\t\t\t\t\t\t\t\t\t\n\t\t\n\t\t\t\t\t\t\t\t\n\t\t\t\t\t\t\t\t\n\t\t\n\t\t\t\t\t\t<a class=\"fusion-link-wrapper\" href=\"https:\/\/impulseducacio.org\/es\/educar-el-caracter-para-un-liderazgo-global-con-impacto\/\" aria-label=\"Educar el car\u00e1cter para un liderazgo global con impacto\"><\/a>\n\t<\/div>\n<\/div>\n<\/div>\n<\/li>\n\t\t\t\n\t\t\t\n\t\t\t\t\t\t\t\t\t\t\t\t\t\t\t\t\t\t\t\t\t\t\t\t\t\t\t\t\t\t\t\t\t\t\t\t\t\t\t\t\t\t\t\t\t\t\t\t\t\t\t\t\t\t\t\t\t\t\t\t\t\t\t\t\t\t\t\t<\/ul>\n\t<\/div>\n\t<div class=\"fusion-post-content-wrapper\" style=\"padding:30px 8% 25px 8%;\"><div class=\"fusion-post-content post-content\"><h2 class=\"blog-shortcode-post-title entry-title\"><a href=\"https:\/\/impulseducacio.org\/es\/educar-el-caracter-para-un-liderazgo-global-con-impacto\/\">Educar el car\u00e1cter para un liderazgo global con impacto<\/a><\/h2><p class=\"fusion-single-line-meta\"><span class=\"vcard\" style=\"display: none;\"><span class=\"fn\"><a href=\"https:\/\/impulseducacio.org\/es\/author\/ana-moreno\/\" title=\"Posts by Impuls Educaci\u00f3\" rel=\"author\">Impuls Educaci\u00f3<\/a><\/span><\/span><span class=\"updated\" style=\"display:none;\">2025-06-27T08:07:29+00:00<\/span><span>June 27th, 2025<\/span><span class=\"fusion-inline-sep\">|<\/span><\/p><\/div><\/div><div class=\"fusion-clearfix\"><\/div><\/div>\n<\/article>\n<article id=\"blog-1-post-47211\" class=\"fusion-post-grid post-47211 post type-post status-publish format-standard has-post-thumbnail hentry category-pensamiento tag-entrevista-experto\">\n<div class=\"fusion-post-wrapper\" style=\"background-color:rgba(246,247,247,1);border:none;\">\n\n\t\t\t<div class=\"fusion-flexslider flexslider fusion-flexslider-loading fusion-post-slideshow\" style=\"border-color:rgba(255,255,255,0);\">\n\t\t<ul class=\"slides\">\n\t\t\t\n\t\t\t\t\t\t\t\t\t\t\t\t\t\t<li><div  class=\"fusion-image-wrapper\" aria-haspopup=\"true\">\n\t\t\t\t<img decoding=\"async\" width=\"2560\" height=\"1279\" src=\"https:\/\/impulseducacio.org\/wp-content\/uploads\/2025\/06\/1.-Portada-entrevista-JM-Torralba_WEB-scaled.jpg\" class=\"attachment-full size-full wp-post-image\" alt=\"\" srcset=\"https:\/\/impulseducacio.org\/wp-content\/uploads\/2025\/06\/1.-Portada-entrevista-JM-Torralba_WEB-200x100.jpg 200w, https:\/\/impulseducacio.org\/wp-content\/uploads\/2025\/06\/1.-Portada-entrevista-JM-Torralba_WEB-400x200.jpg 400w, https:\/\/impulseducacio.org\/wp-content\/uploads\/2025\/06\/1.-Portada-entrevista-JM-Torralba_WEB-600x300.jpg 600w, https:\/\/impulseducacio.org\/wp-content\/uploads\/2025\/06\/1.-Portada-entrevista-JM-Torralba_WEB-800x400.jpg 800w, https:\/\/impulseducacio.org\/wp-content\/uploads\/2025\/06\/1.-Portada-entrevista-JM-Torralba_WEB-1200x600.jpg 1200w, https:\/\/impulseducacio.org\/wp-content\/uploads\/2025\/06\/1.-Portada-entrevista-JM-Torralba_WEB-scaled.jpg 2560w\" sizes=\"(min-width: 2200px) 100vw, (min-width: 784px) 399px, (min-width: 712px) 598px, (min-width: 640px) 712px, \" \/><div class=\"fusion-rollover\">\n\t<div class=\"fusion-rollover-content\">\n\n\t\t\t\t\t\t\t\t\t\t\t\t\t\t<a class=\"fusion-rollover-link\" href=\"https:\/\/impulseducacio.org\/es\/los-grandes-libros-como-brujula-educativa\/\">Los grandes libros como br\u00fajula educativa<\/a>\n\t\t\t\n\t\t\t\t\t\t\t\t\t\t\t\t\t\t\n\t\t\t\t\t\t\t\t\n\t\t\t\t\t\t\t\t\t\t\t\t\t<div class=\"fusion-rollover-sep\"><\/div>\n\t\t\t\t\n\t\t\t\t\t\t\t\t\t\t\t\t\t\t\t\t\t\t<a class=\"fusion-rollover-gallery\" href=\"https:\/\/impulseducacio.org\/wp-content\/uploads\/2025\/06\/1.-Portada-entrevista-JM-Torralba_WEB-scaled.jpg\" data-options=\"\" data-id=\"47211\" data-rel=\"iLightbox[gallery]\" data-title=\"1.-Portada-entrevista-JM-Torralba_WEB\" data-caption=\"\">\n\t\t\t\t\t\tGallery\t\t\t\t\t<\/a>\n\t\t\t\t\t\t\t\t\t\t\t\t\t\t\n\t\t\n\t\t\t\t\t\t\t\t\n\t\t\t\t\t\t\t\t\n\t\t\n\t\t\t\t\t\t<a class=\"fusion-link-wrapper\" href=\"https:\/\/impulseducacio.org\/es\/los-grandes-libros-como-brujula-educativa\/\" aria-label=\"Los grandes libros como br\u00fajula educativa\"><\/a>\n\t<\/div>\n<\/div>\n<\/div>\n<\/li>\n\t\t\t\n\t\t\t\n\t\t\t\t\t\t\t\t\t\t\t\t\t\t\t\t\t\t\t\t\t\t\t\t\t\t\t\t\t\t\t\t\t\t\t\t\t\t\t\t\t\t\t\t\t\t\t\t\t\t\t\t\t\t\t\t\t\t\t\t\t\t\t\t\t\t\t\t<\/ul>\n\t<\/div>\n\t<div class=\"fusion-post-content-wrapper\" style=\"padding:30px 8% 25px 8%;\"><div class=\"fusion-post-content post-content\"><h2 class=\"blog-shortcode-post-title entry-title\"><a href=\"https:\/\/impulseducacio.org\/es\/los-grandes-libros-como-brujula-educativa\/\">Los grandes libros como br\u00fajula educativa<\/a><\/h2><p class=\"fusion-single-line-meta\"><span class=\"vcard\" style=\"display: none;\"><span class=\"fn\"><a href=\"https:\/\/impulseducacio.org\/es\/author\/ana-moreno\/\" title=\"Posts by Impuls Educaci\u00f3\" rel=\"author\">Impuls Educaci\u00f3<\/a><\/span><\/span><span class=\"updated\" style=\"display:none;\">2025-06-18T14:44:36+00:00<\/span><span>June 18th, 2025<\/span><span class=\"fusion-inline-sep\">|<\/span><\/p><\/div><\/div><div class=\"fusion-clearfix\"><\/div><\/div>\n<\/article>\n<article id=\"blog-1-post-45972\" class=\"fusion-post-grid post-45972 post type-post status-publish format-gallery has-post-thumbnail hentry category-pensamiento tag-articulo-es tag-entrevista-experto post_format-post-format-gallery\">\n<div class=\"fusion-post-wrapper\" style=\"background-color:rgba(246,247,247,1);border:none;\">\n\n\t\t\t<div class=\"fusion-flexslider flexslider fusion-flexslider-loading fusion-post-slideshow\" style=\"border-color:rgba(255,255,255,0);\">\n\t\t<ul class=\"slides\">\n\t\t\t\n\t\t\t\t\t\t\t\t\t\t\t\t\t\t<li><div  class=\"fusion-image-wrapper\" aria-haspopup=\"true\">\n\t\t\t\t<img decoding=\"async\" width=\"2560\" height=\"1281\" src=\"https:\/\/impulseducacio.org\/wp-content\/uploads\/2025\/01\/0.-Portada-entrevista-Joanne-Quinn_WEB-scaled.jpg\" class=\"attachment-full size-full wp-post-image\" alt=\"\" srcset=\"https:\/\/impulseducacio.org\/wp-content\/uploads\/2025\/01\/0.-Portada-entrevista-Joanne-Quinn_WEB-200x100.jpg 200w, https:\/\/impulseducacio.org\/wp-content\/uploads\/2025\/01\/0.-Portada-entrevista-Joanne-Quinn_WEB-400x200.jpg 400w, https:\/\/impulseducacio.org\/wp-content\/uploads\/2025\/01\/0.-Portada-entrevista-Joanne-Quinn_WEB-600x300.jpg 600w, https:\/\/impulseducacio.org\/wp-content\/uploads\/2025\/01\/0.-Portada-entrevista-Joanne-Quinn_WEB-800x400.jpg 800w, https:\/\/impulseducacio.org\/wp-content\/uploads\/2025\/01\/0.-Portada-entrevista-Joanne-Quinn_WEB-1200x600.jpg 1200w, https:\/\/impulseducacio.org\/wp-content\/uploads\/2025\/01\/0.-Portada-entrevista-Joanne-Quinn_WEB-scaled.jpg 2560w\" sizes=\"(min-width: 2200px) 100vw, (min-width: 784px) 399px, (min-width: 712px) 598px, (min-width: 640px) 712px, \" \/><div class=\"fusion-rollover\">\n\t<div class=\"fusion-rollover-content\">\n\n\t\t\t\t\t\t\t\t\t\t\t\t\t\t<a class=\"fusion-rollover-link\" href=\"https:\/\/impulseducacio.org\/es\/el-aprendizaje-como-motor-de-cambio-global\/\">El aprendizaje como motor de cambio global<\/a>\n\t\t\t\n\t\t\t\t\t\t\t\t\t\t\t\t\t\t\n\t\t\t\t\t\t\t\t\n\t\t\t\t\t\t\t\t\t\t\t\t\t<div class=\"fusion-rollover-sep\"><\/div>\n\t\t\t\t\n\t\t\t\t\t\t\t\t\t\t\t\t\t\t\t\t\t\t<a class=\"fusion-rollover-gallery\" href=\"https:\/\/impulseducacio.org\/wp-content\/uploads\/2025\/01\/0.-Portada-entrevista-Joanne-Quinn_WEB-scaled.jpg\" data-options=\"\" data-id=\"45972\" data-rel=\"iLightbox[gallery]\" data-title=\"0.-Portada-entrevista-Joanne-Quinn_WEB\" data-caption=\"\">\n\t\t\t\t\t\tGallery\t\t\t\t\t<\/a>\n\t\t\t\t\t\t\t\t\t\t\t\t\t\t\n\t\t\n\t\t\t\t\t\t\t\t\n\t\t\t\t\t\t\t\t\n\t\t\n\t\t\t\t\t\t<a class=\"fusion-link-wrapper\" href=\"https:\/\/impulseducacio.org\/es\/el-aprendizaje-como-motor-de-cambio-global\/\" aria-label=\"El aprendizaje como motor de cambio global\"><\/a>\n\t<\/div>\n<\/div>\n<\/div>\n<\/li>\n\t\t\t\n\t\t\t\n\t\t\t\t\t\t\t\t\t\t\t\t\t\t\t\t\t\t\t\t\t\t\t\t\t\t\t\t\t\t\t\t\t\t\t\t\t\t\t\t\t\t\t\t\t\t\t\t\t\t\t\t\t\t\t\t\t\t\t\t\t\t\t\t\t\t\t\t<\/ul>\n\t<\/div>\n\t<div class=\"fusion-post-content-wrapper\" style=\"padding:30px 8% 25px 8%;\"><div class=\"fusion-post-content post-content\"><h2 class=\"blog-shortcode-post-title entry-title\"><a href=\"https:\/\/impulseducacio.org\/es\/el-aprendizaje-como-motor-de-cambio-global\/\">El aprendizaje como motor de cambio global<\/a><\/h2><p class=\"fusion-single-line-meta\"><span class=\"vcard\" style=\"display: none;\"><span class=\"fn\"><a href=\"https:\/\/impulseducacio.org\/es\/author\/ana-moreno\/\" title=\"Posts by Impuls Educaci\u00f3\" rel=\"author\">Impuls Educaci\u00f3<\/a><\/span><\/span><span class=\"updated\" style=\"display:none;\">2025-02-04T10:12:37+00:00<\/span><span>February 4th, 2025<\/span><span class=\"fusion-inline-sep\">|<\/span><\/p><\/div><\/div><div class=\"fusion-clearfix\"><\/div><\/div>\n<\/article>\n<article id=\"blog-1-post-45788\" class=\"fusion-post-grid post-45788 post type-post status-publish format-gallery has-post-thumbnail hentry category-pensamiento tag-articulo-es post_format-post-format-gallery\">\n<div class=\"fusion-post-wrapper\" style=\"background-color:rgba(246,247,247,1);border:none;\">\n\n\t\t\t<div class=\"fusion-flexslider flexslider fusion-flexslider-loading fusion-post-slideshow\" style=\"border-color:rgba(255,255,255,0);\">\n\t\t<ul class=\"slides\">\n\t\t\t\n\t\t\t\t\t\t\t\t\t\t\t\t\t\t<li><div  class=\"fusion-image-wrapper\" aria-haspopup=\"true\">\n\t\t\t\t<img decoding=\"async\" width=\"2560\" height=\"1282\" src=\"https:\/\/impulseducacio.org\/wp-content\/uploads\/2025\/01\/0.-Portada-Xavi-Ureta_WEB-scaled.jpg\" class=\"attachment-full size-full wp-post-image\" alt=\"\" srcset=\"https:\/\/impulseducacio.org\/wp-content\/uploads\/2025\/01\/0.-Portada-Xavi-Ureta_WEB-200x100.jpg 200w, https:\/\/impulseducacio.org\/wp-content\/uploads\/2025\/01\/0.-Portada-Xavi-Ureta_WEB-400x200.jpg 400w, https:\/\/impulseducacio.org\/wp-content\/uploads\/2025\/01\/0.-Portada-Xavi-Ureta_WEB-600x300.jpg 600w, https:\/\/impulseducacio.org\/wp-content\/uploads\/2025\/01\/0.-Portada-Xavi-Ureta_WEB-800x401.jpg 800w, https:\/\/impulseducacio.org\/wp-content\/uploads\/2025\/01\/0.-Portada-Xavi-Ureta_WEB-1200x601.jpg 1200w, https:\/\/impulseducacio.org\/wp-content\/uploads\/2025\/01\/0.-Portada-Xavi-Ureta_WEB-scaled.jpg 2560w\" sizes=\"(min-width: 2200px) 100vw, (min-width: 784px) 399px, (min-width: 712px) 598px, (min-width: 640px) 712px, \" \/><div class=\"fusion-rollover\">\n\t<div class=\"fusion-rollover-content\">\n\n\t\t\t\t\t\t\t\t\t\t\t\t\t\t<a class=\"fusion-rollover-link\" href=\"https:\/\/impulseducacio.org\/es\/mas-alla-de-las-tendencias-educativas\/\">M\u00e1s all\u00e1 de las tendencias educativas<\/a>\n\t\t\t\n\t\t\t\t\t\t\t\t\t\t\t\t\t\t\n\t\t\t\t\t\t\t\t\n\t\t\t\t\t\t\t\t\t\t\t\t\t<div class=\"fusion-rollover-sep\"><\/div>\n\t\t\t\t\n\t\t\t\t\t\t\t\t\t\t\t\t\t\t\t\t\t\t<a class=\"fusion-rollover-gallery\" href=\"https:\/\/impulseducacio.org\/wp-content\/uploads\/2025\/01\/0.-Portada-Xavi-Ureta_WEB-scaled.jpg\" data-options=\"\" data-id=\"45788\" data-rel=\"iLightbox[gallery]\" data-title=\"0. Portada Xavi Ureta_WEB\" data-caption=\"\">\n\t\t\t\t\t\tGallery\t\t\t\t\t<\/a>\n\t\t\t\t\t\t\t\t\t\t\t\t\t\t\n\t\t\n\t\t\t\t\t\t\t\t\n\t\t\t\t\t\t\t\t\n\t\t\n\t\t\t\t\t\t<a class=\"fusion-link-wrapper\" href=\"https:\/\/impulseducacio.org\/es\/mas-alla-de-las-tendencias-educativas\/\" aria-label=\"M\u00e1s all\u00e1 de las tendencias educativas\"><\/a>\n\t<\/div>\n<\/div>\n<\/div>\n<\/li>\n\t\t\t\n\t\t\t\n\t\t\t\t\t\t\t\t\t\t\t\t\t\t\t\t\t\t\t\t\t\t\t\t\t\t\t\t\t\t\t\t\t\t\t\t\t\t\t\t\t\t\t\t\t\t\t\t\t\t\t\t\t\t\t\t\t\t\t\t\t\t\t\t\t\t\t\t<\/ul>\n\t<\/div>\n\t<div class=\"fusion-post-content-wrapper\" style=\"padding:30px 8% 25px 8%;\"><div class=\"fusion-post-content post-content\"><h2 class=\"blog-shortcode-post-title entry-title\"><a href=\"https:\/\/impulseducacio.org\/es\/mas-alla-de-las-tendencias-educativas\/\">M\u00e1s all\u00e1 de las tendencias educativas<\/a><\/h2><p class=\"fusion-single-line-meta\"><span class=\"vcard\" style=\"display: none;\"><span class=\"fn\"><a href=\"https:\/\/impulseducacio.org\/es\/author\/ana-moreno\/\" title=\"Posts by Impuls Educaci\u00f3\" rel=\"author\">Impuls Educaci\u00f3<\/a><\/span><\/span><span class=\"updated\" style=\"display:none;\">2025-01-22T08:41:57+00:00<\/span><span>January 21st, 2025<\/span><span class=\"fusion-inline-sep\">|<\/span><\/p><\/div><\/div><div class=\"fusion-clearfix\"><\/div><\/div>\n<\/article>\n<article id=\"blog-1-post-42208\" class=\"fusion-post-grid post-42208 post type-post status-publish format-standard has-post-thumbnail hentry category-competencia-oral-es category-pensamiento category-tedis-2 tag-tedis-es\">\n<div class=\"fusion-post-wrapper\" style=\"background-color:rgba(246,247,247,1);border:none;\">\n\n\t\t\t<div class=\"fusion-flexslider flexslider fusion-flexslider-loading fusion-post-slideshow\" style=\"border-color:rgba(255,255,255,0);\">\n\t\t<ul class=\"slides\">\n\t\t\t\n\t\t\t\t\t\t\t\t\t\t\t\t\t\t<li><div  class=\"fusion-image-wrapper\" aria-haspopup=\"true\">\n\t\t\t\t<img decoding=\"async\" width=\"2560\" height=\"1280\" src=\"https:\/\/impulseducacio.org\/wp-content\/uploads\/2024\/10\/Portada-post-TEDIS-2025-scaled.jpg\" class=\"attachment-full size-full wp-post-image\" alt=\"\" srcset=\"https:\/\/impulseducacio.org\/wp-content\/uploads\/2024\/10\/Portada-post-TEDIS-2025-200x100.jpg 200w, https:\/\/impulseducacio.org\/wp-content\/uploads\/2024\/10\/Portada-post-TEDIS-2025-400x200.jpg 400w, https:\/\/impulseducacio.org\/wp-content\/uploads\/2024\/10\/Portada-post-TEDIS-2025-600x300.jpg 600w, https:\/\/impulseducacio.org\/wp-content\/uploads\/2024\/10\/Portada-post-TEDIS-2025-800x400.jpg 800w, https:\/\/impulseducacio.org\/wp-content\/uploads\/2024\/10\/Portada-post-TEDIS-2025-1200x600.jpg 1200w, https:\/\/impulseducacio.org\/wp-content\/uploads\/2024\/10\/Portada-post-TEDIS-2025-scaled.jpg 2560w\" sizes=\"(min-width: 2200px) 100vw, (min-width: 784px) 399px, (min-width: 712px) 598px, (min-width: 640px) 712px, \" \/><div class=\"fusion-rollover\">\n\t<div class=\"fusion-rollover-content\">\n\n\t\t\t\t\t\t\t\t\t\t\t\t\t\t<a class=\"fusion-rollover-link\" href=\"https:\/\/impulseducacio.org\/es\/vuelve-el-torneo-escolar-de-oratoria-mas-popular-tedis-2025\/\">Vuelve el torneo escolar de oratoria m\u00e1s popular TEDIS 2025!<\/a>\n\t\t\t\n\t\t\t\t\t\t\t\t\t\t\t\t\t\t\n\t\t\t\t\t\t\t\t\n\t\t\t\t\t\t\t\t\t\t\t\t\t<div class=\"fusion-rollover-sep\"><\/div>\n\t\t\t\t\n\t\t\t\t\t\t\t\t\t\t\t\t\t\t\t\t\t\t<a class=\"fusion-rollover-gallery\" href=\"https:\/\/impulseducacio.org\/wp-content\/uploads\/2024\/10\/Portada-post-TEDIS-2025-scaled.jpg\" data-options=\"\" data-id=\"42208\" data-rel=\"iLightbox[gallery]\" data-title=\"Portada-post-TEDIS-2025\" data-caption=\"\">\n\t\t\t\t\t\tGallery\t\t\t\t\t<\/a>\n\t\t\t\t\t\t\t\t\t\t\t\t\t\t\n\t\t\n\t\t\t\t\t\t\t\t\n\t\t\t\t\t\t\t\t\n\t\t\n\t\t\t\t\t\t<a class=\"fusion-link-wrapper\" href=\"https:\/\/impulseducacio.org\/es\/vuelve-el-torneo-escolar-de-oratoria-mas-popular-tedis-2025\/\" aria-label=\"Vuelve el torneo escolar de oratoria m\u00e1s popular TEDIS 2025!\"><\/a>\n\t<\/div>\n<\/div>\n<\/div>\n<\/li>\n\t\t\t\n\t\t\t\n\t\t\t\t\t\t\t\t\t\t\t\t\t\t\t\t\t\t\t\t\t\t\t\t\t\t\t\t\t\t\t\t\t\t\t\t\t\t\t\t\t\t\t\t\t\t\t\t\t\t\t\t\t\t\t\t\t\t\t\t\t\t\t\t\t\t\t\t<\/ul>\n\t<\/div>\n\t<div class=\"fusion-post-content-wrapper\" style=\"padding:30px 8% 25px 8%;\"><div class=\"fusion-post-content post-content\"><h2 class=\"blog-shortcode-post-title entry-title\"><a href=\"https:\/\/impulseducacio.org\/es\/vuelve-el-torneo-escolar-de-oratoria-mas-popular-tedis-2025\/\">Vuelve el torneo escolar de oratoria m\u00e1s popular TEDIS 2025!<\/a><\/h2><p class=\"fusion-single-line-meta\"><span class=\"vcard\" style=\"display: none;\"><span class=\"fn\"><a href=\"https:\/\/impulseducacio.org\/es\/author\/ana-moreno\/\" title=\"Posts by Impuls Educaci\u00f3\" rel=\"author\">Impuls Educaci\u00f3<\/a><\/span><\/span><span class=\"updated\" style=\"display:none;\">2025-03-11T10:58:08+00:00<\/span><span>January 13th, 2025<\/span><span class=\"fusion-inline-sep\">|<\/span><\/p><\/div><\/div><div class=\"fusion-clearfix\"><\/div><\/div>\n<\/article>\n<div class=\"fusion-clearfix\"><\/div><\/div><div class=\"pagination clearfix\"><span class=\"current\">1<\/span><a href=\"https:\/\/impulseducacio.org\/es\/wp-json\/wp\/v2\/posts\/10428\/page\/2\/\" class=\"inactive\">2<\/a><a class=\"pagination-next\" rel=\"next\" href=\"https:\/\/impulseducacio.org\/es\/wp-json\/wp\/v2\/posts\/10428\/page\/2\/\"><span class=\"page-text\">Next<\/span><span class=\"page-next\"><\/span><\/a><\/div><div class=\"fusion-clearfix\"><\/div><\/div><div class=\"fusion-clearfix\"><\/div><\/div><\/div><\/div><\/div><\/p>\n","protected":false},"excerpt":{"rendered":"","protected":false},"author":5,"featured_media":10503,"comment_status":"open","ping_status":"open","sticky":false,"template":"","format":"standard","meta":{"_acf_changed":false,"footnotes":""},"categories":[205,42],"tags":[34,47],"class_list":["post-10428","post","type-post","status-publish","format-standard","has-post-thumbnail","hentry","category-competencia-oral-es","category-pensamiento","tag-article","tag-articulo"],"acf":[],"yoast_head":"<!-- This site is optimized with the Yoast SEO plugin v27.5 - https:\/\/yoast.com\/product\/yoast-seo-wordpress\/ -->\n<title>La oratoria y el discurso oral piden tener m\u00e1s peso en las escuelas | Actualitat Educativa<\/title>\n<meta name=\"robots\" content=\"index, follow, max-snippet:-1, max-image-preview:large, max-video-preview:-1\" \/>\n<link rel=\"canonical\" href=\"https:\/\/impulseducacio.org\/es\/la-oratoria-y-el-discurso-oral-piden-tener-mas-peso-en-las-escuelas\/\" \/>\n<meta property=\"og:locale\" content=\"es_ES\" \/>\n<meta property=\"og:type\" content=\"article\" \/>\n<meta property=\"og:title\" content=\"La oratoria y el discurso oral piden tener m\u00e1s peso en las escuelas | Actualitat Educativa\" \/>\n<meta property=\"og:url\" content=\"https:\/\/impulseducacio.org\/es\/la-oratoria-y-el-discurso-oral-piden-tener-mas-peso-en-las-escuelas\/\" \/>\n<meta property=\"og:site_name\" content=\"IMPULS EDUCACI\u00d3\" \/>\n<meta property=\"article:publisher\" content=\"https:\/\/www.facebook.com\/impulseducacio2020\" \/>\n<meta property=\"article:published_time\" content=\"2021-05-20T06:12:14+00:00\" \/>\n<meta property=\"article:modified_time\" content=\"2023-03-02T10:10:43+00:00\" \/>\n<meta property=\"og:image\" content=\"https:\/\/impulseducacio.org\/wp-content\/uploads\/2021\/05\/foto-portada-4-scaled.jpg\" \/>\n\t<meta property=\"og:image:width\" content=\"2560\" \/>\n\t<meta property=\"og:image:height\" content=\"1283\" \/>\n\t<meta property=\"og:image:type\" content=\"image\/jpeg\" \/>\n<meta name=\"author\" content=\"Impuls Educaci\u00f3\" \/>\n<meta name=\"twitter:card\" content=\"summary_large_image\" \/>\n<meta name=\"twitter:creator\" content=\"@ImpulsEducacio\" \/>\n<meta name=\"twitter:site\" content=\"@ImpulsEducacio\" \/>\n<meta name=\"twitter:label1\" content=\"Written by\" \/>\n\t<meta name=\"twitter:data1\" content=\"Impuls Educaci\u00f3\" \/>\n\t<meta name=\"twitter:label2\" content=\"Est. reading time\" \/>\n\t<meta name=\"twitter:data2\" content=\"19 minutes\" \/>\n<script type=\"application\/ld+json\" class=\"yoast-schema-graph\">{\"@context\":\"https:\\\/\\\/schema.org\",\"@graph\":[{\"@type\":\"Article\",\"@id\":\"https:\\\/\\\/impulseducacio.org\\\/es\\\/la-oratoria-y-el-discurso-oral-piden-tener-mas-peso-en-las-escuelas\\\/#article\",\"isPartOf\":{\"@id\":\"https:\\\/\\\/impulseducacio.org\\\/es\\\/la-oratoria-y-el-discurso-oral-piden-tener-mas-peso-en-las-escuelas\\\/\"},\"author\":{\"name\":\"Impuls Educaci\u00f3\",\"@id\":\"https:\\\/\\\/impulseducacio.org\\\/es\\\/#\\\/schema\\\/person\\\/0429f243934f74598455637e5e491009\"},\"headline\":\"La oratoria y el discurso oral piden tener m\u00e1s peso en las escuelas\",\"datePublished\":\"2021-05-20T06:12:14+00:00\",\"dateModified\":\"2023-03-02T10:10:43+00:00\",\"mainEntityOfPage\":{\"@id\":\"https:\\\/\\\/impulseducacio.org\\\/es\\\/la-oratoria-y-el-discurso-oral-piden-tener-mas-peso-en-las-escuelas\\\/\"},\"wordCount\":6576,\"commentCount\":0,\"image\":{\"@id\":\"https:\\\/\\\/impulseducacio.org\\\/es\\\/la-oratoria-y-el-discurso-oral-piden-tener-mas-peso-en-las-escuelas\\\/#primaryimage\"},\"thumbnailUrl\":\"https:\\\/\\\/impulseducacio.org\\\/wp-content\\\/uploads\\\/2021\\\/05\\\/foto-portada-4-scaled.jpg\",\"keywords\":[\"Article\",\"Art\u00edculo\"],\"articleSection\":[\"Competencia oral\",\"Pensamiento\"],\"inLanguage\":\"es\",\"potentialAction\":[{\"@type\":\"CommentAction\",\"name\":\"Comment\",\"target\":[\"https:\\\/\\\/impulseducacio.org\\\/es\\\/la-oratoria-y-el-discurso-oral-piden-tener-mas-peso-en-las-escuelas\\\/#respond\"]}]},{\"@type\":\"WebPage\",\"@id\":\"https:\\\/\\\/impulseducacio.org\\\/es\\\/la-oratoria-y-el-discurso-oral-piden-tener-mas-peso-en-las-escuelas\\\/\",\"url\":\"https:\\\/\\\/impulseducacio.org\\\/es\\\/la-oratoria-y-el-discurso-oral-piden-tener-mas-peso-en-las-escuelas\\\/\",\"name\":\"La oratoria y el discurso oral piden tener m\u00e1s peso en las escuelas | Actualitat Educativa\",\"isPartOf\":{\"@id\":\"https:\\\/\\\/impulseducacio.org\\\/es\\\/#website\"},\"primaryImageOfPage\":{\"@id\":\"https:\\\/\\\/impulseducacio.org\\\/es\\\/la-oratoria-y-el-discurso-oral-piden-tener-mas-peso-en-las-escuelas\\\/#primaryimage\"},\"image\":{\"@id\":\"https:\\\/\\\/impulseducacio.org\\\/es\\\/la-oratoria-y-el-discurso-oral-piden-tener-mas-peso-en-las-escuelas\\\/#primaryimage\"},\"thumbnailUrl\":\"https:\\\/\\\/impulseducacio.org\\\/wp-content\\\/uploads\\\/2021\\\/05\\\/foto-portada-4-scaled.jpg\",\"datePublished\":\"2021-05-20T06:12:14+00:00\",\"dateModified\":\"2023-03-02T10:10:43+00:00\",\"author\":{\"@id\":\"https:\\\/\\\/impulseducacio.org\\\/es\\\/#\\\/schema\\\/person\\\/0429f243934f74598455637e5e491009\"},\"breadcrumb\":{\"@id\":\"https:\\\/\\\/impulseducacio.org\\\/es\\\/la-oratoria-y-el-discurso-oral-piden-tener-mas-peso-en-las-escuelas\\\/#breadcrumb\"},\"inLanguage\":\"es\",\"potentialAction\":[{\"@type\":\"ReadAction\",\"target\":[\"https:\\\/\\\/impulseducacio.org\\\/es\\\/la-oratoria-y-el-discurso-oral-piden-tener-mas-peso-en-las-escuelas\\\/\"]}]},{\"@type\":\"ImageObject\",\"inLanguage\":\"es\",\"@id\":\"https:\\\/\\\/impulseducacio.org\\\/es\\\/la-oratoria-y-el-discurso-oral-piden-tener-mas-peso-en-las-escuelas\\\/#primaryimage\",\"url\":\"https:\\\/\\\/impulseducacio.org\\\/wp-content\\\/uploads\\\/2021\\\/05\\\/foto-portada-4-scaled.jpg\",\"contentUrl\":\"https:\\\/\\\/impulseducacio.org\\\/wp-content\\\/uploads\\\/2021\\\/05\\\/foto-portada-4-scaled.jpg\",\"width\":2560,\"height\":1283},{\"@type\":\"BreadcrumbList\",\"@id\":\"https:\\\/\\\/impulseducacio.org\\\/es\\\/la-oratoria-y-el-discurso-oral-piden-tener-mas-peso-en-las-escuelas\\\/#breadcrumb\",\"itemListElement\":[{\"@type\":\"ListItem\",\"position\":1,\"name\":\"Inicio\",\"item\":\"https:\\\/\\\/impulseducacio.org\\\/es\\\/\"},{\"@type\":\"ListItem\",\"position\":2,\"name\":\"La oratoria y el discurso oral piden tener m\u00e1s peso en las escuelas\"}]},{\"@type\":\"WebSite\",\"@id\":\"https:\\\/\\\/impulseducacio.org\\\/es\\\/#website\",\"url\":\"https:\\\/\\\/impulseducacio.org\\\/es\\\/\",\"name\":\"IMPULS EDUCACI\u00d3\",\"description\":\"Espai d\u2019estudi i di\u00e0leg en temes educatius\",\"potentialAction\":[{\"@type\":\"SearchAction\",\"target\":{\"@type\":\"EntryPoint\",\"urlTemplate\":\"https:\\\/\\\/impulseducacio.org\\\/es\\\/?s={search_term_string}\"},\"query-input\":{\"@type\":\"PropertyValueSpecification\",\"valueRequired\":true,\"valueName\":\"search_term_string\"}}],\"inLanguage\":\"es\"},{\"@type\":\"Person\",\"@id\":\"https:\\\/\\\/impulseducacio.org\\\/es\\\/#\\\/schema\\\/person\\\/0429f243934f74598455637e5e491009\",\"name\":\"Impuls Educaci\u00f3\",\"description\":\"Espai de formaci\u00f3 i di\u00e0leg en temes educatius\",\"sameAs\":[\"https:\\\/\\\/www.impulseducacio.org\"]}]}<\/script>\n<!-- \/ Yoast SEO plugin. -->","yoast_head_json":{"title":"La oratoria y el discurso oral piden tener m\u00e1s peso en las escuelas | Actualitat Educativa","robots":{"index":"index","follow":"follow","max-snippet":"max-snippet:-1","max-image-preview":"max-image-preview:large","max-video-preview":"max-video-preview:-1"},"canonical":"https:\/\/impulseducacio.org\/es\/la-oratoria-y-el-discurso-oral-piden-tener-mas-peso-en-las-escuelas\/","og_locale":"es_ES","og_type":"article","og_title":"La oratoria y el discurso oral piden tener m\u00e1s peso en las escuelas | Actualitat Educativa","og_url":"https:\/\/impulseducacio.org\/es\/la-oratoria-y-el-discurso-oral-piden-tener-mas-peso-en-las-escuelas\/","og_site_name":"IMPULS EDUCACI\u00d3","article_publisher":"https:\/\/www.facebook.com\/impulseducacio2020","article_published_time":"2021-05-20T06:12:14+00:00","article_modified_time":"2023-03-02T10:10:43+00:00","og_image":[{"width":2560,"height":1283,"url":"https:\/\/impulseducacio.org\/wp-content\/uploads\/2021\/05\/foto-portada-4-scaled.jpg","type":"image\/jpeg"}],"author":"Impuls Educaci\u00f3","twitter_card":"summary_large_image","twitter_creator":"@ImpulsEducacio","twitter_site":"@ImpulsEducacio","twitter_misc":{"Written by":"Impuls Educaci\u00f3","Est. reading time":"19 minutes"},"schema":{"@context":"https:\/\/schema.org","@graph":[{"@type":"Article","@id":"https:\/\/impulseducacio.org\/es\/la-oratoria-y-el-discurso-oral-piden-tener-mas-peso-en-las-escuelas\/#article","isPartOf":{"@id":"https:\/\/impulseducacio.org\/es\/la-oratoria-y-el-discurso-oral-piden-tener-mas-peso-en-las-escuelas\/"},"author":{"name":"Impuls Educaci\u00f3","@id":"https:\/\/impulseducacio.org\/es\/#\/schema\/person\/0429f243934f74598455637e5e491009"},"headline":"La oratoria y el discurso oral piden tener m\u00e1s peso en las escuelas","datePublished":"2021-05-20T06:12:14+00:00","dateModified":"2023-03-02T10:10:43+00:00","mainEntityOfPage":{"@id":"https:\/\/impulseducacio.org\/es\/la-oratoria-y-el-discurso-oral-piden-tener-mas-peso-en-las-escuelas\/"},"wordCount":6576,"commentCount":0,"image":{"@id":"https:\/\/impulseducacio.org\/es\/la-oratoria-y-el-discurso-oral-piden-tener-mas-peso-en-las-escuelas\/#primaryimage"},"thumbnailUrl":"https:\/\/impulseducacio.org\/wp-content\/uploads\/2021\/05\/foto-portada-4-scaled.jpg","keywords":["Article","Art\u00edculo"],"articleSection":["Competencia oral","Pensamiento"],"inLanguage":"es","potentialAction":[{"@type":"CommentAction","name":"Comment","target":["https:\/\/impulseducacio.org\/es\/la-oratoria-y-el-discurso-oral-piden-tener-mas-peso-en-las-escuelas\/#respond"]}]},{"@type":"WebPage","@id":"https:\/\/impulseducacio.org\/es\/la-oratoria-y-el-discurso-oral-piden-tener-mas-peso-en-las-escuelas\/","url":"https:\/\/impulseducacio.org\/es\/la-oratoria-y-el-discurso-oral-piden-tener-mas-peso-en-las-escuelas\/","name":"La oratoria y el discurso oral piden tener m\u00e1s peso en las escuelas | Actualitat Educativa","isPartOf":{"@id":"https:\/\/impulseducacio.org\/es\/#website"},"primaryImageOfPage":{"@id":"https:\/\/impulseducacio.org\/es\/la-oratoria-y-el-discurso-oral-piden-tener-mas-peso-en-las-escuelas\/#primaryimage"},"image":{"@id":"https:\/\/impulseducacio.org\/es\/la-oratoria-y-el-discurso-oral-piden-tener-mas-peso-en-las-escuelas\/#primaryimage"},"thumbnailUrl":"https:\/\/impulseducacio.org\/wp-content\/uploads\/2021\/05\/foto-portada-4-scaled.jpg","datePublished":"2021-05-20T06:12:14+00:00","dateModified":"2023-03-02T10:10:43+00:00","author":{"@id":"https:\/\/impulseducacio.org\/es\/#\/schema\/person\/0429f243934f74598455637e5e491009"},"breadcrumb":{"@id":"https:\/\/impulseducacio.org\/es\/la-oratoria-y-el-discurso-oral-piden-tener-mas-peso-en-las-escuelas\/#breadcrumb"},"inLanguage":"es","potentialAction":[{"@type":"ReadAction","target":["https:\/\/impulseducacio.org\/es\/la-oratoria-y-el-discurso-oral-piden-tener-mas-peso-en-las-escuelas\/"]}]},{"@type":"ImageObject","inLanguage":"es","@id":"https:\/\/impulseducacio.org\/es\/la-oratoria-y-el-discurso-oral-piden-tener-mas-peso-en-las-escuelas\/#primaryimage","url":"https:\/\/impulseducacio.org\/wp-content\/uploads\/2021\/05\/foto-portada-4-scaled.jpg","contentUrl":"https:\/\/impulseducacio.org\/wp-content\/uploads\/2021\/05\/foto-portada-4-scaled.jpg","width":2560,"height":1283},{"@type":"BreadcrumbList","@id":"https:\/\/impulseducacio.org\/es\/la-oratoria-y-el-discurso-oral-piden-tener-mas-peso-en-las-escuelas\/#breadcrumb","itemListElement":[{"@type":"ListItem","position":1,"name":"Inicio","item":"https:\/\/impulseducacio.org\/es\/"},{"@type":"ListItem","position":2,"name":"La oratoria y el discurso oral piden tener m\u00e1s peso en las escuelas"}]},{"@type":"WebSite","@id":"https:\/\/impulseducacio.org\/es\/#website","url":"https:\/\/impulseducacio.org\/es\/","name":"IMPULS EDUCACI\u00d3","description":"Espai d\u2019estudi i di\u00e0leg en temes educatius","potentialAction":[{"@type":"SearchAction","target":{"@type":"EntryPoint","urlTemplate":"https:\/\/impulseducacio.org\/es\/?s={search_term_string}"},"query-input":{"@type":"PropertyValueSpecification","valueRequired":true,"valueName":"search_term_string"}}],"inLanguage":"es"},{"@type":"Person","@id":"https:\/\/impulseducacio.org\/es\/#\/schema\/person\/0429f243934f74598455637e5e491009","name":"Impuls Educaci\u00f3","description":"Espai de formaci\u00f3 i di\u00e0leg en temes educatius","sameAs":["https:\/\/www.impulseducacio.org"]}]}},"_links":{"self":[{"href":"https:\/\/impulseducacio.org\/es\/wp-json\/wp\/v2\/posts\/10428","targetHints":{"allow":["GET"]}}],"collection":[{"href":"https:\/\/impulseducacio.org\/es\/wp-json\/wp\/v2\/posts"}],"about":[{"href":"https:\/\/impulseducacio.org\/es\/wp-json\/wp\/v2\/types\/post"}],"author":[{"embeddable":true,"href":"https:\/\/impulseducacio.org\/es\/wp-json\/wp\/v2\/users\/5"}],"replies":[{"embeddable":true,"href":"https:\/\/impulseducacio.org\/es\/wp-json\/wp\/v2\/comments?post=10428"}],"version-history":[{"count":24,"href":"https:\/\/impulseducacio.org\/es\/wp-json\/wp\/v2\/posts\/10428\/revisions"}],"predecessor-version":[{"id":24233,"href":"https:\/\/impulseducacio.org\/es\/wp-json\/wp\/v2\/posts\/10428\/revisions\/24233"}],"wp:featuredmedia":[{"embeddable":true,"href":"https:\/\/impulseducacio.org\/es\/wp-json\/wp\/v2\/media\/10503"}],"wp:attachment":[{"href":"https:\/\/impulseducacio.org\/es\/wp-json\/wp\/v2\/media?parent=10428"}],"wp:term":[{"taxonomy":"category","embeddable":true,"href":"https:\/\/impulseducacio.org\/es\/wp-json\/wp\/v2\/categories?post=10428"},{"taxonomy":"post_tag","embeddable":true,"href":"https:\/\/impulseducacio.org\/es\/wp-json\/wp\/v2\/tags?post=10428"}],"curies":[{"name":"wp","href":"https:\/\/api.w.org\/{rel}","templated":true}]}}